{"id":1023,"date":"2016-09-01T08:29:09","date_gmt":"2016-09-01T08:29:09","guid":{"rendered":"http:\/\/88.12.48.28\/webs\/interoleo\/www\/?p=1023"},"modified":"2016-12-18T11:17:16","modified_gmt":"2016-12-18T11:17:16","slug":"interoleo-lamenta-supermercados-dia-confunda-los-consumidores","status":"publish","type":"post","link":"https:\/\/www.interoleo.com\/en\/interoleo-lamenta-supermercados-dia-confunda-los-consumidores\/","title":{"rendered":"Inter\u00f3leo lamenta que supermercados DIA confunda a los consumidores"},"content":{"rendered":"<p>&nbsp;<\/p>\n<blockquote><p>La empresa afirma que la gran cadena de distribuci\u00f3n no cuida a los clientes con un aceite cuya calidad tendr\u00e1 que demostrar, critica el da\u00f1o que esta agresiva oferta vuelve a hacer al sector y reclama a la Administraci\u00f3n una lucha eficaz contra la venta a p\u00e9rdidas<\/p><\/blockquote>\n<p>&nbsp;<\/p>\n<p><strong>Ja\u00e9n, 1 de septiembre de 2016.<\/strong> Inter\u00f3leo critica, una vez m\u00e1s, la pol\u00edtica de venta a p\u00e9rdidas llevada a cabo, desde hace a\u00f1os, por una parte de la gran distribuci\u00f3n. En este caso, la empresa comercializadora lamenta que la \u00faltima oferta de Dia, que vende un aceite de oliva a un precio muy alejado del real de mercado, confunde a los consumidores y da\u00f1a a todo el sector olivarero, tanto a los productores como a los envasadores y a los distribuidores. De ah\u00ed que pida a la Administraci\u00f3n una lucha eficaz contra esta pol\u00edtica iniciada por DIA y anima a los productores a continuar fortaleciendo estructuras de concentraci\u00f3n de la oferta como la nuestra para avanzar en la erradicaci\u00f3n del uso del aceite de oliva como gancho para atraer clientes y aumentar las ventas de otros productos.<\/p>\n<p>Inter\u00f3leo denuncia que DIA ha anunciado una oferta de aceite de oliva a 2,19 euros por litro cuando, recuerda, el precio medio en origen del aceite lampante en los \u00faltimos doce meses se ha situado por encima de los 3 euros el litro con IVA incluido. De ah\u00ed, que la empresa lamente que esta gran cadena de distribuci\u00f3n vuelva a utilizar el aceite como producto reclamo vendiendo muy por debajo de los costes reales de producci\u00f3n; es decir, de nuevo echa mano de la venta a p\u00e9rdidas perjudicando al sector y enga\u00f1ando a los consumidores. En este sentido, y considerando los precios reales del Pool Red, Inter\u00f3leo considera que la propia oferta de Dia pone en entredicho la calidad del aceite que oferta, lo que supone un doble agravio, tanto a los olivareros como a sus clientes, a los que, advierte, deber\u00eda cuidar m\u00e1s.<\/p>\n<p>Por \u00faltimo, Inter\u00f3leo hace un llamamiento a la Administraci\u00f3n, especialmente a la Agencia de Informaci\u00f3n y Control Alimentarios (AICA) para que luche, de una manera m\u00e1s efectiva y eficaz, contra estas pr\u00e1cticas fraudulentas, que incumplen claramente la Ley de Ordenaci\u00f3n del Comercio Minorista y la Ley de la Cadena Alimentaria. A juicio de Inter\u00f3leo, esta oferta de Dia forma parte de una clara estrategia de la gran distribuci\u00f3n de pol\u00edticas abusivas por venta a p\u00e9rdidas, algo que no es nuevo, que lleva haciendo muchos a\u00f1os en perjuicio del sector y que la Administraci\u00f3n conoce plenamente por las numerosas denuncias presentadas por organizaciones agrarias, productores y envasadores.<\/p>\n","protected":false},"excerpt":{"rendered":"<p>&nbsp; La empresa afirma que la gran cadena de distribuci\u00f3n no cuida a los clientes con un aceite cuya calidad tendr\u00e1 que demostrar, critica el da\u00f1o que esta agresiva oferta vuelve a hacer al sector y reclama a la Administraci\u00f3n una lucha eficaz contra la venta a p\u00e9rdidas &nbsp; Ja\u00e9n, 1 de septiembre de 2016. &hellip; <\/p>\n<p class=\"link-more\"><a href=\"https:\/\/www.interoleo.com\/en\/interoleo-lamenta-supermercados-dia-confunda-los-consumidores\/\" class=\"more-link\">Read more<span class=\"screen-reader-text\"> &#8220;Inter\u00f3leo lamenta que supermercados DIA confunda a los consumidores&#8221;<\/span><\/a><\/p>\n","protected":false},"author":1,"featured_media":1131,"comment_status":"closed","ping_status":"closed","sticky":false,"template":"","format":"standard","meta":{"jetpack_post_was_ever_published":false,"_jetpack_newsletter_access":"","_jetpack_dont_email_post_to_subs":false,"_jetpack_newsletter_tier_id":0,"_jetpack_memberships_contains_paywalled_content":false,"_jetpack_memberships_contains_paid_content":false,"footnotes":"","jetpack_publicize_message":"","jetpack_publicize_feature_enabled":true,"jetpack_social_post_already_shared":true,"jetpack_social_options":{"image_generator_settings":{"template":"highway","default_image_id":0,"font":"","enabled":false},"version":2}},"categories":[4],"tags":[],"class_list":["post-1023","post","type-post","status-publish","format-standard","has-post-thumbnail","hentry","category-actualidad"],"yoast_head":"<!-- This site is optimized with the Yoast SEO plugin v26.0 - https:\/\/yoast.com\/wordpress\/plugins\/seo\/ -->\n<title>Inter\u00f3leo lamenta que supermercados DIA confunda a los consumidores - Grupo Inter\u00f3leo<\/title>\n<meta name=\"robots\" content=\"index, follow, max-snippet:-1, max-image-preview:large, max-video-preview:-1\" \/>\n<link rel=\"canonical\" href=\"https:\/\/www.interoleo.com\/en\/interoleo-lamenta-supermercados-dia-confunda-los-consumidores\/\" \/>\n<meta property=\"og:locale\" content=\"en_US\" \/>\n<meta property=\"og:type\" content=\"article\" \/>\n<meta property=\"og:title\" content=\"Inter\u00f3leo lamenta que supermercados DIA confunda a los consumidores - Grupo Inter\u00f3leo\" \/>\n<meta property=\"og:description\" content=\"&nbsp; La empresa afirma que la gran cadena de distribuci\u00f3n no cuida a los clientes con un aceite cuya calidad tendr\u00e1 que demostrar, critica el da\u00f1o que esta agresiva oferta vuelve a hacer al sector y reclama a la Administraci\u00f3n una lucha eficaz contra la venta a p\u00e9rdidas &nbsp; Ja\u00e9n, 1 de septiembre de 2016. &hellip; Read more &quot;Inter\u00f3leo lamenta que supermercados DIA confunda a los consumidores&quot;\" \/>\n<meta property=\"og:url\" content=\"https:\/\/www.interoleo.com\/en\/interoleo-lamenta-supermercados-dia-confunda-los-consumidores\/\" \/>\n<meta property=\"og:site_name\" content=\"Grupo Inter\u00f3leo\" \/>\n<meta property=\"article:published_time\" content=\"2016-09-01T08:29:09+00:00\" \/>\n<meta property=\"article:modified_time\" content=\"2016-12-18T11:17:16+00:00\" \/>\n<meta property=\"og:image\" content=\"https:\/\/www.interoleo.com\/wp-content\/uploads\/2016\/09\/Logo_de_Dia.png\" \/>\n\t<meta property=\"og:image:width\" content=\"867\" \/>\n\t<meta property=\"og:image:height\" content=\"275\" \/>\n\t<meta property=\"og:image:type\" content=\"image\/png\" \/>\n<meta name=\"author\" content=\"admin\" \/>\n<meta name=\"twitter:card\" content=\"summary_large_image\" \/>\n<meta name=\"twitter:label1\" content=\"Written by\" \/>\n\t<meta name=\"twitter:data1\" content=\"admin\" \/>\n\t<meta name=\"twitter:label2\" content=\"Est. reading time\" \/>\n\t<meta name=\"twitter:data2\" content=\"2 minutes\" \/>\n<script type=\"application\/ld+json\" class=\"yoast-schema-graph\">{\"@context\":\"https:\/\/schema.org\",\"@graph\":[{\"@type\":\"WebPage\",\"@id\":\"https:\/\/www.interoleo.com\/en\/interoleo-lamenta-supermercados-dia-confunda-los-consumidores\/\",\"url\":\"https:\/\/www.interoleo.com\/en\/interoleo-lamenta-supermercados-dia-confunda-los-consumidores\/\",\"name\":\"Inter\u00f3leo lamenta que supermercados DIA confunda a los consumidores - Grupo Inter\u00f3leo\",\"isPartOf\":{\"@id\":\"https:\/\/www.interoleo.com\/en\/#website\"},\"primaryImageOfPage\":{\"@id\":\"https:\/\/www.interoleo.com\/en\/interoleo-lamenta-supermercados-dia-confunda-los-consumidores\/#primaryimage\"},\"image\":{\"@id\":\"https:\/\/www.interoleo.com\/en\/interoleo-lamenta-supermercados-dia-confunda-los-consumidores\/#primaryimage\"},\"thumbnailUrl\":\"https:\/\/www.interoleo.com\/wp-content\/uploads\/2016\/09\/Logo_de_Dia.png\",\"datePublished\":\"2016-09-01T08:29:09+00:00\",\"dateModified\":\"2016-12-18T11:17:16+00:00\",\"author\":{\"@id\":\"https:\/\/www.interoleo.com\/en\/#\/schema\/person\/f99693fc38ce605f463dc5d58909df2a\"},\"breadcrumb\":{\"@id\":\"https:\/\/www.interoleo.com\/en\/interoleo-lamenta-supermercados-dia-confunda-los-consumidores\/#breadcrumb\"},\"inLanguage\":\"en-US\",\"potentialAction\":[{\"@type\":\"ReadAction\",\"target\":[\"https:\/\/www.interoleo.com\/en\/interoleo-lamenta-supermercados-dia-confunda-los-consumidores\/\"]}]},{\"@type\":\"ImageObject\",\"inLanguage\":\"en-US\",\"@id\":\"https:\/\/www.interoleo.com\/en\/interoleo-lamenta-supermercados-dia-confunda-los-consumidores\/#primaryimage\",\"url\":\"https:\/\/www.interoleo.com\/wp-content\/uploads\/2016\/09\/Logo_de_Dia.png\",\"contentUrl\":\"https:\/\/www.interoleo.com\/wp-content\/uploads\/2016\/09\/Logo_de_Dia.png\",\"width\":867,\"height\":275},{\"@type\":\"BreadcrumbList\",\"@id\":\"https:\/\/www.interoleo.com\/en\/interoleo-lamenta-supermercados-dia-confunda-los-consumidores\/#breadcrumb\",\"itemListElement\":[{\"@type\":\"ListItem\",\"position\":1,\"name\":\"Portada\",\"item\":\"https:\/\/www.interoleo.com\/en\/\"},{\"@type\":\"ListItem\",\"position\":2,\"name\":\"Inter\u00f3leo lamenta que supermercados DIA confunda a los consumidores\"}]},{\"@type\":\"WebSite\",\"@id\":\"https:\/\/www.interoleo.com\/en\/#website\",\"url\":\"https:\/\/www.interoleo.com\/en\/\",\"name\":\"Grupo Inter\u00f3leo\",\"description\":\"Grupo Inter\u00f3leo comercializador de aceite de oliva a granel\",\"potentialAction\":[{\"@type\":\"SearchAction\",\"target\":{\"@type\":\"EntryPoint\",\"urlTemplate\":\"https:\/\/www.interoleo.com\/en\/?s={search_term_string}\"},\"query-input\":{\"@type\":\"PropertyValueSpecification\",\"valueRequired\":true,\"valueName\":\"search_term_string\"}}],\"inLanguage\":\"en-US\"},{\"@type\":\"Person\",\"@id\":\"https:\/\/www.interoleo.com\/en\/#\/schema\/person\/f99693fc38ce605f463dc5d58909df2a\",\"name\":\"admin\",\"image\":{\"@type\":\"ImageObject\",\"inLanguage\":\"en-US\",\"@id\":\"https:\/\/www.interoleo.com\/en\/#\/schema\/person\/image\/\",\"url\":\"https:\/\/secure.gravatar.com\/avatar\/7e985868c8f2fc8c9b5e292d3d038423?s=96&d=mm&r=g\",\"contentUrl\":\"https:\/\/secure.gravatar.com\/avatar\/7e985868c8f2fc8c9b5e292d3d038423?s=96&d=mm&r=g\",\"caption\":\"admin\"},\"url\":\"https:\/\/www.interoleo.com\/en\/author\/admin\/\"}]}<\/script>\n<!-- \/ Yoast SEO plugin. -->","yoast_head_json":{"title":"Inter\u00f3leo lamenta que supermercados DIA confunda a los consumidores - Grupo Inter\u00f3leo","robots":{"index":"index","follow":"follow","max-snippet":"max-snippet:-1","max-image-preview":"max-image-preview:large","max-video-preview":"max-video-preview:-1"},"canonical":"https:\/\/www.interoleo.com\/en\/interoleo-lamenta-supermercados-dia-confunda-los-consumidores\/","og_locale":"en_US","og_type":"article","og_title":"Inter\u00f3leo lamenta que supermercados DIA confunda a los consumidores - Grupo Inter\u00f3leo","og_description":"&nbsp; La empresa afirma que la gran cadena de distribuci\u00f3n no cuida a los clientes con un aceite cuya calidad tendr\u00e1 que demostrar, critica el da\u00f1o que esta agresiva oferta vuelve a hacer al sector y reclama a la Administraci\u00f3n una lucha eficaz contra la venta a p\u00e9rdidas &nbsp; Ja\u00e9n, 1 de septiembre de 2016. &hellip; Read more \"Inter\u00f3leo lamenta que supermercados DIA confunda a los consumidores\"","og_url":"https:\/\/www.interoleo.com\/en\/interoleo-lamenta-supermercados-dia-confunda-los-consumidores\/","og_site_name":"Grupo Inter\u00f3leo","article_published_time":"2016-09-01T08:29:09+00:00","article_modified_time":"2016-12-18T11:17:16+00:00","og_image":[{"width":867,"height":275,"url":"https:\/\/www.interoleo.com\/wp-content\/uploads\/2016\/09\/Logo_de_Dia.png","type":"image\/png"}],"author":"admin","twitter_card":"summary_large_image","twitter_misc":{"Written by":"admin","Est. reading time":"2 minutes"},"schema":{"@context":"https:\/\/schema.org","@graph":[{"@type":"WebPage","@id":"https:\/\/www.interoleo.com\/en\/interoleo-lamenta-supermercados-dia-confunda-los-consumidores\/","url":"https:\/\/www.interoleo.com\/en\/interoleo-lamenta-supermercados-dia-confunda-los-consumidores\/","name":"Inter\u00f3leo lamenta que supermercados DIA confunda a los consumidores - Grupo Inter\u00f3leo","isPartOf":{"@id":"https:\/\/www.interoleo.com\/en\/#website"},"primaryImageOfPage":{"@id":"https:\/\/www.interoleo.com\/en\/interoleo-lamenta-supermercados-dia-confunda-los-consumidores\/#primaryimage"},"image":{"@id":"https:\/\/www.interoleo.com\/en\/interoleo-lamenta-supermercados-dia-confunda-los-consumidores\/#primaryimage"},"thumbnailUrl":"https:\/\/www.interoleo.com\/wp-content\/uploads\/2016\/09\/Logo_de_Dia.png","datePublished":"2016-09-01T08:29:09+00:00","dateModified":"2016-12-18T11:17:16+00:00","author":{"@id":"https:\/\/www.interoleo.com\/en\/#\/schema\/person\/f99693fc38ce605f463dc5d58909df2a"},"breadcrumb":{"@id":"https:\/\/www.interoleo.com\/en\/interoleo-lamenta-supermercados-dia-confunda-los-consumidores\/#breadcrumb"},"inLanguage":"en-US","potentialAction":[{"@type":"ReadAction","target":["https:\/\/www.interoleo.com\/en\/interoleo-lamenta-supermercados-dia-confunda-los-consumidores\/"]}]},{"@type":"ImageObject","inLanguage":"en-US","@id":"https:\/\/www.interoleo.com\/en\/interoleo-lamenta-supermercados-dia-confunda-los-consumidores\/#primaryimage","url":"https:\/\/www.interoleo.com\/wp-content\/uploads\/2016\/09\/Logo_de_Dia.png","contentUrl":"https:\/\/www.interoleo.com\/wp-content\/uploads\/2016\/09\/Logo_de_Dia.png","width":867,"height":275},{"@type":"BreadcrumbList","@id":"https:\/\/www.interoleo.com\/en\/interoleo-lamenta-supermercados-dia-confunda-los-consumidores\/#breadcrumb","itemListElement":[{"@type":"ListItem","position":1,"name":"Portada","item":"https:\/\/www.interoleo.com\/en\/"},{"@type":"ListItem","position":2,"name":"Inter\u00f3leo lamenta que supermercados DIA confunda a los consumidores"}]},{"@type":"WebSite","@id":"https:\/\/www.interoleo.com\/en\/#website","url":"https:\/\/www.interoleo.com\/en\/","name":"Grupo Inter\u00f3leo","description":"Grupo Inter\u00f3leo comercializador de aceite de oliva a granel","potentialAction":[{"@type":"SearchAction","target":{"@type":"EntryPoint","urlTemplate":"https:\/\/www.interoleo.com\/en\/?s={search_term_string}"},"query-input":{"@type":"PropertyValueSpecification","valueRequired":true,"valueName":"search_term_string"}}],"inLanguage":"en-US"},{"@type":"Person","@id":"https:\/\/www.interoleo.com\/en\/#\/schema\/person\/f99693fc38ce605f463dc5d58909df2a","name":"admin","image":{"@type":"ImageObject","inLanguage":"en-US","@id":"https:\/\/www.interoleo.com\/en\/#\/schema\/person\/image\/","url":"https:\/\/secure.gravatar.com\/avatar\/7e985868c8f2fc8c9b5e292d3d038423?s=96&d=mm&r=g","contentUrl":"https:\/\/secure.gravatar.com\/avatar\/7e985868c8f2fc8c9b5e292d3d038423?s=96&d=mm&r=g","caption":"admin"},"url":"https:\/\/www.interoleo.com\/en\/author\/admin\/"}]}},"jetpack_publicize_connections":[],"jetpack_featured_media_url":"https:\/\/www.interoleo.com\/wp-content\/uploads\/2016\/09\/Logo_de_Dia.png","jetpack_shortlink":"https:\/\/wp.me\/p7R8ws-gv","jetpack_sharing_enabled":true,"_links":{"self":[{"href":"https:\/\/www.interoleo.com\/en\/wp-json\/wp\/v2\/posts\/1023","targetHints":{"allow":["GET"]}}],"collection":[{"href":"https:\/\/www.interoleo.com\/en\/wp-json\/wp\/v2\/posts"}],"about":[{"href":"https:\/\/www.interoleo.com\/en\/wp-json\/wp\/v2\/types\/post"}],"author":[{"embeddable":true,"href":"https:\/\/www.interoleo.com\/en\/wp-json\/wp\/v2\/users\/1"}],"replies":[{"embeddable":true,"href":"https:\/\/www.interoleo.com\/en\/wp-json\/wp\/v2\/comments?post=1023"}],"version-history":[{"count":4,"href":"https:\/\/www.interoleo.com\/en\/wp-json\/wp\/v2\/posts\/1023\/revisions"}],"predecessor-version":[{"id":1132,"href":"https:\/\/www.interoleo.com\/en\/wp-json\/wp\/v2\/posts\/1023\/revisions\/1132"}],"wp:featuredmedia":[{"embeddable":true,"href":"https:\/\/www.interoleo.com\/en\/wp-json\/wp\/v2\/media\/1131"}],"wp:attachment":[{"href":"https:\/\/www.interoleo.com\/en\/wp-json\/wp\/v2\/media?parent=1023"}],"wp:term":[{"taxonomy":"category","embeddable":true,"href":"https:\/\/www.interoleo.com\/en\/wp-json\/wp\/v2\/categories?post=1023"},{"taxonomy":"post_tag","embeddable":true,"href":"https:\/\/www.interoleo.com\/en\/wp-json\/wp\/v2\/tags?post=1023"}],"curies":[{"name":"wp","href":"https:\/\/api.w.org\/{rel}","templated":true}]}}