{"id":1026,"date":"2016-07-07T08:35:54","date_gmt":"2016-07-07T08:35:54","guid":{"rendered":"http:\/\/88.12.48.28\/webs\/interoleo\/www\/?p=1026"},"modified":"2016-10-20T08:42:48","modified_gmt":"2016-10-20T08:42:48","slug":"interoleo-ya-primer-grupo-productor-la-provincia-jaen-exportacion","status":"publish","type":"post","link":"https:\/\/www.interoleo.com\/en\/interoleo-ya-primer-grupo-productor-la-provincia-jaen-exportacion\/","title":{"rendered":"Inter\u00f3leo ya es el primer grupo productor  de la provincia de Ja\u00e9n en exportaci\u00f3n"},"content":{"rendered":"<blockquote><p>La empresa incrementa el volumen de facturaci\u00f3n en 2015, alcanzando los 13,1 millones de euros en ventas en el exterior<\/p><\/blockquote>\n<p>\n<strong>Ja\u00e9n, 7 de julio de 2016.<\/strong> Inter\u00f3leo contin\u00faa la buena marcha. No solo es la primera empresa agroalimentaria de Ja\u00e9n en facturaci\u00f3n, con 70 millones de euros en 2015, sino que ahora ya es el primer grupo productor de la provincia en exportaciones, alcanzando los 13,1 millones de euros facturados el pasado a\u00f1o en ventas en el exterior. De esta manera, seg\u00fan la revista Andaluc\u00eda Econ\u00f3mica, volvemos a demostrar una considerable eficiencia en la gesti\u00f3n y lo novedoso del sistema al aglutinar la comercializaci\u00f3n de m\u00e1s de 55.000 toneladas de aceite de todos nuestros socios. En el \u00faltimo r\u00e1nking elaborado por la revista, Inter\u00f3leo se encuentra entre las diez primeras empresas productoras andaluzas del sector ole\u00edcola en exportaci\u00f3n.\n<\/p>\n<p>Estos datos hacen que nuestra empresa siga mejorando a\u00f1o tras a\u00f1o desde que en 2009 arrancamos la novedosa andadura de concentrar la oferta para no solo ganar cuota de mercado, sino para cambiar la mentalidad de los agricultores, las cooperativas y las almazaras para hacer la gesti\u00f3n mucho m\u00e1s profesional. Estas cifras no son indiferentes y permiten que Inter\u00f3leo contin\u00fae su l\u00ednea ascendente en n\u00famero de socios, adem\u00e1s de servir de acicate para potenciar la estructura de empresa en base a un modelo de concentraci\u00f3n de la oferta profesionalizado, apostando cada a\u00f1o m\u00e1s fuerte por la uni\u00f3n y la integraci\u00f3n de las cooperativas en empresas con dimensi\u00f3n como el \u00fanico camino viable para obtener unos precios lo m\u00e1s justos posibles para los productores y poder atender mejor a nuestros clientes.<\/p>\n<p>En exportaci\u00f3n superamos de media el 32 por ciento del total de nuestra facturaci\u00f3n y estamos presentes en pa\u00edses como Italia, Francia, Portugal, Estados Unidos y Polonia,donde nos hemos consolidado con nuestro aceite Premium. &#8220;Somos conscientes de la importancia que tiene para el futuro de la empresa diversificar nuestras ventas. De ah\u00ed que estemos apostando fuertemente por la exportaci\u00f3n del aceite de oliva de nuestros asociados, primero a granel, pero sin olvidar por supuesto el envasado&#8221;, afirma el presidente de Inter\u00f3leo, Juan Gadeo.  <\/p>\n<p>Convertirnos en el primer grupo comercializador de la provincia en exportaci\u00f3n nos permite reforzar el camino emprendido para aprovechar que nuestro mejor producto agroalimentario tiene un gran mercado en terceros pa\u00edses, donde el precio que se paga es muy superior al del que recibimos en nuestro propio territorio. Por eso, Inter\u00f3leo tiene que seguir aumentando la exportaci\u00f3n. Y eso se podr\u00e1 hacer con la incorporaci\u00f3n de nuevas cooperativas y almazaras que nos permitan ganar una mayor dimensi\u00f3n nacional. <\/p>\n<p>\n","protected":false},"excerpt":{"rendered":"<p>La empresa incrementa el volumen de facturaci\u00f3n en 2015, alcanzando los 13,1 millones de euros en ventas en el exterior Ja\u00e9n, 7 de julio de 2016. Inter\u00f3leo contin\u00faa la buena marcha. No solo es la primera empresa agroalimentaria de Ja\u00e9n en facturaci\u00f3n, con 70 millones de euros en 2015, sino que ahora ya es el &hellip; <\/p>\n<p class=\"link-more\"><a href=\"https:\/\/www.interoleo.com\/en\/interoleo-ya-primer-grupo-productor-la-provincia-jaen-exportacion\/\" class=\"more-link\">Read more<span class=\"screen-reader-text\"> &#8220;Inter\u00f3leo ya es el primer grupo productor  de la provincia de Ja\u00e9n en exportaci\u00f3n&#8221;<\/span><\/a><\/p>\n","protected":false},"author":1,"featured_media":562,"comment_status":"closed","ping_status":"closed","sticky":false,"template":"","format":"standard","meta":{"jetpack_post_was_ever_published":false,"_jetpack_newsletter_access":"","_jetpack_dont_email_post_to_subs":false,"_jetpack_newsletter_tier_id":0,"_jetpack_memberships_contains_paywalled_content":false,"_jetpack_memberships_contains_paid_content":false,"footnotes":"","jetpack_publicize_message":"","jetpack_publicize_feature_enabled":true,"jetpack_social_post_already_shared":true,"jetpack_social_options":{"image_generator_settings":{"template":"highway","default_image_id":0,"font":"","enabled":false},"version":2}},"categories":[3,4],"tags":[],"class_list":["post-1026","post","type-post","status-publish","format-standard","has-post-thumbnail","hentry","category-aceite-de-oliva","category-actualidad"],"yoast_head":"<!-- This site is optimized with the Yoast SEO plugin v26.0 - https:\/\/yoast.com\/wordpress\/plugins\/seo\/ -->\n<title>Inter\u00f3leo ya es el primer grupo productor de la provincia de Ja\u00e9n en exportaci\u00f3n - Grupo Inter\u00f3leo<\/title>\n<meta name=\"robots\" content=\"index, follow, max-snippet:-1, max-image-preview:large, max-video-preview:-1\" \/>\n<link rel=\"canonical\" href=\"https:\/\/www.interoleo.com\/en\/interoleo-ya-primer-grupo-productor-la-provincia-jaen-exportacion\/\" \/>\n<meta property=\"og:locale\" content=\"en_US\" \/>\n<meta property=\"og:type\" content=\"article\" \/>\n<meta property=\"og:title\" content=\"Inter\u00f3leo ya es el primer grupo productor de la provincia de Ja\u00e9n en exportaci\u00f3n - Grupo Inter\u00f3leo\" \/>\n<meta property=\"og:description\" content=\"La empresa incrementa el volumen de facturaci\u00f3n en 2015, alcanzando los 13,1 millones de euros en ventas en el exterior Ja\u00e9n, 7 de julio de 2016. Inter\u00f3leo contin\u00faa la buena marcha. No solo es la primera empresa agroalimentaria de Ja\u00e9n en facturaci\u00f3n, con 70 millones de euros en 2015, sino que ahora ya es el &hellip; Read more &quot;Inter\u00f3leo ya es el primer grupo productor de la provincia de Ja\u00e9n en exportaci\u00f3n&quot;\" \/>\n<meta property=\"og:url\" content=\"https:\/\/www.interoleo.com\/en\/interoleo-ya-primer-grupo-productor-la-provincia-jaen-exportacion\/\" \/>\n<meta property=\"og:site_name\" content=\"Grupo Inter\u00f3leo\" \/>\n<meta property=\"article:published_time\" content=\"2016-07-07T08:35:54+00:00\" \/>\n<meta property=\"article:modified_time\" content=\"2016-10-20T08:42:48+00:00\" \/>\n<meta property=\"og:image\" content=\"https:\/\/www.interoleo.com\/wp-content\/uploads\/2016\/08\/prueba4.jpg\" \/>\n\t<meta property=\"og:image:width\" content=\"1110\" \/>\n\t<meta property=\"og:image:height\" content=\"550\" \/>\n\t<meta property=\"og:image:type\" content=\"image\/jpeg\" \/>\n<meta name=\"author\" content=\"admin\" \/>\n<meta name=\"twitter:card\" content=\"summary_large_image\" \/>\n<meta name=\"twitter:label1\" content=\"Written by\" \/>\n\t<meta name=\"twitter:data1\" content=\"admin\" \/>\n\t<meta name=\"twitter:label2\" content=\"Est. reading time\" \/>\n\t<meta name=\"twitter:data2\" content=\"2 minutes\" \/>\n<script type=\"application\/ld+json\" class=\"yoast-schema-graph\">{\"@context\":\"https:\/\/schema.org\",\"@graph\":[{\"@type\":\"WebPage\",\"@id\":\"https:\/\/www.interoleo.com\/en\/interoleo-ya-primer-grupo-productor-la-provincia-jaen-exportacion\/\",\"url\":\"https:\/\/www.interoleo.com\/en\/interoleo-ya-primer-grupo-productor-la-provincia-jaen-exportacion\/\",\"name\":\"Inter\u00f3leo ya es el primer grupo productor de la provincia de Ja\u00e9n en exportaci\u00f3n - Grupo Inter\u00f3leo\",\"isPartOf\":{\"@id\":\"https:\/\/www.interoleo.com\/en\/#website\"},\"primaryImageOfPage\":{\"@id\":\"https:\/\/www.interoleo.com\/en\/interoleo-ya-primer-grupo-productor-la-provincia-jaen-exportacion\/#primaryimage\"},\"image\":{\"@id\":\"https:\/\/www.interoleo.com\/en\/interoleo-ya-primer-grupo-productor-la-provincia-jaen-exportacion\/#primaryimage\"},\"thumbnailUrl\":\"https:\/\/www.interoleo.com\/wp-content\/uploads\/2016\/08\/prueba4.jpg\",\"datePublished\":\"2016-07-07T08:35:54+00:00\",\"dateModified\":\"2016-10-20T08:42:48+00:00\",\"author\":{\"@id\":\"https:\/\/www.interoleo.com\/en\/#\/schema\/person\/f99693fc38ce605f463dc5d58909df2a\"},\"breadcrumb\":{\"@id\":\"https:\/\/www.interoleo.com\/en\/interoleo-ya-primer-grupo-productor-la-provincia-jaen-exportacion\/#breadcrumb\"},\"inLanguage\":\"en-US\",\"potentialAction\":[{\"@type\":\"ReadAction\",\"target\":[\"https:\/\/www.interoleo.com\/en\/interoleo-ya-primer-grupo-productor-la-provincia-jaen-exportacion\/\"]}]},{\"@type\":\"ImageObject\",\"inLanguage\":\"en-US\",\"@id\":\"https:\/\/www.interoleo.com\/en\/interoleo-ya-primer-grupo-productor-la-provincia-jaen-exportacion\/#primaryimage\",\"url\":\"https:\/\/www.interoleo.com\/wp-content\/uploads\/2016\/08\/prueba4.jpg\",\"contentUrl\":\"https:\/\/www.interoleo.com\/wp-content\/uploads\/2016\/08\/prueba4.jpg\",\"width\":1110,\"height\":550},{\"@type\":\"BreadcrumbList\",\"@id\":\"https:\/\/www.interoleo.com\/en\/interoleo-ya-primer-grupo-productor-la-provincia-jaen-exportacion\/#breadcrumb\",\"itemListElement\":[{\"@type\":\"ListItem\",\"position\":1,\"name\":\"Portada\",\"item\":\"https:\/\/www.interoleo.com\/en\/\"},{\"@type\":\"ListItem\",\"position\":2,\"name\":\"Inter\u00f3leo ya es el primer grupo productor de la provincia de Ja\u00e9n en exportaci\u00f3n\"}]},{\"@type\":\"WebSite\",\"@id\":\"https:\/\/www.interoleo.com\/en\/#website\",\"url\":\"https:\/\/www.interoleo.com\/en\/\",\"name\":\"Grupo Inter\u00f3leo\",\"description\":\"Grupo Inter\u00f3leo comercializador de aceite de oliva a granel\",\"potentialAction\":[{\"@type\":\"SearchAction\",\"target\":{\"@type\":\"EntryPoint\",\"urlTemplate\":\"https:\/\/www.interoleo.com\/en\/?s={search_term_string}\"},\"query-input\":{\"@type\":\"PropertyValueSpecification\",\"valueRequired\":true,\"valueName\":\"search_term_string\"}}],\"inLanguage\":\"en-US\"},{\"@type\":\"Person\",\"@id\":\"https:\/\/www.interoleo.com\/en\/#\/schema\/person\/f99693fc38ce605f463dc5d58909df2a\",\"name\":\"admin\",\"image\":{\"@type\":\"ImageObject\",\"inLanguage\":\"en-US\",\"@id\":\"https:\/\/www.interoleo.com\/en\/#\/schema\/person\/image\/\",\"url\":\"https:\/\/secure.gravatar.com\/avatar\/7e985868c8f2fc8c9b5e292d3d038423?s=96&d=mm&r=g\",\"contentUrl\":\"https:\/\/secure.gravatar.com\/avatar\/7e985868c8f2fc8c9b5e292d3d038423?s=96&d=mm&r=g\",\"caption\":\"admin\"},\"url\":\"https:\/\/www.interoleo.com\/en\/author\/admin\/\"}]}<\/script>\n<!-- \/ Yoast SEO plugin. -->","yoast_head_json":{"title":"Inter\u00f3leo ya es el primer grupo productor de la provincia de Ja\u00e9n en exportaci\u00f3n - Grupo Inter\u00f3leo","robots":{"index":"index","follow":"follow","max-snippet":"max-snippet:-1","max-image-preview":"max-image-preview:large","max-video-preview":"max-video-preview:-1"},"canonical":"https:\/\/www.interoleo.com\/en\/interoleo-ya-primer-grupo-productor-la-provincia-jaen-exportacion\/","og_locale":"en_US","og_type":"article","og_title":"Inter\u00f3leo ya es el primer grupo productor de la provincia de Ja\u00e9n en exportaci\u00f3n - Grupo Inter\u00f3leo","og_description":"La empresa incrementa el volumen de facturaci\u00f3n en 2015, alcanzando los 13,1 millones de euros en ventas en el exterior Ja\u00e9n, 7 de julio de 2016. Inter\u00f3leo contin\u00faa la buena marcha. No solo es la primera empresa agroalimentaria de Ja\u00e9n en facturaci\u00f3n, con 70 millones de euros en 2015, sino que ahora ya es el &hellip; Read more \"Inter\u00f3leo ya es el primer grupo productor de la provincia de Ja\u00e9n en exportaci\u00f3n\"","og_url":"https:\/\/www.interoleo.com\/en\/interoleo-ya-primer-grupo-productor-la-provincia-jaen-exportacion\/","og_site_name":"Grupo Inter\u00f3leo","article_published_time":"2016-07-07T08:35:54+00:00","article_modified_time":"2016-10-20T08:42:48+00:00","og_image":[{"width":1110,"height":550,"url":"https:\/\/www.interoleo.com\/wp-content\/uploads\/2016\/08\/prueba4.jpg","type":"image\/jpeg"}],"author":"admin","twitter_card":"summary_large_image","twitter_misc":{"Written by":"admin","Est. reading time":"2 minutes"},"schema":{"@context":"https:\/\/schema.org","@graph":[{"@type":"WebPage","@id":"https:\/\/www.interoleo.com\/en\/interoleo-ya-primer-grupo-productor-la-provincia-jaen-exportacion\/","url":"https:\/\/www.interoleo.com\/en\/interoleo-ya-primer-grupo-productor-la-provincia-jaen-exportacion\/","name":"Inter\u00f3leo ya es el primer grupo productor de la provincia de Ja\u00e9n en exportaci\u00f3n - Grupo Inter\u00f3leo","isPartOf":{"@id":"https:\/\/www.interoleo.com\/en\/#website"},"primaryImageOfPage":{"@id":"https:\/\/www.interoleo.com\/en\/interoleo-ya-primer-grupo-productor-la-provincia-jaen-exportacion\/#primaryimage"},"image":{"@id":"https:\/\/www.interoleo.com\/en\/interoleo-ya-primer-grupo-productor-la-provincia-jaen-exportacion\/#primaryimage"},"thumbnailUrl":"https:\/\/www.interoleo.com\/wp-content\/uploads\/2016\/08\/prueba4.jpg","datePublished":"2016-07-07T08:35:54+00:00","dateModified":"2016-10-20T08:42:48+00:00","author":{"@id":"https:\/\/www.interoleo.com\/en\/#\/schema\/person\/f99693fc38ce605f463dc5d58909df2a"},"breadcrumb":{"@id":"https:\/\/www.interoleo.com\/en\/interoleo-ya-primer-grupo-productor-la-provincia-jaen-exportacion\/#breadcrumb"},"inLanguage":"en-US","potentialAction":[{"@type":"ReadAction","target":["https:\/\/www.interoleo.com\/en\/interoleo-ya-primer-grupo-productor-la-provincia-jaen-exportacion\/"]}]},{"@type":"ImageObject","inLanguage":"en-US","@id":"https:\/\/www.interoleo.com\/en\/interoleo-ya-primer-grupo-productor-la-provincia-jaen-exportacion\/#primaryimage","url":"https:\/\/www.interoleo.com\/wp-content\/uploads\/2016\/08\/prueba4.jpg","contentUrl":"https:\/\/www.interoleo.com\/wp-content\/uploads\/2016\/08\/prueba4.jpg","width":1110,"height":550},{"@type":"BreadcrumbList","@id":"https:\/\/www.interoleo.com\/en\/interoleo-ya-primer-grupo-productor-la-provincia-jaen-exportacion\/#breadcrumb","itemListElement":[{"@type":"ListItem","position":1,"name":"Portada","item":"https:\/\/www.interoleo.com\/en\/"},{"@type":"ListItem","position":2,"name":"Inter\u00f3leo ya es el primer grupo productor de la provincia de Ja\u00e9n en exportaci\u00f3n"}]},{"@type":"WebSite","@id":"https:\/\/www.interoleo.com\/en\/#website","url":"https:\/\/www.interoleo.com\/en\/","name":"Grupo Inter\u00f3leo","description":"Grupo Inter\u00f3leo comercializador de aceite de oliva a granel","potentialAction":[{"@type":"SearchAction","target":{"@type":"EntryPoint","urlTemplate":"https:\/\/www.interoleo.com\/en\/?s={search_term_string}"},"query-input":{"@type":"PropertyValueSpecification","valueRequired":true,"valueName":"search_term_string"}}],"inLanguage":"en-US"},{"@type":"Person","@id":"https:\/\/www.interoleo.com\/en\/#\/schema\/person\/f99693fc38ce605f463dc5d58909df2a","name":"admin","image":{"@type":"ImageObject","inLanguage":"en-US","@id":"https:\/\/www.interoleo.com\/en\/#\/schema\/person\/image\/","url":"https:\/\/secure.gravatar.com\/avatar\/7e985868c8f2fc8c9b5e292d3d038423?s=96&d=mm&r=g","contentUrl":"https:\/\/secure.gravatar.com\/avatar\/7e985868c8f2fc8c9b5e292d3d038423?s=96&d=mm&r=g","caption":"admin"},"url":"https:\/\/www.interoleo.com\/en\/author\/admin\/"}]}},"jetpack_publicize_connections":[],"jetpack_featured_media_url":"https:\/\/www.interoleo.com\/wp-content\/uploads\/2016\/08\/prueba4.jpg","jetpack_shortlink":"https:\/\/wp.me\/p7R8ws-gy","jetpack_sharing_enabled":true,"_links":{"self":[{"href":"https:\/\/www.interoleo.com\/en\/wp-json\/wp\/v2\/posts\/1026","targetHints":{"allow":["GET"]}}],"collection":[{"href":"https:\/\/www.interoleo.com\/en\/wp-json\/wp\/v2\/posts"}],"about":[{"href":"https:\/\/www.interoleo.com\/en\/wp-json\/wp\/v2\/types\/post"}],"author":[{"embeddable":true,"href":"https:\/\/www.interoleo.com\/en\/wp-json\/wp\/v2\/users\/1"}],"replies":[{"embeddable":true,"href":"https:\/\/www.interoleo.com\/en\/wp-json\/wp\/v2\/comments?post=1026"}],"version-history":[{"count":2,"href":"https:\/\/www.interoleo.com\/en\/wp-json\/wp\/v2\/posts\/1026\/revisions"}],"predecessor-version":[{"id":1028,"href":"https:\/\/www.interoleo.com\/en\/wp-json\/wp\/v2\/posts\/1026\/revisions\/1028"}],"wp:featuredmedia":[{"embeddable":true,"href":"https:\/\/www.interoleo.com\/en\/wp-json\/wp\/v2\/media\/562"}],"wp:attachment":[{"href":"https:\/\/www.interoleo.com\/en\/wp-json\/wp\/v2\/media?parent=1026"}],"wp:term":[{"taxonomy":"category","embeddable":true,"href":"https:\/\/www.interoleo.com\/en\/wp-json\/wp\/v2\/categories?post=1026"},{"taxonomy":"post_tag","embeddable":true,"href":"https:\/\/www.interoleo.com\/en\/wp-json\/wp\/v2\/tags?post=1026"}],"curies":[{"name":"wp","href":"https:\/\/api.w.org\/{rel}","templated":true}]}}