{"id":1029,"date":"2016-06-07T08:43:07","date_gmt":"2016-06-07T08:43:07","guid":{"rendered":"http:\/\/88.12.48.28\/webs\/interoleo\/www\/?p=1029"},"modified":"2016-10-20T08:45:10","modified_gmt":"2016-10-20T08:45:10","slug":"interoleo-se-convierte-la-primera-empresa-agroalimentaria-jaen-facturacion","status":"publish","type":"post","link":"https:\/\/www.interoleo.com\/en\/interoleo-se-convierte-la-primera-empresa-agroalimentaria-jaen-facturacion\/","title":{"rendered":"Inter\u00f3leo se convierte en la primera empresa agroalimentaria de Ja\u00e9n en facturaci\u00f3n"},"content":{"rendered":"<blockquote><p>La empresa mantiene su l\u00ednea ascendente y se afianza dentro del r\u00e1nking elaborado por la revista Andaluc\u00eda Econ\u00f3mica, que incluye a las 1.200 empresas andaluzas de mayor facturaci\u00f3n de todos los sectores econ\u00f3micos, donde aparece en el puesto 197<\/p><\/blockquote>\n<p><strong>Ja\u00e9n, 7 de junio de 2016.<\/strong> Inter\u00f3leo mantiene su l\u00ednea ascendente y se sit\u00faa ya como la primera empresa agroalimentaria de Ja\u00e9n en facturaci\u00f3n, con 70 millones de euros en 2015. Pero, adem\u00e1s, Inter\u00f3leo se consolida como la primera empresa andaluza en el ratio facturaci\u00f3n-empleados, demostrando una considerable eficacia en la gesti\u00f3n y lo novedoso del sistema al aglutinar la comercializaci\u00f3n de m\u00e1s de 55.000 toneladas de aceite. As\u00ed se desprende del r\u00e1nking elaborado por la revista Andaluc\u00eda Econ\u00f3mica, que incluye a las 1.200 empresas andaluzas de mayor facturaci\u00f3n de todos los sectores econ\u00f3micos y en el que Inter\u00f3leo aparece como la quinta empresa de la provincia de Ja\u00e9n y la 197 de toda Andaluc\u00eda, con esos 70 millones de euros facturados en 2015.<\/p>\n<p>Adem\u00e1s, tenemos que destacar que Inter\u00f3leo ha conseguido situarse como la primera empresa de Ja\u00e9n en facturaci\u00f3n de gesti\u00f3n de aceite a granel en tan s\u00f3lo 7 a\u00f1os, ya que dio sus primeros pasos en aras de concentrar la oferta en 2009. Estas cifras no son indiferentes fuera de nuestra provincia y nuevas cooperativas olivareras de Extremadura y Castilla la Mancha se han puesto en contacto con nosotros con la intenci\u00f3n de estudiar una posible incorporaci\u00f3n. Inter\u00f3leo sigue potenciando la estructura de empresa en base a un modelo de concentraci\u00f3n de la oferta profesionalizado, apostando cada a\u00f1o m\u00e1s fuerte por la uni\u00f3n y la integraci\u00f3n de las cooperativas en empresas con dimensi\u00f3n como el \u00fanico camino viable para poder hacer frente a la gran distribuci\u00f3n y obtener unos precios lo m\u00e1s justos posibles para los productores.<\/p>\n<p>En este sentido, Inter\u00f3leo contin\u00faa consiguiendo precios medios por encima de la media para sus asociados. &#8220;El camino que tenemos por delante si queremos garantizar el futuro del sector ole\u00edcola, es seguir apostando por la integraci\u00f3n y por la uni\u00f3n de cooperativas y proyectos. Tenemos que crear empresas con dimensi\u00f3n y capacidad que den respuestas profesionales en un sector demasiado atomizado. Por eso, reforzamos el reto de continuar con la pol\u00edtica de expansi\u00f3n que nos marcamos al comienzo de nuestra andadura. No podemos olvidar que Inter\u00f3leo nace en Ja\u00e9n, pero con vocaci\u00f3n aglutinadora de todos los territorios productores de aceite de oliva&#8221;, explica el Presidente del Consejo de Administraci\u00f3n de Inter\u00f3leo, Juan Gadeo. <\/p>\n","protected":false},"excerpt":{"rendered":"<p>La empresa mantiene su l\u00ednea ascendente y se afianza dentro del r\u00e1nking elaborado por la revista Andaluc\u00eda Econ\u00f3mica, que incluye a las 1.200 empresas andaluzas de mayor facturaci\u00f3n de todos los sectores econ\u00f3micos, donde aparece en el puesto 197 Ja\u00e9n, 7 de junio de 2016. Inter\u00f3leo mantiene su l\u00ednea ascendente y se sit\u00faa ya como &hellip; <\/p>\n<p class=\"link-more\"><a href=\"https:\/\/www.interoleo.com\/en\/interoleo-se-convierte-la-primera-empresa-agroalimentaria-jaen-facturacion\/\" class=\"more-link\">Read more<span class=\"screen-reader-text\"> &#8220;Inter\u00f3leo se convierte en la primera empresa agroalimentaria de Ja\u00e9n en facturaci\u00f3n&#8221;<\/span><\/a><\/p>\n","protected":false},"author":1,"featured_media":562,"comment_status":"closed","ping_status":"closed","sticky":false,"template":"","format":"standard","meta":{"jetpack_post_was_ever_published":false,"_jetpack_newsletter_access":"","_jetpack_dont_email_post_to_subs":false,"_jetpack_newsletter_tier_id":0,"_jetpack_memberships_contains_paywalled_content":false,"_jetpack_memberships_contains_paid_content":false,"footnotes":"","jetpack_publicize_message":"","jetpack_publicize_feature_enabled":true,"jetpack_social_post_already_shared":true,"jetpack_social_options":{"image_generator_settings":{"template":"highway","default_image_id":0,"font":"","enabled":false},"version":2}},"categories":[4],"tags":[],"class_list":["post-1029","post","type-post","status-publish","format-standard","has-post-thumbnail","hentry","category-actualidad"],"yoast_head":"<!-- This site is optimized with the Yoast SEO plugin v26.0 - https:\/\/yoast.com\/wordpress\/plugins\/seo\/ -->\n<title>Inter\u00f3leo se convierte en la primera empresa agroalimentaria de Ja\u00e9n en facturaci\u00f3n - Grupo Inter\u00f3leo<\/title>\n<meta name=\"robots\" content=\"index, follow, max-snippet:-1, max-image-preview:large, max-video-preview:-1\" \/>\n<link rel=\"canonical\" href=\"https:\/\/www.interoleo.com\/en\/interoleo-se-convierte-la-primera-empresa-agroalimentaria-jaen-facturacion\/\" \/>\n<meta property=\"og:locale\" content=\"en_US\" \/>\n<meta property=\"og:type\" content=\"article\" \/>\n<meta property=\"og:title\" content=\"Inter\u00f3leo se convierte en la primera empresa agroalimentaria de Ja\u00e9n en facturaci\u00f3n - Grupo Inter\u00f3leo\" \/>\n<meta property=\"og:description\" content=\"La empresa mantiene su l\u00ednea ascendente y se afianza dentro del r\u00e1nking elaborado por la revista Andaluc\u00eda Econ\u00f3mica, que incluye a las 1.200 empresas andaluzas de mayor facturaci\u00f3n de todos los sectores econ\u00f3micos, donde aparece en el puesto 197 Ja\u00e9n, 7 de junio de 2016. Inter\u00f3leo mantiene su l\u00ednea ascendente y se sit\u00faa ya como &hellip; Read more &quot;Inter\u00f3leo se convierte en la primera empresa agroalimentaria de Ja\u00e9n en facturaci\u00f3n&quot;\" \/>\n<meta property=\"og:url\" content=\"https:\/\/www.interoleo.com\/en\/interoleo-se-convierte-la-primera-empresa-agroalimentaria-jaen-facturacion\/\" \/>\n<meta property=\"og:site_name\" content=\"Grupo Inter\u00f3leo\" \/>\n<meta property=\"article:published_time\" content=\"2016-06-07T08:43:07+00:00\" \/>\n<meta property=\"article:modified_time\" content=\"2016-10-20T08:45:10+00:00\" \/>\n<meta property=\"og:image\" content=\"https:\/\/www.interoleo.com\/wp-content\/uploads\/2016\/08\/prueba4.jpg\" \/>\n\t<meta property=\"og:image:width\" content=\"1110\" \/>\n\t<meta property=\"og:image:height\" content=\"550\" \/>\n\t<meta property=\"og:image:type\" content=\"image\/jpeg\" \/>\n<meta name=\"author\" content=\"admin\" \/>\n<meta name=\"twitter:card\" content=\"summary_large_image\" \/>\n<meta name=\"twitter:label1\" content=\"Written by\" \/>\n\t<meta name=\"twitter:data1\" content=\"admin\" \/>\n\t<meta name=\"twitter:label2\" content=\"Est. reading time\" \/>\n\t<meta name=\"twitter:data2\" content=\"2 minutes\" \/>\n<script type=\"application\/ld+json\" class=\"yoast-schema-graph\">{\"@context\":\"https:\/\/schema.org\",\"@graph\":[{\"@type\":\"WebPage\",\"@id\":\"https:\/\/www.interoleo.com\/en\/interoleo-se-convierte-la-primera-empresa-agroalimentaria-jaen-facturacion\/\",\"url\":\"https:\/\/www.interoleo.com\/en\/interoleo-se-convierte-la-primera-empresa-agroalimentaria-jaen-facturacion\/\",\"name\":\"Inter\u00f3leo se convierte en la primera empresa agroalimentaria de Ja\u00e9n en facturaci\u00f3n - Grupo Inter\u00f3leo\",\"isPartOf\":{\"@id\":\"https:\/\/www.interoleo.com\/en\/#website\"},\"primaryImageOfPage\":{\"@id\":\"https:\/\/www.interoleo.com\/en\/interoleo-se-convierte-la-primera-empresa-agroalimentaria-jaen-facturacion\/#primaryimage\"},\"image\":{\"@id\":\"https:\/\/www.interoleo.com\/en\/interoleo-se-convierte-la-primera-empresa-agroalimentaria-jaen-facturacion\/#primaryimage\"},\"thumbnailUrl\":\"https:\/\/www.interoleo.com\/wp-content\/uploads\/2016\/08\/prueba4.jpg\",\"datePublished\":\"2016-06-07T08:43:07+00:00\",\"dateModified\":\"2016-10-20T08:45:10+00:00\",\"author\":{\"@id\":\"https:\/\/www.interoleo.com\/en\/#\/schema\/person\/f99693fc38ce605f463dc5d58909df2a\"},\"breadcrumb\":{\"@id\":\"https:\/\/www.interoleo.com\/en\/interoleo-se-convierte-la-primera-empresa-agroalimentaria-jaen-facturacion\/#breadcrumb\"},\"inLanguage\":\"en-US\",\"potentialAction\":[{\"@type\":\"ReadAction\",\"target\":[\"https:\/\/www.interoleo.com\/en\/interoleo-se-convierte-la-primera-empresa-agroalimentaria-jaen-facturacion\/\"]}]},{\"@type\":\"ImageObject\",\"inLanguage\":\"en-US\",\"@id\":\"https:\/\/www.interoleo.com\/en\/interoleo-se-convierte-la-primera-empresa-agroalimentaria-jaen-facturacion\/#primaryimage\",\"url\":\"https:\/\/www.interoleo.com\/wp-content\/uploads\/2016\/08\/prueba4.jpg\",\"contentUrl\":\"https:\/\/www.interoleo.com\/wp-content\/uploads\/2016\/08\/prueba4.jpg\",\"width\":1110,\"height\":550},{\"@type\":\"BreadcrumbList\",\"@id\":\"https:\/\/www.interoleo.com\/en\/interoleo-se-convierte-la-primera-empresa-agroalimentaria-jaen-facturacion\/#breadcrumb\",\"itemListElement\":[{\"@type\":\"ListItem\",\"position\":1,\"name\":\"Portada\",\"item\":\"https:\/\/www.interoleo.com\/en\/\"},{\"@type\":\"ListItem\",\"position\":2,\"name\":\"Inter\u00f3leo se convierte en la primera empresa agroalimentaria de Ja\u00e9n en facturaci\u00f3n\"}]},{\"@type\":\"WebSite\",\"@id\":\"https:\/\/www.interoleo.com\/en\/#website\",\"url\":\"https:\/\/www.interoleo.com\/en\/\",\"name\":\"Grupo Inter\u00f3leo\",\"description\":\"Grupo Inter\u00f3leo comercializador de aceite de oliva a granel\",\"potentialAction\":[{\"@type\":\"SearchAction\",\"target\":{\"@type\":\"EntryPoint\",\"urlTemplate\":\"https:\/\/www.interoleo.com\/en\/?s={search_term_string}\"},\"query-input\":{\"@type\":\"PropertyValueSpecification\",\"valueRequired\":true,\"valueName\":\"search_term_string\"}}],\"inLanguage\":\"en-US\"},{\"@type\":\"Person\",\"@id\":\"https:\/\/www.interoleo.com\/en\/#\/schema\/person\/f99693fc38ce605f463dc5d58909df2a\",\"name\":\"admin\",\"image\":{\"@type\":\"ImageObject\",\"inLanguage\":\"en-US\",\"@id\":\"https:\/\/www.interoleo.com\/en\/#\/schema\/person\/image\/\",\"url\":\"https:\/\/secure.gravatar.com\/avatar\/7e985868c8f2fc8c9b5e292d3d038423?s=96&d=mm&r=g\",\"contentUrl\":\"https:\/\/secure.gravatar.com\/avatar\/7e985868c8f2fc8c9b5e292d3d038423?s=96&d=mm&r=g\",\"caption\":\"admin\"},\"url\":\"https:\/\/www.interoleo.com\/en\/author\/admin\/\"}]}<\/script>\n<!-- \/ Yoast SEO plugin. -->","yoast_head_json":{"title":"Inter\u00f3leo se convierte en la primera empresa agroalimentaria de Ja\u00e9n en facturaci\u00f3n - Grupo Inter\u00f3leo","robots":{"index":"index","follow":"follow","max-snippet":"max-snippet:-1","max-image-preview":"max-image-preview:large","max-video-preview":"max-video-preview:-1"},"canonical":"https:\/\/www.interoleo.com\/en\/interoleo-se-convierte-la-primera-empresa-agroalimentaria-jaen-facturacion\/","og_locale":"en_US","og_type":"article","og_title":"Inter\u00f3leo se convierte en la primera empresa agroalimentaria de Ja\u00e9n en facturaci\u00f3n - Grupo Inter\u00f3leo","og_description":"La empresa mantiene su l\u00ednea ascendente y se afianza dentro del r\u00e1nking elaborado por la revista Andaluc\u00eda Econ\u00f3mica, que incluye a las 1.200 empresas andaluzas de mayor facturaci\u00f3n de todos los sectores econ\u00f3micos, donde aparece en el puesto 197 Ja\u00e9n, 7 de junio de 2016. Inter\u00f3leo mantiene su l\u00ednea ascendente y se sit\u00faa ya como &hellip; Read more \"Inter\u00f3leo se convierte en la primera empresa agroalimentaria de Ja\u00e9n en facturaci\u00f3n\"","og_url":"https:\/\/www.interoleo.com\/en\/interoleo-se-convierte-la-primera-empresa-agroalimentaria-jaen-facturacion\/","og_site_name":"Grupo Inter\u00f3leo","article_published_time":"2016-06-07T08:43:07+00:00","article_modified_time":"2016-10-20T08:45:10+00:00","og_image":[{"width":1110,"height":550,"url":"https:\/\/www.interoleo.com\/wp-content\/uploads\/2016\/08\/prueba4.jpg","type":"image\/jpeg"}],"author":"admin","twitter_card":"summary_large_image","twitter_misc":{"Written by":"admin","Est. reading time":"2 minutes"},"schema":{"@context":"https:\/\/schema.org","@graph":[{"@type":"WebPage","@id":"https:\/\/www.interoleo.com\/en\/interoleo-se-convierte-la-primera-empresa-agroalimentaria-jaen-facturacion\/","url":"https:\/\/www.interoleo.com\/en\/interoleo-se-convierte-la-primera-empresa-agroalimentaria-jaen-facturacion\/","name":"Inter\u00f3leo se convierte en la primera empresa agroalimentaria de Ja\u00e9n en facturaci\u00f3n - Grupo Inter\u00f3leo","isPartOf":{"@id":"https:\/\/www.interoleo.com\/en\/#website"},"primaryImageOfPage":{"@id":"https:\/\/www.interoleo.com\/en\/interoleo-se-convierte-la-primera-empresa-agroalimentaria-jaen-facturacion\/#primaryimage"},"image":{"@id":"https:\/\/www.interoleo.com\/en\/interoleo-se-convierte-la-primera-empresa-agroalimentaria-jaen-facturacion\/#primaryimage"},"thumbnailUrl":"https:\/\/www.interoleo.com\/wp-content\/uploads\/2016\/08\/prueba4.jpg","datePublished":"2016-06-07T08:43:07+00:00","dateModified":"2016-10-20T08:45:10+00:00","author":{"@id":"https:\/\/www.interoleo.com\/en\/#\/schema\/person\/f99693fc38ce605f463dc5d58909df2a"},"breadcrumb":{"@id":"https:\/\/www.interoleo.com\/en\/interoleo-se-convierte-la-primera-empresa-agroalimentaria-jaen-facturacion\/#breadcrumb"},"inLanguage":"en-US","potentialAction":[{"@type":"ReadAction","target":["https:\/\/www.interoleo.com\/en\/interoleo-se-convierte-la-primera-empresa-agroalimentaria-jaen-facturacion\/"]}]},{"@type":"ImageObject","inLanguage":"en-US","@id":"https:\/\/www.interoleo.com\/en\/interoleo-se-convierte-la-primera-empresa-agroalimentaria-jaen-facturacion\/#primaryimage","url":"https:\/\/www.interoleo.com\/wp-content\/uploads\/2016\/08\/prueba4.jpg","contentUrl":"https:\/\/www.interoleo.com\/wp-content\/uploads\/2016\/08\/prueba4.jpg","width":1110,"height":550},{"@type":"BreadcrumbList","@id":"https:\/\/www.interoleo.com\/en\/interoleo-se-convierte-la-primera-empresa-agroalimentaria-jaen-facturacion\/#breadcrumb","itemListElement":[{"@type":"ListItem","position":1,"name":"Portada","item":"https:\/\/www.interoleo.com\/en\/"},{"@type":"ListItem","position":2,"name":"Inter\u00f3leo se convierte en la primera empresa agroalimentaria de Ja\u00e9n en facturaci\u00f3n"}]},{"@type":"WebSite","@id":"https:\/\/www.interoleo.com\/en\/#website","url":"https:\/\/www.interoleo.com\/en\/","name":"Grupo Inter\u00f3leo","description":"Grupo Inter\u00f3leo comercializador de aceite de oliva a granel","potentialAction":[{"@type":"SearchAction","target":{"@type":"EntryPoint","urlTemplate":"https:\/\/www.interoleo.com\/en\/?s={search_term_string}"},"query-input":{"@type":"PropertyValueSpecification","valueRequired":true,"valueName":"search_term_string"}}],"inLanguage":"en-US"},{"@type":"Person","@id":"https:\/\/www.interoleo.com\/en\/#\/schema\/person\/f99693fc38ce605f463dc5d58909df2a","name":"admin","image":{"@type":"ImageObject","inLanguage":"en-US","@id":"https:\/\/www.interoleo.com\/en\/#\/schema\/person\/image\/","url":"https:\/\/secure.gravatar.com\/avatar\/7e985868c8f2fc8c9b5e292d3d038423?s=96&d=mm&r=g","contentUrl":"https:\/\/secure.gravatar.com\/avatar\/7e985868c8f2fc8c9b5e292d3d038423?s=96&d=mm&r=g","caption":"admin"},"url":"https:\/\/www.interoleo.com\/en\/author\/admin\/"}]}},"jetpack_publicize_connections":[],"jetpack_featured_media_url":"https:\/\/www.interoleo.com\/wp-content\/uploads\/2016\/08\/prueba4.jpg","jetpack_shortlink":"https:\/\/wp.me\/p7R8ws-gB","jetpack_sharing_enabled":true,"_links":{"self":[{"href":"https:\/\/www.interoleo.com\/en\/wp-json\/wp\/v2\/posts\/1029","targetHints":{"allow":["GET"]}}],"collection":[{"href":"https:\/\/www.interoleo.com\/en\/wp-json\/wp\/v2\/posts"}],"about":[{"href":"https:\/\/www.interoleo.com\/en\/wp-json\/wp\/v2\/types\/post"}],"author":[{"embeddable":true,"href":"https:\/\/www.interoleo.com\/en\/wp-json\/wp\/v2\/users\/1"}],"replies":[{"embeddable":true,"href":"https:\/\/www.interoleo.com\/en\/wp-json\/wp\/v2\/comments?post=1029"}],"version-history":[{"count":1,"href":"https:\/\/www.interoleo.com\/en\/wp-json\/wp\/v2\/posts\/1029\/revisions"}],"predecessor-version":[{"id":1030,"href":"https:\/\/www.interoleo.com\/en\/wp-json\/wp\/v2\/posts\/1029\/revisions\/1030"}],"wp:featuredmedia":[{"embeddable":true,"href":"https:\/\/www.interoleo.com\/en\/wp-json\/wp\/v2\/media\/562"}],"wp:attachment":[{"href":"https:\/\/www.interoleo.com\/en\/wp-json\/wp\/v2\/media?parent=1029"}],"wp:term":[{"taxonomy":"category","embeddable":true,"href":"https:\/\/www.interoleo.com\/en\/wp-json\/wp\/v2\/categories?post=1029"},{"taxonomy":"post_tag","embeddable":true,"href":"https:\/\/www.interoleo.com\/en\/wp-json\/wp\/v2\/tags?post=1029"}],"curies":[{"name":"wp","href":"https:\/\/api.w.org\/{rel}","templated":true}]}}