{"id":1031,"date":"2016-10-07T08:45:58","date_gmt":"2016-10-07T08:45:58","guid":{"rendered":"http:\/\/88.12.48.28\/webs\/interoleo\/www\/?p=1031"},"modified":"2016-12-14T08:42:34","modified_gmt":"2016-12-14T08:42:34","slug":"interoleo-comienza-la-campana-oleicola-objetivo-mejorar-la-calidad","status":"publish","type":"post","link":"https:\/\/www.interoleo.com\/en\/interoleo-comienza-la-campana-oleicola-objetivo-mejorar-la-calidad\/","title":{"rendered":"Inter\u00f3leo comienza la campa\u00f1a ole\u00edcola con el objetivo de mejorar la calidad"},"content":{"rendered":"<blockquote><p>La jornada, celebrada en la cooperativa Ole\u00edcola Baeza, ha abordado el trabajo de coordinaci\u00f3n con el que pretendemos continuar creciendo en n\u00famero de socios y reforzar nuestro posicionamiento en la venta de aceite, tanto a nivel nacional como en exportaciones<\/p><\/blockquote>\n<p><strong>Ja\u00e9n, 7 de octubre de 2016.<\/strong> Inter\u00f3leo tiene muy claro que la profesionalizaci\u00f3n de la gesti\u00f3n de los aceites es la base de una buena comercializaci\u00f3n, tanto nacional como internacional. Esa decidida apuesta por la calidad hace que desde la empresa se d\u00e9 un especial trato a la formaci\u00f3n. De ah\u00ed que, al comienzo de la campa\u00f1a ole\u00edcola 2016\/2017, hayamos juntado a los maestros almazareros, responsables de calidad y de log\u00edstica de graneles de todos nuestros socios a una jornada con la que queremos mejorar la coordinaci\u00f3n del trabajo de gesti\u00f3n para todo el a\u00f1o.<\/p>\n<p>Con esta jornada, que hemos celebrado en la SCA Ole\u00edcola Baeza, Inter\u00f3leo contin\u00faa profundizando en su apuesta por la calidad de los aceites que comercializa y en su pol\u00edtica de profesionalizaci\u00f3n del sector olivarero, dos de los pilares que consideramos fundamentales en nuestra estrategia empresarial. La preparaci\u00f3n de la nueva campa\u00f1a es un momento importante para todos los socios de Inter\u00f3leo, y as\u00ed lo ha dejado claro nuestro presidente, Juan Gadeo. &#8220;Estas jornadas nos han servido para poner en marcha un trabajo de coordinaci\u00f3n, de informaci\u00f3n y formaci\u00f3n a los maestros almazareros de nuestros socios, que tambi\u00e9n son trabajadores nuestros, para mejorar el funcionamiento en almazara al objeto de conservar la calidad y producir todav\u00eda mejor. Vender aceite a granel es relativamente f\u00e1cil, pero venderlo bien implica darle un valor a\u00f1adido que queremos arrancar desde el comienzo de campa\u00f1a. De ah\u00ed que, todos los a\u00f1os, coordinamos el trabajo y planificamos las actuaciones para todo el a\u00f1o&#8221;, concreta.<\/p>\n<p>Esta nueva jornada forma parte del continuo proceso formativo que, desde nuestros or\u00edgenes, hemos puesto en marcha como parte fundamental del proyecto de concentraci\u00f3n, que no solo se entiende para mejorar las condiciones econ\u00f3micas de nuestros socios, sino tambi\u00e9n para adquirir los mayores conocimientos que hagan m\u00e1s profesional su gesti\u00f3n y, por consiguiente, redunden en un incremento del valor a\u00f1adido por la venta del aceite de oliva.<\/p>\n<p>En este sentido, el presidente de Inter\u00f3leo corrobora: &#8220;La calidad se paga y se est\u00e1 imponiendo cada vez m\u00e1s. Desde la producci\u00f3n estamos haciendo cada vez m\u00e1s presi\u00f3n para obtener aceites virgen extra, no solamente que supere los par\u00e1metros qu\u00edmicos, sino tambi\u00e9n organol\u00e9pticos. Tenemos que estar preparados para producir m\u00e1s calidad y saber vender bien, sobre todo porque nos estamos dando cuenta de que el aceite cuanto m\u00e1s frutado m\u00e1s se valora. Eso hay que trabajarlo desde la producci\u00f3n y se est\u00e1 mejorando continuamente gracias a un trabajo en equipo. El agricultor te lleva la aceituna en las mejores condiciones y la almazara es un paso fundamental para alcanzar esa calidad que todos buscamos, ya que cada vez se valora m\u00e1s el par\u00e1metro organol\u00e9ptico. Y los aceites de Inter\u00f3leo pasan por paneles donde se certifica su garant\u00eda&#8221;, asegura Juan Gadeo.<\/p>\n","protected":false},"excerpt":{"rendered":"<p>La jornada, celebrada en la cooperativa Ole\u00edcola Baeza, ha abordado el trabajo de coordinaci\u00f3n con el que pretendemos continuar creciendo en n\u00famero de socios y reforzar nuestro posicionamiento en la venta de aceite, tanto a nivel nacional como en exportaciones Ja\u00e9n, 7 de octubre de 2016. Inter\u00f3leo tiene muy claro que la profesionalizaci\u00f3n de la &hellip; <\/p>\n<p class=\"link-more\"><a href=\"https:\/\/www.interoleo.com\/en\/interoleo-comienza-la-campana-oleicola-objetivo-mejorar-la-calidad\/\" class=\"more-link\">Read more<span class=\"screen-reader-text\"> &#8220;Inter\u00f3leo comienza la campa\u00f1a ole\u00edcola con el objetivo de mejorar la calidad&#8221;<\/span><\/a><\/p>\n","protected":false},"author":1,"featured_media":1118,"comment_status":"closed","ping_status":"closed","sticky":false,"template":"","format":"standard","meta":{"jetpack_post_was_ever_published":false,"_jetpack_newsletter_access":"","_jetpack_dont_email_post_to_subs":false,"_jetpack_newsletter_tier_id":0,"_jetpack_memberships_contains_paywalled_content":false,"_jetpack_memberships_contains_paid_content":false,"footnotes":"","jetpack_publicize_message":"","jetpack_publicize_feature_enabled":true,"jetpack_social_post_already_shared":true,"jetpack_social_options":{"image_generator_settings":{"template":"highway","default_image_id":0,"font":"","enabled":false},"version":2}},"categories":[4],"tags":[],"class_list":["post-1031","post","type-post","status-publish","format-standard","has-post-thumbnail","hentry","category-actualidad"],"yoast_head":"<!-- This site is optimized with the Yoast SEO plugin v26.0 - https:\/\/yoast.com\/wordpress\/plugins\/seo\/ -->\n<title>Inter\u00f3leo comienza la campa\u00f1a ole\u00edcola con el objetivo de mejorar la calidad - Grupo Inter\u00f3leo<\/title>\n<meta name=\"robots\" content=\"index, follow, max-snippet:-1, max-image-preview:large, max-video-preview:-1\" \/>\n<link rel=\"canonical\" href=\"https:\/\/www.interoleo.com\/en\/interoleo-comienza-la-campana-oleicola-objetivo-mejorar-la-calidad\/\" \/>\n<meta property=\"og:locale\" content=\"en_US\" \/>\n<meta property=\"og:type\" content=\"article\" \/>\n<meta property=\"og:title\" content=\"Inter\u00f3leo comienza la campa\u00f1a ole\u00edcola con el objetivo de mejorar la calidad - Grupo Inter\u00f3leo\" \/>\n<meta property=\"og:description\" content=\"La jornada, celebrada en la cooperativa Ole\u00edcola Baeza, ha abordado el trabajo de coordinaci\u00f3n con el que pretendemos continuar creciendo en n\u00famero de socios y reforzar nuestro posicionamiento en la venta de aceite, tanto a nivel nacional como en exportaciones Ja\u00e9n, 7 de octubre de 2016. Inter\u00f3leo tiene muy claro que la profesionalizaci\u00f3n de la &hellip; Read more &quot;Inter\u00f3leo comienza la campa\u00f1a ole\u00edcola con el objetivo de mejorar la calidad&quot;\" \/>\n<meta property=\"og:url\" content=\"https:\/\/www.interoleo.com\/en\/interoleo-comienza-la-campana-oleicola-objetivo-mejorar-la-calidad\/\" \/>\n<meta property=\"og:site_name\" content=\"Grupo Inter\u00f3leo\" \/>\n<meta property=\"article:published_time\" content=\"2016-10-07T08:45:58+00:00\" \/>\n<meta property=\"article:modified_time\" content=\"2016-12-14T08:42:34+00:00\" \/>\n<meta property=\"og:image\" content=\"https:\/\/www.interoleo.com\/wp-content\/uploads\/2016\/10\/Jornada-Baeza-Maestros.jpg\" \/>\n\t<meta property=\"og:image:width\" content=\"2243\" \/>\n\t<meta property=\"og:image:height\" content=\"1117\" \/>\n\t<meta property=\"og:image:type\" content=\"image\/jpeg\" \/>\n<meta name=\"author\" content=\"admin\" \/>\n<meta name=\"twitter:card\" content=\"summary_large_image\" \/>\n<meta name=\"twitter:label1\" content=\"Written by\" \/>\n\t<meta name=\"twitter:data1\" content=\"admin\" \/>\n\t<meta name=\"twitter:label2\" content=\"Est. reading time\" \/>\n\t<meta name=\"twitter:data2\" content=\"3 minutes\" \/>\n<script type=\"application\/ld+json\" class=\"yoast-schema-graph\">{\"@context\":\"https:\/\/schema.org\",\"@graph\":[{\"@type\":\"WebPage\",\"@id\":\"https:\/\/www.interoleo.com\/en\/interoleo-comienza-la-campana-oleicola-objetivo-mejorar-la-calidad\/\",\"url\":\"https:\/\/www.interoleo.com\/en\/interoleo-comienza-la-campana-oleicola-objetivo-mejorar-la-calidad\/\",\"name\":\"Inter\u00f3leo comienza la campa\u00f1a ole\u00edcola con el objetivo de mejorar la calidad - Grupo Inter\u00f3leo\",\"isPartOf\":{\"@id\":\"https:\/\/www.interoleo.com\/en\/#website\"},\"primaryImageOfPage\":{\"@id\":\"https:\/\/www.interoleo.com\/en\/interoleo-comienza-la-campana-oleicola-objetivo-mejorar-la-calidad\/#primaryimage\"},\"image\":{\"@id\":\"https:\/\/www.interoleo.com\/en\/interoleo-comienza-la-campana-oleicola-objetivo-mejorar-la-calidad\/#primaryimage\"},\"thumbnailUrl\":\"https:\/\/www.interoleo.com\/wp-content\/uploads\/2016\/10\/Jornada-Baeza-Maestros.jpg\",\"datePublished\":\"2016-10-07T08:45:58+00:00\",\"dateModified\":\"2016-12-14T08:42:34+00:00\",\"author\":{\"@id\":\"https:\/\/www.interoleo.com\/en\/#\/schema\/person\/f99693fc38ce605f463dc5d58909df2a\"},\"breadcrumb\":{\"@id\":\"https:\/\/www.interoleo.com\/en\/interoleo-comienza-la-campana-oleicola-objetivo-mejorar-la-calidad\/#breadcrumb\"},\"inLanguage\":\"en-US\",\"potentialAction\":[{\"@type\":\"ReadAction\",\"target\":[\"https:\/\/www.interoleo.com\/en\/interoleo-comienza-la-campana-oleicola-objetivo-mejorar-la-calidad\/\"]}]},{\"@type\":\"ImageObject\",\"inLanguage\":\"en-US\",\"@id\":\"https:\/\/www.interoleo.com\/en\/interoleo-comienza-la-campana-oleicola-objetivo-mejorar-la-calidad\/#primaryimage\",\"url\":\"https:\/\/www.interoleo.com\/wp-content\/uploads\/2016\/10\/Jornada-Baeza-Maestros.jpg\",\"contentUrl\":\"https:\/\/www.interoleo.com\/wp-content\/uploads\/2016\/10\/Jornada-Baeza-Maestros.jpg\",\"width\":2243,\"height\":1117},{\"@type\":\"BreadcrumbList\",\"@id\":\"https:\/\/www.interoleo.com\/en\/interoleo-comienza-la-campana-oleicola-objetivo-mejorar-la-calidad\/#breadcrumb\",\"itemListElement\":[{\"@type\":\"ListItem\",\"position\":1,\"name\":\"Portada\",\"item\":\"https:\/\/www.interoleo.com\/en\/\"},{\"@type\":\"ListItem\",\"position\":2,\"name\":\"Inter\u00f3leo comienza la campa\u00f1a ole\u00edcola con el objetivo de mejorar la calidad\"}]},{\"@type\":\"WebSite\",\"@id\":\"https:\/\/www.interoleo.com\/en\/#website\",\"url\":\"https:\/\/www.interoleo.com\/en\/\",\"name\":\"Grupo Inter\u00f3leo\",\"description\":\"Grupo Inter\u00f3leo comercializador de aceite de oliva a granel\",\"potentialAction\":[{\"@type\":\"SearchAction\",\"target\":{\"@type\":\"EntryPoint\",\"urlTemplate\":\"https:\/\/www.interoleo.com\/en\/?s={search_term_string}\"},\"query-input\":{\"@type\":\"PropertyValueSpecification\",\"valueRequired\":true,\"valueName\":\"search_term_string\"}}],\"inLanguage\":\"en-US\"},{\"@type\":\"Person\",\"@id\":\"https:\/\/www.interoleo.com\/en\/#\/schema\/person\/f99693fc38ce605f463dc5d58909df2a\",\"name\":\"admin\",\"image\":{\"@type\":\"ImageObject\",\"inLanguage\":\"en-US\",\"@id\":\"https:\/\/www.interoleo.com\/en\/#\/schema\/person\/image\/\",\"url\":\"https:\/\/secure.gravatar.com\/avatar\/7e985868c8f2fc8c9b5e292d3d038423?s=96&d=mm&r=g\",\"contentUrl\":\"https:\/\/secure.gravatar.com\/avatar\/7e985868c8f2fc8c9b5e292d3d038423?s=96&d=mm&r=g\",\"caption\":\"admin\"},\"url\":\"https:\/\/www.interoleo.com\/en\/author\/admin\/\"}]}<\/script>\n<!-- \/ Yoast SEO plugin. -->","yoast_head_json":{"title":"Inter\u00f3leo comienza la campa\u00f1a ole\u00edcola con el objetivo de mejorar la calidad - Grupo Inter\u00f3leo","robots":{"index":"index","follow":"follow","max-snippet":"max-snippet:-1","max-image-preview":"max-image-preview:large","max-video-preview":"max-video-preview:-1"},"canonical":"https:\/\/www.interoleo.com\/en\/interoleo-comienza-la-campana-oleicola-objetivo-mejorar-la-calidad\/","og_locale":"en_US","og_type":"article","og_title":"Inter\u00f3leo comienza la campa\u00f1a ole\u00edcola con el objetivo de mejorar la calidad - Grupo Inter\u00f3leo","og_description":"La jornada, celebrada en la cooperativa Ole\u00edcola Baeza, ha abordado el trabajo de coordinaci\u00f3n con el que pretendemos continuar creciendo en n\u00famero de socios y reforzar nuestro posicionamiento en la venta de aceite, tanto a nivel nacional como en exportaciones Ja\u00e9n, 7 de octubre de 2016. Inter\u00f3leo tiene muy claro que la profesionalizaci\u00f3n de la &hellip; Read more \"Inter\u00f3leo comienza la campa\u00f1a ole\u00edcola con el objetivo de mejorar la calidad\"","og_url":"https:\/\/www.interoleo.com\/en\/interoleo-comienza-la-campana-oleicola-objetivo-mejorar-la-calidad\/","og_site_name":"Grupo Inter\u00f3leo","article_published_time":"2016-10-07T08:45:58+00:00","article_modified_time":"2016-12-14T08:42:34+00:00","og_image":[{"width":2243,"height":1117,"url":"https:\/\/www.interoleo.com\/wp-content\/uploads\/2016\/10\/Jornada-Baeza-Maestros.jpg","type":"image\/jpeg"}],"author":"admin","twitter_card":"summary_large_image","twitter_misc":{"Written by":"admin","Est. reading time":"3 minutes"},"schema":{"@context":"https:\/\/schema.org","@graph":[{"@type":"WebPage","@id":"https:\/\/www.interoleo.com\/en\/interoleo-comienza-la-campana-oleicola-objetivo-mejorar-la-calidad\/","url":"https:\/\/www.interoleo.com\/en\/interoleo-comienza-la-campana-oleicola-objetivo-mejorar-la-calidad\/","name":"Inter\u00f3leo comienza la campa\u00f1a ole\u00edcola con el objetivo de mejorar la calidad - Grupo Inter\u00f3leo","isPartOf":{"@id":"https:\/\/www.interoleo.com\/en\/#website"},"primaryImageOfPage":{"@id":"https:\/\/www.interoleo.com\/en\/interoleo-comienza-la-campana-oleicola-objetivo-mejorar-la-calidad\/#primaryimage"},"image":{"@id":"https:\/\/www.interoleo.com\/en\/interoleo-comienza-la-campana-oleicola-objetivo-mejorar-la-calidad\/#primaryimage"},"thumbnailUrl":"https:\/\/www.interoleo.com\/wp-content\/uploads\/2016\/10\/Jornada-Baeza-Maestros.jpg","datePublished":"2016-10-07T08:45:58+00:00","dateModified":"2016-12-14T08:42:34+00:00","author":{"@id":"https:\/\/www.interoleo.com\/en\/#\/schema\/person\/f99693fc38ce605f463dc5d58909df2a"},"breadcrumb":{"@id":"https:\/\/www.interoleo.com\/en\/interoleo-comienza-la-campana-oleicola-objetivo-mejorar-la-calidad\/#breadcrumb"},"inLanguage":"en-US","potentialAction":[{"@type":"ReadAction","target":["https:\/\/www.interoleo.com\/en\/interoleo-comienza-la-campana-oleicola-objetivo-mejorar-la-calidad\/"]}]},{"@type":"ImageObject","inLanguage":"en-US","@id":"https:\/\/www.interoleo.com\/en\/interoleo-comienza-la-campana-oleicola-objetivo-mejorar-la-calidad\/#primaryimage","url":"https:\/\/www.interoleo.com\/wp-content\/uploads\/2016\/10\/Jornada-Baeza-Maestros.jpg","contentUrl":"https:\/\/www.interoleo.com\/wp-content\/uploads\/2016\/10\/Jornada-Baeza-Maestros.jpg","width":2243,"height":1117},{"@type":"BreadcrumbList","@id":"https:\/\/www.interoleo.com\/en\/interoleo-comienza-la-campana-oleicola-objetivo-mejorar-la-calidad\/#breadcrumb","itemListElement":[{"@type":"ListItem","position":1,"name":"Portada","item":"https:\/\/www.interoleo.com\/en\/"},{"@type":"ListItem","position":2,"name":"Inter\u00f3leo comienza la campa\u00f1a ole\u00edcola con el objetivo de mejorar la calidad"}]},{"@type":"WebSite","@id":"https:\/\/www.interoleo.com\/en\/#website","url":"https:\/\/www.interoleo.com\/en\/","name":"Grupo Inter\u00f3leo","description":"Grupo Inter\u00f3leo comercializador de aceite de oliva a granel","potentialAction":[{"@type":"SearchAction","target":{"@type":"EntryPoint","urlTemplate":"https:\/\/www.interoleo.com\/en\/?s={search_term_string}"},"query-input":{"@type":"PropertyValueSpecification","valueRequired":true,"valueName":"search_term_string"}}],"inLanguage":"en-US"},{"@type":"Person","@id":"https:\/\/www.interoleo.com\/en\/#\/schema\/person\/f99693fc38ce605f463dc5d58909df2a","name":"admin","image":{"@type":"ImageObject","inLanguage":"en-US","@id":"https:\/\/www.interoleo.com\/en\/#\/schema\/person\/image\/","url":"https:\/\/secure.gravatar.com\/avatar\/7e985868c8f2fc8c9b5e292d3d038423?s=96&d=mm&r=g","contentUrl":"https:\/\/secure.gravatar.com\/avatar\/7e985868c8f2fc8c9b5e292d3d038423?s=96&d=mm&r=g","caption":"admin"},"url":"https:\/\/www.interoleo.com\/en\/author\/admin\/"}]}},"jetpack_publicize_connections":[],"jetpack_featured_media_url":"https:\/\/www.interoleo.com\/wp-content\/uploads\/2016\/10\/Jornada-Baeza-Maestros.jpg","jetpack_shortlink":"https:\/\/wp.me\/p7R8ws-gD","jetpack_sharing_enabled":true,"_links":{"self":[{"href":"https:\/\/www.interoleo.com\/en\/wp-json\/wp\/v2\/posts\/1031","targetHints":{"allow":["GET"]}}],"collection":[{"href":"https:\/\/www.interoleo.com\/en\/wp-json\/wp\/v2\/posts"}],"about":[{"href":"https:\/\/www.interoleo.com\/en\/wp-json\/wp\/v2\/types\/post"}],"author":[{"embeddable":true,"href":"https:\/\/www.interoleo.com\/en\/wp-json\/wp\/v2\/users\/1"}],"replies":[{"embeddable":true,"href":"https:\/\/www.interoleo.com\/en\/wp-json\/wp\/v2\/comments?post=1031"}],"version-history":[{"count":2,"href":"https:\/\/www.interoleo.com\/en\/wp-json\/wp\/v2\/posts\/1031\/revisions"}],"predecessor-version":[{"id":1074,"href":"https:\/\/www.interoleo.com\/en\/wp-json\/wp\/v2\/posts\/1031\/revisions\/1074"}],"wp:featuredmedia":[{"embeddable":true,"href":"https:\/\/www.interoleo.com\/en\/wp-json\/wp\/v2\/media\/1118"}],"wp:attachment":[{"href":"https:\/\/www.interoleo.com\/en\/wp-json\/wp\/v2\/media?parent=1031"}],"wp:term":[{"taxonomy":"category","embeddable":true,"href":"https:\/\/www.interoleo.com\/en\/wp-json\/wp\/v2\/categories?post=1031"},{"taxonomy":"post_tag","embeddable":true,"href":"https:\/\/www.interoleo.com\/en\/wp-json\/wp\/v2\/tags?post=1031"}],"curies":[{"name":"wp","href":"https:\/\/api.w.org\/{rel}","templated":true}]}}