{"id":107,"date":"2016-08-01T11:46:07","date_gmt":"2016-08-01T11:46:07","guid":{"rendered":"http:\/\/88.12.48.28\/webs\/interoleo\/web\/?p=107"},"modified":"2016-08-01T11:46:07","modified_gmt":"2016-08-01T11:46:07","slug":"xv-edicion-los-premios-emprende-e-innova-desarrollo-sostenible","status":"publish","type":"post","link":"https:\/\/www.interoleo.com\/en\/xv-edicion-los-premios-emprende-e-innova-desarrollo-sostenible\/","title":{"rendered":"XV Edici\u00f3n de los Premios Emprende e Innova en desarrollo sostenible"},"content":{"rendered":"<p>Inter\u00f3leo Picual Ja\u00e9n, S.A. contin\u00faa con su constante progresi\u00f3n, lo que ha llevado a la empresa jiennense a situarse entre los tres primeros operadores mundiales de comercializaci\u00f3n de aceite de oliva desde la producci\u00f3n en tan solo cinco a\u00f1os de existencia. En este corto periodo de tiempo, el grupo que preside Juan Gadeo no solo ha consolidado la comercializaci\u00f3n de los graneles y ha puesto en marcha una l\u00ednea de envasado enfocada a la expansi\u00f3n internacional, sino que ha duplicado el n\u00famero de socios y ha alcanzado una facturaci\u00f3n de 130 millones de euros en el \u00faltimo a\u00f1o. Eso ha hecho que la Diputaci\u00f3n Provincial de Ja\u00e9n haya reconocido esta labor otorgando a Inter\u00f3leo Picual Ja\u00e9n el premio a la Trayectoria Empresarial, un nuevo galard\u00f3n que se suma a una larga lista de premios, nacionales e internacionales, obtenidos en estos a\u00f1os de trabajo, entre los que sobresalen la Bandera de Andaluc\u00eda; el Premio a la Modalidad de Gran Empresa otorgado por el Foro de Consejos Sociales de las Universidades P\u00fablicas de Andaluc\u00eda y el Premio a la Iniciativa Innovadora, de la Consejer\u00eda de Agricultura de la Junta.<\/p>\n<p><img decoding=\"async\" src=\"http:\/\/88.12.48.28\/webs\/interoleo\/web\/wp-content\/uploads\/2016\/08\/Premio_1-300x154.jpg\" alt=\"Premio_1\" width=\"300\" height=\"154\" class=\"alignnone size-medium wp-image-108\" srcset=\"https:\/\/www.interoleo.com\/wp-content\/uploads\/2016\/08\/Premio_1-300x154.jpg 300w, https:\/\/www.interoleo.com\/wp-content\/uploads\/2016\/08\/Premio_1-600x309.jpg 600w, https:\/\/www.interoleo.com\/wp-content\/uploads\/2016\/08\/Premio_1-768x395.jpg 768w, https:\/\/www.interoleo.com\/wp-content\/uploads\/2016\/08\/Premio_1-1024x527.jpg 1024w, https:\/\/www.interoleo.com\/wp-content\/uploads\/2016\/08\/Premio_1-1200x617.jpg 1200w\" sizes=\"(max-width: 300px) 100vw, 300px\" \/><\/p>\n<p>El fallo del jurado deja muy claro el porqu\u00e9 del premio. &#8220;Por su apuesta por el desarrollo socioecon\u00f3mico de la provincia, llevando a cabo una importante labor de concentraci\u00f3n de la oferta de aceite de oliva, incidiendo en la mejora de la comercializaci\u00f3n&#8221;. Este premio de la Diputaci\u00f3n Provincial de Ja\u00e9n a Inter\u00f3leo Picual Ja\u00e9n representa un reconocimiento muy importante al trabajo de una empresa que, en solo cinco a\u00f1os, ha conseguido alcanzar posiciones que otras firmas han logrado despu\u00e9s de mucho m\u00e1s tiempo, lo que significa un espaldarazo al trabajo desarrollado desde que en 2009 un grupo de once entidades, cooperativas, almazaras privadas y empresas, partiendo desde cero, decidi\u00f3 dar el paso y crear Inter\u00f3leo Picual Ja\u00e9n para profesionalizar la comercializaci\u00f3n aunando esfuerzos y concentrando al sector productor.<\/p>\n<p>Y es que en este corto periodo de tiempo, Inter\u00f3leo Picual Ja\u00e9n se ha convertido en todo un referente de la comercializaci\u00f3n de aceite no solo en Espa\u00f1a, sino tambi\u00e9n a nivel internacional, duplicando el n\u00famero de socios que comenzaron esta andadura hasta llegar a las 21 almazaras, con 11.000 agricultores, una producci\u00f3n comercializada de 55 millones de kilos de aceite a granel y una facturaci\u00f3n de 130 millones de euros.<\/p>\n<p><img fetchpriority=\"high\" decoding=\"async\" src=\"http:\/\/88.12.48.28\/webs\/interoleo\/web\/wp-content\/uploads\/2016\/08\/Premio_2-300x240.jpg\" alt=\"Premio_2\" width=\"300\" height=\"240\" class=\"alignnone size-medium wp-image-109\" srcset=\"https:\/\/www.interoleo.com\/wp-content\/uploads\/2016\/08\/Premio_2-300x240.jpg 300w, https:\/\/www.interoleo.com\/wp-content\/uploads\/2016\/08\/Premio_2-600x480.jpg 600w, https:\/\/www.interoleo.com\/wp-content\/uploads\/2016\/08\/Premio_2-768x615.jpg 768w, https:\/\/www.interoleo.com\/wp-content\/uploads\/2016\/08\/Premio_2-1024x820.jpg 1024w, https:\/\/www.interoleo.com\/wp-content\/uploads\/2016\/08\/Premio_2-1200x961.jpg 1200w\" sizes=\"(max-width: 300px) 100vw, 300px\" \/><\/p>\n<p>Ahora, el premio de la Diputaci\u00f3n Provincial de Ja\u00e9n reconoce el camino emprendido por la empresa para aprovechar el poder que supone la concentraci\u00f3n de la oferta, la optimizaci\u00f3n de los recursos y la profesionalizaci\u00f3n del trabajo. Todo ello da como resultado una empresa que defiende los intereses de los olivareros desde una posici\u00f3n relevante a nivel mundial y que valoriza un producto de gran calidad como es el aceite de oliva de Ja\u00e9n.<\/p>\n<p>La profesionalizaci\u00f3n y la apuesta por la calidad son las dos bases sobre las que se sustenta el proyecto de Inter\u00f3leo Picual, cuyo objetivo de mejorar la renta neta que reciben los socios que est\u00e1n bajo su paraguas le ha llevado a consolidar una l\u00ednea de trabajo que ha conseguido revertir la mentalidad del sector, que ahora s\u00ed tiene cada vez m\u00e1s una mayor conciencia de la necesidad de concentrarse para vender.<\/p>\n","protected":false},"excerpt":{"rendered":"<p>Inter\u00f3leo Picual Ja\u00e9n, S.A. contin\u00faa con su constante progresi\u00f3n, lo que ha llevado a la empresa jiennense a situarse entre los tres primeros operadores mundiales de comercializaci\u00f3n de aceite de oliva desde la producci\u00f3n en tan solo cinco a\u00f1os de existencia. En este corto periodo de tiempo, el grupo que preside Juan Gadeo no solo &hellip; <\/p>\n<p class=\"link-more\"><a href=\"https:\/\/www.interoleo.com\/en\/xv-edicion-los-premios-emprende-e-innova-desarrollo-sostenible\/\" class=\"more-link\">Read more<span class=\"screen-reader-text\"> &#8220;XV Edici\u00f3n de los Premios Emprende e Innova en desarrollo sostenible&#8221;<\/span><\/a><\/p>\n","protected":false},"author":1,"featured_media":0,"comment_status":"closed","ping_status":"closed","sticky":false,"template":"","format":"standard","meta":{"jetpack_post_was_ever_published":false,"_jetpack_newsletter_access":"","_jetpack_dont_email_post_to_subs":false,"_jetpack_newsletter_tier_id":0,"_jetpack_memberships_contains_paywalled_content":false,"_jetpack_memberships_contains_paid_content":false,"footnotes":"","jetpack_publicize_message":"","jetpack_publicize_feature_enabled":true,"jetpack_social_post_already_shared":false,"jetpack_social_options":{"image_generator_settings":{"template":"highway","default_image_id":0,"font":"","enabled":false},"version":2}},"categories":[4],"tags":[],"class_list":["post-107","post","type-post","status-publish","format-standard","hentry","category-actualidad"],"yoast_head":"<!-- This site is optimized with the Yoast SEO plugin v26.0 - https:\/\/yoast.com\/wordpress\/plugins\/seo\/ -->\n<title>XV Edici\u00f3n de los Premios Emprende e Innova Inter\u00f3leo<\/title>\n<meta name=\"description\" content=\"XV Edici\u00f3n de los Premios Emprende e Innova, la Diputaci\u00f3n Provincial de Ja\u00e9n haya reconocido a Inter\u00f3leo Picual Ja\u00e9n el premio a la Trayectoria Empresarial\" \/>\n<meta name=\"robots\" content=\"index, follow, max-snippet:-1, max-image-preview:large, max-video-preview:-1\" \/>\n<link rel=\"canonical\" href=\"https:\/\/www.interoleo.com\/en\/xv-edicion-los-premios-emprende-e-innova-desarrollo-sostenible\/\" \/>\n<meta property=\"og:locale\" content=\"en_US\" \/>\n<meta property=\"og:type\" content=\"article\" \/>\n<meta property=\"og:title\" content=\"XV Edici\u00f3n de los Premios Emprende e Innova Inter\u00f3leo\" \/>\n<meta property=\"og:description\" content=\"XV Edici\u00f3n de los Premios Emprende e Innova, la Diputaci\u00f3n Provincial de Ja\u00e9n haya reconocido a Inter\u00f3leo Picual Ja\u00e9n el premio a la Trayectoria Empresarial\" \/>\n<meta property=\"og:url\" content=\"https:\/\/www.interoleo.com\/en\/xv-edicion-los-premios-emprende-e-innova-desarrollo-sostenible\/\" \/>\n<meta property=\"og:site_name\" content=\"Grupo Inter\u00f3leo\" \/>\n<meta property=\"article:published_time\" content=\"2016-08-01T11:46:07+00:00\" \/>\n<meta property=\"og:image\" content=\"http:\/\/88.12.48.28\/webs\/interoleo\/web\/wp-content\/uploads\/2016\/08\/Premio_1-300x154.jpg\" \/>\n<meta name=\"author\" content=\"admin\" \/>\n<meta name=\"twitter:card\" content=\"summary_large_image\" \/>\n<meta name=\"twitter:label1\" content=\"Written by\" \/>\n\t<meta name=\"twitter:data1\" content=\"admin\" \/>\n\t<meta name=\"twitter:label2\" content=\"Est. reading time\" \/>\n\t<meta name=\"twitter:data2\" content=\"3 minutes\" \/>\n<script type=\"application\/ld+json\" class=\"yoast-schema-graph\">{\"@context\":\"https:\/\/schema.org\",\"@graph\":[{\"@type\":\"WebPage\",\"@id\":\"https:\/\/www.interoleo.com\/en\/xv-edicion-los-premios-emprende-e-innova-desarrollo-sostenible\/\",\"url\":\"https:\/\/www.interoleo.com\/en\/xv-edicion-los-premios-emprende-e-innova-desarrollo-sostenible\/\",\"name\":\"XV Edici\u00f3n de los Premios Emprende e Innova Inter\u00f3leo\",\"isPartOf\":{\"@id\":\"https:\/\/www.interoleo.com\/en\/#website\"},\"primaryImageOfPage\":{\"@id\":\"https:\/\/www.interoleo.com\/en\/xv-edicion-los-premios-emprende-e-innova-desarrollo-sostenible\/#primaryimage\"},\"image\":{\"@id\":\"https:\/\/www.interoleo.com\/en\/xv-edicion-los-premios-emprende-e-innova-desarrollo-sostenible\/#primaryimage\"},\"thumbnailUrl\":\"http:\/\/88.12.48.28\/webs\/interoleo\/web\/wp-content\/uploads\/2016\/08\/Premio_1-300x154.jpg\",\"datePublished\":\"2016-08-01T11:46:07+00:00\",\"author\":{\"@id\":\"https:\/\/www.interoleo.com\/en\/#\/schema\/person\/f99693fc38ce605f463dc5d58909df2a\"},\"description\":\"XV Edici\u00f3n de los Premios Emprende e Innova, la Diputaci\u00f3n Provincial de Ja\u00e9n haya reconocido a Inter\u00f3leo Picual Ja\u00e9n el premio a la Trayectoria Empresarial\",\"breadcrumb\":{\"@id\":\"https:\/\/www.interoleo.com\/en\/xv-edicion-los-premios-emprende-e-innova-desarrollo-sostenible\/#breadcrumb\"},\"inLanguage\":\"en-US\",\"potentialAction\":[{\"@type\":\"ReadAction\",\"target\":[\"https:\/\/www.interoleo.com\/en\/xv-edicion-los-premios-emprende-e-innova-desarrollo-sostenible\/\"]}]},{\"@type\":\"ImageObject\",\"inLanguage\":\"en-US\",\"@id\":\"https:\/\/www.interoleo.com\/en\/xv-edicion-los-premios-emprende-e-innova-desarrollo-sostenible\/#primaryimage\",\"url\":\"http:\/\/88.12.48.28\/webs\/interoleo\/web\/wp-content\/uploads\/2016\/08\/Premio_1-300x154.jpg\",\"contentUrl\":\"http:\/\/88.12.48.28\/webs\/interoleo\/web\/wp-content\/uploads\/2016\/08\/Premio_1-300x154.jpg\"},{\"@type\":\"BreadcrumbList\",\"@id\":\"https:\/\/www.interoleo.com\/en\/xv-edicion-los-premios-emprende-e-innova-desarrollo-sostenible\/#breadcrumb\",\"itemListElement\":[{\"@type\":\"ListItem\",\"position\":1,\"name\":\"Portada\",\"item\":\"https:\/\/www.interoleo.com\/en\/\"},{\"@type\":\"ListItem\",\"position\":2,\"name\":\"XV Edici\u00f3n de los Premios Emprende e Innova en desarrollo sostenible\"}]},{\"@type\":\"WebSite\",\"@id\":\"https:\/\/www.interoleo.com\/en\/#website\",\"url\":\"https:\/\/www.interoleo.com\/en\/\",\"name\":\"Grupo Inter\u00f3leo\",\"description\":\"Grupo Inter\u00f3leo comercializador de aceite de oliva a granel\",\"potentialAction\":[{\"@type\":\"SearchAction\",\"target\":{\"@type\":\"EntryPoint\",\"urlTemplate\":\"https:\/\/www.interoleo.com\/en\/?s={search_term_string}\"},\"query-input\":{\"@type\":\"PropertyValueSpecification\",\"valueRequired\":true,\"valueName\":\"search_term_string\"}}],\"inLanguage\":\"en-US\"},{\"@type\":\"Person\",\"@id\":\"https:\/\/www.interoleo.com\/en\/#\/schema\/person\/f99693fc38ce605f463dc5d58909df2a\",\"name\":\"admin\",\"image\":{\"@type\":\"ImageObject\",\"inLanguage\":\"en-US\",\"@id\":\"https:\/\/www.interoleo.com\/en\/#\/schema\/person\/image\/\",\"url\":\"https:\/\/secure.gravatar.com\/avatar\/7e985868c8f2fc8c9b5e292d3d038423?s=96&d=mm&r=g\",\"contentUrl\":\"https:\/\/secure.gravatar.com\/avatar\/7e985868c8f2fc8c9b5e292d3d038423?s=96&d=mm&r=g\",\"caption\":\"admin\"},\"url\":\"https:\/\/www.interoleo.com\/en\/author\/admin\/\"}]}<\/script>\n<!-- \/ Yoast SEO plugin. -->","yoast_head_json":{"title":"XV Edici\u00f3n de los Premios Emprende e Innova Inter\u00f3leo","description":"XV Edici\u00f3n de los Premios Emprende e Innova, la Diputaci\u00f3n Provincial de Ja\u00e9n haya reconocido a Inter\u00f3leo Picual Ja\u00e9n el premio a la Trayectoria Empresarial","robots":{"index":"index","follow":"follow","max-snippet":"max-snippet:-1","max-image-preview":"max-image-preview:large","max-video-preview":"max-video-preview:-1"},"canonical":"https:\/\/www.interoleo.com\/en\/xv-edicion-los-premios-emprende-e-innova-desarrollo-sostenible\/","og_locale":"en_US","og_type":"article","og_title":"XV Edici\u00f3n de los Premios Emprende e Innova Inter\u00f3leo","og_description":"XV Edici\u00f3n de los Premios Emprende e Innova, la Diputaci\u00f3n Provincial de Ja\u00e9n haya reconocido a Inter\u00f3leo Picual Ja\u00e9n el premio a la Trayectoria Empresarial","og_url":"https:\/\/www.interoleo.com\/en\/xv-edicion-los-premios-emprende-e-innova-desarrollo-sostenible\/","og_site_name":"Grupo Inter\u00f3leo","article_published_time":"2016-08-01T11:46:07+00:00","og_image":[{"url":"http:\/\/88.12.48.28\/webs\/interoleo\/web\/wp-content\/uploads\/2016\/08\/Premio_1-300x154.jpg","type":"","width":"","height":""}],"author":"admin","twitter_card":"summary_large_image","twitter_misc":{"Written by":"admin","Est. reading time":"3 minutes"},"schema":{"@context":"https:\/\/schema.org","@graph":[{"@type":"WebPage","@id":"https:\/\/www.interoleo.com\/en\/xv-edicion-los-premios-emprende-e-innova-desarrollo-sostenible\/","url":"https:\/\/www.interoleo.com\/en\/xv-edicion-los-premios-emprende-e-innova-desarrollo-sostenible\/","name":"XV Edici\u00f3n de los Premios Emprende e Innova Inter\u00f3leo","isPartOf":{"@id":"https:\/\/www.interoleo.com\/en\/#website"},"primaryImageOfPage":{"@id":"https:\/\/www.interoleo.com\/en\/xv-edicion-los-premios-emprende-e-innova-desarrollo-sostenible\/#primaryimage"},"image":{"@id":"https:\/\/www.interoleo.com\/en\/xv-edicion-los-premios-emprende-e-innova-desarrollo-sostenible\/#primaryimage"},"thumbnailUrl":"http:\/\/88.12.48.28\/webs\/interoleo\/web\/wp-content\/uploads\/2016\/08\/Premio_1-300x154.jpg","datePublished":"2016-08-01T11:46:07+00:00","author":{"@id":"https:\/\/www.interoleo.com\/en\/#\/schema\/person\/f99693fc38ce605f463dc5d58909df2a"},"description":"XV Edici\u00f3n de los Premios Emprende e Innova, la Diputaci\u00f3n Provincial de Ja\u00e9n haya reconocido a Inter\u00f3leo Picual Ja\u00e9n el premio a la Trayectoria Empresarial","breadcrumb":{"@id":"https:\/\/www.interoleo.com\/en\/xv-edicion-los-premios-emprende-e-innova-desarrollo-sostenible\/#breadcrumb"},"inLanguage":"en-US","potentialAction":[{"@type":"ReadAction","target":["https:\/\/www.interoleo.com\/en\/xv-edicion-los-premios-emprende-e-innova-desarrollo-sostenible\/"]}]},{"@type":"ImageObject","inLanguage":"en-US","@id":"https:\/\/www.interoleo.com\/en\/xv-edicion-los-premios-emprende-e-innova-desarrollo-sostenible\/#primaryimage","url":"http:\/\/88.12.48.28\/webs\/interoleo\/web\/wp-content\/uploads\/2016\/08\/Premio_1-300x154.jpg","contentUrl":"http:\/\/88.12.48.28\/webs\/interoleo\/web\/wp-content\/uploads\/2016\/08\/Premio_1-300x154.jpg"},{"@type":"BreadcrumbList","@id":"https:\/\/www.interoleo.com\/en\/xv-edicion-los-premios-emprende-e-innova-desarrollo-sostenible\/#breadcrumb","itemListElement":[{"@type":"ListItem","position":1,"name":"Portada","item":"https:\/\/www.interoleo.com\/en\/"},{"@type":"ListItem","position":2,"name":"XV Edici\u00f3n de los Premios Emprende e Innova en desarrollo sostenible"}]},{"@type":"WebSite","@id":"https:\/\/www.interoleo.com\/en\/#website","url":"https:\/\/www.interoleo.com\/en\/","name":"Grupo Inter\u00f3leo","description":"Grupo Inter\u00f3leo comercializador de aceite de oliva a granel","potentialAction":[{"@type":"SearchAction","target":{"@type":"EntryPoint","urlTemplate":"https:\/\/www.interoleo.com\/en\/?s={search_term_string}"},"query-input":{"@type":"PropertyValueSpecification","valueRequired":true,"valueName":"search_term_string"}}],"inLanguage":"en-US"},{"@type":"Person","@id":"https:\/\/www.interoleo.com\/en\/#\/schema\/person\/f99693fc38ce605f463dc5d58909df2a","name":"admin","image":{"@type":"ImageObject","inLanguage":"en-US","@id":"https:\/\/www.interoleo.com\/en\/#\/schema\/person\/image\/","url":"https:\/\/secure.gravatar.com\/avatar\/7e985868c8f2fc8c9b5e292d3d038423?s=96&d=mm&r=g","contentUrl":"https:\/\/secure.gravatar.com\/avatar\/7e985868c8f2fc8c9b5e292d3d038423?s=96&d=mm&r=g","caption":"admin"},"url":"https:\/\/www.interoleo.com\/en\/author\/admin\/"}]}},"jetpack_publicize_connections":[],"jetpack_featured_media_url":"","jetpack_shortlink":"https:\/\/wp.me\/p7R8ws-1J","jetpack_sharing_enabled":true,"_links":{"self":[{"href":"https:\/\/www.interoleo.com\/en\/wp-json\/wp\/v2\/posts\/107","targetHints":{"allow":["GET"]}}],"collection":[{"href":"https:\/\/www.interoleo.com\/en\/wp-json\/wp\/v2\/posts"}],"about":[{"href":"https:\/\/www.interoleo.com\/en\/wp-json\/wp\/v2\/types\/post"}],"author":[{"embeddable":true,"href":"https:\/\/www.interoleo.com\/en\/wp-json\/wp\/v2\/users\/1"}],"replies":[{"embeddable":true,"href":"https:\/\/www.interoleo.com\/en\/wp-json\/wp\/v2\/comments?post=107"}],"version-history":[{"count":1,"href":"https:\/\/www.interoleo.com\/en\/wp-json\/wp\/v2\/posts\/107\/revisions"}],"predecessor-version":[{"id":110,"href":"https:\/\/www.interoleo.com\/en\/wp-json\/wp\/v2\/posts\/107\/revisions\/110"}],"wp:attachment":[{"href":"https:\/\/www.interoleo.com\/en\/wp-json\/wp\/v2\/media?parent=107"}],"wp:term":[{"taxonomy":"category","embeddable":true,"href":"https:\/\/www.interoleo.com\/en\/wp-json\/wp\/v2\/categories?post=107"},{"taxonomy":"post_tag","embeddable":true,"href":"https:\/\/www.interoleo.com\/en\/wp-json\/wp\/v2\/tags?post=107"}],"curies":[{"name":"wp","href":"https:\/\/api.w.org\/{rel}","templated":true}]}}