{"id":1157,"date":"2017-01-19T11:27:40","date_gmt":"2017-01-19T11:27:40","guid":{"rendered":"http:\/\/www.interoleo.com\/?p=1157"},"modified":"2017-01-19T11:27:40","modified_gmt":"2017-01-19T11:27:40","slug":"abogamos-la-investigacion-la-exportacion-la-comercializacion-envasado-traves-la-calidad","status":"publish","type":"post","link":"https:\/\/www.interoleo.com\/en\/abogamos-la-investigacion-la-exportacion-la-comercializacion-envasado-traves-la-calidad\/","title":{"rendered":"Abogamos por la investigaci\u00f3n,  la exportaci\u00f3n y la comercializaci\u00f3n de  envasado a trav\u00e9s de la calidad"},"content":{"rendered":"<p>&nbsp;<\/p>\n<p>Hemos comenzado el a\u00f1o con fuerza, manteniendo una reuni\u00f3n de trabajo con una representaci\u00f3n de parlamentarios andaluces, diputados y senadores que han querido conocer de primera mano nuestra empresa y se han llevado un profundo conocimiento de la situaci\u00f3n actual del sector y de los retos de futuro, que pasan, irremediablemente, por una clara apuesta por la concentraci\u00f3n de la oferta en estructuras fuertes y profesionales. De la mano de nuestro presidente, Juan Gadeo, y de nuestro gerente, Esteban Mombl\u00e1n, los representantes pol\u00edticos, entre los que tambi\u00e9n se encontraban el delegado de Agricultura, Juan Balb\u00edn, y el diputado de Agricultura, Pedro Bruno, han conocido nuestra estructura y gesti\u00f3n, y han conocido algunas cifras: suponemos el 10% de la producci\u00f3n de aceite de Ja\u00e9n; el 3% nacional y el 1,5% mundial, y aglutinamos\u00a0al 10% de los agricultores jiennenses como mayor activo. Adem\u00e1s, se han llevado una idea muy clara de nuestros retos, entre los que abogamos por la investigaci\u00f3n, por la exportaci\u00f3n y por la comercializaci\u00f3n de envasado a trav\u00e9s de la calidad.<\/p>\n<p>En su explicaci\u00f3n a los representantes pol\u00edticos del Parlamento de Andaluc\u00eda, el Congreso y el Senado, Juan Gadeo ha hecho hincapi\u00e9 en los objetivos fundamentales que nos mueven desde nuestra fundaci\u00f3n, en el a\u00f1o 2009: Mejorar la gesti\u00f3n y aumentar la rentabilidad de los socios, dentro de una estrategia profesionalizada que tiene en la transparencia su principal valuarte. Nuestro presidente ha destacado que somos la primera sociedad mercantil que concentra la oferta del sector productor, conformada por tres unidades de negocio diferenciadas: ventas, compras y servicios y envasado; a trav\u00e9s de un modelo de negocio donde conviven cooperativas y almazaras privadas. Adem\u00e1s, ha incidido en nuestras principales motivaciones: orientar las cooperativas la mercado de una manera m\u00e1s profesionalizada; influir en el mercado de graneles; coordinar la oferta; aprovechar las econom\u00edas de escala; reducir los costes; y, en definitiva, mejorar la renta de nuestros socios.<\/p>\n<p>Este trabajo hace que nuestras cifras no paren de crecer, alcanzando ya los 25 socios productores (cooperativas y almazaras privadas), cuando en 2009 comenzamos con 11, y superando nuestras fronteras, ya que entre nuestros socios se encuentra una almazara de Ciudad Real. Adem\u00e1s, hemos llegado a 105 millones de euros de media en facturaci\u00f3n; y 23,5 millones de euros de media en exportaciones. Los parlamentarios andaluces, diputados y senadores tambi\u00e9n se llevaron deberes de una reuni\u00f3n que se desarroll\u00f3 de manera cordial y que fue muy productiva, puesto que reclamamos m\u00e1s apoyo de las administraciones a la concentraci\u00f3n de la oferta, as\u00ed como a la comercializaci\u00f3n del envasado a trav\u00e9s de la calidad.<\/p>\n\n","protected":false},"excerpt":{"rendered":"<p>&nbsp; Hemos comenzado el a\u00f1o con fuerza, manteniendo una reuni\u00f3n de trabajo con una representaci\u00f3n de parlamentarios andaluces, diputados y senadores que han querido conocer de primera mano nuestra empresa y se han llevado un profundo conocimiento de la situaci\u00f3n actual del sector y de los retos de futuro, que pasan, irremediablemente, por una clara &hellip; <\/p>\n<p class=\"link-more\"><a href=\"https:\/\/www.interoleo.com\/en\/abogamos-la-investigacion-la-exportacion-la-comercializacion-envasado-traves-la-calidad\/\" class=\"more-link\">Read more<span class=\"screen-reader-text\"> &#8220;Abogamos por la investigaci\u00f3n,  la exportaci\u00f3n y la comercializaci\u00f3n de  envasado a trav\u00e9s de la calidad&#8221;<\/span><\/a><\/p>\n","protected":false},"author":2,"featured_media":1171,"comment_status":"closed","ping_status":"closed","sticky":false,"template":"","format":"standard","meta":{"jetpack_post_was_ever_published":false,"_jetpack_newsletter_access":"","_jetpack_dont_email_post_to_subs":false,"_jetpack_newsletter_tier_id":0,"_jetpack_memberships_contains_paywalled_content":false,"_jetpack_memberships_contains_paid_content":false,"footnotes":"","jetpack_publicize_message":"","jetpack_publicize_feature_enabled":true,"jetpack_social_post_already_shared":true,"jetpack_social_options":{"image_generator_settings":{"template":"highway","default_image_id":0,"font":"","enabled":false},"version":2}},"categories":[3,4,7],"tags":[17,22,23,9,12,18,20,19,14,24,21],"class_list":["post-1157","post","type-post","status-publish","format-standard","has-post-thumbnail","hentry","category-aceite-de-oliva","category-actualidad","category-noticias-interoleo","tag-aceite","tag-esteban-momblan","tag-gerente-de-interoleo","tag-grupo","tag-interoleo","tag-juan-gadeo","tag-politicos","tag-presidente-de-interoleo","tag-produccion","tag-retos-de-futuro","tag-reunion-de-trabajo"],"yoast_head":"<!-- This site is optimized with the Yoast SEO plugin v26.0 - https:\/\/yoast.com\/wordpress\/plugins\/seo\/ -->\n<title>Abogamos por la investigaci\u00f3n, la exportaci\u00f3n y la comercializaci\u00f3n de envasado a trav\u00e9s de la calidad - Grupo Inter\u00f3leo<\/title>\n<meta name=\"robots\" content=\"index, follow, max-snippet:-1, max-image-preview:large, max-video-preview:-1\" \/>\n<link rel=\"canonical\" href=\"https:\/\/www.interoleo.com\/en\/abogamos-la-investigacion-la-exportacion-la-comercializacion-envasado-traves-la-calidad\/\" \/>\n<meta property=\"og:locale\" content=\"en_US\" \/>\n<meta property=\"og:type\" content=\"article\" \/>\n<meta property=\"og:title\" content=\"Abogamos por la investigaci\u00f3n, la exportaci\u00f3n y la comercializaci\u00f3n de envasado a trav\u00e9s de la calidad - Grupo Inter\u00f3leo\" \/>\n<meta property=\"og:description\" content=\"&nbsp; Hemos comenzado el a\u00f1o con fuerza, manteniendo una reuni\u00f3n de trabajo con una representaci\u00f3n de parlamentarios andaluces, diputados y senadores que han querido conocer de primera mano nuestra empresa y se han llevado un profundo conocimiento de la situaci\u00f3n actual del sector y de los retos de futuro, que pasan, irremediablemente, por una clara &hellip; Read more &quot;Abogamos por la investigaci\u00f3n, la exportaci\u00f3n y la comercializaci\u00f3n de envasado a trav\u00e9s de la calidad&quot;\" \/>\n<meta property=\"og:url\" content=\"https:\/\/www.interoleo.com\/en\/abogamos-la-investigacion-la-exportacion-la-comercializacion-envasado-traves-la-calidad\/\" \/>\n<meta property=\"og:site_name\" content=\"Grupo Inter\u00f3leo\" \/>\n<meta property=\"article:published_time\" content=\"2017-01-19T11:27:40+00:00\" \/>\n<meta property=\"og:image\" content=\"https:\/\/www.interoleo.com\/wp-content\/uploads\/2017\/01\/Reuni\u00f3n.jpg\" \/>\n\t<meta property=\"og:image:width\" content=\"1181\" \/>\n\t<meta property=\"og:image:height\" content=\"787\" \/>\n\t<meta property=\"og:image:type\" content=\"image\/jpeg\" \/>\n<meta name=\"author\" content=\"Interoleo Picual\" \/>\n<meta name=\"twitter:card\" content=\"summary_large_image\" \/>\n<meta name=\"twitter:label1\" content=\"Written by\" \/>\n\t<meta name=\"twitter:data1\" content=\"Interoleo Picual\" \/>\n\t<meta name=\"twitter:label2\" content=\"Est. reading time\" \/>\n\t<meta name=\"twitter:data2\" content=\"2 minutes\" \/>\n<script type=\"application\/ld+json\" class=\"yoast-schema-graph\">{\"@context\":\"https:\/\/schema.org\",\"@graph\":[{\"@type\":\"WebPage\",\"@id\":\"https:\/\/www.interoleo.com\/en\/abogamos-la-investigacion-la-exportacion-la-comercializacion-envasado-traves-la-calidad\/\",\"url\":\"https:\/\/www.interoleo.com\/en\/abogamos-la-investigacion-la-exportacion-la-comercializacion-envasado-traves-la-calidad\/\",\"name\":\"Abogamos por la investigaci\u00f3n, la exportaci\u00f3n y la comercializaci\u00f3n de envasado a trav\u00e9s de la calidad - Grupo Inter\u00f3leo\",\"isPartOf\":{\"@id\":\"https:\/\/www.interoleo.com\/en\/#website\"},\"primaryImageOfPage\":{\"@id\":\"https:\/\/www.interoleo.com\/en\/abogamos-la-investigacion-la-exportacion-la-comercializacion-envasado-traves-la-calidad\/#primaryimage\"},\"image\":{\"@id\":\"https:\/\/www.interoleo.com\/en\/abogamos-la-investigacion-la-exportacion-la-comercializacion-envasado-traves-la-calidad\/#primaryimage\"},\"thumbnailUrl\":\"https:\/\/www.interoleo.com\/wp-content\/uploads\/2017\/01\/Reuni\u00f3n.jpg\",\"datePublished\":\"2017-01-19T11:27:40+00:00\",\"author\":{\"@id\":\"https:\/\/www.interoleo.com\/en\/#\/schema\/person\/b38839767920504f85d0555e5244a76d\"},\"breadcrumb\":{\"@id\":\"https:\/\/www.interoleo.com\/en\/abogamos-la-investigacion-la-exportacion-la-comercializacion-envasado-traves-la-calidad\/#breadcrumb\"},\"inLanguage\":\"en-US\",\"potentialAction\":[{\"@type\":\"ReadAction\",\"target\":[\"https:\/\/www.interoleo.com\/en\/abogamos-la-investigacion-la-exportacion-la-comercializacion-envasado-traves-la-calidad\/\"]}]},{\"@type\":\"ImageObject\",\"inLanguage\":\"en-US\",\"@id\":\"https:\/\/www.interoleo.com\/en\/abogamos-la-investigacion-la-exportacion-la-comercializacion-envasado-traves-la-calidad\/#primaryimage\",\"url\":\"https:\/\/www.interoleo.com\/wp-content\/uploads\/2017\/01\/Reuni\u00f3n.jpg\",\"contentUrl\":\"https:\/\/www.interoleo.com\/wp-content\/uploads\/2017\/01\/Reuni\u00f3n.jpg\",\"width\":1181,\"height\":787},{\"@type\":\"BreadcrumbList\",\"@id\":\"https:\/\/www.interoleo.com\/en\/abogamos-la-investigacion-la-exportacion-la-comercializacion-envasado-traves-la-calidad\/#breadcrumb\",\"itemListElement\":[{\"@type\":\"ListItem\",\"position\":1,\"name\":\"Portada\",\"item\":\"https:\/\/www.interoleo.com\/en\/\"},{\"@type\":\"ListItem\",\"position\":2,\"name\":\"Abogamos por la investigaci\u00f3n, la exportaci\u00f3n y la comercializaci\u00f3n de envasado a trav\u00e9s de la calidad\"}]},{\"@type\":\"WebSite\",\"@id\":\"https:\/\/www.interoleo.com\/en\/#website\",\"url\":\"https:\/\/www.interoleo.com\/en\/\",\"name\":\"Grupo Inter\u00f3leo\",\"description\":\"Grupo Inter\u00f3leo comercializador de aceite de oliva a granel\",\"potentialAction\":[{\"@type\":\"SearchAction\",\"target\":{\"@type\":\"EntryPoint\",\"urlTemplate\":\"https:\/\/www.interoleo.com\/en\/?s={search_term_string}\"},\"query-input\":{\"@type\":\"PropertyValueSpecification\",\"valueRequired\":true,\"valueName\":\"search_term_string\"}}],\"inLanguage\":\"en-US\"},{\"@type\":\"Person\",\"@id\":\"https:\/\/www.interoleo.com\/en\/#\/schema\/person\/b38839767920504f85d0555e5244a76d\",\"name\":\"Interoleo Picual\",\"image\":{\"@type\":\"ImageObject\",\"inLanguage\":\"en-US\",\"@id\":\"https:\/\/www.interoleo.com\/en\/#\/schema\/person\/image\/\",\"url\":\"https:\/\/secure.gravatar.com\/avatar\/9d9b88888a963e3b9235bbd165d9c050?s=96&d=mm&r=g\",\"contentUrl\":\"https:\/\/secure.gravatar.com\/avatar\/9d9b88888a963e3b9235bbd165d9c050?s=96&d=mm&r=g\",\"caption\":\"Interoleo Picual\"},\"url\":\"https:\/\/www.interoleo.com\/en\/author\/interoleo\/\"}]}<\/script>\n<!-- \/ Yoast SEO plugin. -->","yoast_head_json":{"title":"Abogamos por la investigaci\u00f3n, la exportaci\u00f3n y la comercializaci\u00f3n de envasado a trav\u00e9s de la calidad - Grupo Inter\u00f3leo","robots":{"index":"index","follow":"follow","max-snippet":"max-snippet:-1","max-image-preview":"max-image-preview:large","max-video-preview":"max-video-preview:-1"},"canonical":"https:\/\/www.interoleo.com\/en\/abogamos-la-investigacion-la-exportacion-la-comercializacion-envasado-traves-la-calidad\/","og_locale":"en_US","og_type":"article","og_title":"Abogamos por la investigaci\u00f3n, la exportaci\u00f3n y la comercializaci\u00f3n de envasado a trav\u00e9s de la calidad - Grupo Inter\u00f3leo","og_description":"&nbsp; Hemos comenzado el a\u00f1o con fuerza, manteniendo una reuni\u00f3n de trabajo con una representaci\u00f3n de parlamentarios andaluces, diputados y senadores que han querido conocer de primera mano nuestra empresa y se han llevado un profundo conocimiento de la situaci\u00f3n actual del sector y de los retos de futuro, que pasan, irremediablemente, por una clara &hellip; Read more \"Abogamos por la investigaci\u00f3n, la exportaci\u00f3n y la comercializaci\u00f3n de envasado a trav\u00e9s de la calidad\"","og_url":"https:\/\/www.interoleo.com\/en\/abogamos-la-investigacion-la-exportacion-la-comercializacion-envasado-traves-la-calidad\/","og_site_name":"Grupo Inter\u00f3leo","article_published_time":"2017-01-19T11:27:40+00:00","og_image":[{"width":1181,"height":787,"url":"https:\/\/www.interoleo.com\/wp-content\/uploads\/2017\/01\/Reuni\u00f3n.jpg","type":"image\/jpeg"}],"author":"Interoleo Picual","twitter_card":"summary_large_image","twitter_misc":{"Written by":"Interoleo Picual","Est. reading time":"2 minutes"},"schema":{"@context":"https:\/\/schema.org","@graph":[{"@type":"WebPage","@id":"https:\/\/www.interoleo.com\/en\/abogamos-la-investigacion-la-exportacion-la-comercializacion-envasado-traves-la-calidad\/","url":"https:\/\/www.interoleo.com\/en\/abogamos-la-investigacion-la-exportacion-la-comercializacion-envasado-traves-la-calidad\/","name":"Abogamos por la investigaci\u00f3n, la exportaci\u00f3n y la comercializaci\u00f3n de envasado a trav\u00e9s de la calidad - Grupo Inter\u00f3leo","isPartOf":{"@id":"https:\/\/www.interoleo.com\/en\/#website"},"primaryImageOfPage":{"@id":"https:\/\/www.interoleo.com\/en\/abogamos-la-investigacion-la-exportacion-la-comercializacion-envasado-traves-la-calidad\/#primaryimage"},"image":{"@id":"https:\/\/www.interoleo.com\/en\/abogamos-la-investigacion-la-exportacion-la-comercializacion-envasado-traves-la-calidad\/#primaryimage"},"thumbnailUrl":"https:\/\/www.interoleo.com\/wp-content\/uploads\/2017\/01\/Reuni\u00f3n.jpg","datePublished":"2017-01-19T11:27:40+00:00","author":{"@id":"https:\/\/www.interoleo.com\/en\/#\/schema\/person\/b38839767920504f85d0555e5244a76d"},"breadcrumb":{"@id":"https:\/\/www.interoleo.com\/en\/abogamos-la-investigacion-la-exportacion-la-comercializacion-envasado-traves-la-calidad\/#breadcrumb"},"inLanguage":"en-US","potentialAction":[{"@type":"ReadAction","target":["https:\/\/www.interoleo.com\/en\/abogamos-la-investigacion-la-exportacion-la-comercializacion-envasado-traves-la-calidad\/"]}]},{"@type":"ImageObject","inLanguage":"en-US","@id":"https:\/\/www.interoleo.com\/en\/abogamos-la-investigacion-la-exportacion-la-comercializacion-envasado-traves-la-calidad\/#primaryimage","url":"https:\/\/www.interoleo.com\/wp-content\/uploads\/2017\/01\/Reuni\u00f3n.jpg","contentUrl":"https:\/\/www.interoleo.com\/wp-content\/uploads\/2017\/01\/Reuni\u00f3n.jpg","width":1181,"height":787},{"@type":"BreadcrumbList","@id":"https:\/\/www.interoleo.com\/en\/abogamos-la-investigacion-la-exportacion-la-comercializacion-envasado-traves-la-calidad\/#breadcrumb","itemListElement":[{"@type":"ListItem","position":1,"name":"Portada","item":"https:\/\/www.interoleo.com\/en\/"},{"@type":"ListItem","position":2,"name":"Abogamos por la investigaci\u00f3n, la exportaci\u00f3n y la comercializaci\u00f3n de envasado a trav\u00e9s de la calidad"}]},{"@type":"WebSite","@id":"https:\/\/www.interoleo.com\/en\/#website","url":"https:\/\/www.interoleo.com\/en\/","name":"Grupo Inter\u00f3leo","description":"Grupo Inter\u00f3leo comercializador de aceite de oliva a granel","potentialAction":[{"@type":"SearchAction","target":{"@type":"EntryPoint","urlTemplate":"https:\/\/www.interoleo.com\/en\/?s={search_term_string}"},"query-input":{"@type":"PropertyValueSpecification","valueRequired":true,"valueName":"search_term_string"}}],"inLanguage":"en-US"},{"@type":"Person","@id":"https:\/\/www.interoleo.com\/en\/#\/schema\/person\/b38839767920504f85d0555e5244a76d","name":"Interoleo Picual","image":{"@type":"ImageObject","inLanguage":"en-US","@id":"https:\/\/www.interoleo.com\/en\/#\/schema\/person\/image\/","url":"https:\/\/secure.gravatar.com\/avatar\/9d9b88888a963e3b9235bbd165d9c050?s=96&d=mm&r=g","contentUrl":"https:\/\/secure.gravatar.com\/avatar\/9d9b88888a963e3b9235bbd165d9c050?s=96&d=mm&r=g","caption":"Interoleo Picual"},"url":"https:\/\/www.interoleo.com\/en\/author\/interoleo\/"}]}},"jetpack_publicize_connections":[],"jetpack_featured_media_url":"https:\/\/www.interoleo.com\/wp-content\/uploads\/2017\/01\/Reuni\u00f3n.jpg","jetpack_shortlink":"https:\/\/wp.me\/p7R8ws-iF","jetpack_sharing_enabled":true,"_links":{"self":[{"href":"https:\/\/www.interoleo.com\/en\/wp-json\/wp\/v2\/posts\/1157","targetHints":{"allow":["GET"]}}],"collection":[{"href":"https:\/\/www.interoleo.com\/en\/wp-json\/wp\/v2\/posts"}],"about":[{"href":"https:\/\/www.interoleo.com\/en\/wp-json\/wp\/v2\/types\/post"}],"author":[{"embeddable":true,"href":"https:\/\/www.interoleo.com\/en\/wp-json\/wp\/v2\/users\/2"}],"replies":[{"embeddable":true,"href":"https:\/\/www.interoleo.com\/en\/wp-json\/wp\/v2\/comments?post=1157"}],"version-history":[{"count":2,"href":"https:\/\/www.interoleo.com\/en\/wp-json\/wp\/v2\/posts\/1157\/revisions"}],"predecessor-version":[{"id":1172,"href":"https:\/\/www.interoleo.com\/en\/wp-json\/wp\/v2\/posts\/1157\/revisions\/1172"}],"wp:featuredmedia":[{"embeddable":true,"href":"https:\/\/www.interoleo.com\/en\/wp-json\/wp\/v2\/media\/1171"}],"wp:attachment":[{"href":"https:\/\/www.interoleo.com\/en\/wp-json\/wp\/v2\/media?parent=1157"}],"wp:term":[{"taxonomy":"category","embeddable":true,"href":"https:\/\/www.interoleo.com\/en\/wp-json\/wp\/v2\/categories?post=1157"},{"taxonomy":"post_tag","embeddable":true,"href":"https:\/\/www.interoleo.com\/en\/wp-json\/wp\/v2\/tags?post=1157"}],"curies":[{"name":"wp","href":"https:\/\/api.w.org\/{rel}","templated":true}]}}