{"id":1197,"date":"2017-02-03T12:50:41","date_gmt":"2017-02-03T12:50:41","guid":{"rendered":"http:\/\/www.interoleo.com\/?p=1197"},"modified":"2017-02-03T12:50:41","modified_gmt":"2017-02-03T12:50:41","slug":"confiamos-la-consejeria-agricultura-refuerce-compromiso-la-concentracion-la-oferta","status":"publish","type":"post","link":"https:\/\/www.interoleo.com\/en\/confiamos-la-consejeria-agricultura-refuerce-compromiso-la-concentracion-la-oferta\/","title":{"rendered":"Confiamos en que la Consejer\u00eda de Agricultura refuerce su compromiso con la concentraci\u00f3n de la oferta"},"content":{"rendered":"<p>El gerente de Inter\u00f3leo, Esteban Mombl\u00e1n, ha participado, esta ma\u00f1ana, en el desayuno organizado por Diario JAEN con la consejera de Agricultura, Carmen Ortiz. La conferencia ha servido para analizar en profundidad la situaci\u00f3n actual del sector olivarero as\u00ed como los retos que tenemos por delante. En esta l\u00ednea, nuestro grupo conf\u00eda en que desde la Junta de Andaluc\u00eda se refuerce el compromiso por la concentraci\u00f3n de la oferta, puesto que ese es el \u00fanico camino que tenemos para garantizar el futuro. Disponer de grupos de comercializaci\u00f3n cada vez m\u00e1s fuertes y profesionalizados es clave para los olivareros tengan el peso necesario en la cadena de valor y en los mercados. Es fundamental que la Administraci\u00f3n apoye presupuestariamente la incorporaci\u00f3n de cooperativas y almazaras en empresas con dimensi\u00f3n y, a su vez, que colabore de una forma m\u00e1s activa con estos grupos comercializadores. En el desayuno, Inter\u00f3leo ha estado representada tambi\u00e9n por el gerente de uno de nuestros socios, Oleocampo, y por el que fuera presidente de otro, la Cooperativa Nuestra Se\u00f1ora de los Remedios, de Jimena. Igualmente, ha coincidido con el gerente de Geolit y con otros representantes del sector olivarero jiennense y andaluz.<\/p>\n","protected":false},"excerpt":{"rendered":"<p>El gerente de Inter\u00f3leo, Esteban Mombl\u00e1n, ha participado, esta ma\u00f1ana, en el desayuno organizado por Diario JAEN con la consejera de Agricultura, Carmen Ortiz. La conferencia ha servido para analizar en profundidad la situaci\u00f3n actual del sector olivarero as\u00ed como los retos que tenemos por delante. En esta l\u00ednea, nuestro grupo conf\u00eda en que desde &hellip; <\/p>\n<p class=\"link-more\"><a href=\"https:\/\/www.interoleo.com\/en\/confiamos-la-consejeria-agricultura-refuerce-compromiso-la-concentracion-la-oferta\/\" class=\"more-link\">Read more<span class=\"screen-reader-text\"> &#8220;Confiamos en que la Consejer\u00eda de Agricultura refuerce su compromiso con la concentraci\u00f3n de la oferta&#8221;<\/span><\/a><\/p>\n","protected":false},"author":2,"featured_media":1201,"comment_status":"closed","ping_status":"closed","sticky":false,"template":"","format":"standard","meta":{"jetpack_post_was_ever_published":false,"_jetpack_newsletter_access":"","_jetpack_dont_email_post_to_subs":false,"_jetpack_newsletter_tier_id":0,"_jetpack_memberships_contains_paywalled_content":false,"_jetpack_memberships_contains_paid_content":false,"footnotes":"","jetpack_publicize_message":"","jetpack_publicize_feature_enabled":true,"jetpack_social_post_already_shared":true,"jetpack_social_options":{"image_generator_settings":{"template":"highway","default_image_id":0,"font":"","enabled":false},"version":2}},"categories":[3,4,7],"tags":[17,37,35,36,22,23,9,12],"class_list":["post-1197","post","type-post","status-publish","format-standard","has-post-thumbnail","hentry","category-aceite-de-oliva","category-actualidad","category-noticias-interoleo","tag-aceite","tag-carmen-ortiz","tag-concentracion-de-la-oferta","tag-consejeria-de-agricultura","tag-esteban-momblan","tag-gerente-de-interoleo","tag-grupo","tag-interoleo"],"yoast_head":"<!-- This site is optimized with the Yoast SEO plugin v26.0 - https:\/\/yoast.com\/wordpress\/plugins\/seo\/ -->\n<title>Confiamos en que la Consejer\u00eda de Agricultura refuerce su compromiso con la concentraci\u00f3n de la oferta - Grupo Inter\u00f3leo<\/title>\n<meta name=\"robots\" content=\"index, follow, max-snippet:-1, max-image-preview:large, max-video-preview:-1\" \/>\n<link rel=\"canonical\" href=\"https:\/\/www.interoleo.com\/en\/confiamos-la-consejeria-agricultura-refuerce-compromiso-la-concentracion-la-oferta\/\" \/>\n<meta property=\"og:locale\" content=\"en_US\" \/>\n<meta property=\"og:type\" content=\"article\" \/>\n<meta property=\"og:title\" content=\"Confiamos en que la Consejer\u00eda de Agricultura refuerce su compromiso con la concentraci\u00f3n de la oferta - Grupo Inter\u00f3leo\" \/>\n<meta property=\"og:description\" content=\"El gerente de Inter\u00f3leo, Esteban Mombl\u00e1n, ha participado, esta ma\u00f1ana, en el desayuno organizado por Diario JAEN con la consejera de Agricultura, Carmen Ortiz. La conferencia ha servido para analizar en profundidad la situaci\u00f3n actual del sector olivarero as\u00ed como los retos que tenemos por delante. En esta l\u00ednea, nuestro grupo conf\u00eda en que desde &hellip; Read more &quot;Confiamos en que la Consejer\u00eda de Agricultura refuerce su compromiso con la concentraci\u00f3n de la oferta&quot;\" \/>\n<meta property=\"og:url\" content=\"https:\/\/www.interoleo.com\/en\/confiamos-la-consejeria-agricultura-refuerce-compromiso-la-concentracion-la-oferta\/\" \/>\n<meta property=\"og:site_name\" content=\"Grupo Inter\u00f3leo\" \/>\n<meta property=\"article:published_time\" content=\"2017-02-03T12:50:41+00:00\" \/>\n<meta property=\"og:image\" content=\"https:\/\/www.interoleo.com\/wp-content\/uploads\/2017\/02\/Desayuno-Inter\u00f3leo.jpg\" \/>\n\t<meta property=\"og:image:width\" content=\"1181\" \/>\n\t<meta property=\"og:image:height\" content=\"787\" \/>\n\t<meta property=\"og:image:type\" content=\"image\/jpeg\" \/>\n<meta name=\"author\" content=\"Interoleo Picual\" \/>\n<meta name=\"twitter:card\" content=\"summary_large_image\" \/>\n<meta name=\"twitter:label1\" content=\"Written by\" \/>\n\t<meta name=\"twitter:data1\" content=\"Interoleo Picual\" \/>\n\t<meta name=\"twitter:label2\" content=\"Est. reading time\" \/>\n\t<meta name=\"twitter:data2\" content=\"1 minute\" \/>\n<script type=\"application\/ld+json\" class=\"yoast-schema-graph\">{\"@context\":\"https:\/\/schema.org\",\"@graph\":[{\"@type\":\"WebPage\",\"@id\":\"https:\/\/www.interoleo.com\/en\/confiamos-la-consejeria-agricultura-refuerce-compromiso-la-concentracion-la-oferta\/\",\"url\":\"https:\/\/www.interoleo.com\/en\/confiamos-la-consejeria-agricultura-refuerce-compromiso-la-concentracion-la-oferta\/\",\"name\":\"Confiamos en que la Consejer\u00eda de Agricultura refuerce su compromiso con la concentraci\u00f3n de la oferta - Grupo Inter\u00f3leo\",\"isPartOf\":{\"@id\":\"https:\/\/www.interoleo.com\/en\/#website\"},\"primaryImageOfPage\":{\"@id\":\"https:\/\/www.interoleo.com\/en\/confiamos-la-consejeria-agricultura-refuerce-compromiso-la-concentracion-la-oferta\/#primaryimage\"},\"image\":{\"@id\":\"https:\/\/www.interoleo.com\/en\/confiamos-la-consejeria-agricultura-refuerce-compromiso-la-concentracion-la-oferta\/#primaryimage\"},\"thumbnailUrl\":\"https:\/\/www.interoleo.com\/wp-content\/uploads\/2017\/02\/Desayuno-Inter\u00f3leo.jpg\",\"datePublished\":\"2017-02-03T12:50:41+00:00\",\"author\":{\"@id\":\"https:\/\/www.interoleo.com\/en\/#\/schema\/person\/b38839767920504f85d0555e5244a76d\"},\"breadcrumb\":{\"@id\":\"https:\/\/www.interoleo.com\/en\/confiamos-la-consejeria-agricultura-refuerce-compromiso-la-concentracion-la-oferta\/#breadcrumb\"},\"inLanguage\":\"en-US\",\"potentialAction\":[{\"@type\":\"ReadAction\",\"target\":[\"https:\/\/www.interoleo.com\/en\/confiamos-la-consejeria-agricultura-refuerce-compromiso-la-concentracion-la-oferta\/\"]}]},{\"@type\":\"ImageObject\",\"inLanguage\":\"en-US\",\"@id\":\"https:\/\/www.interoleo.com\/en\/confiamos-la-consejeria-agricultura-refuerce-compromiso-la-concentracion-la-oferta\/#primaryimage\",\"url\":\"https:\/\/www.interoleo.com\/wp-content\/uploads\/2017\/02\/Desayuno-Inter\u00f3leo.jpg\",\"contentUrl\":\"https:\/\/www.interoleo.com\/wp-content\/uploads\/2017\/02\/Desayuno-Inter\u00f3leo.jpg\",\"width\":1181,\"height\":787},{\"@type\":\"BreadcrumbList\",\"@id\":\"https:\/\/www.interoleo.com\/en\/confiamos-la-consejeria-agricultura-refuerce-compromiso-la-concentracion-la-oferta\/#breadcrumb\",\"itemListElement\":[{\"@type\":\"ListItem\",\"position\":1,\"name\":\"Portada\",\"item\":\"https:\/\/www.interoleo.com\/en\/\"},{\"@type\":\"ListItem\",\"position\":2,\"name\":\"Confiamos en que la Consejer\u00eda de Agricultura refuerce su compromiso con la concentraci\u00f3n de la oferta\"}]},{\"@type\":\"WebSite\",\"@id\":\"https:\/\/www.interoleo.com\/en\/#website\",\"url\":\"https:\/\/www.interoleo.com\/en\/\",\"name\":\"Grupo Inter\u00f3leo\",\"description\":\"Grupo Inter\u00f3leo comercializador de aceite de oliva a granel\",\"potentialAction\":[{\"@type\":\"SearchAction\",\"target\":{\"@type\":\"EntryPoint\",\"urlTemplate\":\"https:\/\/www.interoleo.com\/en\/?s={search_term_string}\"},\"query-input\":{\"@type\":\"PropertyValueSpecification\",\"valueRequired\":true,\"valueName\":\"search_term_string\"}}],\"inLanguage\":\"en-US\"},{\"@type\":\"Person\",\"@id\":\"https:\/\/www.interoleo.com\/en\/#\/schema\/person\/b38839767920504f85d0555e5244a76d\",\"name\":\"Interoleo Picual\",\"image\":{\"@type\":\"ImageObject\",\"inLanguage\":\"en-US\",\"@id\":\"https:\/\/www.interoleo.com\/en\/#\/schema\/person\/image\/\",\"url\":\"https:\/\/secure.gravatar.com\/avatar\/9d9b88888a963e3b9235bbd165d9c050?s=96&d=mm&r=g\",\"contentUrl\":\"https:\/\/secure.gravatar.com\/avatar\/9d9b88888a963e3b9235bbd165d9c050?s=96&d=mm&r=g\",\"caption\":\"Interoleo Picual\"},\"url\":\"https:\/\/www.interoleo.com\/en\/author\/interoleo\/\"}]}<\/script>\n<!-- \/ Yoast SEO plugin. -->","yoast_head_json":{"title":"Confiamos en que la Consejer\u00eda de Agricultura refuerce su compromiso con la concentraci\u00f3n de la oferta - Grupo Inter\u00f3leo","robots":{"index":"index","follow":"follow","max-snippet":"max-snippet:-1","max-image-preview":"max-image-preview:large","max-video-preview":"max-video-preview:-1"},"canonical":"https:\/\/www.interoleo.com\/en\/confiamos-la-consejeria-agricultura-refuerce-compromiso-la-concentracion-la-oferta\/","og_locale":"en_US","og_type":"article","og_title":"Confiamos en que la Consejer\u00eda de Agricultura refuerce su compromiso con la concentraci\u00f3n de la oferta - Grupo Inter\u00f3leo","og_description":"El gerente de Inter\u00f3leo, Esteban Mombl\u00e1n, ha participado, esta ma\u00f1ana, en el desayuno organizado por Diario JAEN con la consejera de Agricultura, Carmen Ortiz. La conferencia ha servido para analizar en profundidad la situaci\u00f3n actual del sector olivarero as\u00ed como los retos que tenemos por delante. En esta l\u00ednea, nuestro grupo conf\u00eda en que desde &hellip; Read more \"Confiamos en que la Consejer\u00eda de Agricultura refuerce su compromiso con la concentraci\u00f3n de la oferta\"","og_url":"https:\/\/www.interoleo.com\/en\/confiamos-la-consejeria-agricultura-refuerce-compromiso-la-concentracion-la-oferta\/","og_site_name":"Grupo Inter\u00f3leo","article_published_time":"2017-02-03T12:50:41+00:00","og_image":[{"width":1181,"height":787,"url":"https:\/\/www.interoleo.com\/wp-content\/uploads\/2017\/02\/Desayuno-Inter\u00f3leo.jpg","type":"image\/jpeg"}],"author":"Interoleo Picual","twitter_card":"summary_large_image","twitter_misc":{"Written by":"Interoleo Picual","Est. reading time":"1 minute"},"schema":{"@context":"https:\/\/schema.org","@graph":[{"@type":"WebPage","@id":"https:\/\/www.interoleo.com\/en\/confiamos-la-consejeria-agricultura-refuerce-compromiso-la-concentracion-la-oferta\/","url":"https:\/\/www.interoleo.com\/en\/confiamos-la-consejeria-agricultura-refuerce-compromiso-la-concentracion-la-oferta\/","name":"Confiamos en que la Consejer\u00eda de Agricultura refuerce su compromiso con la concentraci\u00f3n de la oferta - Grupo Inter\u00f3leo","isPartOf":{"@id":"https:\/\/www.interoleo.com\/en\/#website"},"primaryImageOfPage":{"@id":"https:\/\/www.interoleo.com\/en\/confiamos-la-consejeria-agricultura-refuerce-compromiso-la-concentracion-la-oferta\/#primaryimage"},"image":{"@id":"https:\/\/www.interoleo.com\/en\/confiamos-la-consejeria-agricultura-refuerce-compromiso-la-concentracion-la-oferta\/#primaryimage"},"thumbnailUrl":"https:\/\/www.interoleo.com\/wp-content\/uploads\/2017\/02\/Desayuno-Inter\u00f3leo.jpg","datePublished":"2017-02-03T12:50:41+00:00","author":{"@id":"https:\/\/www.interoleo.com\/en\/#\/schema\/person\/b38839767920504f85d0555e5244a76d"},"breadcrumb":{"@id":"https:\/\/www.interoleo.com\/en\/confiamos-la-consejeria-agricultura-refuerce-compromiso-la-concentracion-la-oferta\/#breadcrumb"},"inLanguage":"en-US","potentialAction":[{"@type":"ReadAction","target":["https:\/\/www.interoleo.com\/en\/confiamos-la-consejeria-agricultura-refuerce-compromiso-la-concentracion-la-oferta\/"]}]},{"@type":"ImageObject","inLanguage":"en-US","@id":"https:\/\/www.interoleo.com\/en\/confiamos-la-consejeria-agricultura-refuerce-compromiso-la-concentracion-la-oferta\/#primaryimage","url":"https:\/\/www.interoleo.com\/wp-content\/uploads\/2017\/02\/Desayuno-Inter\u00f3leo.jpg","contentUrl":"https:\/\/www.interoleo.com\/wp-content\/uploads\/2017\/02\/Desayuno-Inter\u00f3leo.jpg","width":1181,"height":787},{"@type":"BreadcrumbList","@id":"https:\/\/www.interoleo.com\/en\/confiamos-la-consejeria-agricultura-refuerce-compromiso-la-concentracion-la-oferta\/#breadcrumb","itemListElement":[{"@type":"ListItem","position":1,"name":"Portada","item":"https:\/\/www.interoleo.com\/en\/"},{"@type":"ListItem","position":2,"name":"Confiamos en que la Consejer\u00eda de Agricultura refuerce su compromiso con la concentraci\u00f3n de la oferta"}]},{"@type":"WebSite","@id":"https:\/\/www.interoleo.com\/en\/#website","url":"https:\/\/www.interoleo.com\/en\/","name":"Grupo Inter\u00f3leo","description":"Grupo Inter\u00f3leo comercializador de aceite de oliva a granel","potentialAction":[{"@type":"SearchAction","target":{"@type":"EntryPoint","urlTemplate":"https:\/\/www.interoleo.com\/en\/?s={search_term_string}"},"query-input":{"@type":"PropertyValueSpecification","valueRequired":true,"valueName":"search_term_string"}}],"inLanguage":"en-US"},{"@type":"Person","@id":"https:\/\/www.interoleo.com\/en\/#\/schema\/person\/b38839767920504f85d0555e5244a76d","name":"Interoleo Picual","image":{"@type":"ImageObject","inLanguage":"en-US","@id":"https:\/\/www.interoleo.com\/en\/#\/schema\/person\/image\/","url":"https:\/\/secure.gravatar.com\/avatar\/9d9b88888a963e3b9235bbd165d9c050?s=96&d=mm&r=g","contentUrl":"https:\/\/secure.gravatar.com\/avatar\/9d9b88888a963e3b9235bbd165d9c050?s=96&d=mm&r=g","caption":"Interoleo Picual"},"url":"https:\/\/www.interoleo.com\/en\/author\/interoleo\/"}]}},"jetpack_publicize_connections":[],"jetpack_featured_media_url":"https:\/\/www.interoleo.com\/wp-content\/uploads\/2017\/02\/Desayuno-Inter\u00f3leo.jpg","jetpack_shortlink":"https:\/\/wp.me\/p7R8ws-jj","jetpack_sharing_enabled":true,"_links":{"self":[{"href":"https:\/\/www.interoleo.com\/en\/wp-json\/wp\/v2\/posts\/1197","targetHints":{"allow":["GET"]}}],"collection":[{"href":"https:\/\/www.interoleo.com\/en\/wp-json\/wp\/v2\/posts"}],"about":[{"href":"https:\/\/www.interoleo.com\/en\/wp-json\/wp\/v2\/types\/post"}],"author":[{"embeddable":true,"href":"https:\/\/www.interoleo.com\/en\/wp-json\/wp\/v2\/users\/2"}],"replies":[{"embeddable":true,"href":"https:\/\/www.interoleo.com\/en\/wp-json\/wp\/v2\/comments?post=1197"}],"version-history":[{"count":1,"href":"https:\/\/www.interoleo.com\/en\/wp-json\/wp\/v2\/posts\/1197\/revisions"}],"predecessor-version":[{"id":1202,"href":"https:\/\/www.interoleo.com\/en\/wp-json\/wp\/v2\/posts\/1197\/revisions\/1202"}],"wp:featuredmedia":[{"embeddable":true,"href":"https:\/\/www.interoleo.com\/en\/wp-json\/wp\/v2\/media\/1201"}],"wp:attachment":[{"href":"https:\/\/www.interoleo.com\/en\/wp-json\/wp\/v2\/media?parent=1197"}],"wp:term":[{"taxonomy":"category","embeddable":true,"href":"https:\/\/www.interoleo.com\/en\/wp-json\/wp\/v2\/categories?post=1197"},{"taxonomy":"post_tag","embeddable":true,"href":"https:\/\/www.interoleo.com\/en\/wp-json\/wp\/v2\/tags?post=1197"}],"curies":[{"name":"wp","href":"https:\/\/api.w.org\/{rel}","templated":true}]}}