{"id":121,"date":"2016-08-01T11:59:04","date_gmt":"2016-08-01T11:59:04","guid":{"rendered":"http:\/\/88.12.48.28\/webs\/interoleo\/web\/?p=121"},"modified":"2016-08-02T07:02:57","modified_gmt":"2016-08-02T07:02:57","slug":"desayuno-empresarial-la-camara-comercio-ciudad-real","status":"publish","type":"post","link":"https:\/\/www.interoleo.com\/en\/desayuno-empresarial-la-camara-comercio-ciudad-real\/","title":{"rendered":"Desayuno empresarial con la C\u00e1mara de Comercio de Ciudad Real"},"content":{"rendered":"<p>La C\u00e1mara de Comercio, Industria y Servicios de Ciudad Real, en colaboraci\u00f3n con Interoleo, organiza el 18 de febrero un desayuno empresarial, enmarcado dentro de las actividades del Programa Provincial de Apoyo a la Comercializaci\u00f3n Internacional de Cooperativas Agro-alimentarias de la Diputaci\u00f3n de Ciudad Real.<\/p>\n<p>Para m\u00e1s informaci\u00f3n e inscripciones pueden contactar con el \u00c1rea de Desarrollo Empresarial de la C\u00e1mara de Comercio e Industria de CIudad Real en el tel\u00e9fono 926 27 44 44 o en email: <a href=\"mailto:formacion@camaracr.org\" target=\"_blank\">formacion@camaracr.org<\/a><\/p>\n<p><img fetchpriority=\"high\" decoding=\"async\" class=\"alignnone size-medium wp-image-122\" src=\"http:\/\/88.12.48.28\/webs\/interoleo\/web\/wp-content\/uploads\/2016\/08\/Desayuno-Empresarial-300x187.jpg\" alt=\"Desayuno Empresarial\" width=\"300\" height=\"187\" srcset=\"https:\/\/www.interoleo.com\/wp-content\/uploads\/2016\/08\/Desayuno-Empresarial-300x187.jpg 300w, https:\/\/www.interoleo.com\/wp-content\/uploads\/2016\/08\/Desayuno-Empresarial.jpg 537w\" sizes=\"(max-width: 300px) 100vw, 300px\" \/><\/p>\n","protected":false},"excerpt":{"rendered":"<p>La C\u00e1mara de Comercio, Industria y Servicios de Ciudad Real, en colaboraci\u00f3n con Interoleo, organiza el 18 de febrero un desayuno empresarial, enmarcado dentro de las actividades del Programa Provincial de Apoyo a la Comercializaci\u00f3n Internacional de Cooperativas Agro-alimentarias de la Diputaci\u00f3n de Ciudad Real. Para m\u00e1s informaci\u00f3n e inscripciones pueden contactar con el \u00c1rea &hellip; <\/p>\n<p class=\"link-more\"><a href=\"https:\/\/www.interoleo.com\/en\/desayuno-empresarial-la-camara-comercio-ciudad-real\/\" class=\"more-link\">Read more<span class=\"screen-reader-text\"> &#8220;Desayuno empresarial con la C\u00e1mara de Comercio de Ciudad Real&#8221;<\/span><\/a><\/p>\n","protected":false},"author":1,"featured_media":0,"comment_status":"closed","ping_status":"closed","sticky":false,"template":"","format":"standard","meta":{"jetpack_post_was_ever_published":false,"_jetpack_newsletter_access":"","_jetpack_dont_email_post_to_subs":false,"_jetpack_newsletter_tier_id":0,"_jetpack_memberships_contains_paywalled_content":false,"_jetpack_memberships_contains_paid_content":false,"footnotes":"","jetpack_publicize_message":"","jetpack_publicize_feature_enabled":true,"jetpack_social_post_already_shared":false,"jetpack_social_options":{"image_generator_settings":{"template":"highway","default_image_id":0,"font":"","enabled":false},"version":2}},"categories":[4],"tags":[],"class_list":["post-121","post","type-post","status-publish","format-standard","hentry","category-actualidad"],"yoast_head":"<!-- This site is optimized with the Yoast SEO plugin v26.0 - https:\/\/yoast.com\/wordpress\/plugins\/seo\/ -->\n<title>Desayuno empresarial con la C\u00e1mara de Comercio de Ciudad Real<\/title>\n<meta name=\"description\" content=\"Desayuno empresarial con la C\u00e1mara de Comercio de Ciudad Real, organiza el 18 de febrero un desayuno empresarial dentro de las actividades del Programa...\" \/>\n<meta name=\"robots\" content=\"index, follow, max-snippet:-1, max-image-preview:large, max-video-preview:-1\" \/>\n<link rel=\"canonical\" href=\"https:\/\/www.interoleo.com\/en\/desayuno-empresarial-la-camara-comercio-ciudad-real\/\" \/>\n<meta property=\"og:locale\" content=\"en_US\" \/>\n<meta property=\"og:type\" content=\"article\" \/>\n<meta property=\"og:title\" content=\"Desayuno empresarial con la C\u00e1mara de Comercio de Ciudad Real\" \/>\n<meta property=\"og:description\" content=\"Desayuno empresarial con la C\u00e1mara de Comercio de Ciudad Real, organiza el 18 de febrero un desayuno empresarial dentro de las actividades del Programa...\" \/>\n<meta property=\"og:url\" content=\"https:\/\/www.interoleo.com\/en\/desayuno-empresarial-la-camara-comercio-ciudad-real\/\" \/>\n<meta property=\"og:site_name\" content=\"Grupo Inter\u00f3leo\" \/>\n<meta property=\"article:published_time\" content=\"2016-08-01T11:59:04+00:00\" \/>\n<meta property=\"article:modified_time\" content=\"2016-08-02T07:02:57+00:00\" \/>\n<meta property=\"og:image\" content=\"http:\/\/88.12.48.28\/webs\/interoleo\/web\/wp-content\/uploads\/2016\/08\/Desayuno-Empresarial-300x187.jpg\" \/>\n<meta name=\"author\" content=\"admin\" \/>\n<meta name=\"twitter:card\" content=\"summary_large_image\" \/>\n<meta name=\"twitter:label1\" content=\"Written by\" \/>\n\t<meta name=\"twitter:data1\" content=\"admin\" \/>\n<script type=\"application\/ld+json\" class=\"yoast-schema-graph\">{\"@context\":\"https:\/\/schema.org\",\"@graph\":[{\"@type\":\"WebPage\",\"@id\":\"https:\/\/www.interoleo.com\/en\/desayuno-empresarial-la-camara-comercio-ciudad-real\/\",\"url\":\"https:\/\/www.interoleo.com\/en\/desayuno-empresarial-la-camara-comercio-ciudad-real\/\",\"name\":\"Desayuno empresarial con la C\u00e1mara de Comercio de Ciudad Real\",\"isPartOf\":{\"@id\":\"https:\/\/www.interoleo.com\/en\/#website\"},\"primaryImageOfPage\":{\"@id\":\"https:\/\/www.interoleo.com\/en\/desayuno-empresarial-la-camara-comercio-ciudad-real\/#primaryimage\"},\"image\":{\"@id\":\"https:\/\/www.interoleo.com\/en\/desayuno-empresarial-la-camara-comercio-ciudad-real\/#primaryimage\"},\"thumbnailUrl\":\"http:\/\/88.12.48.28\/webs\/interoleo\/web\/wp-content\/uploads\/2016\/08\/Desayuno-Empresarial-300x187.jpg\",\"datePublished\":\"2016-08-01T11:59:04+00:00\",\"dateModified\":\"2016-08-02T07:02:57+00:00\",\"author\":{\"@id\":\"https:\/\/www.interoleo.com\/en\/#\/schema\/person\/f99693fc38ce605f463dc5d58909df2a\"},\"description\":\"Desayuno empresarial con la C\u00e1mara de Comercio de Ciudad Real, organiza el 18 de febrero un desayuno empresarial dentro de las actividades del Programa...\",\"breadcrumb\":{\"@id\":\"https:\/\/www.interoleo.com\/en\/desayuno-empresarial-la-camara-comercio-ciudad-real\/#breadcrumb\"},\"inLanguage\":\"en-US\",\"potentialAction\":[{\"@type\":\"ReadAction\",\"target\":[\"https:\/\/www.interoleo.com\/en\/desayuno-empresarial-la-camara-comercio-ciudad-real\/\"]}]},{\"@type\":\"ImageObject\",\"inLanguage\":\"en-US\",\"@id\":\"https:\/\/www.interoleo.com\/en\/desayuno-empresarial-la-camara-comercio-ciudad-real\/#primaryimage\",\"url\":\"http:\/\/88.12.48.28\/webs\/interoleo\/web\/wp-content\/uploads\/2016\/08\/Desayuno-Empresarial-300x187.jpg\",\"contentUrl\":\"http:\/\/88.12.48.28\/webs\/interoleo\/web\/wp-content\/uploads\/2016\/08\/Desayuno-Empresarial-300x187.jpg\"},{\"@type\":\"BreadcrumbList\",\"@id\":\"https:\/\/www.interoleo.com\/en\/desayuno-empresarial-la-camara-comercio-ciudad-real\/#breadcrumb\",\"itemListElement\":[{\"@type\":\"ListItem\",\"position\":1,\"name\":\"Portada\",\"item\":\"https:\/\/www.interoleo.com\/en\/\"},{\"@type\":\"ListItem\",\"position\":2,\"name\":\"Desayuno empresarial con la C\u00e1mara de Comercio de Ciudad Real\"}]},{\"@type\":\"WebSite\",\"@id\":\"https:\/\/www.interoleo.com\/en\/#website\",\"url\":\"https:\/\/www.interoleo.com\/en\/\",\"name\":\"Grupo Inter\u00f3leo\",\"description\":\"Grupo Inter\u00f3leo comercializador de aceite de oliva a granel\",\"potentialAction\":[{\"@type\":\"SearchAction\",\"target\":{\"@type\":\"EntryPoint\",\"urlTemplate\":\"https:\/\/www.interoleo.com\/en\/?s={search_term_string}\"},\"query-input\":{\"@type\":\"PropertyValueSpecification\",\"valueRequired\":true,\"valueName\":\"search_term_string\"}}],\"inLanguage\":\"en-US\"},{\"@type\":\"Person\",\"@id\":\"https:\/\/www.interoleo.com\/en\/#\/schema\/person\/f99693fc38ce605f463dc5d58909df2a\",\"name\":\"admin\",\"image\":{\"@type\":\"ImageObject\",\"inLanguage\":\"en-US\",\"@id\":\"https:\/\/www.interoleo.com\/en\/#\/schema\/person\/image\/\",\"url\":\"https:\/\/secure.gravatar.com\/avatar\/7e985868c8f2fc8c9b5e292d3d038423?s=96&d=mm&r=g\",\"contentUrl\":\"https:\/\/secure.gravatar.com\/avatar\/7e985868c8f2fc8c9b5e292d3d038423?s=96&d=mm&r=g\",\"caption\":\"admin\"},\"url\":\"https:\/\/www.interoleo.com\/en\/author\/admin\/\"}]}<\/script>\n<!-- \/ Yoast SEO plugin. -->","yoast_head_json":{"title":"Desayuno empresarial con la C\u00e1mara de Comercio de Ciudad Real","description":"Desayuno empresarial con la C\u00e1mara de Comercio de Ciudad Real, organiza el 18 de febrero un desayuno empresarial dentro de las actividades del Programa...","robots":{"index":"index","follow":"follow","max-snippet":"max-snippet:-1","max-image-preview":"max-image-preview:large","max-video-preview":"max-video-preview:-1"},"canonical":"https:\/\/www.interoleo.com\/en\/desayuno-empresarial-la-camara-comercio-ciudad-real\/","og_locale":"en_US","og_type":"article","og_title":"Desayuno empresarial con la C\u00e1mara de Comercio de Ciudad Real","og_description":"Desayuno empresarial con la C\u00e1mara de Comercio de Ciudad Real, organiza el 18 de febrero un desayuno empresarial dentro de las actividades del Programa...","og_url":"https:\/\/www.interoleo.com\/en\/desayuno-empresarial-la-camara-comercio-ciudad-real\/","og_site_name":"Grupo Inter\u00f3leo","article_published_time":"2016-08-01T11:59:04+00:00","article_modified_time":"2016-08-02T07:02:57+00:00","og_image":[{"url":"http:\/\/88.12.48.28\/webs\/interoleo\/web\/wp-content\/uploads\/2016\/08\/Desayuno-Empresarial-300x187.jpg","type":"","width":"","height":""}],"author":"admin","twitter_card":"summary_large_image","twitter_misc":{"Written by":"admin"},"schema":{"@context":"https:\/\/schema.org","@graph":[{"@type":"WebPage","@id":"https:\/\/www.interoleo.com\/en\/desayuno-empresarial-la-camara-comercio-ciudad-real\/","url":"https:\/\/www.interoleo.com\/en\/desayuno-empresarial-la-camara-comercio-ciudad-real\/","name":"Desayuno empresarial con la C\u00e1mara de Comercio de Ciudad Real","isPartOf":{"@id":"https:\/\/www.interoleo.com\/en\/#website"},"primaryImageOfPage":{"@id":"https:\/\/www.interoleo.com\/en\/desayuno-empresarial-la-camara-comercio-ciudad-real\/#primaryimage"},"image":{"@id":"https:\/\/www.interoleo.com\/en\/desayuno-empresarial-la-camara-comercio-ciudad-real\/#primaryimage"},"thumbnailUrl":"http:\/\/88.12.48.28\/webs\/interoleo\/web\/wp-content\/uploads\/2016\/08\/Desayuno-Empresarial-300x187.jpg","datePublished":"2016-08-01T11:59:04+00:00","dateModified":"2016-08-02T07:02:57+00:00","author":{"@id":"https:\/\/www.interoleo.com\/en\/#\/schema\/person\/f99693fc38ce605f463dc5d58909df2a"},"description":"Desayuno empresarial con la C\u00e1mara de Comercio de Ciudad Real, organiza el 18 de febrero un desayuno empresarial dentro de las actividades del Programa...","breadcrumb":{"@id":"https:\/\/www.interoleo.com\/en\/desayuno-empresarial-la-camara-comercio-ciudad-real\/#breadcrumb"},"inLanguage":"en-US","potentialAction":[{"@type":"ReadAction","target":["https:\/\/www.interoleo.com\/en\/desayuno-empresarial-la-camara-comercio-ciudad-real\/"]}]},{"@type":"ImageObject","inLanguage":"en-US","@id":"https:\/\/www.interoleo.com\/en\/desayuno-empresarial-la-camara-comercio-ciudad-real\/#primaryimage","url":"http:\/\/88.12.48.28\/webs\/interoleo\/web\/wp-content\/uploads\/2016\/08\/Desayuno-Empresarial-300x187.jpg","contentUrl":"http:\/\/88.12.48.28\/webs\/interoleo\/web\/wp-content\/uploads\/2016\/08\/Desayuno-Empresarial-300x187.jpg"},{"@type":"BreadcrumbList","@id":"https:\/\/www.interoleo.com\/en\/desayuno-empresarial-la-camara-comercio-ciudad-real\/#breadcrumb","itemListElement":[{"@type":"ListItem","position":1,"name":"Portada","item":"https:\/\/www.interoleo.com\/en\/"},{"@type":"ListItem","position":2,"name":"Desayuno empresarial con la C\u00e1mara de Comercio de Ciudad Real"}]},{"@type":"WebSite","@id":"https:\/\/www.interoleo.com\/en\/#website","url":"https:\/\/www.interoleo.com\/en\/","name":"Grupo Inter\u00f3leo","description":"Grupo Inter\u00f3leo comercializador de aceite de oliva a granel","potentialAction":[{"@type":"SearchAction","target":{"@type":"EntryPoint","urlTemplate":"https:\/\/www.interoleo.com\/en\/?s={search_term_string}"},"query-input":{"@type":"PropertyValueSpecification","valueRequired":true,"valueName":"search_term_string"}}],"inLanguage":"en-US"},{"@type":"Person","@id":"https:\/\/www.interoleo.com\/en\/#\/schema\/person\/f99693fc38ce605f463dc5d58909df2a","name":"admin","image":{"@type":"ImageObject","inLanguage":"en-US","@id":"https:\/\/www.interoleo.com\/en\/#\/schema\/person\/image\/","url":"https:\/\/secure.gravatar.com\/avatar\/7e985868c8f2fc8c9b5e292d3d038423?s=96&d=mm&r=g","contentUrl":"https:\/\/secure.gravatar.com\/avatar\/7e985868c8f2fc8c9b5e292d3d038423?s=96&d=mm&r=g","caption":"admin"},"url":"https:\/\/www.interoleo.com\/en\/author\/admin\/"}]}},"jetpack_publicize_connections":[],"jetpack_featured_media_url":"","jetpack_shortlink":"https:\/\/wp.me\/p7R8ws-1X","jetpack_sharing_enabled":true,"_links":{"self":[{"href":"https:\/\/www.interoleo.com\/en\/wp-json\/wp\/v2\/posts\/121","targetHints":{"allow":["GET"]}}],"collection":[{"href":"https:\/\/www.interoleo.com\/en\/wp-json\/wp\/v2\/posts"}],"about":[{"href":"https:\/\/www.interoleo.com\/en\/wp-json\/wp\/v2\/types\/post"}],"author":[{"embeddable":true,"href":"https:\/\/www.interoleo.com\/en\/wp-json\/wp\/v2\/users\/1"}],"replies":[{"embeddable":true,"href":"https:\/\/www.interoleo.com\/en\/wp-json\/wp\/v2\/comments?post=121"}],"version-history":[{"count":3,"href":"https:\/\/www.interoleo.com\/en\/wp-json\/wp\/v2\/posts\/121\/revisions"}],"predecessor-version":[{"id":125,"href":"https:\/\/www.interoleo.com\/en\/wp-json\/wp\/v2\/posts\/121\/revisions\/125"}],"wp:attachment":[{"href":"https:\/\/www.interoleo.com\/en\/wp-json\/wp\/v2\/media?parent=121"}],"wp:term":[{"taxonomy":"category","embeddable":true,"href":"https:\/\/www.interoleo.com\/en\/wp-json\/wp\/v2\/categories?post=121"},{"taxonomy":"post_tag","embeddable":true,"href":"https:\/\/www.interoleo.com\/en\/wp-json\/wp\/v2\/tags?post=121"}],"curies":[{"name":"wp","href":"https:\/\/api.w.org\/{rel}","templated":true}]}}