{"id":1212,"date":"2017-02-07T09:33:05","date_gmt":"2017-02-07T09:33:05","guid":{"rendered":"http:\/\/www.interoleo.com\/?p=1212"},"modified":"2017-02-07T09:33:05","modified_gmt":"2017-02-07T09:33:05","slug":"gerente-interoleo-esteban-momblan-aborda-buen-momento-nuestras-exportaciones-canal-sur","status":"publish","type":"post","link":"https:\/\/www.interoleo.com\/en\/gerente-interoleo-esteban-momblan-aborda-buen-momento-nuestras-exportaciones-canal-sur\/","title":{"rendered":"El gerente de Inter\u00f3leo, Esteban Mombl\u00e1n, aborda el buen momento de nuestras exportaciones en Canal Sur"},"content":{"rendered":"<p>Nuestro gerente, Esteban Mombl\u00e1n, ha abordado el buen momento de las exportaciones en una entrevista realizada por Juan Armenteros para el informativo de Canal Sur. El gran trabajo que estamos realizando en el exterior da sus frutos y, seg\u00fan los \u00faltimos datos emitidos por Extenda, el pasado a\u00f1o 2016 representamos el 15% del aceite de Ja\u00e9n vendido en terceros pa\u00edses, lo que nos report\u00f3 m\u00e1s de 33 millones de euros de facturaci\u00f3n. Unos datos que nos invitan a continuar en esa l\u00ednea con el objetivo de crecer m\u00e1s a lo largo de este a\u00f1o.<\/p>\n<p>&nbsp;<\/p>\n<p><iframe title=\"Esteban Mombl\u00e1n, gerente de Inter\u00f3leo, habla de exportaciones AOVE Canal Sur 3 febrero\" width=\"950\" height=\"534\" src=\"https:\/\/www.youtube.com\/embed\/7iClM42o_d0?feature=oembed\" frameborder=\"0\" allow=\"accelerometer; autoplay; clipboard-write; encrypted-media; gyroscope; picture-in-picture; web-share\" referrerpolicy=\"strict-origin-when-cross-origin\" allowfullscreen><\/iframe><\/p>\n","protected":false},"excerpt":{"rendered":"<p>Nuestro gerente, Esteban Mombl\u00e1n, ha abordado el buen momento de las exportaciones en una entrevista realizada por Juan Armenteros para el informativo de Canal Sur. El gran trabajo que estamos realizando en el exterior da sus frutos y, seg\u00fan los \u00faltimos datos emitidos por Extenda, el pasado a\u00f1o 2016 representamos el 15% del aceite de &hellip; <\/p>\n<p class=\"link-more\"><a href=\"https:\/\/www.interoleo.com\/en\/gerente-interoleo-esteban-momblan-aborda-buen-momento-nuestras-exportaciones-canal-sur\/\" class=\"more-link\">Read more<span class=\"screen-reader-text\"> &#8220;El gerente de Inter\u00f3leo, Esteban Mombl\u00e1n, aborda el buen momento de nuestras exportaciones en Canal Sur&#8221;<\/span><\/a><\/p>\n","protected":false},"author":2,"featured_media":1213,"comment_status":"closed","ping_status":"closed","sticky":false,"template":"","format":"standard","meta":{"jetpack_post_was_ever_published":false,"_jetpack_newsletter_access":"","_jetpack_dont_email_post_to_subs":false,"_jetpack_newsletter_tier_id":0,"_jetpack_memberships_contains_paywalled_content":false,"_jetpack_memberships_contains_paid_content":false,"footnotes":"","jetpack_publicize_message":"","jetpack_publicize_feature_enabled":true,"jetpack_social_post_already_shared":true,"jetpack_social_options":{"image_generator_settings":{"template":"highway","default_image_id":0,"font":"","enabled":false},"version":2}},"categories":[3,4,7],"tags":[17,22,32,23,44,47,14,46,45],"class_list":["post-1212","post","type-post","status-publish","format-standard","has-post-thumbnail","hentry","category-aceite-de-oliva","category-actualidad","category-noticias-interoleo","tag-aceite","tag-esteban-momblan","tag-exportaciones","tag-gerente-de-interoleo","tag-grupo-interoleo","tag-mercados","tag-produccion","tag-venta-de-aceite-de-oliva-virgen-extra","tag-venta-en-terceros-paises"],"yoast_head":"<!-- This site is optimized with the Yoast SEO plugin v26.0 - https:\/\/yoast.com\/wordpress\/plugins\/seo\/ -->\n<title>El gerente de Inter\u00f3leo, Esteban Mombl\u00e1n, aborda el buen momento de nuestras exportaciones en Canal Sur - Grupo Inter\u00f3leo<\/title>\n<meta name=\"robots\" content=\"index, follow, max-snippet:-1, max-image-preview:large, max-video-preview:-1\" \/>\n<link rel=\"canonical\" href=\"https:\/\/www.interoleo.com\/en\/gerente-interoleo-esteban-momblan-aborda-buen-momento-nuestras-exportaciones-canal-sur\/\" \/>\n<meta property=\"og:locale\" content=\"en_US\" \/>\n<meta property=\"og:type\" content=\"article\" \/>\n<meta property=\"og:title\" content=\"El gerente de Inter\u00f3leo, Esteban Mombl\u00e1n, aborda el buen momento de nuestras exportaciones en Canal Sur - Grupo Inter\u00f3leo\" \/>\n<meta property=\"og:description\" content=\"Nuestro gerente, Esteban Mombl\u00e1n, ha abordado el buen momento de las exportaciones en una entrevista realizada por Juan Armenteros para el informativo de Canal Sur. El gran trabajo que estamos realizando en el exterior da sus frutos y, seg\u00fan los \u00faltimos datos emitidos por Extenda, el pasado a\u00f1o 2016 representamos el 15% del aceite de &hellip; Read more &quot;El gerente de Inter\u00f3leo, Esteban Mombl\u00e1n, aborda el buen momento de nuestras exportaciones en Canal Sur&quot;\" \/>\n<meta property=\"og:url\" content=\"https:\/\/www.interoleo.com\/en\/gerente-interoleo-esteban-momblan-aborda-buen-momento-nuestras-exportaciones-canal-sur\/\" \/>\n<meta property=\"og:site_name\" content=\"Grupo Inter\u00f3leo\" \/>\n<meta property=\"article:published_time\" content=\"2017-02-07T09:33:05+00:00\" \/>\n<meta property=\"og:image\" content=\"https:\/\/www.interoleo.com\/wp-content\/uploads\/2017\/02\/Esteban-Mombl\u00e1n.jpg\" \/>\n\t<meta property=\"og:image:width\" content=\"1181\" \/>\n\t<meta property=\"og:image:height\" content=\"787\" \/>\n\t<meta property=\"og:image:type\" content=\"image\/jpeg\" \/>\n<meta name=\"author\" content=\"Interoleo Picual\" \/>\n<meta name=\"twitter:card\" content=\"summary_large_image\" \/>\n<meta name=\"twitter:label1\" content=\"Written by\" \/>\n\t<meta name=\"twitter:data1\" content=\"Interoleo Picual\" \/>\n\t<meta name=\"twitter:label2\" content=\"Est. reading time\" \/>\n\t<meta name=\"twitter:data2\" content=\"1 minute\" \/>\n<script type=\"application\/ld+json\" class=\"yoast-schema-graph\">{\"@context\":\"https:\/\/schema.org\",\"@graph\":[{\"@type\":\"WebPage\",\"@id\":\"https:\/\/www.interoleo.com\/en\/gerente-interoleo-esteban-momblan-aborda-buen-momento-nuestras-exportaciones-canal-sur\/\",\"url\":\"https:\/\/www.interoleo.com\/en\/gerente-interoleo-esteban-momblan-aborda-buen-momento-nuestras-exportaciones-canal-sur\/\",\"name\":\"El gerente de Inter\u00f3leo, Esteban Mombl\u00e1n, aborda el buen momento de nuestras exportaciones en Canal Sur - Grupo Inter\u00f3leo\",\"isPartOf\":{\"@id\":\"https:\/\/www.interoleo.com\/en\/#website\"},\"primaryImageOfPage\":{\"@id\":\"https:\/\/www.interoleo.com\/en\/gerente-interoleo-esteban-momblan-aborda-buen-momento-nuestras-exportaciones-canal-sur\/#primaryimage\"},\"image\":{\"@id\":\"https:\/\/www.interoleo.com\/en\/gerente-interoleo-esteban-momblan-aborda-buen-momento-nuestras-exportaciones-canal-sur\/#primaryimage\"},\"thumbnailUrl\":\"https:\/\/www.interoleo.com\/wp-content\/uploads\/2017\/02\/Esteban-Mombl\u00e1n.jpg\",\"datePublished\":\"2017-02-07T09:33:05+00:00\",\"author\":{\"@id\":\"https:\/\/www.interoleo.com\/en\/#\/schema\/person\/b38839767920504f85d0555e5244a76d\"},\"breadcrumb\":{\"@id\":\"https:\/\/www.interoleo.com\/en\/gerente-interoleo-esteban-momblan-aborda-buen-momento-nuestras-exportaciones-canal-sur\/#breadcrumb\"},\"inLanguage\":\"en-US\",\"potentialAction\":[{\"@type\":\"ReadAction\",\"target\":[\"https:\/\/www.interoleo.com\/en\/gerente-interoleo-esteban-momblan-aborda-buen-momento-nuestras-exportaciones-canal-sur\/\"]}]},{\"@type\":\"ImageObject\",\"inLanguage\":\"en-US\",\"@id\":\"https:\/\/www.interoleo.com\/en\/gerente-interoleo-esteban-momblan-aborda-buen-momento-nuestras-exportaciones-canal-sur\/#primaryimage\",\"url\":\"https:\/\/www.interoleo.com\/wp-content\/uploads\/2017\/02\/Esteban-Mombl\u00e1n.jpg\",\"contentUrl\":\"https:\/\/www.interoleo.com\/wp-content\/uploads\/2017\/02\/Esteban-Mombl\u00e1n.jpg\",\"width\":1181,\"height\":787},{\"@type\":\"BreadcrumbList\",\"@id\":\"https:\/\/www.interoleo.com\/en\/gerente-interoleo-esteban-momblan-aborda-buen-momento-nuestras-exportaciones-canal-sur\/#breadcrumb\",\"itemListElement\":[{\"@type\":\"ListItem\",\"position\":1,\"name\":\"Portada\",\"item\":\"https:\/\/www.interoleo.com\/en\/\"},{\"@type\":\"ListItem\",\"position\":2,\"name\":\"El gerente de Inter\u00f3leo, Esteban Mombl\u00e1n, aborda el buen momento de nuestras exportaciones en Canal Sur\"}]},{\"@type\":\"WebSite\",\"@id\":\"https:\/\/www.interoleo.com\/en\/#website\",\"url\":\"https:\/\/www.interoleo.com\/en\/\",\"name\":\"Grupo Inter\u00f3leo\",\"description\":\"Grupo Inter\u00f3leo comercializador de aceite de oliva a granel\",\"potentialAction\":[{\"@type\":\"SearchAction\",\"target\":{\"@type\":\"EntryPoint\",\"urlTemplate\":\"https:\/\/www.interoleo.com\/en\/?s={search_term_string}\"},\"query-input\":{\"@type\":\"PropertyValueSpecification\",\"valueRequired\":true,\"valueName\":\"search_term_string\"}}],\"inLanguage\":\"en-US\"},{\"@type\":\"Person\",\"@id\":\"https:\/\/www.interoleo.com\/en\/#\/schema\/person\/b38839767920504f85d0555e5244a76d\",\"name\":\"Interoleo Picual\",\"image\":{\"@type\":\"ImageObject\",\"inLanguage\":\"en-US\",\"@id\":\"https:\/\/www.interoleo.com\/en\/#\/schema\/person\/image\/\",\"url\":\"https:\/\/secure.gravatar.com\/avatar\/9d9b88888a963e3b9235bbd165d9c050?s=96&d=mm&r=g\",\"contentUrl\":\"https:\/\/secure.gravatar.com\/avatar\/9d9b88888a963e3b9235bbd165d9c050?s=96&d=mm&r=g\",\"caption\":\"Interoleo Picual\"},\"url\":\"https:\/\/www.interoleo.com\/en\/author\/interoleo\/\"}]}<\/script>\n<!-- \/ Yoast SEO plugin. -->","yoast_head_json":{"title":"El gerente de Inter\u00f3leo, Esteban Mombl\u00e1n, aborda el buen momento de nuestras exportaciones en Canal Sur - Grupo Inter\u00f3leo","robots":{"index":"index","follow":"follow","max-snippet":"max-snippet:-1","max-image-preview":"max-image-preview:large","max-video-preview":"max-video-preview:-1"},"canonical":"https:\/\/www.interoleo.com\/en\/gerente-interoleo-esteban-momblan-aborda-buen-momento-nuestras-exportaciones-canal-sur\/","og_locale":"en_US","og_type":"article","og_title":"El gerente de Inter\u00f3leo, Esteban Mombl\u00e1n, aborda el buen momento de nuestras exportaciones en Canal Sur - Grupo Inter\u00f3leo","og_description":"Nuestro gerente, Esteban Mombl\u00e1n, ha abordado el buen momento de las exportaciones en una entrevista realizada por Juan Armenteros para el informativo de Canal Sur. El gran trabajo que estamos realizando en el exterior da sus frutos y, seg\u00fan los \u00faltimos datos emitidos por Extenda, el pasado a\u00f1o 2016 representamos el 15% del aceite de &hellip; Read more \"El gerente de Inter\u00f3leo, Esteban Mombl\u00e1n, aborda el buen momento de nuestras exportaciones en Canal Sur\"","og_url":"https:\/\/www.interoleo.com\/en\/gerente-interoleo-esteban-momblan-aborda-buen-momento-nuestras-exportaciones-canal-sur\/","og_site_name":"Grupo Inter\u00f3leo","article_published_time":"2017-02-07T09:33:05+00:00","og_image":[{"width":1181,"height":787,"url":"https:\/\/www.interoleo.com\/wp-content\/uploads\/2017\/02\/Esteban-Mombl\u00e1n.jpg","type":"image\/jpeg"}],"author":"Interoleo Picual","twitter_card":"summary_large_image","twitter_misc":{"Written by":"Interoleo Picual","Est. reading time":"1 minute"},"schema":{"@context":"https:\/\/schema.org","@graph":[{"@type":"WebPage","@id":"https:\/\/www.interoleo.com\/en\/gerente-interoleo-esteban-momblan-aborda-buen-momento-nuestras-exportaciones-canal-sur\/","url":"https:\/\/www.interoleo.com\/en\/gerente-interoleo-esteban-momblan-aborda-buen-momento-nuestras-exportaciones-canal-sur\/","name":"El gerente de Inter\u00f3leo, Esteban Mombl\u00e1n, aborda el buen momento de nuestras exportaciones en Canal Sur - Grupo Inter\u00f3leo","isPartOf":{"@id":"https:\/\/www.interoleo.com\/en\/#website"},"primaryImageOfPage":{"@id":"https:\/\/www.interoleo.com\/en\/gerente-interoleo-esteban-momblan-aborda-buen-momento-nuestras-exportaciones-canal-sur\/#primaryimage"},"image":{"@id":"https:\/\/www.interoleo.com\/en\/gerente-interoleo-esteban-momblan-aborda-buen-momento-nuestras-exportaciones-canal-sur\/#primaryimage"},"thumbnailUrl":"https:\/\/www.interoleo.com\/wp-content\/uploads\/2017\/02\/Esteban-Mombl\u00e1n.jpg","datePublished":"2017-02-07T09:33:05+00:00","author":{"@id":"https:\/\/www.interoleo.com\/en\/#\/schema\/person\/b38839767920504f85d0555e5244a76d"},"breadcrumb":{"@id":"https:\/\/www.interoleo.com\/en\/gerente-interoleo-esteban-momblan-aborda-buen-momento-nuestras-exportaciones-canal-sur\/#breadcrumb"},"inLanguage":"en-US","potentialAction":[{"@type":"ReadAction","target":["https:\/\/www.interoleo.com\/en\/gerente-interoleo-esteban-momblan-aborda-buen-momento-nuestras-exportaciones-canal-sur\/"]}]},{"@type":"ImageObject","inLanguage":"en-US","@id":"https:\/\/www.interoleo.com\/en\/gerente-interoleo-esteban-momblan-aborda-buen-momento-nuestras-exportaciones-canal-sur\/#primaryimage","url":"https:\/\/www.interoleo.com\/wp-content\/uploads\/2017\/02\/Esteban-Mombl\u00e1n.jpg","contentUrl":"https:\/\/www.interoleo.com\/wp-content\/uploads\/2017\/02\/Esteban-Mombl\u00e1n.jpg","width":1181,"height":787},{"@type":"BreadcrumbList","@id":"https:\/\/www.interoleo.com\/en\/gerente-interoleo-esteban-momblan-aborda-buen-momento-nuestras-exportaciones-canal-sur\/#breadcrumb","itemListElement":[{"@type":"ListItem","position":1,"name":"Portada","item":"https:\/\/www.interoleo.com\/en\/"},{"@type":"ListItem","position":2,"name":"El gerente de Inter\u00f3leo, Esteban Mombl\u00e1n, aborda el buen momento de nuestras exportaciones en Canal Sur"}]},{"@type":"WebSite","@id":"https:\/\/www.interoleo.com\/en\/#website","url":"https:\/\/www.interoleo.com\/en\/","name":"Grupo Inter\u00f3leo","description":"Grupo Inter\u00f3leo comercializador de aceite de oliva a granel","potentialAction":[{"@type":"SearchAction","target":{"@type":"EntryPoint","urlTemplate":"https:\/\/www.interoleo.com\/en\/?s={search_term_string}"},"query-input":{"@type":"PropertyValueSpecification","valueRequired":true,"valueName":"search_term_string"}}],"inLanguage":"en-US"},{"@type":"Person","@id":"https:\/\/www.interoleo.com\/en\/#\/schema\/person\/b38839767920504f85d0555e5244a76d","name":"Interoleo Picual","image":{"@type":"ImageObject","inLanguage":"en-US","@id":"https:\/\/www.interoleo.com\/en\/#\/schema\/person\/image\/","url":"https:\/\/secure.gravatar.com\/avatar\/9d9b88888a963e3b9235bbd165d9c050?s=96&d=mm&r=g","contentUrl":"https:\/\/secure.gravatar.com\/avatar\/9d9b88888a963e3b9235bbd165d9c050?s=96&d=mm&r=g","caption":"Interoleo Picual"},"url":"https:\/\/www.interoleo.com\/en\/author\/interoleo\/"}]}},"jetpack_publicize_connections":[],"jetpack_featured_media_url":"https:\/\/www.interoleo.com\/wp-content\/uploads\/2017\/02\/Esteban-Mombl\u00e1n.jpg","jetpack_shortlink":"https:\/\/wp.me\/p7R8ws-jy","jetpack_sharing_enabled":true,"_links":{"self":[{"href":"https:\/\/www.interoleo.com\/en\/wp-json\/wp\/v2\/posts\/1212","targetHints":{"allow":["GET"]}}],"collection":[{"href":"https:\/\/www.interoleo.com\/en\/wp-json\/wp\/v2\/posts"}],"about":[{"href":"https:\/\/www.interoleo.com\/en\/wp-json\/wp\/v2\/types\/post"}],"author":[{"embeddable":true,"href":"https:\/\/www.interoleo.com\/en\/wp-json\/wp\/v2\/users\/2"}],"replies":[{"embeddable":true,"href":"https:\/\/www.interoleo.com\/en\/wp-json\/wp\/v2\/comments?post=1212"}],"version-history":[{"count":1,"href":"https:\/\/www.interoleo.com\/en\/wp-json\/wp\/v2\/posts\/1212\/revisions"}],"predecessor-version":[{"id":1214,"href":"https:\/\/www.interoleo.com\/en\/wp-json\/wp\/v2\/posts\/1212\/revisions\/1214"}],"wp:featuredmedia":[{"embeddable":true,"href":"https:\/\/www.interoleo.com\/en\/wp-json\/wp\/v2\/media\/1213"}],"wp:attachment":[{"href":"https:\/\/www.interoleo.com\/en\/wp-json\/wp\/v2\/media?parent=1212"}],"wp:term":[{"taxonomy":"category","embeddable":true,"href":"https:\/\/www.interoleo.com\/en\/wp-json\/wp\/v2\/categories?post=1212"},{"taxonomy":"post_tag","embeddable":true,"href":"https:\/\/www.interoleo.com\/en\/wp-json\/wp\/v2\/tags?post=1212"}],"curies":[{"name":"wp","href":"https:\/\/api.w.org\/{rel}","templated":true}]}}