{"id":1269,"date":"2017-03-03T12:29:00","date_gmt":"2017-03-03T12:29:00","guid":{"rendered":"http:\/\/www.interoleo.com\/?p=1269"},"modified":"2017-03-03T12:29:01","modified_gmt":"2017-03-03T12:29:01","slug":"consideramos-basico-la-futura-pac-contemple-medidas-regular-mercado-garantizar-unos-precios-razonables-del-aceite","status":"publish","type":"post","link":"https:\/\/www.interoleo.com\/en\/consideramos-basico-la-futura-pac-contemple-medidas-regular-mercado-garantizar-unos-precios-razonables-del-aceite\/","title":{"rendered":"Consideramos b\u00e1sico que la futura PAC contemple medidas para regular el mercado y garantizar unos precios razonables del aceite"},"content":{"rendered":"<p>El gerente de Inter\u00f3leo, Esteban Mombl\u00e1n, fue el encargado de representarnos en la nueva reuni\u00f3n de la Mesa de la PAC del Consejo Provincial del Aceite creado por la Diputaci\u00f3n Provincial de Ja\u00e9n. Este encuentro de las organizaciones agrarias, cooperativas, Agricultura y otras entidades del sector olivarero como la nuestra, sirvi\u00f3 para establecer unos puntos de partida a la hora de elaborar un dictamen que posteriormente se someter\u00e1 al Consejo al objeto de establecer el posicionamiento de la provincia de Ja\u00e9n ante la futura PAC, a partir de 2020. Nuestro gerente expuso, de forma somera, nuestro planteamiento, que pasa por una consideraci\u00f3n b\u00e1sica: y es que la pr\u00f3xima PAC tiene que contemplar medidas para regular el mercado y garantizar unos precios razonables en el aceite de oliva. Para nosotros es b\u00e1sico que exista esta regulaci\u00f3n con la intenci\u00f3n de dedicar esfuerzos a fortalecer la renta de los olivareros v\u00eda precios. En este sentido, Esteban Mombl\u00e1n record\u00f3 que el 70% de los ingresos de los agricultores procede de la venta del aceite, mientras que el 30% restante es de subvenciones. De ah\u00ed que abogue por un consenso en medidas encaminadas a regular el mercado, y m\u00e1s en campa\u00f1as como la actual, donde la demanda supera a la oferta y el precio tiende a subir por encima de los costes de producci\u00f3n. Una buena noticia que debe hacer reflexionar al conjunto del sector para que, en futuras campa\u00f1as donde la oferta sea muy superior a la demanda, no se produzcan los dientes de sierra en los precios y haya unas oscilaciones tan enormes, como ha venido ocurriendo hasta ahora.<\/p>\n\n","protected":false},"excerpt":{"rendered":"<p>El gerente de Inter\u00f3leo, Esteban Mombl\u00e1n, fue el encargado de representarnos en la nueva reuni\u00f3n de la Mesa de la PAC del Consejo Provincial del Aceite creado por la Diputaci\u00f3n Provincial de Ja\u00e9n. Este encuentro de las organizaciones agrarias, cooperativas, Agricultura y otras entidades del sector olivarero como la nuestra, sirvi\u00f3 para establecer unos puntos &hellip; <\/p>\n<p class=\"link-more\"><a href=\"https:\/\/www.interoleo.com\/en\/consideramos-basico-la-futura-pac-contemple-medidas-regular-mercado-garantizar-unos-precios-razonables-del-aceite\/\" class=\"more-link\">Read more<span class=\"screen-reader-text\"> &#8220;Consideramos b\u00e1sico que la futura PAC contemple medidas para regular el mercado y garantizar unos precios razonables del aceite&#8221;<\/span><\/a><\/p>\n","protected":false},"author":2,"featured_media":1272,"comment_status":"closed","ping_status":"closed","sticky":false,"template":"","format":"standard","meta":{"jetpack_post_was_ever_published":false,"_jetpack_newsletter_access":"","_jetpack_dont_email_post_to_subs":false,"_jetpack_newsletter_tier_id":0,"_jetpack_memberships_contains_paywalled_content":false,"_jetpack_memberships_contains_paid_content":false,"footnotes":"","jetpack_publicize_message":"","jetpack_publicize_feature_enabled":true,"jetpack_social_post_already_shared":true,"jetpack_social_options":{"image_generator_settings":{"template":"highway","default_image_id":0,"font":"","enabled":false},"version":2}},"categories":[3,4,7],"tags":[17,95,22,23,44,12,93,94,97,83,96],"class_list":["post-1269","post","type-post","status-publish","format-standard","has-post-thumbnail","hentry","category-aceite-de-oliva","category-actualidad","category-noticias-interoleo","tag-aceite","tag-ayudas-comunitarias","tag-esteban-momblan","tag-gerente-de-interoleo","tag-grupo-interoleo","tag-interoleo","tag-mesa-de-la-pac","tag-pac","tag-precios-del-aceite","tag-sector-olivarero","tag-union-europea"],"yoast_head":"<!-- This site is optimized with the Yoast SEO plugin v26.0 - https:\/\/yoast.com\/wordpress\/plugins\/seo\/ -->\n<title>Consideramos b\u00e1sico que la futura PAC contemple medidas para regular el mercado y garantizar unos precios razonables del aceite - Grupo Inter\u00f3leo<\/title>\n<meta name=\"robots\" content=\"index, follow, max-snippet:-1, max-image-preview:large, max-video-preview:-1\" \/>\n<link rel=\"canonical\" href=\"https:\/\/www.interoleo.com\/en\/consideramos-basico-la-futura-pac-contemple-medidas-regular-mercado-garantizar-unos-precios-razonables-del-aceite\/\" \/>\n<meta property=\"og:locale\" content=\"en_US\" \/>\n<meta property=\"og:type\" content=\"article\" \/>\n<meta property=\"og:title\" content=\"Consideramos b\u00e1sico que la futura PAC contemple medidas para regular el mercado y garantizar unos precios razonables del aceite - Grupo Inter\u00f3leo\" \/>\n<meta property=\"og:description\" content=\"El gerente de Inter\u00f3leo, Esteban Mombl\u00e1n, fue el encargado de representarnos en la nueva reuni\u00f3n de la Mesa de la PAC del Consejo Provincial del Aceite creado por la Diputaci\u00f3n Provincial de Ja\u00e9n. Este encuentro de las organizaciones agrarias, cooperativas, Agricultura y otras entidades del sector olivarero como la nuestra, sirvi\u00f3 para establecer unos puntos &hellip; Read more &quot;Consideramos b\u00e1sico que la futura PAC contemple medidas para regular el mercado y garantizar unos precios razonables del aceite&quot;\" \/>\n<meta property=\"og:url\" content=\"https:\/\/www.interoleo.com\/en\/consideramos-basico-la-futura-pac-contemple-medidas-regular-mercado-garantizar-unos-precios-razonables-del-aceite\/\" \/>\n<meta property=\"og:site_name\" content=\"Grupo Inter\u00f3leo\" \/>\n<meta property=\"article:published_time\" content=\"2017-03-03T12:29:00+00:00\" \/>\n<meta property=\"article:modified_time\" content=\"2017-03-03T12:29:01+00:00\" \/>\n<meta property=\"og:image\" content=\"https:\/\/www.interoleo.com\/wp-content\/uploads\/2017\/03\/Mesa-PAC-3.jpg\" \/>\n\t<meta property=\"og:image:width\" content=\"1181\" \/>\n\t<meta property=\"og:image:height\" content=\"787\" \/>\n\t<meta property=\"og:image:type\" content=\"image\/jpeg\" \/>\n<meta name=\"author\" content=\"Interoleo Picual\" \/>\n<meta name=\"twitter:card\" content=\"summary_large_image\" \/>\n<meta name=\"twitter:label1\" content=\"Written by\" \/>\n\t<meta name=\"twitter:data1\" content=\"Interoleo Picual\" \/>\n\t<meta name=\"twitter:label2\" content=\"Est. reading time\" \/>\n\t<meta name=\"twitter:data2\" content=\"1 minute\" \/>\n<script type=\"application\/ld+json\" class=\"yoast-schema-graph\">{\"@context\":\"https:\/\/schema.org\",\"@graph\":[{\"@type\":\"WebPage\",\"@id\":\"https:\/\/www.interoleo.com\/en\/consideramos-basico-la-futura-pac-contemple-medidas-regular-mercado-garantizar-unos-precios-razonables-del-aceite\/\",\"url\":\"https:\/\/www.interoleo.com\/en\/consideramos-basico-la-futura-pac-contemple-medidas-regular-mercado-garantizar-unos-precios-razonables-del-aceite\/\",\"name\":\"Consideramos b\u00e1sico que la futura PAC contemple medidas para regular el mercado y garantizar unos precios razonables del aceite - Grupo Inter\u00f3leo\",\"isPartOf\":{\"@id\":\"https:\/\/www.interoleo.com\/en\/#website\"},\"primaryImageOfPage\":{\"@id\":\"https:\/\/www.interoleo.com\/en\/consideramos-basico-la-futura-pac-contemple-medidas-regular-mercado-garantizar-unos-precios-razonables-del-aceite\/#primaryimage\"},\"image\":{\"@id\":\"https:\/\/www.interoleo.com\/en\/consideramos-basico-la-futura-pac-contemple-medidas-regular-mercado-garantizar-unos-precios-razonables-del-aceite\/#primaryimage\"},\"thumbnailUrl\":\"https:\/\/www.interoleo.com\/wp-content\/uploads\/2017\/03\/Mesa-PAC-3.jpg\",\"datePublished\":\"2017-03-03T12:29:00+00:00\",\"dateModified\":\"2017-03-03T12:29:01+00:00\",\"author\":{\"@id\":\"https:\/\/www.interoleo.com\/en\/#\/schema\/person\/b38839767920504f85d0555e5244a76d\"},\"breadcrumb\":{\"@id\":\"https:\/\/www.interoleo.com\/en\/consideramos-basico-la-futura-pac-contemple-medidas-regular-mercado-garantizar-unos-precios-razonables-del-aceite\/#breadcrumb\"},\"inLanguage\":\"en-US\",\"potentialAction\":[{\"@type\":\"ReadAction\",\"target\":[\"https:\/\/www.interoleo.com\/en\/consideramos-basico-la-futura-pac-contemple-medidas-regular-mercado-garantizar-unos-precios-razonables-del-aceite\/\"]}]},{\"@type\":\"ImageObject\",\"inLanguage\":\"en-US\",\"@id\":\"https:\/\/www.interoleo.com\/en\/consideramos-basico-la-futura-pac-contemple-medidas-regular-mercado-garantizar-unos-precios-razonables-del-aceite\/#primaryimage\",\"url\":\"https:\/\/www.interoleo.com\/wp-content\/uploads\/2017\/03\/Mesa-PAC-3.jpg\",\"contentUrl\":\"https:\/\/www.interoleo.com\/wp-content\/uploads\/2017\/03\/Mesa-PAC-3.jpg\",\"width\":1181,\"height\":787},{\"@type\":\"BreadcrumbList\",\"@id\":\"https:\/\/www.interoleo.com\/en\/consideramos-basico-la-futura-pac-contemple-medidas-regular-mercado-garantizar-unos-precios-razonables-del-aceite\/#breadcrumb\",\"itemListElement\":[{\"@type\":\"ListItem\",\"position\":1,\"name\":\"Portada\",\"item\":\"https:\/\/www.interoleo.com\/en\/\"},{\"@type\":\"ListItem\",\"position\":2,\"name\":\"Consideramos b\u00e1sico que la futura PAC contemple medidas para regular el mercado y garantizar unos precios razonables del aceite\"}]},{\"@type\":\"WebSite\",\"@id\":\"https:\/\/www.interoleo.com\/en\/#website\",\"url\":\"https:\/\/www.interoleo.com\/en\/\",\"name\":\"Grupo Inter\u00f3leo\",\"description\":\"Grupo Inter\u00f3leo comercializador de aceite de oliva a granel\",\"potentialAction\":[{\"@type\":\"SearchAction\",\"target\":{\"@type\":\"EntryPoint\",\"urlTemplate\":\"https:\/\/www.interoleo.com\/en\/?s={search_term_string}\"},\"query-input\":{\"@type\":\"PropertyValueSpecification\",\"valueRequired\":true,\"valueName\":\"search_term_string\"}}],\"inLanguage\":\"en-US\"},{\"@type\":\"Person\",\"@id\":\"https:\/\/www.interoleo.com\/en\/#\/schema\/person\/b38839767920504f85d0555e5244a76d\",\"name\":\"Interoleo Picual\",\"image\":{\"@type\":\"ImageObject\",\"inLanguage\":\"en-US\",\"@id\":\"https:\/\/www.interoleo.com\/en\/#\/schema\/person\/image\/\",\"url\":\"https:\/\/secure.gravatar.com\/avatar\/9d9b88888a963e3b9235bbd165d9c050?s=96&d=mm&r=g\",\"contentUrl\":\"https:\/\/secure.gravatar.com\/avatar\/9d9b88888a963e3b9235bbd165d9c050?s=96&d=mm&r=g\",\"caption\":\"Interoleo Picual\"},\"url\":\"https:\/\/www.interoleo.com\/en\/author\/interoleo\/\"}]}<\/script>\n<!-- \/ Yoast SEO plugin. -->","yoast_head_json":{"title":"Consideramos b\u00e1sico que la futura PAC contemple medidas para regular el mercado y garantizar unos precios razonables del aceite - Grupo Inter\u00f3leo","robots":{"index":"index","follow":"follow","max-snippet":"max-snippet:-1","max-image-preview":"max-image-preview:large","max-video-preview":"max-video-preview:-1"},"canonical":"https:\/\/www.interoleo.com\/en\/consideramos-basico-la-futura-pac-contemple-medidas-regular-mercado-garantizar-unos-precios-razonables-del-aceite\/","og_locale":"en_US","og_type":"article","og_title":"Consideramos b\u00e1sico que la futura PAC contemple medidas para regular el mercado y garantizar unos precios razonables del aceite - Grupo Inter\u00f3leo","og_description":"El gerente de Inter\u00f3leo, Esteban Mombl\u00e1n, fue el encargado de representarnos en la nueva reuni\u00f3n de la Mesa de la PAC del Consejo Provincial del Aceite creado por la Diputaci\u00f3n Provincial de Ja\u00e9n. Este encuentro de las organizaciones agrarias, cooperativas, Agricultura y otras entidades del sector olivarero como la nuestra, sirvi\u00f3 para establecer unos puntos &hellip; Read more \"Consideramos b\u00e1sico que la futura PAC contemple medidas para regular el mercado y garantizar unos precios razonables del aceite\"","og_url":"https:\/\/www.interoleo.com\/en\/consideramos-basico-la-futura-pac-contemple-medidas-regular-mercado-garantizar-unos-precios-razonables-del-aceite\/","og_site_name":"Grupo Inter\u00f3leo","article_published_time":"2017-03-03T12:29:00+00:00","article_modified_time":"2017-03-03T12:29:01+00:00","og_image":[{"width":1181,"height":787,"url":"https:\/\/www.interoleo.com\/wp-content\/uploads\/2017\/03\/Mesa-PAC-3.jpg","type":"image\/jpeg"}],"author":"Interoleo Picual","twitter_card":"summary_large_image","twitter_misc":{"Written by":"Interoleo Picual","Est. reading time":"1 minute"},"schema":{"@context":"https:\/\/schema.org","@graph":[{"@type":"WebPage","@id":"https:\/\/www.interoleo.com\/en\/consideramos-basico-la-futura-pac-contemple-medidas-regular-mercado-garantizar-unos-precios-razonables-del-aceite\/","url":"https:\/\/www.interoleo.com\/en\/consideramos-basico-la-futura-pac-contemple-medidas-regular-mercado-garantizar-unos-precios-razonables-del-aceite\/","name":"Consideramos b\u00e1sico que la futura PAC contemple medidas para regular el mercado y garantizar unos precios razonables del aceite - Grupo Inter\u00f3leo","isPartOf":{"@id":"https:\/\/www.interoleo.com\/en\/#website"},"primaryImageOfPage":{"@id":"https:\/\/www.interoleo.com\/en\/consideramos-basico-la-futura-pac-contemple-medidas-regular-mercado-garantizar-unos-precios-razonables-del-aceite\/#primaryimage"},"image":{"@id":"https:\/\/www.interoleo.com\/en\/consideramos-basico-la-futura-pac-contemple-medidas-regular-mercado-garantizar-unos-precios-razonables-del-aceite\/#primaryimage"},"thumbnailUrl":"https:\/\/www.interoleo.com\/wp-content\/uploads\/2017\/03\/Mesa-PAC-3.jpg","datePublished":"2017-03-03T12:29:00+00:00","dateModified":"2017-03-03T12:29:01+00:00","author":{"@id":"https:\/\/www.interoleo.com\/en\/#\/schema\/person\/b38839767920504f85d0555e5244a76d"},"breadcrumb":{"@id":"https:\/\/www.interoleo.com\/en\/consideramos-basico-la-futura-pac-contemple-medidas-regular-mercado-garantizar-unos-precios-razonables-del-aceite\/#breadcrumb"},"inLanguage":"en-US","potentialAction":[{"@type":"ReadAction","target":["https:\/\/www.interoleo.com\/en\/consideramos-basico-la-futura-pac-contemple-medidas-regular-mercado-garantizar-unos-precios-razonables-del-aceite\/"]}]},{"@type":"ImageObject","inLanguage":"en-US","@id":"https:\/\/www.interoleo.com\/en\/consideramos-basico-la-futura-pac-contemple-medidas-regular-mercado-garantizar-unos-precios-razonables-del-aceite\/#primaryimage","url":"https:\/\/www.interoleo.com\/wp-content\/uploads\/2017\/03\/Mesa-PAC-3.jpg","contentUrl":"https:\/\/www.interoleo.com\/wp-content\/uploads\/2017\/03\/Mesa-PAC-3.jpg","width":1181,"height":787},{"@type":"BreadcrumbList","@id":"https:\/\/www.interoleo.com\/en\/consideramos-basico-la-futura-pac-contemple-medidas-regular-mercado-garantizar-unos-precios-razonables-del-aceite\/#breadcrumb","itemListElement":[{"@type":"ListItem","position":1,"name":"Portada","item":"https:\/\/www.interoleo.com\/en\/"},{"@type":"ListItem","position":2,"name":"Consideramos b\u00e1sico que la futura PAC contemple medidas para regular el mercado y garantizar unos precios razonables del aceite"}]},{"@type":"WebSite","@id":"https:\/\/www.interoleo.com\/en\/#website","url":"https:\/\/www.interoleo.com\/en\/","name":"Grupo Inter\u00f3leo","description":"Grupo Inter\u00f3leo comercializador de aceite de oliva a granel","potentialAction":[{"@type":"SearchAction","target":{"@type":"EntryPoint","urlTemplate":"https:\/\/www.interoleo.com\/en\/?s={search_term_string}"},"query-input":{"@type":"PropertyValueSpecification","valueRequired":true,"valueName":"search_term_string"}}],"inLanguage":"en-US"},{"@type":"Person","@id":"https:\/\/www.interoleo.com\/en\/#\/schema\/person\/b38839767920504f85d0555e5244a76d","name":"Interoleo Picual","image":{"@type":"ImageObject","inLanguage":"en-US","@id":"https:\/\/www.interoleo.com\/en\/#\/schema\/person\/image\/","url":"https:\/\/secure.gravatar.com\/avatar\/9d9b88888a963e3b9235bbd165d9c050?s=96&d=mm&r=g","contentUrl":"https:\/\/secure.gravatar.com\/avatar\/9d9b88888a963e3b9235bbd165d9c050?s=96&d=mm&r=g","caption":"Interoleo Picual"},"url":"https:\/\/www.interoleo.com\/en\/author\/interoleo\/"}]}},"jetpack_publicize_connections":[],"jetpack_featured_media_url":"https:\/\/www.interoleo.com\/wp-content\/uploads\/2017\/03\/Mesa-PAC-3.jpg","jetpack_shortlink":"https:\/\/wp.me\/p7R8ws-kt","jetpack_sharing_enabled":true,"_links":{"self":[{"href":"https:\/\/www.interoleo.com\/en\/wp-json\/wp\/v2\/posts\/1269","targetHints":{"allow":["GET"]}}],"collection":[{"href":"https:\/\/www.interoleo.com\/en\/wp-json\/wp\/v2\/posts"}],"about":[{"href":"https:\/\/www.interoleo.com\/en\/wp-json\/wp\/v2\/types\/post"}],"author":[{"embeddable":true,"href":"https:\/\/www.interoleo.com\/en\/wp-json\/wp\/v2\/users\/2"}],"replies":[{"embeddable":true,"href":"https:\/\/www.interoleo.com\/en\/wp-json\/wp\/v2\/comments?post=1269"}],"version-history":[{"count":1,"href":"https:\/\/www.interoleo.com\/en\/wp-json\/wp\/v2\/posts\/1269\/revisions"}],"predecessor-version":[{"id":1274,"href":"https:\/\/www.interoleo.com\/en\/wp-json\/wp\/v2\/posts\/1269\/revisions\/1274"}],"wp:featuredmedia":[{"embeddable":true,"href":"https:\/\/www.interoleo.com\/en\/wp-json\/wp\/v2\/media\/1272"}],"wp:attachment":[{"href":"https:\/\/www.interoleo.com\/en\/wp-json\/wp\/v2\/media?parent=1269"}],"wp:term":[{"taxonomy":"category","embeddable":true,"href":"https:\/\/www.interoleo.com\/en\/wp-json\/wp\/v2\/categories?post=1269"},{"taxonomy":"post_tag","embeddable":true,"href":"https:\/\/www.interoleo.com\/en\/wp-json\/wp\/v2\/tags?post=1269"}],"curies":[{"name":"wp","href":"https:\/\/api.w.org\/{rel}","templated":true}]}}