{"id":1281,"date":"2017-03-09T10:33:48","date_gmt":"2017-03-09T10:33:48","guid":{"rendered":"http:\/\/www.interoleo.com\/?p=1281"},"modified":"2017-03-09T10:34:07","modified_gmt":"2017-03-09T10:34:07","slug":"reforzamos-compromiso-la-formacion-los-socios-curso-poda-la-cooperativa-san-juan-villargordo","status":"publish","type":"post","link":"https:\/\/www.interoleo.com\/en\/reforzamos-compromiso-la-formacion-los-socios-curso-poda-la-cooperativa-san-juan-villargordo\/","title":{"rendered":"Reforzamos nuestro compromiso con la formaci\u00f3n de los socios con un curso de  poda en la Cooperativa San Juan de Villargordo"},"content":{"rendered":"<p>La profesionalizaci\u00f3n es la base de una buena gesti\u00f3n empresarial. Y para reforzar esta cualidad, en Inter\u00f3leo somos conscientes de que la formaci\u00f3n es clave. Por ese motivo, este 2017 vamos a reforzar las acciones formativas para los agricultores de nuestras cooperativas y almazaras integradas, al objeto de disponer de un sector mucho m\u00e1s profesionalizado en todos los eslabones. Para comenzar este programa, el primer curso, en colaboraci\u00f3n con el Instituto de Formaci\u00f3n Docente, se est\u00e1 realizando en la Cooperativa San Juan de Villargordo y consiste en la poda del olivar, una actividad agraria que se est\u00e1 produciendo en estos meses en el campo jiennense.<\/p>\n<p>Los alumnos est\u00e1n conociendo\u00a0los principios generales de la poda, reconociendo las distintas partes del olivo y aprendiendo la aplicaci\u00f3n de normas b\u00e1sicas de cortes y control de vigor. Tambi\u00e9n se est\u00e1 viendo en la teor\u00eda la desinfecci\u00f3n de herramientas de podar y protecci\u00f3n de cortes; la identificaci\u00f3n de formaciones vegetativas y fruct\u00edferas; el reconocimiento de los diferentes tipos de ramas, brotes y yemas; la diferenciaci\u00f3n de los distintos estadios fenol\u00f3gicos en plantaciones de olivos; la aplicaci\u00f3n de t\u00e9cnicas de poda de fructificaci\u00f3n y renovaci\u00f3n; la aplicaci\u00f3n de las normas de seguridad e higiene en la poda; y la utilizaci\u00f3n del equipo de protecci\u00f3n individual. En este sentido, el curso cuenta con una parte indispensable en toda acci\u00f3n formativa, como es la prevenci\u00f3n de riesgos laborales para cumplir con la normativa vigente.<\/p>\n<p>Desde Inter\u00f3leo seguimos apostando por la formaci\u00f3n como base sobre la que se sustenta nuestro proyecto de profesionalizaci\u00f3n del sector puesto en marcha desde hace seis a\u00f1os. De esta manera, la empresa consolida su posicionamiento al frente de una concentraci\u00f3n de la oferta entendida tanto desde el punto de vista de la venta del producto, como de la innovaci\u00f3n y de la permanente labor formativa que se debe llevar a cabo para estar al d\u00eda y actualizar todos los asuntos m\u00e1s importante relacionados con el sector ole\u00edcola.<\/p>\n<p>Este nuevo curso forma parte del continuo proceso formativo que, desde sus inicios, ha puesto en marcha Inter\u00f3leo como parte fundamental de su proyecto de concentraci\u00f3n, que no solo se entiende para mejorar las condiciones econ\u00f3micas de sus socios, sino tambi\u00e9n para adquirir los mayores conocimientos que hagan m\u00e1s profesional su gesti\u00f3n y, por consiguiente, redunden en un incremento del valor a\u00f1adido por la venta del aceite de oliva.<\/p>\n\n","protected":false},"excerpt":{"rendered":"<p>La profesionalizaci\u00f3n es la base de una buena gesti\u00f3n empresarial. Y para reforzar esta cualidad, en Inter\u00f3leo somos conscientes de que la formaci\u00f3n es clave. Por ese motivo, este 2017 vamos a reforzar las acciones formativas para los agricultores de nuestras cooperativas y almazaras integradas, al objeto de disponer de un sector mucho m\u00e1s profesionalizado &hellip; <\/p>\n<p class=\"link-more\"><a href=\"https:\/\/www.interoleo.com\/en\/reforzamos-compromiso-la-formacion-los-socios-curso-poda-la-cooperativa-san-juan-villargordo\/\" class=\"more-link\">Read more<span class=\"screen-reader-text\"> &#8220;Reforzamos nuestro compromiso con la formaci\u00f3n de los socios con un curso de  poda en la Cooperativa San Juan de Villargordo&#8221;<\/span><\/a><\/p>\n","protected":false},"author":2,"featured_media":1286,"comment_status":"closed","ping_status":"closed","sticky":false,"template":"","format":"standard","meta":{"jetpack_post_was_ever_published":false,"_jetpack_newsletter_access":"","_jetpack_dont_email_post_to_subs":false,"_jetpack_newsletter_tier_id":0,"_jetpack_memberships_contains_paywalled_content":false,"_jetpack_memberships_contains_paid_content":false,"footnotes":"","jetpack_publicize_message":"","jetpack_publicize_feature_enabled":true,"jetpack_social_post_already_shared":true,"jetpack_social_options":{"image_generator_settings":{"template":"highway","default_image_id":0,"font":"","enabled":false},"version":2}},"categories":[3,4,7],"tags":[102,85,103,104,106,105,83],"class_list":["post-1281","post","type-post","status-publish","format-standard","has-post-thumbnail","hentry","category-aceite-de-oliva","category-actualidad","category-noticias-interoleo","tag-curso-de-poda-del-olivar","tag-formacion","tag-olivar","tag-poda","tag-profesionalizacion","tag-sca-san-juan","tag-sector-olivarero"],"yoast_head":"<!-- This site is optimized with the Yoast SEO plugin v26.0 - https:\/\/yoast.com\/wordpress\/plugins\/seo\/ -->\n<title>Reforzamos nuestro compromiso con la formaci\u00f3n de los socios con un curso de poda en la Cooperativa San Juan de Villargordo - Grupo Inter\u00f3leo<\/title>\n<meta name=\"robots\" content=\"index, follow, max-snippet:-1, max-image-preview:large, max-video-preview:-1\" \/>\n<link rel=\"canonical\" href=\"https:\/\/www.interoleo.com\/en\/reforzamos-compromiso-la-formacion-los-socios-curso-poda-la-cooperativa-san-juan-villargordo\/\" \/>\n<meta property=\"og:locale\" content=\"en_US\" \/>\n<meta property=\"og:type\" content=\"article\" \/>\n<meta property=\"og:title\" content=\"Reforzamos nuestro compromiso con la formaci\u00f3n de los socios con un curso de poda en la Cooperativa San Juan de Villargordo - Grupo Inter\u00f3leo\" \/>\n<meta property=\"og:description\" content=\"La profesionalizaci\u00f3n es la base de una buena gesti\u00f3n empresarial. Y para reforzar esta cualidad, en Inter\u00f3leo somos conscientes de que la formaci\u00f3n es clave. Por ese motivo, este 2017 vamos a reforzar las acciones formativas para los agricultores de nuestras cooperativas y almazaras integradas, al objeto de disponer de un sector mucho m\u00e1s profesionalizado &hellip; Read more &quot;Reforzamos nuestro compromiso con la formaci\u00f3n de los socios con un curso de poda en la Cooperativa San Juan de Villargordo&quot;\" \/>\n<meta property=\"og:url\" content=\"https:\/\/www.interoleo.com\/en\/reforzamos-compromiso-la-formacion-los-socios-curso-poda-la-cooperativa-san-juan-villargordo\/\" \/>\n<meta property=\"og:site_name\" content=\"Grupo Inter\u00f3leo\" \/>\n<meta property=\"article:published_time\" content=\"2017-03-09T10:33:48+00:00\" \/>\n<meta property=\"article:modified_time\" content=\"2017-03-09T10:34:07+00:00\" \/>\n<meta property=\"og:image\" content=\"https:\/\/www.interoleo.com\/wp-content\/uploads\/2017\/03\/Cuso-poda.jpg\" \/>\n\t<meta property=\"og:image:width\" content=\"1181\" \/>\n\t<meta property=\"og:image:height\" content=\"1010\" \/>\n\t<meta property=\"og:image:type\" content=\"image\/jpeg\" \/>\n<meta name=\"author\" content=\"Interoleo Picual\" \/>\n<meta name=\"twitter:card\" content=\"summary_large_image\" \/>\n<meta name=\"twitter:label1\" content=\"Written by\" \/>\n\t<meta name=\"twitter:data1\" content=\"Interoleo Picual\" \/>\n\t<meta name=\"twitter:label2\" content=\"Est. reading time\" \/>\n\t<meta name=\"twitter:data2\" content=\"2 minutes\" \/>\n<script type=\"application\/ld+json\" class=\"yoast-schema-graph\">{\"@context\":\"https:\/\/schema.org\",\"@graph\":[{\"@type\":\"WebPage\",\"@id\":\"https:\/\/www.interoleo.com\/en\/reforzamos-compromiso-la-formacion-los-socios-curso-poda-la-cooperativa-san-juan-villargordo\/\",\"url\":\"https:\/\/www.interoleo.com\/en\/reforzamos-compromiso-la-formacion-los-socios-curso-poda-la-cooperativa-san-juan-villargordo\/\",\"name\":\"Reforzamos nuestro compromiso con la formaci\u00f3n de los socios con un curso de poda en la Cooperativa San Juan de Villargordo - Grupo Inter\u00f3leo\",\"isPartOf\":{\"@id\":\"https:\/\/www.interoleo.com\/en\/#website\"},\"primaryImageOfPage\":{\"@id\":\"https:\/\/www.interoleo.com\/en\/reforzamos-compromiso-la-formacion-los-socios-curso-poda-la-cooperativa-san-juan-villargordo\/#primaryimage\"},\"image\":{\"@id\":\"https:\/\/www.interoleo.com\/en\/reforzamos-compromiso-la-formacion-los-socios-curso-poda-la-cooperativa-san-juan-villargordo\/#primaryimage\"},\"thumbnailUrl\":\"https:\/\/www.interoleo.com\/wp-content\/uploads\/2017\/03\/Cuso-poda.jpg\",\"datePublished\":\"2017-03-09T10:33:48+00:00\",\"dateModified\":\"2017-03-09T10:34:07+00:00\",\"author\":{\"@id\":\"https:\/\/www.interoleo.com\/en\/#\/schema\/person\/b38839767920504f85d0555e5244a76d\"},\"breadcrumb\":{\"@id\":\"https:\/\/www.interoleo.com\/en\/reforzamos-compromiso-la-formacion-los-socios-curso-poda-la-cooperativa-san-juan-villargordo\/#breadcrumb\"},\"inLanguage\":\"en-US\",\"potentialAction\":[{\"@type\":\"ReadAction\",\"target\":[\"https:\/\/www.interoleo.com\/en\/reforzamos-compromiso-la-formacion-los-socios-curso-poda-la-cooperativa-san-juan-villargordo\/\"]}]},{\"@type\":\"ImageObject\",\"inLanguage\":\"en-US\",\"@id\":\"https:\/\/www.interoleo.com\/en\/reforzamos-compromiso-la-formacion-los-socios-curso-poda-la-cooperativa-san-juan-villargordo\/#primaryimage\",\"url\":\"https:\/\/www.interoleo.com\/wp-content\/uploads\/2017\/03\/Cuso-poda.jpg\",\"contentUrl\":\"https:\/\/www.interoleo.com\/wp-content\/uploads\/2017\/03\/Cuso-poda.jpg\",\"width\":1181,\"height\":1010},{\"@type\":\"BreadcrumbList\",\"@id\":\"https:\/\/www.interoleo.com\/en\/reforzamos-compromiso-la-formacion-los-socios-curso-poda-la-cooperativa-san-juan-villargordo\/#breadcrumb\",\"itemListElement\":[{\"@type\":\"ListItem\",\"position\":1,\"name\":\"Portada\",\"item\":\"https:\/\/www.interoleo.com\/en\/\"},{\"@type\":\"ListItem\",\"position\":2,\"name\":\"Reforzamos nuestro compromiso con la formaci\u00f3n de los socios con un curso de poda en la Cooperativa San Juan de Villargordo\"}]},{\"@type\":\"WebSite\",\"@id\":\"https:\/\/www.interoleo.com\/en\/#website\",\"url\":\"https:\/\/www.interoleo.com\/en\/\",\"name\":\"Grupo Inter\u00f3leo\",\"description\":\"Grupo Inter\u00f3leo comercializador de aceite de oliva a granel\",\"potentialAction\":[{\"@type\":\"SearchAction\",\"target\":{\"@type\":\"EntryPoint\",\"urlTemplate\":\"https:\/\/www.interoleo.com\/en\/?s={search_term_string}\"},\"query-input\":{\"@type\":\"PropertyValueSpecification\",\"valueRequired\":true,\"valueName\":\"search_term_string\"}}],\"inLanguage\":\"en-US\"},{\"@type\":\"Person\",\"@id\":\"https:\/\/www.interoleo.com\/en\/#\/schema\/person\/b38839767920504f85d0555e5244a76d\",\"name\":\"Interoleo Picual\",\"image\":{\"@type\":\"ImageObject\",\"inLanguage\":\"en-US\",\"@id\":\"https:\/\/www.interoleo.com\/en\/#\/schema\/person\/image\/\",\"url\":\"https:\/\/secure.gravatar.com\/avatar\/9d9b88888a963e3b9235bbd165d9c050?s=96&d=mm&r=g\",\"contentUrl\":\"https:\/\/secure.gravatar.com\/avatar\/9d9b88888a963e3b9235bbd165d9c050?s=96&d=mm&r=g\",\"caption\":\"Interoleo Picual\"},\"url\":\"https:\/\/www.interoleo.com\/en\/author\/interoleo\/\"}]}<\/script>\n<!-- \/ Yoast SEO plugin. -->","yoast_head_json":{"title":"Reforzamos nuestro compromiso con la formaci\u00f3n de los socios con un curso de poda en la Cooperativa San Juan de Villargordo - Grupo Inter\u00f3leo","robots":{"index":"index","follow":"follow","max-snippet":"max-snippet:-1","max-image-preview":"max-image-preview:large","max-video-preview":"max-video-preview:-1"},"canonical":"https:\/\/www.interoleo.com\/en\/reforzamos-compromiso-la-formacion-los-socios-curso-poda-la-cooperativa-san-juan-villargordo\/","og_locale":"en_US","og_type":"article","og_title":"Reforzamos nuestro compromiso con la formaci\u00f3n de los socios con un curso de poda en la Cooperativa San Juan de Villargordo - Grupo Inter\u00f3leo","og_description":"La profesionalizaci\u00f3n es la base de una buena gesti\u00f3n empresarial. Y para reforzar esta cualidad, en Inter\u00f3leo somos conscientes de que la formaci\u00f3n es clave. Por ese motivo, este 2017 vamos a reforzar las acciones formativas para los agricultores de nuestras cooperativas y almazaras integradas, al objeto de disponer de un sector mucho m\u00e1s profesionalizado &hellip; Read more \"Reforzamos nuestro compromiso con la formaci\u00f3n de los socios con un curso de poda en la Cooperativa San Juan de Villargordo\"","og_url":"https:\/\/www.interoleo.com\/en\/reforzamos-compromiso-la-formacion-los-socios-curso-poda-la-cooperativa-san-juan-villargordo\/","og_site_name":"Grupo Inter\u00f3leo","article_published_time":"2017-03-09T10:33:48+00:00","article_modified_time":"2017-03-09T10:34:07+00:00","og_image":[{"width":1181,"height":1010,"url":"https:\/\/www.interoleo.com\/wp-content\/uploads\/2017\/03\/Cuso-poda.jpg","type":"image\/jpeg"}],"author":"Interoleo Picual","twitter_card":"summary_large_image","twitter_misc":{"Written by":"Interoleo Picual","Est. reading time":"2 minutes"},"schema":{"@context":"https:\/\/schema.org","@graph":[{"@type":"WebPage","@id":"https:\/\/www.interoleo.com\/en\/reforzamos-compromiso-la-formacion-los-socios-curso-poda-la-cooperativa-san-juan-villargordo\/","url":"https:\/\/www.interoleo.com\/en\/reforzamos-compromiso-la-formacion-los-socios-curso-poda-la-cooperativa-san-juan-villargordo\/","name":"Reforzamos nuestro compromiso con la formaci\u00f3n de los socios con un curso de poda en la Cooperativa San Juan de Villargordo - Grupo Inter\u00f3leo","isPartOf":{"@id":"https:\/\/www.interoleo.com\/en\/#website"},"primaryImageOfPage":{"@id":"https:\/\/www.interoleo.com\/en\/reforzamos-compromiso-la-formacion-los-socios-curso-poda-la-cooperativa-san-juan-villargordo\/#primaryimage"},"image":{"@id":"https:\/\/www.interoleo.com\/en\/reforzamos-compromiso-la-formacion-los-socios-curso-poda-la-cooperativa-san-juan-villargordo\/#primaryimage"},"thumbnailUrl":"https:\/\/www.interoleo.com\/wp-content\/uploads\/2017\/03\/Cuso-poda.jpg","datePublished":"2017-03-09T10:33:48+00:00","dateModified":"2017-03-09T10:34:07+00:00","author":{"@id":"https:\/\/www.interoleo.com\/en\/#\/schema\/person\/b38839767920504f85d0555e5244a76d"},"breadcrumb":{"@id":"https:\/\/www.interoleo.com\/en\/reforzamos-compromiso-la-formacion-los-socios-curso-poda-la-cooperativa-san-juan-villargordo\/#breadcrumb"},"inLanguage":"en-US","potentialAction":[{"@type":"ReadAction","target":["https:\/\/www.interoleo.com\/en\/reforzamos-compromiso-la-formacion-los-socios-curso-poda-la-cooperativa-san-juan-villargordo\/"]}]},{"@type":"ImageObject","inLanguage":"en-US","@id":"https:\/\/www.interoleo.com\/en\/reforzamos-compromiso-la-formacion-los-socios-curso-poda-la-cooperativa-san-juan-villargordo\/#primaryimage","url":"https:\/\/www.interoleo.com\/wp-content\/uploads\/2017\/03\/Cuso-poda.jpg","contentUrl":"https:\/\/www.interoleo.com\/wp-content\/uploads\/2017\/03\/Cuso-poda.jpg","width":1181,"height":1010},{"@type":"BreadcrumbList","@id":"https:\/\/www.interoleo.com\/en\/reforzamos-compromiso-la-formacion-los-socios-curso-poda-la-cooperativa-san-juan-villargordo\/#breadcrumb","itemListElement":[{"@type":"ListItem","position":1,"name":"Portada","item":"https:\/\/www.interoleo.com\/en\/"},{"@type":"ListItem","position":2,"name":"Reforzamos nuestro compromiso con la formaci\u00f3n de los socios con un curso de poda en la Cooperativa San Juan de Villargordo"}]},{"@type":"WebSite","@id":"https:\/\/www.interoleo.com\/en\/#website","url":"https:\/\/www.interoleo.com\/en\/","name":"Grupo Inter\u00f3leo","description":"Grupo Inter\u00f3leo comercializador de aceite de oliva a granel","potentialAction":[{"@type":"SearchAction","target":{"@type":"EntryPoint","urlTemplate":"https:\/\/www.interoleo.com\/en\/?s={search_term_string}"},"query-input":{"@type":"PropertyValueSpecification","valueRequired":true,"valueName":"search_term_string"}}],"inLanguage":"en-US"},{"@type":"Person","@id":"https:\/\/www.interoleo.com\/en\/#\/schema\/person\/b38839767920504f85d0555e5244a76d","name":"Interoleo Picual","image":{"@type":"ImageObject","inLanguage":"en-US","@id":"https:\/\/www.interoleo.com\/en\/#\/schema\/person\/image\/","url":"https:\/\/secure.gravatar.com\/avatar\/9d9b88888a963e3b9235bbd165d9c050?s=96&d=mm&r=g","contentUrl":"https:\/\/secure.gravatar.com\/avatar\/9d9b88888a963e3b9235bbd165d9c050?s=96&d=mm&r=g","caption":"Interoleo Picual"},"url":"https:\/\/www.interoleo.com\/en\/author\/interoleo\/"}]}},"jetpack_publicize_connections":[],"jetpack_featured_media_url":"https:\/\/www.interoleo.com\/wp-content\/uploads\/2017\/03\/Cuso-poda.jpg","jetpack_shortlink":"https:\/\/wp.me\/p7R8ws-kF","jetpack_sharing_enabled":true,"_links":{"self":[{"href":"https:\/\/www.interoleo.com\/en\/wp-json\/wp\/v2\/posts\/1281","targetHints":{"allow":["GET"]}}],"collection":[{"href":"https:\/\/www.interoleo.com\/en\/wp-json\/wp\/v2\/posts"}],"about":[{"href":"https:\/\/www.interoleo.com\/en\/wp-json\/wp\/v2\/types\/post"}],"author":[{"embeddable":true,"href":"https:\/\/www.interoleo.com\/en\/wp-json\/wp\/v2\/users\/2"}],"replies":[{"embeddable":true,"href":"https:\/\/www.interoleo.com\/en\/wp-json\/wp\/v2\/comments?post=1281"}],"version-history":[{"count":2,"href":"https:\/\/www.interoleo.com\/en\/wp-json\/wp\/v2\/posts\/1281\/revisions"}],"predecessor-version":[{"id":1289,"href":"https:\/\/www.interoleo.com\/en\/wp-json\/wp\/v2\/posts\/1281\/revisions\/1289"}],"wp:featuredmedia":[{"embeddable":true,"href":"https:\/\/www.interoleo.com\/en\/wp-json\/wp\/v2\/media\/1286"}],"wp:attachment":[{"href":"https:\/\/www.interoleo.com\/en\/wp-json\/wp\/v2\/media?parent=1281"}],"wp:term":[{"taxonomy":"category","embeddable":true,"href":"https:\/\/www.interoleo.com\/en\/wp-json\/wp\/v2\/categories?post=1281"},{"taxonomy":"post_tag","embeddable":true,"href":"https:\/\/www.interoleo.com\/en\/wp-json\/wp\/v2\/tags?post=1281"}],"curies":[{"name":"wp","href":"https:\/\/api.w.org\/{rel}","templated":true}]}}