{"id":1290,"date":"2017-03-13T11:35:04","date_gmt":"2017-03-13T11:35:04","guid":{"rendered":"http:\/\/www.interoleo.com\/?p=1290"},"modified":"2017-03-15T11:46:56","modified_gmt":"2017-03-15T11:46:56","slug":"socio-san-juan-villargordo-cumple-60-anos-trayectoria-olivarera-profesional","status":"publish","type":"post","link":"https:\/\/www.interoleo.com\/en\/socio-san-juan-villargordo-cumple-60-anos-trayectoria-olivarera-profesional\/","title":{"rendered":"Nuestro socio San Juan de Villargordo cumple 60 a\u00f1os de trayectoria olivarera profesional"},"content":{"rendered":"<p>Estamos de aniversario. Nuestro socio, la SCA San Juan de Villargordo, ha cumplido sesenta a\u00f1os de trayectoria olivarera profesional. Y, como no pod\u00eda ser de otra manera, estuvimos en el acto a trav\u00e9s de nuestro presidente, Juan Gadeo, quien adem\u00e1s de dirigir unas palabras a los asistentes, tambi\u00e9n hizo entrega de un reconocimiento a uno de los socios m\u00e1s antiguos de la cooperativa. En su intervenci\u00f3n, Juan Gadeo valor\u00f3 el magn\u00edfico trabajo realizado por los seiscientos socios de San Juan y alab\u00f3 la apuesta continua del consejo rector por la mejora tecnol\u00f3gica de las instalaciones, con la que alcanzan la m\u00e1xima calidad del aceite que producen. La celebraci\u00f3n cont\u00f3 con una destacada presencia institucional, comenzando por el delegado de Agricultura, Juan Balb\u00edn; el alcalde de Villatorres, Sebasti\u00e1n L\u00f3pez; y, por supuesto, el presidente la cooperativa, Antonio L\u00f3pez. El acto comenz\u00f3 con una misa para, a continuaci\u00f3n, rendir homenaje a los consejos rectores anteriores y a los socios m\u00e1s veteranos. Despu\u00e9s hubo un \u00e1gape para todos los asistentes.<\/p>\n\n","protected":false},"excerpt":{"rendered":"<p>Estamos de aniversario. Nuestro socio, la SCA San Juan de Villargordo, ha cumplido sesenta a\u00f1os de trayectoria olivarera profesional. Y, como no pod\u00eda ser de otra manera, estuvimos en el acto a trav\u00e9s de nuestro presidente, Juan Gadeo, quien adem\u00e1s de dirigir unas palabras a los asistentes, tambi\u00e9n hizo entrega de un reconocimiento a uno &hellip; <\/p>\n<p class=\"link-more\"><a href=\"https:\/\/www.interoleo.com\/en\/socio-san-juan-villargordo-cumple-60-anos-trayectoria-olivarera-profesional\/\" class=\"more-link\">Read more<span class=\"screen-reader-text\"> &#8220;Nuestro socio San Juan de Villargordo cumple 60 a\u00f1os de trayectoria olivarera profesional&#8221;<\/span><\/a><\/p>\n","protected":false},"author":2,"featured_media":1291,"comment_status":"closed","ping_status":"closed","sticky":false,"template":"","format":"standard","meta":{"jetpack_post_was_ever_published":false,"_jetpack_newsletter_access":"","_jetpack_dont_email_post_to_subs":false,"_jetpack_newsletter_tier_id":0,"_jetpack_memberships_contains_paywalled_content":false,"_jetpack_memberships_contains_paid_content":false,"footnotes":"","jetpack_publicize_message":"","jetpack_publicize_feature_enabled":true,"jetpack_social_post_already_shared":true,"jetpack_social_options":{"image_generator_settings":{"template":"highway","default_image_id":0,"font":"","enabled":false},"version":2}},"categories":[3,4,7],"tags":[107,17,44,18,19,105,108],"class_list":["post-1290","post","type-post","status-publish","format-standard","has-post-thumbnail","hentry","category-aceite-de-oliva","category-actualidad","category-noticias-interoleo","tag-60-aniversario","tag-aceite","tag-grupo-interoleo","tag-juan-gadeo","tag-presidente-de-interoleo","tag-sca-san-juan","tag-socio-de-interoleo"],"yoast_head":"<!-- This site is optimized with the Yoast SEO plugin v26.0 - https:\/\/yoast.com\/wordpress\/plugins\/seo\/ -->\n<title>Nuestro socio San Juan de Villargordo cumple 60 a\u00f1os de trayectoria olivarera profesional - Grupo Inter\u00f3leo<\/title>\n<meta name=\"robots\" content=\"index, follow, max-snippet:-1, max-image-preview:large, max-video-preview:-1\" \/>\n<link rel=\"canonical\" href=\"https:\/\/www.interoleo.com\/en\/socio-san-juan-villargordo-cumple-60-anos-trayectoria-olivarera-profesional\/\" \/>\n<meta property=\"og:locale\" content=\"en_US\" \/>\n<meta property=\"og:type\" content=\"article\" \/>\n<meta property=\"og:title\" content=\"Nuestro socio San Juan de Villargordo cumple 60 a\u00f1os de trayectoria olivarera profesional - Grupo Inter\u00f3leo\" \/>\n<meta property=\"og:description\" content=\"Estamos de aniversario. Nuestro socio, la SCA San Juan de Villargordo, ha cumplido sesenta a\u00f1os de trayectoria olivarera profesional. Y, como no pod\u00eda ser de otra manera, estuvimos en el acto a trav\u00e9s de nuestro presidente, Juan Gadeo, quien adem\u00e1s de dirigir unas palabras a los asistentes, tambi\u00e9n hizo entrega de un reconocimiento a uno &hellip; Read more &quot;Nuestro socio San Juan de Villargordo cumple 60 a\u00f1os de trayectoria olivarera profesional&quot;\" \/>\n<meta property=\"og:url\" content=\"https:\/\/www.interoleo.com\/en\/socio-san-juan-villargordo-cumple-60-anos-trayectoria-olivarera-profesional\/\" \/>\n<meta property=\"og:site_name\" content=\"Grupo Inter\u00f3leo\" \/>\n<meta property=\"article:published_time\" content=\"2017-03-13T11:35:04+00:00\" \/>\n<meta property=\"article:modified_time\" content=\"2017-03-15T11:46:56+00:00\" \/>\n<meta property=\"og:image\" content=\"https:\/\/www.interoleo.com\/wp-content\/uploads\/2017\/03\/San-Juan-1.jpg\" \/>\n\t<meta property=\"og:image:width\" content=\"1181\" \/>\n\t<meta property=\"og:image:height\" content=\"787\" \/>\n\t<meta property=\"og:image:type\" content=\"image\/jpeg\" \/>\n<meta name=\"author\" content=\"Interoleo Picual\" \/>\n<meta name=\"twitter:card\" content=\"summary_large_image\" \/>\n<meta name=\"twitter:label1\" content=\"Written by\" \/>\n\t<meta name=\"twitter:data1\" content=\"Interoleo Picual\" \/>\n\t<meta name=\"twitter:label2\" content=\"Est. reading time\" \/>\n\t<meta name=\"twitter:data2\" content=\"1 minute\" \/>\n<script type=\"application\/ld+json\" class=\"yoast-schema-graph\">{\"@context\":\"https:\/\/schema.org\",\"@graph\":[{\"@type\":\"WebPage\",\"@id\":\"https:\/\/www.interoleo.com\/en\/socio-san-juan-villargordo-cumple-60-anos-trayectoria-olivarera-profesional\/\",\"url\":\"https:\/\/www.interoleo.com\/en\/socio-san-juan-villargordo-cumple-60-anos-trayectoria-olivarera-profesional\/\",\"name\":\"Nuestro socio San Juan de Villargordo cumple 60 a\u00f1os de trayectoria olivarera profesional - Grupo Inter\u00f3leo\",\"isPartOf\":{\"@id\":\"https:\/\/www.interoleo.com\/en\/#website\"},\"primaryImageOfPage\":{\"@id\":\"https:\/\/www.interoleo.com\/en\/socio-san-juan-villargordo-cumple-60-anos-trayectoria-olivarera-profesional\/#primaryimage\"},\"image\":{\"@id\":\"https:\/\/www.interoleo.com\/en\/socio-san-juan-villargordo-cumple-60-anos-trayectoria-olivarera-profesional\/#primaryimage\"},\"thumbnailUrl\":\"https:\/\/www.interoleo.com\/wp-content\/uploads\/2017\/03\/San-Juan-1.jpg\",\"datePublished\":\"2017-03-13T11:35:04+00:00\",\"dateModified\":\"2017-03-15T11:46:56+00:00\",\"author\":{\"@id\":\"https:\/\/www.interoleo.com\/en\/#\/schema\/person\/b38839767920504f85d0555e5244a76d\"},\"breadcrumb\":{\"@id\":\"https:\/\/www.interoleo.com\/en\/socio-san-juan-villargordo-cumple-60-anos-trayectoria-olivarera-profesional\/#breadcrumb\"},\"inLanguage\":\"en-US\",\"potentialAction\":[{\"@type\":\"ReadAction\",\"target\":[\"https:\/\/www.interoleo.com\/en\/socio-san-juan-villargordo-cumple-60-anos-trayectoria-olivarera-profesional\/\"]}]},{\"@type\":\"ImageObject\",\"inLanguage\":\"en-US\",\"@id\":\"https:\/\/www.interoleo.com\/en\/socio-san-juan-villargordo-cumple-60-anos-trayectoria-olivarera-profesional\/#primaryimage\",\"url\":\"https:\/\/www.interoleo.com\/wp-content\/uploads\/2017\/03\/San-Juan-1.jpg\",\"contentUrl\":\"https:\/\/www.interoleo.com\/wp-content\/uploads\/2017\/03\/San-Juan-1.jpg\",\"width\":1181,\"height\":787},{\"@type\":\"BreadcrumbList\",\"@id\":\"https:\/\/www.interoleo.com\/en\/socio-san-juan-villargordo-cumple-60-anos-trayectoria-olivarera-profesional\/#breadcrumb\",\"itemListElement\":[{\"@type\":\"ListItem\",\"position\":1,\"name\":\"Portada\",\"item\":\"https:\/\/www.interoleo.com\/en\/\"},{\"@type\":\"ListItem\",\"position\":2,\"name\":\"Nuestro socio San Juan de Villargordo cumple 60 a\u00f1os de trayectoria olivarera profesional\"}]},{\"@type\":\"WebSite\",\"@id\":\"https:\/\/www.interoleo.com\/en\/#website\",\"url\":\"https:\/\/www.interoleo.com\/en\/\",\"name\":\"Grupo Inter\u00f3leo\",\"description\":\"Grupo Inter\u00f3leo comercializador de aceite de oliva a granel\",\"potentialAction\":[{\"@type\":\"SearchAction\",\"target\":{\"@type\":\"EntryPoint\",\"urlTemplate\":\"https:\/\/www.interoleo.com\/en\/?s={search_term_string}\"},\"query-input\":{\"@type\":\"PropertyValueSpecification\",\"valueRequired\":true,\"valueName\":\"search_term_string\"}}],\"inLanguage\":\"en-US\"},{\"@type\":\"Person\",\"@id\":\"https:\/\/www.interoleo.com\/en\/#\/schema\/person\/b38839767920504f85d0555e5244a76d\",\"name\":\"Interoleo Picual\",\"image\":{\"@type\":\"ImageObject\",\"inLanguage\":\"en-US\",\"@id\":\"https:\/\/www.interoleo.com\/en\/#\/schema\/person\/image\/\",\"url\":\"https:\/\/secure.gravatar.com\/avatar\/9d9b88888a963e3b9235bbd165d9c050?s=96&d=mm&r=g\",\"contentUrl\":\"https:\/\/secure.gravatar.com\/avatar\/9d9b88888a963e3b9235bbd165d9c050?s=96&d=mm&r=g\",\"caption\":\"Interoleo Picual\"},\"url\":\"https:\/\/www.interoleo.com\/en\/author\/interoleo\/\"}]}<\/script>\n<!-- \/ Yoast SEO plugin. -->","yoast_head_json":{"title":"Nuestro socio San Juan de Villargordo cumple 60 a\u00f1os de trayectoria olivarera profesional - Grupo Inter\u00f3leo","robots":{"index":"index","follow":"follow","max-snippet":"max-snippet:-1","max-image-preview":"max-image-preview:large","max-video-preview":"max-video-preview:-1"},"canonical":"https:\/\/www.interoleo.com\/en\/socio-san-juan-villargordo-cumple-60-anos-trayectoria-olivarera-profesional\/","og_locale":"en_US","og_type":"article","og_title":"Nuestro socio San Juan de Villargordo cumple 60 a\u00f1os de trayectoria olivarera profesional - Grupo Inter\u00f3leo","og_description":"Estamos de aniversario. Nuestro socio, la SCA San Juan de Villargordo, ha cumplido sesenta a\u00f1os de trayectoria olivarera profesional. Y, como no pod\u00eda ser de otra manera, estuvimos en el acto a trav\u00e9s de nuestro presidente, Juan Gadeo, quien adem\u00e1s de dirigir unas palabras a los asistentes, tambi\u00e9n hizo entrega de un reconocimiento a uno &hellip; Read more \"Nuestro socio San Juan de Villargordo cumple 60 a\u00f1os de trayectoria olivarera profesional\"","og_url":"https:\/\/www.interoleo.com\/en\/socio-san-juan-villargordo-cumple-60-anos-trayectoria-olivarera-profesional\/","og_site_name":"Grupo Inter\u00f3leo","article_published_time":"2017-03-13T11:35:04+00:00","article_modified_time":"2017-03-15T11:46:56+00:00","og_image":[{"width":1181,"height":787,"url":"https:\/\/www.interoleo.com\/wp-content\/uploads\/2017\/03\/San-Juan-1.jpg","type":"image\/jpeg"}],"author":"Interoleo Picual","twitter_card":"summary_large_image","twitter_misc":{"Written by":"Interoleo Picual","Est. reading time":"1 minute"},"schema":{"@context":"https:\/\/schema.org","@graph":[{"@type":"WebPage","@id":"https:\/\/www.interoleo.com\/en\/socio-san-juan-villargordo-cumple-60-anos-trayectoria-olivarera-profesional\/","url":"https:\/\/www.interoleo.com\/en\/socio-san-juan-villargordo-cumple-60-anos-trayectoria-olivarera-profesional\/","name":"Nuestro socio San Juan de Villargordo cumple 60 a\u00f1os de trayectoria olivarera profesional - Grupo Inter\u00f3leo","isPartOf":{"@id":"https:\/\/www.interoleo.com\/en\/#website"},"primaryImageOfPage":{"@id":"https:\/\/www.interoleo.com\/en\/socio-san-juan-villargordo-cumple-60-anos-trayectoria-olivarera-profesional\/#primaryimage"},"image":{"@id":"https:\/\/www.interoleo.com\/en\/socio-san-juan-villargordo-cumple-60-anos-trayectoria-olivarera-profesional\/#primaryimage"},"thumbnailUrl":"https:\/\/www.interoleo.com\/wp-content\/uploads\/2017\/03\/San-Juan-1.jpg","datePublished":"2017-03-13T11:35:04+00:00","dateModified":"2017-03-15T11:46:56+00:00","author":{"@id":"https:\/\/www.interoleo.com\/en\/#\/schema\/person\/b38839767920504f85d0555e5244a76d"},"breadcrumb":{"@id":"https:\/\/www.interoleo.com\/en\/socio-san-juan-villargordo-cumple-60-anos-trayectoria-olivarera-profesional\/#breadcrumb"},"inLanguage":"en-US","potentialAction":[{"@type":"ReadAction","target":["https:\/\/www.interoleo.com\/en\/socio-san-juan-villargordo-cumple-60-anos-trayectoria-olivarera-profesional\/"]}]},{"@type":"ImageObject","inLanguage":"en-US","@id":"https:\/\/www.interoleo.com\/en\/socio-san-juan-villargordo-cumple-60-anos-trayectoria-olivarera-profesional\/#primaryimage","url":"https:\/\/www.interoleo.com\/wp-content\/uploads\/2017\/03\/San-Juan-1.jpg","contentUrl":"https:\/\/www.interoleo.com\/wp-content\/uploads\/2017\/03\/San-Juan-1.jpg","width":1181,"height":787},{"@type":"BreadcrumbList","@id":"https:\/\/www.interoleo.com\/en\/socio-san-juan-villargordo-cumple-60-anos-trayectoria-olivarera-profesional\/#breadcrumb","itemListElement":[{"@type":"ListItem","position":1,"name":"Portada","item":"https:\/\/www.interoleo.com\/en\/"},{"@type":"ListItem","position":2,"name":"Nuestro socio San Juan de Villargordo cumple 60 a\u00f1os de trayectoria olivarera profesional"}]},{"@type":"WebSite","@id":"https:\/\/www.interoleo.com\/en\/#website","url":"https:\/\/www.interoleo.com\/en\/","name":"Grupo Inter\u00f3leo","description":"Grupo Inter\u00f3leo comercializador de aceite de oliva a granel","potentialAction":[{"@type":"SearchAction","target":{"@type":"EntryPoint","urlTemplate":"https:\/\/www.interoleo.com\/en\/?s={search_term_string}"},"query-input":{"@type":"PropertyValueSpecification","valueRequired":true,"valueName":"search_term_string"}}],"inLanguage":"en-US"},{"@type":"Person","@id":"https:\/\/www.interoleo.com\/en\/#\/schema\/person\/b38839767920504f85d0555e5244a76d","name":"Interoleo Picual","image":{"@type":"ImageObject","inLanguage":"en-US","@id":"https:\/\/www.interoleo.com\/en\/#\/schema\/person\/image\/","url":"https:\/\/secure.gravatar.com\/avatar\/9d9b88888a963e3b9235bbd165d9c050?s=96&d=mm&r=g","contentUrl":"https:\/\/secure.gravatar.com\/avatar\/9d9b88888a963e3b9235bbd165d9c050?s=96&d=mm&r=g","caption":"Interoleo Picual"},"url":"https:\/\/www.interoleo.com\/en\/author\/interoleo\/"}]}},"jetpack_publicize_connections":[],"jetpack_featured_media_url":"https:\/\/www.interoleo.com\/wp-content\/uploads\/2017\/03\/San-Juan-1.jpg","jetpack_shortlink":"https:\/\/wp.me\/p7R8ws-kO","jetpack_sharing_enabled":true,"_links":{"self":[{"href":"https:\/\/www.interoleo.com\/en\/wp-json\/wp\/v2\/posts\/1290","targetHints":{"allow":["GET"]}}],"collection":[{"href":"https:\/\/www.interoleo.com\/en\/wp-json\/wp\/v2\/posts"}],"about":[{"href":"https:\/\/www.interoleo.com\/en\/wp-json\/wp\/v2\/types\/post"}],"author":[{"embeddable":true,"href":"https:\/\/www.interoleo.com\/en\/wp-json\/wp\/v2\/users\/2"}],"replies":[{"embeddable":true,"href":"https:\/\/www.interoleo.com\/en\/wp-json\/wp\/v2\/comments?post=1290"}],"version-history":[{"count":1,"href":"https:\/\/www.interoleo.com\/en\/wp-json\/wp\/v2\/posts\/1290\/revisions"}],"predecessor-version":[{"id":1296,"href":"https:\/\/www.interoleo.com\/en\/wp-json\/wp\/v2\/posts\/1290\/revisions\/1296"}],"wp:featuredmedia":[{"embeddable":true,"href":"https:\/\/www.interoleo.com\/en\/wp-json\/wp\/v2\/media\/1291"}],"wp:attachment":[{"href":"https:\/\/www.interoleo.com\/en\/wp-json\/wp\/v2\/media?parent=1290"}],"wp:term":[{"taxonomy":"category","embeddable":true,"href":"https:\/\/www.interoleo.com\/en\/wp-json\/wp\/v2\/categories?post=1290"},{"taxonomy":"post_tag","embeddable":true,"href":"https:\/\/www.interoleo.com\/en\/wp-json\/wp\/v2\/tags?post=1290"}],"curies":[{"name":"wp","href":"https:\/\/api.w.org\/{rel}","templated":true}]}}