{"id":1297,"date":"2017-03-16T12:06:33","date_gmt":"2017-03-16T12:06:33","guid":{"rendered":"http:\/\/www.interoleo.com\/?p=1297"},"modified":"2017-03-16T12:06:33","modified_gmt":"2017-03-16T12:06:33","slug":"nuevo-curso-poda-del-olivar-esta-vez-las-instalaciones-la-sca-san-isidro-labrador-canena","status":"publish","type":"post","link":"https:\/\/www.interoleo.com\/en\/nuevo-curso-poda-del-olivar-esta-vez-las-instalaciones-la-sca-san-isidro-labrador-canena\/","title":{"rendered":"Nuevo curso de poda del olivar, esta vez en las instalaciones de la SCA San Isidro Labrador de Canena"},"content":{"rendered":"<p>Seguimos desarrollando nuestro intenso y ambicioso programa formativo de 2017 para los\u00a0agricultores de nuestras cooperativas y almazaras integradas. Las instalaciones de nuestro socio SCA San Isidro Labrador de Canena acogen estos d\u00edas, en colaboraci\u00f3n con el Instituto de Formaci\u00f3n Docente, un nuevo curso de\u00a0poda del olivar. Una actividad que hemos tenido que dividir en varios grupos debido a la elevada demanda y n\u00famero de participantes finalmente inscritos.<\/p>\n<p>Los alumnos est\u00e1n conociendo\u00a0los principios generales de la poda, reconociendo las distintas partes del olivo y aprendiendo la aplicaci\u00f3n de normas b\u00e1sicas de cortes y control de vigor. Tambi\u00e9n se est\u00e1 viendo en la teor\u00eda la desinfecci\u00f3n de herramientas de podar y protecci\u00f3n de cortes; la identificaci\u00f3n de formaciones vegetativas y fruct\u00edferas; el reconocimiento de los diferentes tipos de ramas, brotes y yemas; la diferenciaci\u00f3n de los distintos estadios fenol\u00f3gicos en plantaciones de olivos; la aplicaci\u00f3n de t\u00e9cnicas de poda de fructificaci\u00f3n y renovaci\u00f3n; la aplicaci\u00f3n de las normas de seguridad e higiene en la poda; y la utilizaci\u00f3n del equipo de protecci\u00f3n individual. En este sentido, el curso cuenta con una parte indispensable en toda acci\u00f3n formativa, como es la prevenci\u00f3n de riesgos laborales para cumplir con la normativa vigente.<\/p>\n<p>Desde Inter\u00f3leo seguimos apostando por la formaci\u00f3n como base sobre la que se sustenta nuestro proyecto de profesionalizaci\u00f3n del sector olivarero\u00a0y consolidando nuestro\u00a0posicionamiento al frente de una concentraci\u00f3n de la oferta entendida tanto desde el punto de vista de la venta del producto, como de la innovaci\u00f3n y de la permanente labor formativa que se debe llevar a cabo para actualizar los conocimientos.<\/p>\n\n","protected":false},"excerpt":{"rendered":"<p>Seguimos desarrollando nuestro intenso y ambicioso programa formativo de 2017 para los\u00a0agricultores de nuestras cooperativas y almazaras integradas. Las instalaciones de nuestro socio SCA San Isidro Labrador de Canena acogen estos d\u00edas, en colaboraci\u00f3n con el Instituto de Formaci\u00f3n Docente, un nuevo curso de\u00a0poda del olivar. Una actividad que hemos tenido que dividir en varios &hellip; <\/p>\n<p class=\"link-more\"><a href=\"https:\/\/www.interoleo.com\/en\/nuevo-curso-poda-del-olivar-esta-vez-las-instalaciones-la-sca-san-isidro-labrador-canena\/\" class=\"more-link\">Read more<span class=\"screen-reader-text\"> &#8220;Nuevo curso de poda del olivar, esta vez en las instalaciones de la SCA San Isidro Labrador de Canena&#8221;<\/span><\/a><\/p>\n","protected":false},"author":2,"featured_media":1299,"comment_status":"closed","ping_status":"closed","sticky":false,"template":"","format":"standard","meta":{"jetpack_post_was_ever_published":false,"_jetpack_newsletter_access":"","_jetpack_dont_email_post_to_subs":false,"_jetpack_newsletter_tier_id":0,"_jetpack_memberships_contains_paywalled_content":false,"_jetpack_memberships_contains_paid_content":false,"footnotes":"","jetpack_publicize_message":"","jetpack_publicize_feature_enabled":true,"jetpack_social_post_already_shared":true,"jetpack_social_options":{"image_generator_settings":{"template":"highway","default_image_id":0,"font":"","enabled":false},"version":2}},"categories":[3,4,7],"tags":[110,17,112,35,102,85,44,109,14,111],"class_list":["post-1297","post","type-post","status-publish","format-standard","has-post-thumbnail","hentry","category-aceite-de-oliva","category-actualidad","category-noticias-interoleo","tag-acciones-formativas","tag-aceite","tag-canena","tag-concentracion-de-la-oferta","tag-curso-de-poda-del-olivar","tag-formacion","tag-grupo-interoleo","tag-poda-del-olivar","tag-produccion","tag-sca-san-isidro-labrador-de-canena"],"yoast_head":"<!-- This site is optimized with the Yoast SEO plugin v26.0 - https:\/\/yoast.com\/wordpress\/plugins\/seo\/ -->\n<title>Nuevo curso de poda del olivar, esta vez en las instalaciones de la SCA San Isidro Labrador de Canena - Grupo Inter\u00f3leo<\/title>\n<meta name=\"robots\" content=\"index, follow, max-snippet:-1, max-image-preview:large, max-video-preview:-1\" \/>\n<link rel=\"canonical\" href=\"https:\/\/www.interoleo.com\/en\/nuevo-curso-poda-del-olivar-esta-vez-las-instalaciones-la-sca-san-isidro-labrador-canena\/\" \/>\n<meta property=\"og:locale\" content=\"en_US\" \/>\n<meta property=\"og:type\" content=\"article\" \/>\n<meta property=\"og:title\" content=\"Nuevo curso de poda del olivar, esta vez en las instalaciones de la SCA San Isidro Labrador de Canena - Grupo Inter\u00f3leo\" \/>\n<meta property=\"og:description\" content=\"Seguimos desarrollando nuestro intenso y ambicioso programa formativo de 2017 para los\u00a0agricultores de nuestras cooperativas y almazaras integradas. Las instalaciones de nuestro socio SCA San Isidro Labrador de Canena acogen estos d\u00edas, en colaboraci\u00f3n con el Instituto de Formaci\u00f3n Docente, un nuevo curso de\u00a0poda del olivar. Una actividad que hemos tenido que dividir en varios &hellip; Read more &quot;Nuevo curso de poda del olivar, esta vez en las instalaciones de la SCA San Isidro Labrador de Canena&quot;\" \/>\n<meta property=\"og:url\" content=\"https:\/\/www.interoleo.com\/en\/nuevo-curso-poda-del-olivar-esta-vez-las-instalaciones-la-sca-san-isidro-labrador-canena\/\" \/>\n<meta property=\"og:site_name\" content=\"Grupo Inter\u00f3leo\" \/>\n<meta property=\"article:published_time\" content=\"2017-03-16T12:06:33+00:00\" \/>\n<meta property=\"og:image\" content=\"https:\/\/www.interoleo.com\/wp-content\/uploads\/2017\/03\/Curso-2.jpg\" \/>\n\t<meta property=\"og:image:width\" content=\"1181\" \/>\n\t<meta property=\"og:image:height\" content=\"787\" \/>\n\t<meta property=\"og:image:type\" content=\"image\/jpeg\" \/>\n<meta name=\"author\" content=\"Interoleo Picual\" \/>\n<meta name=\"twitter:card\" content=\"summary_large_image\" \/>\n<meta name=\"twitter:label1\" content=\"Written by\" \/>\n\t<meta name=\"twitter:data1\" content=\"Interoleo Picual\" \/>\n\t<meta name=\"twitter:label2\" content=\"Est. reading time\" \/>\n\t<meta name=\"twitter:data2\" content=\"1 minute\" \/>\n<script type=\"application\/ld+json\" class=\"yoast-schema-graph\">{\"@context\":\"https:\/\/schema.org\",\"@graph\":[{\"@type\":\"WebPage\",\"@id\":\"https:\/\/www.interoleo.com\/en\/nuevo-curso-poda-del-olivar-esta-vez-las-instalaciones-la-sca-san-isidro-labrador-canena\/\",\"url\":\"https:\/\/www.interoleo.com\/en\/nuevo-curso-poda-del-olivar-esta-vez-las-instalaciones-la-sca-san-isidro-labrador-canena\/\",\"name\":\"Nuevo curso de poda del olivar, esta vez en las instalaciones de la SCA San Isidro Labrador de Canena - Grupo Inter\u00f3leo\",\"isPartOf\":{\"@id\":\"https:\/\/www.interoleo.com\/en\/#website\"},\"primaryImageOfPage\":{\"@id\":\"https:\/\/www.interoleo.com\/en\/nuevo-curso-poda-del-olivar-esta-vez-las-instalaciones-la-sca-san-isidro-labrador-canena\/#primaryimage\"},\"image\":{\"@id\":\"https:\/\/www.interoleo.com\/en\/nuevo-curso-poda-del-olivar-esta-vez-las-instalaciones-la-sca-san-isidro-labrador-canena\/#primaryimage\"},\"thumbnailUrl\":\"https:\/\/www.interoleo.com\/wp-content\/uploads\/2017\/03\/Curso-2.jpg\",\"datePublished\":\"2017-03-16T12:06:33+00:00\",\"author\":{\"@id\":\"https:\/\/www.interoleo.com\/en\/#\/schema\/person\/b38839767920504f85d0555e5244a76d\"},\"breadcrumb\":{\"@id\":\"https:\/\/www.interoleo.com\/en\/nuevo-curso-poda-del-olivar-esta-vez-las-instalaciones-la-sca-san-isidro-labrador-canena\/#breadcrumb\"},\"inLanguage\":\"en-US\",\"potentialAction\":[{\"@type\":\"ReadAction\",\"target\":[\"https:\/\/www.interoleo.com\/en\/nuevo-curso-poda-del-olivar-esta-vez-las-instalaciones-la-sca-san-isidro-labrador-canena\/\"]}]},{\"@type\":\"ImageObject\",\"inLanguage\":\"en-US\",\"@id\":\"https:\/\/www.interoleo.com\/en\/nuevo-curso-poda-del-olivar-esta-vez-las-instalaciones-la-sca-san-isidro-labrador-canena\/#primaryimage\",\"url\":\"https:\/\/www.interoleo.com\/wp-content\/uploads\/2017\/03\/Curso-2.jpg\",\"contentUrl\":\"https:\/\/www.interoleo.com\/wp-content\/uploads\/2017\/03\/Curso-2.jpg\",\"width\":1181,\"height\":787},{\"@type\":\"BreadcrumbList\",\"@id\":\"https:\/\/www.interoleo.com\/en\/nuevo-curso-poda-del-olivar-esta-vez-las-instalaciones-la-sca-san-isidro-labrador-canena\/#breadcrumb\",\"itemListElement\":[{\"@type\":\"ListItem\",\"position\":1,\"name\":\"Portada\",\"item\":\"https:\/\/www.interoleo.com\/en\/\"},{\"@type\":\"ListItem\",\"position\":2,\"name\":\"Nuevo curso de poda del olivar, esta vez en las instalaciones de la SCA San Isidro Labrador de Canena\"}]},{\"@type\":\"WebSite\",\"@id\":\"https:\/\/www.interoleo.com\/en\/#website\",\"url\":\"https:\/\/www.interoleo.com\/en\/\",\"name\":\"Grupo Inter\u00f3leo\",\"description\":\"Grupo Inter\u00f3leo comercializador de aceite de oliva a granel\",\"potentialAction\":[{\"@type\":\"SearchAction\",\"target\":{\"@type\":\"EntryPoint\",\"urlTemplate\":\"https:\/\/www.interoleo.com\/en\/?s={search_term_string}\"},\"query-input\":{\"@type\":\"PropertyValueSpecification\",\"valueRequired\":true,\"valueName\":\"search_term_string\"}}],\"inLanguage\":\"en-US\"},{\"@type\":\"Person\",\"@id\":\"https:\/\/www.interoleo.com\/en\/#\/schema\/person\/b38839767920504f85d0555e5244a76d\",\"name\":\"Interoleo Picual\",\"image\":{\"@type\":\"ImageObject\",\"inLanguage\":\"en-US\",\"@id\":\"https:\/\/www.interoleo.com\/en\/#\/schema\/person\/image\/\",\"url\":\"https:\/\/secure.gravatar.com\/avatar\/9d9b88888a963e3b9235bbd165d9c050?s=96&d=mm&r=g\",\"contentUrl\":\"https:\/\/secure.gravatar.com\/avatar\/9d9b88888a963e3b9235bbd165d9c050?s=96&d=mm&r=g\",\"caption\":\"Interoleo Picual\"},\"url\":\"https:\/\/www.interoleo.com\/en\/author\/interoleo\/\"}]}<\/script>\n<!-- \/ Yoast SEO plugin. -->","yoast_head_json":{"title":"Nuevo curso de poda del olivar, esta vez en las instalaciones de la SCA San Isidro Labrador de Canena - Grupo Inter\u00f3leo","robots":{"index":"index","follow":"follow","max-snippet":"max-snippet:-1","max-image-preview":"max-image-preview:large","max-video-preview":"max-video-preview:-1"},"canonical":"https:\/\/www.interoleo.com\/en\/nuevo-curso-poda-del-olivar-esta-vez-las-instalaciones-la-sca-san-isidro-labrador-canena\/","og_locale":"en_US","og_type":"article","og_title":"Nuevo curso de poda del olivar, esta vez en las instalaciones de la SCA San Isidro Labrador de Canena - Grupo Inter\u00f3leo","og_description":"Seguimos desarrollando nuestro intenso y ambicioso programa formativo de 2017 para los\u00a0agricultores de nuestras cooperativas y almazaras integradas. Las instalaciones de nuestro socio SCA San Isidro Labrador de Canena acogen estos d\u00edas, en colaboraci\u00f3n con el Instituto de Formaci\u00f3n Docente, un nuevo curso de\u00a0poda del olivar. Una actividad que hemos tenido que dividir en varios &hellip; Read more \"Nuevo curso de poda del olivar, esta vez en las instalaciones de la SCA San Isidro Labrador de Canena\"","og_url":"https:\/\/www.interoleo.com\/en\/nuevo-curso-poda-del-olivar-esta-vez-las-instalaciones-la-sca-san-isidro-labrador-canena\/","og_site_name":"Grupo Inter\u00f3leo","article_published_time":"2017-03-16T12:06:33+00:00","og_image":[{"width":1181,"height":787,"url":"https:\/\/www.interoleo.com\/wp-content\/uploads\/2017\/03\/Curso-2.jpg","type":"image\/jpeg"}],"author":"Interoleo Picual","twitter_card":"summary_large_image","twitter_misc":{"Written by":"Interoleo Picual","Est. reading time":"1 minute"},"schema":{"@context":"https:\/\/schema.org","@graph":[{"@type":"WebPage","@id":"https:\/\/www.interoleo.com\/en\/nuevo-curso-poda-del-olivar-esta-vez-las-instalaciones-la-sca-san-isidro-labrador-canena\/","url":"https:\/\/www.interoleo.com\/en\/nuevo-curso-poda-del-olivar-esta-vez-las-instalaciones-la-sca-san-isidro-labrador-canena\/","name":"Nuevo curso de poda del olivar, esta vez en las instalaciones de la SCA San Isidro Labrador de Canena - Grupo Inter\u00f3leo","isPartOf":{"@id":"https:\/\/www.interoleo.com\/en\/#website"},"primaryImageOfPage":{"@id":"https:\/\/www.interoleo.com\/en\/nuevo-curso-poda-del-olivar-esta-vez-las-instalaciones-la-sca-san-isidro-labrador-canena\/#primaryimage"},"image":{"@id":"https:\/\/www.interoleo.com\/en\/nuevo-curso-poda-del-olivar-esta-vez-las-instalaciones-la-sca-san-isidro-labrador-canena\/#primaryimage"},"thumbnailUrl":"https:\/\/www.interoleo.com\/wp-content\/uploads\/2017\/03\/Curso-2.jpg","datePublished":"2017-03-16T12:06:33+00:00","author":{"@id":"https:\/\/www.interoleo.com\/en\/#\/schema\/person\/b38839767920504f85d0555e5244a76d"},"breadcrumb":{"@id":"https:\/\/www.interoleo.com\/en\/nuevo-curso-poda-del-olivar-esta-vez-las-instalaciones-la-sca-san-isidro-labrador-canena\/#breadcrumb"},"inLanguage":"en-US","potentialAction":[{"@type":"ReadAction","target":["https:\/\/www.interoleo.com\/en\/nuevo-curso-poda-del-olivar-esta-vez-las-instalaciones-la-sca-san-isidro-labrador-canena\/"]}]},{"@type":"ImageObject","inLanguage":"en-US","@id":"https:\/\/www.interoleo.com\/en\/nuevo-curso-poda-del-olivar-esta-vez-las-instalaciones-la-sca-san-isidro-labrador-canena\/#primaryimage","url":"https:\/\/www.interoleo.com\/wp-content\/uploads\/2017\/03\/Curso-2.jpg","contentUrl":"https:\/\/www.interoleo.com\/wp-content\/uploads\/2017\/03\/Curso-2.jpg","width":1181,"height":787},{"@type":"BreadcrumbList","@id":"https:\/\/www.interoleo.com\/en\/nuevo-curso-poda-del-olivar-esta-vez-las-instalaciones-la-sca-san-isidro-labrador-canena\/#breadcrumb","itemListElement":[{"@type":"ListItem","position":1,"name":"Portada","item":"https:\/\/www.interoleo.com\/en\/"},{"@type":"ListItem","position":2,"name":"Nuevo curso de poda del olivar, esta vez en las instalaciones de la SCA San Isidro Labrador de Canena"}]},{"@type":"WebSite","@id":"https:\/\/www.interoleo.com\/en\/#website","url":"https:\/\/www.interoleo.com\/en\/","name":"Grupo Inter\u00f3leo","description":"Grupo Inter\u00f3leo comercializador de aceite de oliva a granel","potentialAction":[{"@type":"SearchAction","target":{"@type":"EntryPoint","urlTemplate":"https:\/\/www.interoleo.com\/en\/?s={search_term_string}"},"query-input":{"@type":"PropertyValueSpecification","valueRequired":true,"valueName":"search_term_string"}}],"inLanguage":"en-US"},{"@type":"Person","@id":"https:\/\/www.interoleo.com\/en\/#\/schema\/person\/b38839767920504f85d0555e5244a76d","name":"Interoleo Picual","image":{"@type":"ImageObject","inLanguage":"en-US","@id":"https:\/\/www.interoleo.com\/en\/#\/schema\/person\/image\/","url":"https:\/\/secure.gravatar.com\/avatar\/9d9b88888a963e3b9235bbd165d9c050?s=96&d=mm&r=g","contentUrl":"https:\/\/secure.gravatar.com\/avatar\/9d9b88888a963e3b9235bbd165d9c050?s=96&d=mm&r=g","caption":"Interoleo Picual"},"url":"https:\/\/www.interoleo.com\/en\/author\/interoleo\/"}]}},"jetpack_publicize_connections":[],"jetpack_featured_media_url":"https:\/\/www.interoleo.com\/wp-content\/uploads\/2017\/03\/Curso-2.jpg","jetpack_shortlink":"https:\/\/wp.me\/p7R8ws-kV","jetpack_sharing_enabled":true,"_links":{"self":[{"href":"https:\/\/www.interoleo.com\/en\/wp-json\/wp\/v2\/posts\/1297","targetHints":{"allow":["GET"]}}],"collection":[{"href":"https:\/\/www.interoleo.com\/en\/wp-json\/wp\/v2\/posts"}],"about":[{"href":"https:\/\/www.interoleo.com\/en\/wp-json\/wp\/v2\/types\/post"}],"author":[{"embeddable":true,"href":"https:\/\/www.interoleo.com\/en\/wp-json\/wp\/v2\/users\/2"}],"replies":[{"embeddable":true,"href":"https:\/\/www.interoleo.com\/en\/wp-json\/wp\/v2\/comments?post=1297"}],"version-history":[{"count":1,"href":"https:\/\/www.interoleo.com\/en\/wp-json\/wp\/v2\/posts\/1297\/revisions"}],"predecessor-version":[{"id":1302,"href":"https:\/\/www.interoleo.com\/en\/wp-json\/wp\/v2\/posts\/1297\/revisions\/1302"}],"wp:featuredmedia":[{"embeddable":true,"href":"https:\/\/www.interoleo.com\/en\/wp-json\/wp\/v2\/media\/1299"}],"wp:attachment":[{"href":"https:\/\/www.interoleo.com\/en\/wp-json\/wp\/v2\/media?parent=1297"}],"wp:term":[{"taxonomy":"category","embeddable":true,"href":"https:\/\/www.interoleo.com\/en\/wp-json\/wp\/v2\/categories?post=1297"},{"taxonomy":"post_tag","embeddable":true,"href":"https:\/\/www.interoleo.com\/en\/wp-json\/wp\/v2\/tags?post=1297"}],"curies":[{"name":"wp","href":"https:\/\/api.w.org\/{rel}","templated":true}]}}