{"id":1304,"date":"2017-03-22T10:16:42","date_gmt":"2017-03-22T10:16:42","guid":{"rendered":"http:\/\/www.interoleo.com\/?p=1304"},"modified":"2017-03-22T10:16:42","modified_gmt":"2017-03-22T10:16:42","slug":"la-sca-nuestra-senora-la-asuncion-orcera-escenario-del-concierto-inaugural-del-iv-festival-musica-segura","status":"publish","type":"post","link":"https:\/\/www.interoleo.com\/en\/la-sca-nuestra-senora-la-asuncion-orcera-escenario-del-concierto-inaugural-del-iv-festival-musica-segura\/","title":{"rendered":"La SCA Nuestra Se\u00f1ora de la Asunci\u00f3n de Orcera, escenario del concierto inaugural del IV Festival M\u00fasica en Segura"},"content":{"rendered":"<p>El\u00a0compromiso con la sociedad y la cultura es una de las se\u00f1as de identidad de nuestra gesti\u00f3n como grupo aceitero. Y, si a eso le a\u00f1adimos la excelente calidad de los aceites que producimos, alcanzamos un binomio que estamos potenciando cada vez m\u00e1s como una forma de devolver a esta tierra todo lo que nos est\u00e1 dando. El \u00faltimo en poner su granito de arena en este camino que hemos emprendido en 2017 es la SCA Nuestra Se\u00f1ora de la Asunci\u00f3n de Orcera. La cuarta edici\u00f3n del Festival M\u00fasica en Segura, en el que colabora la Diputaci\u00f3n Provincial de Ja\u00e9n, que se desarrollar\u00e1 entre los d\u00edas 24 y 28 de mayo, arrancar\u00e1 precisamente en las instalaciones de nuestro socio, que ser\u00e1n escenario del concierto inaugural en el que se ofrecer\u00e1 un mestizaje entre el sonido flamenco y la m\u00fasica cl\u00e1sica que correr\u00e1 a cargo de la cantaora Roc\u00edo Baz\u00e1n y el grupo contempor\u00e1neo londinense Riot Ensemble. La celebraci\u00f3n de este concierto supone unir la m\u00fasica con la industria ole\u00edcola apostando por el oleoturismo.\u00a0El acto de presentaci\u00f3n del festival tuvo lugar en la Diputaci\u00f3n, y en \u00e9l intervinieros el diputado de Promoci\u00f3n y Turismo, Manuel Fern\u00e1ndez; el alcalde de Orcera, Sergio Rodr\u00edguez; el primer teniente de alcalde de Segura de la Sierra, Manuel Robles; el gerente de la Fundaci\u00f3n Caja Rural de Ja\u00e9n; Luis Jes\u00fas Garc\u00eda Lomas; el director de La Caixa de Orcera, Antonio Rodr\u00edguez; el presidente de Olivar de Segura, \u00c1ngel Rodr\u00edguez; y el director del certamen, Daniel Broncano.<\/p>\n","protected":false},"excerpt":{"rendered":"<p>El\u00a0compromiso con la sociedad y la cultura es una de las se\u00f1as de identidad de nuestra gesti\u00f3n como grupo aceitero. Y, si a eso le a\u00f1adimos la excelente calidad de los aceites que producimos, alcanzamos un binomio que estamos potenciando cada vez m\u00e1s como una forma de devolver a esta tierra todo lo que nos &hellip; <\/p>\n<p class=\"link-more\"><a href=\"https:\/\/www.interoleo.com\/en\/la-sca-nuestra-senora-la-asuncion-orcera-escenario-del-concierto-inaugural-del-iv-festival-musica-segura\/\" class=\"more-link\">Read more<span class=\"screen-reader-text\"> &#8220;La SCA Nuestra Se\u00f1ora de la Asunci\u00f3n de Orcera, escenario del concierto inaugural del IV Festival M\u00fasica en Segura&#8221;<\/span><\/a><\/p>\n","protected":false},"author":2,"featured_media":1305,"comment_status":"closed","ping_status":"closed","sticky":false,"template":"","format":"standard","meta":{"jetpack_post_was_ever_published":false,"_jetpack_newsletter_access":"","_jetpack_dont_email_post_to_subs":false,"_jetpack_newsletter_tier_id":0,"_jetpack_memberships_contains_paywalled_content":false,"_jetpack_memberships_contains_paid_content":false,"footnotes":"","jetpack_publicize_message":"","jetpack_publicize_feature_enabled":true,"jetpack_social_post_already_shared":true,"jetpack_social_options":{"image_generator_settings":{"template":"highway","default_image_id":0,"font":"","enabled":false},"version":2}},"categories":[3,4,7],"tags":[117,115,44,12,118,114,113,31,30,116],"class_list":["post-1304","post","type-post","status-publish","format-standard","has-post-thumbnail","hentry","category-aceite-de-oliva","category-actualidad","category-noticias-interoleo","tag-cultura-y-aceite","tag-festival-musica-en-segura","tag-grupo-interoleo","tag-interoleo","tag-oleoturismo","tag-orcera","tag-sca-nuestra-senora-de-la-asuncion-de-orcera","tag-sector-productor","tag-sector-turistico","tag-segura-de-la-sierra"],"yoast_head":"<!-- This site is optimized with the Yoast SEO plugin v26.0 - https:\/\/yoast.com\/wordpress\/plugins\/seo\/ -->\n<title>La SCA Nuestra Se\u00f1ora de la Asunci\u00f3n de Orcera, escenario del concierto inaugural del IV Festival M\u00fasica en Segura - Grupo Inter\u00f3leo<\/title>\n<meta name=\"robots\" content=\"index, follow, max-snippet:-1, max-image-preview:large, max-video-preview:-1\" \/>\n<link rel=\"canonical\" href=\"https:\/\/www.interoleo.com\/en\/la-sca-nuestra-senora-la-asuncion-orcera-escenario-del-concierto-inaugural-del-iv-festival-musica-segura\/\" \/>\n<meta property=\"og:locale\" content=\"en_US\" \/>\n<meta property=\"og:type\" content=\"article\" \/>\n<meta property=\"og:title\" content=\"La SCA Nuestra Se\u00f1ora de la Asunci\u00f3n de Orcera, escenario del concierto inaugural del IV Festival M\u00fasica en Segura - Grupo Inter\u00f3leo\" \/>\n<meta property=\"og:description\" content=\"El\u00a0compromiso con la sociedad y la cultura es una de las se\u00f1as de identidad de nuestra gesti\u00f3n como grupo aceitero. Y, si a eso le a\u00f1adimos la excelente calidad de los aceites que producimos, alcanzamos un binomio que estamos potenciando cada vez m\u00e1s como una forma de devolver a esta tierra todo lo que nos &hellip; Read more &quot;La SCA Nuestra Se\u00f1ora de la Asunci\u00f3n de Orcera, escenario del concierto inaugural del IV Festival M\u00fasica en Segura&quot;\" \/>\n<meta property=\"og:url\" content=\"https:\/\/www.interoleo.com\/en\/la-sca-nuestra-senora-la-asuncion-orcera-escenario-del-concierto-inaugural-del-iv-festival-musica-segura\/\" \/>\n<meta property=\"og:site_name\" content=\"Grupo Inter\u00f3leo\" \/>\n<meta property=\"article:published_time\" content=\"2017-03-22T10:16:42+00:00\" \/>\n<meta property=\"og:image\" content=\"https:\/\/www.interoleo.com\/wp-content\/uploads\/2017\/03\/Cooperativa-Ntra-Sra-Asunci\u00f3n.jpg\" \/>\n\t<meta property=\"og:image:width\" content=\"1181\" \/>\n\t<meta property=\"og:image:height\" content=\"787\" \/>\n\t<meta property=\"og:image:type\" content=\"image\/jpeg\" \/>\n<meta name=\"author\" content=\"Interoleo Picual\" \/>\n<meta name=\"twitter:card\" content=\"summary_large_image\" \/>\n<meta name=\"twitter:label1\" content=\"Written by\" \/>\n\t<meta name=\"twitter:data1\" content=\"Interoleo Picual\" \/>\n\t<meta name=\"twitter:label2\" content=\"Est. reading time\" \/>\n\t<meta name=\"twitter:data2\" content=\"1 minute\" \/>\n<script type=\"application\/ld+json\" class=\"yoast-schema-graph\">{\"@context\":\"https:\/\/schema.org\",\"@graph\":[{\"@type\":\"WebPage\",\"@id\":\"https:\/\/www.interoleo.com\/en\/la-sca-nuestra-senora-la-asuncion-orcera-escenario-del-concierto-inaugural-del-iv-festival-musica-segura\/\",\"url\":\"https:\/\/www.interoleo.com\/en\/la-sca-nuestra-senora-la-asuncion-orcera-escenario-del-concierto-inaugural-del-iv-festival-musica-segura\/\",\"name\":\"La SCA Nuestra Se\u00f1ora de la Asunci\u00f3n de Orcera, escenario del concierto inaugural del IV Festival M\u00fasica en Segura - Grupo Inter\u00f3leo\",\"isPartOf\":{\"@id\":\"https:\/\/www.interoleo.com\/en\/#website\"},\"primaryImageOfPage\":{\"@id\":\"https:\/\/www.interoleo.com\/en\/la-sca-nuestra-senora-la-asuncion-orcera-escenario-del-concierto-inaugural-del-iv-festival-musica-segura\/#primaryimage\"},\"image\":{\"@id\":\"https:\/\/www.interoleo.com\/en\/la-sca-nuestra-senora-la-asuncion-orcera-escenario-del-concierto-inaugural-del-iv-festival-musica-segura\/#primaryimage\"},\"thumbnailUrl\":\"https:\/\/www.interoleo.com\/wp-content\/uploads\/2017\/03\/Cooperativa-Ntra-Sra-Asunci\u00f3n.jpg\",\"datePublished\":\"2017-03-22T10:16:42+00:00\",\"author\":{\"@id\":\"https:\/\/www.interoleo.com\/en\/#\/schema\/person\/b38839767920504f85d0555e5244a76d\"},\"breadcrumb\":{\"@id\":\"https:\/\/www.interoleo.com\/en\/la-sca-nuestra-senora-la-asuncion-orcera-escenario-del-concierto-inaugural-del-iv-festival-musica-segura\/#breadcrumb\"},\"inLanguage\":\"en-US\",\"potentialAction\":[{\"@type\":\"ReadAction\",\"target\":[\"https:\/\/www.interoleo.com\/en\/la-sca-nuestra-senora-la-asuncion-orcera-escenario-del-concierto-inaugural-del-iv-festival-musica-segura\/\"]}]},{\"@type\":\"ImageObject\",\"inLanguage\":\"en-US\",\"@id\":\"https:\/\/www.interoleo.com\/en\/la-sca-nuestra-senora-la-asuncion-orcera-escenario-del-concierto-inaugural-del-iv-festival-musica-segura\/#primaryimage\",\"url\":\"https:\/\/www.interoleo.com\/wp-content\/uploads\/2017\/03\/Cooperativa-Ntra-Sra-Asunci\u00f3n.jpg\",\"contentUrl\":\"https:\/\/www.interoleo.com\/wp-content\/uploads\/2017\/03\/Cooperativa-Ntra-Sra-Asunci\u00f3n.jpg\",\"width\":1181,\"height\":787},{\"@type\":\"BreadcrumbList\",\"@id\":\"https:\/\/www.interoleo.com\/en\/la-sca-nuestra-senora-la-asuncion-orcera-escenario-del-concierto-inaugural-del-iv-festival-musica-segura\/#breadcrumb\",\"itemListElement\":[{\"@type\":\"ListItem\",\"position\":1,\"name\":\"Portada\",\"item\":\"https:\/\/www.interoleo.com\/en\/\"},{\"@type\":\"ListItem\",\"position\":2,\"name\":\"La SCA Nuestra Se\u00f1ora de la Asunci\u00f3n de Orcera, escenario del concierto inaugural del IV Festival M\u00fasica en Segura\"}]},{\"@type\":\"WebSite\",\"@id\":\"https:\/\/www.interoleo.com\/en\/#website\",\"url\":\"https:\/\/www.interoleo.com\/en\/\",\"name\":\"Grupo Inter\u00f3leo\",\"description\":\"Grupo Inter\u00f3leo comercializador de aceite de oliva a granel\",\"potentialAction\":[{\"@type\":\"SearchAction\",\"target\":{\"@type\":\"EntryPoint\",\"urlTemplate\":\"https:\/\/www.interoleo.com\/en\/?s={search_term_string}\"},\"query-input\":{\"@type\":\"PropertyValueSpecification\",\"valueRequired\":true,\"valueName\":\"search_term_string\"}}],\"inLanguage\":\"en-US\"},{\"@type\":\"Person\",\"@id\":\"https:\/\/www.interoleo.com\/en\/#\/schema\/person\/b38839767920504f85d0555e5244a76d\",\"name\":\"Interoleo Picual\",\"image\":{\"@type\":\"ImageObject\",\"inLanguage\":\"en-US\",\"@id\":\"https:\/\/www.interoleo.com\/en\/#\/schema\/person\/image\/\",\"url\":\"https:\/\/secure.gravatar.com\/avatar\/9d9b88888a963e3b9235bbd165d9c050?s=96&d=mm&r=g\",\"contentUrl\":\"https:\/\/secure.gravatar.com\/avatar\/9d9b88888a963e3b9235bbd165d9c050?s=96&d=mm&r=g\",\"caption\":\"Interoleo Picual\"},\"url\":\"https:\/\/www.interoleo.com\/en\/author\/interoleo\/\"}]}<\/script>\n<!-- \/ Yoast SEO plugin. -->","yoast_head_json":{"title":"La SCA Nuestra Se\u00f1ora de la Asunci\u00f3n de Orcera, escenario del concierto inaugural del IV Festival M\u00fasica en Segura - Grupo Inter\u00f3leo","robots":{"index":"index","follow":"follow","max-snippet":"max-snippet:-1","max-image-preview":"max-image-preview:large","max-video-preview":"max-video-preview:-1"},"canonical":"https:\/\/www.interoleo.com\/en\/la-sca-nuestra-senora-la-asuncion-orcera-escenario-del-concierto-inaugural-del-iv-festival-musica-segura\/","og_locale":"en_US","og_type":"article","og_title":"La SCA Nuestra Se\u00f1ora de la Asunci\u00f3n de Orcera, escenario del concierto inaugural del IV Festival M\u00fasica en Segura - Grupo Inter\u00f3leo","og_description":"El\u00a0compromiso con la sociedad y la cultura es una de las se\u00f1as de identidad de nuestra gesti\u00f3n como grupo aceitero. Y, si a eso le a\u00f1adimos la excelente calidad de los aceites que producimos, alcanzamos un binomio que estamos potenciando cada vez m\u00e1s como una forma de devolver a esta tierra todo lo que nos &hellip; Read more \"La SCA Nuestra Se\u00f1ora de la Asunci\u00f3n de Orcera, escenario del concierto inaugural del IV Festival M\u00fasica en Segura\"","og_url":"https:\/\/www.interoleo.com\/en\/la-sca-nuestra-senora-la-asuncion-orcera-escenario-del-concierto-inaugural-del-iv-festival-musica-segura\/","og_site_name":"Grupo Inter\u00f3leo","article_published_time":"2017-03-22T10:16:42+00:00","og_image":[{"width":1181,"height":787,"url":"https:\/\/www.interoleo.com\/wp-content\/uploads\/2017\/03\/Cooperativa-Ntra-Sra-Asunci\u00f3n.jpg","type":"image\/jpeg"}],"author":"Interoleo Picual","twitter_card":"summary_large_image","twitter_misc":{"Written by":"Interoleo Picual","Est. reading time":"1 minute"},"schema":{"@context":"https:\/\/schema.org","@graph":[{"@type":"WebPage","@id":"https:\/\/www.interoleo.com\/en\/la-sca-nuestra-senora-la-asuncion-orcera-escenario-del-concierto-inaugural-del-iv-festival-musica-segura\/","url":"https:\/\/www.interoleo.com\/en\/la-sca-nuestra-senora-la-asuncion-orcera-escenario-del-concierto-inaugural-del-iv-festival-musica-segura\/","name":"La SCA Nuestra Se\u00f1ora de la Asunci\u00f3n de Orcera, escenario del concierto inaugural del IV Festival M\u00fasica en Segura - Grupo Inter\u00f3leo","isPartOf":{"@id":"https:\/\/www.interoleo.com\/en\/#website"},"primaryImageOfPage":{"@id":"https:\/\/www.interoleo.com\/en\/la-sca-nuestra-senora-la-asuncion-orcera-escenario-del-concierto-inaugural-del-iv-festival-musica-segura\/#primaryimage"},"image":{"@id":"https:\/\/www.interoleo.com\/en\/la-sca-nuestra-senora-la-asuncion-orcera-escenario-del-concierto-inaugural-del-iv-festival-musica-segura\/#primaryimage"},"thumbnailUrl":"https:\/\/www.interoleo.com\/wp-content\/uploads\/2017\/03\/Cooperativa-Ntra-Sra-Asunci\u00f3n.jpg","datePublished":"2017-03-22T10:16:42+00:00","author":{"@id":"https:\/\/www.interoleo.com\/en\/#\/schema\/person\/b38839767920504f85d0555e5244a76d"},"breadcrumb":{"@id":"https:\/\/www.interoleo.com\/en\/la-sca-nuestra-senora-la-asuncion-orcera-escenario-del-concierto-inaugural-del-iv-festival-musica-segura\/#breadcrumb"},"inLanguage":"en-US","potentialAction":[{"@type":"ReadAction","target":["https:\/\/www.interoleo.com\/en\/la-sca-nuestra-senora-la-asuncion-orcera-escenario-del-concierto-inaugural-del-iv-festival-musica-segura\/"]}]},{"@type":"ImageObject","inLanguage":"en-US","@id":"https:\/\/www.interoleo.com\/en\/la-sca-nuestra-senora-la-asuncion-orcera-escenario-del-concierto-inaugural-del-iv-festival-musica-segura\/#primaryimage","url":"https:\/\/www.interoleo.com\/wp-content\/uploads\/2017\/03\/Cooperativa-Ntra-Sra-Asunci\u00f3n.jpg","contentUrl":"https:\/\/www.interoleo.com\/wp-content\/uploads\/2017\/03\/Cooperativa-Ntra-Sra-Asunci\u00f3n.jpg","width":1181,"height":787},{"@type":"BreadcrumbList","@id":"https:\/\/www.interoleo.com\/en\/la-sca-nuestra-senora-la-asuncion-orcera-escenario-del-concierto-inaugural-del-iv-festival-musica-segura\/#breadcrumb","itemListElement":[{"@type":"ListItem","position":1,"name":"Portada","item":"https:\/\/www.interoleo.com\/en\/"},{"@type":"ListItem","position":2,"name":"La SCA Nuestra Se\u00f1ora de la Asunci\u00f3n de Orcera, escenario del concierto inaugural del IV Festival M\u00fasica en Segura"}]},{"@type":"WebSite","@id":"https:\/\/www.interoleo.com\/en\/#website","url":"https:\/\/www.interoleo.com\/en\/","name":"Grupo Inter\u00f3leo","description":"Grupo Inter\u00f3leo comercializador de aceite de oliva a granel","potentialAction":[{"@type":"SearchAction","target":{"@type":"EntryPoint","urlTemplate":"https:\/\/www.interoleo.com\/en\/?s={search_term_string}"},"query-input":{"@type":"PropertyValueSpecification","valueRequired":true,"valueName":"search_term_string"}}],"inLanguage":"en-US"},{"@type":"Person","@id":"https:\/\/www.interoleo.com\/en\/#\/schema\/person\/b38839767920504f85d0555e5244a76d","name":"Interoleo Picual","image":{"@type":"ImageObject","inLanguage":"en-US","@id":"https:\/\/www.interoleo.com\/en\/#\/schema\/person\/image\/","url":"https:\/\/secure.gravatar.com\/avatar\/9d9b88888a963e3b9235bbd165d9c050?s=96&d=mm&r=g","contentUrl":"https:\/\/secure.gravatar.com\/avatar\/9d9b88888a963e3b9235bbd165d9c050?s=96&d=mm&r=g","caption":"Interoleo Picual"},"url":"https:\/\/www.interoleo.com\/en\/author\/interoleo\/"}]}},"jetpack_publicize_connections":[],"jetpack_featured_media_url":"https:\/\/www.interoleo.com\/wp-content\/uploads\/2017\/03\/Cooperativa-Ntra-Sra-Asunci\u00f3n.jpg","jetpack_shortlink":"https:\/\/wp.me\/p7R8ws-l2","jetpack_sharing_enabled":true,"_links":{"self":[{"href":"https:\/\/www.interoleo.com\/en\/wp-json\/wp\/v2\/posts\/1304","targetHints":{"allow":["GET"]}}],"collection":[{"href":"https:\/\/www.interoleo.com\/en\/wp-json\/wp\/v2\/posts"}],"about":[{"href":"https:\/\/www.interoleo.com\/en\/wp-json\/wp\/v2\/types\/post"}],"author":[{"embeddable":true,"href":"https:\/\/www.interoleo.com\/en\/wp-json\/wp\/v2\/users\/2"}],"replies":[{"embeddable":true,"href":"https:\/\/www.interoleo.com\/en\/wp-json\/wp\/v2\/comments?post=1304"}],"version-history":[{"count":3,"href":"https:\/\/www.interoleo.com\/en\/wp-json\/wp\/v2\/posts\/1304\/revisions"}],"predecessor-version":[{"id":1308,"href":"https:\/\/www.interoleo.com\/en\/wp-json\/wp\/v2\/posts\/1304\/revisions\/1308"}],"wp:featuredmedia":[{"embeddable":true,"href":"https:\/\/www.interoleo.com\/en\/wp-json\/wp\/v2\/media\/1305"}],"wp:attachment":[{"href":"https:\/\/www.interoleo.com\/en\/wp-json\/wp\/v2\/media?parent=1304"}],"wp:term":[{"taxonomy":"category","embeddable":true,"href":"https:\/\/www.interoleo.com\/en\/wp-json\/wp\/v2\/categories?post=1304"},{"taxonomy":"post_tag","embeddable":true,"href":"https:\/\/www.interoleo.com\/en\/wp-json\/wp\/v2\/tags?post=1304"}],"curies":[{"name":"wp","href":"https:\/\/api.w.org\/{rel}","templated":true}]}}