{"id":133,"date":"2016-08-02T07:15:00","date_gmt":"2016-08-02T07:15:00","guid":{"rendered":"http:\/\/88.12.48.28\/webs\/interoleo\/web\/?p=133"},"modified":"2016-08-02T07:15:00","modified_gmt":"2016-08-02T07:15:00","slug":"interoleo-picual-jaen-anima-operadores-tres-comunidades-autonomas-integrarse","status":"publish","type":"post","link":"https:\/\/www.interoleo.com\/en\/interoleo-picual-jaen-anima-operadores-tres-comunidades-autonomas-integrarse\/","title":{"rendered":"Inter\u00f3leo Picual Ja\u00e9n anima a operadores de tres comunidades aut\u00f3nomas a integrarse"},"content":{"rendered":"<p>Inter\u00f3leo Picual Ja\u00e9n, que adhiere ya a 23 almazaras y 11.000 agricultores de esa provincia -lo que le convierte en una de las principales comercializadoras de aceite de oliva- ha mantenido contactos con operadores de Castilla-La Mancha, Extremadura y Andaluc\u00eda para explorar v\u00edas de integraci\u00f3n. Seg\u00fan ha explicado a Efeagro el presidente de esta sociedad an\u00f3nima, Juan Gadeo, despu\u00e9s de cuatro a\u00f1os consolidando la estructura y los procedimientos -y de lograr un modelo &#8220;exitoso&#8221; de concentraci\u00f3n de la oferta-, ahora est\u00e1n &#8220;divulgando nuestro funcionamiento para, si es posible, entablar alianzas o m\u00e1s adhesiones a nuestra sociedad&#8221;. &#8220;La integraci\u00f3n de las cooperativas de la producci\u00f3n tendr\u00e1 que llegar tarde o temprano, y m\u00e1s vale que llegue ahora y no que se vea forzada&#8221; por una situaci\u00f3n de precios o coyuntura de mercado negativos en el futuro, ha precisado Gadeo.<\/p>\n<p><img fetchpriority=\"high\" decoding=\"async\" class=\"alignnone size-medium wp-image-134\" src=\"http:\/\/88.12.48.28\/webs\/interoleo\/web\/wp-content\/uploads\/2016\/08\/Agroinformacion.com23022015_125549-300x200.jpg\" alt=\"Agroinformacion.com23022015_125549\" width=\"300\" height=\"200\" srcset=\"https:\/\/www.interoleo.com\/wp-content\/uploads\/2016\/08\/Agroinformacion.com23022015_125549-300x200.jpg 300w, https:\/\/www.interoleo.com\/wp-content\/uploads\/2016\/08\/Agroinformacion.com23022015_125549.jpg 470w\" sizes=\"(max-width: 300px) 100vw, 300px\" \/><\/p>\n<p>&#8220;Estamos teniendo contactos fuera de la provincia de Ja\u00e9n, y no s\u00f3lo en Andaluc\u00eda&#8221;, sino tambi\u00e9n con Ciudad Real (Castilla-La Mancha) o Extremadura, ha detallado.<\/p>\n<p>En el caso de Ciudad Real, ha apuntado que hay dos sociedades constituidas ya &#8220;que tienen voluntad de integrarse&#8221;, y sondean un m\u00e9todo de trabajo para lograr esa concentraci\u00f3n.<br \/>\nSeg\u00fan Gadeo, &#8220;les ofrecemos trabajar y colaborar con nosotros bajo la f\u00f3rmula que ellos quieran; si quieren integrarse o si prefieren buscar alianzas. Ese es el camino&#8221;, en referencia a los contactos que han mantenido con dos plataformas que aglutinan operadores ole\u00edcolas en Ciudad Real, del Campo de Montiel y del Campo de Calatrava, respectivamente.<\/p>\n<p><strong>Con 55 millones de kilos de aceite a granel se sit\u00faa por detr\u00e1s de Dcoop<\/strong><\/p>\n<p>Ha destacado la flexibilidad que Inter\u00f3leo Picual Ja\u00e9n, una sociedad mercantil, ofrece a los operadores que quieran integrase, y de hecho, actualmente adhiere a cooperativas y tambi\u00e9n a almazaras privadas, por lo que &#8220;no hay ninguna limitaci\u00f3n&#8221;.<br \/>\nCon una producci\u00f3n comercializada de 55 millones de kilos de aceite a granel de media -aunque en la campa\u00f1a actual se rebajar\u00e1n a 20.000 toneladas por la menor cosecha- y una facturaci\u00f3n de 130 millones de euros, es uno de los mayores grupos comercializadores en el sector agrario, por detr\u00e1s de Dcoop y en similares cifras que Jaencoop.<br \/>\nEn Ja\u00e9n, ha resaltado que Inter\u00f3leo est\u00e1 presente en todas las denominaciones de origen de la provincia y &#8220;no nos vendr\u00eda mal tener socios de fuera de esta tierra, que tengan otras variedades&#8221;.<\/p>\n<p><strong>Espera que el proceso de integraci\u00f3n supraauton\u00f3mico ayude a acelerar los contactos<\/strong><\/p>\n<p>Sin embargo, ha reconocido que los contactos con operadores manchegos, andaluces (especialmente en la provincia de C\u00f3rdoba) o extreme\u00f1os que han mantenido son &#8220;lentos&#8221;, porque &#8220;hay mucha mentalidad inmovilista&#8221; en el sector agrario hist\u00f3ricamente y tambi\u00e9n &#8220;hay que trabajar sin prisas&#8221; para que prosperen estos proyectos de fusi\u00f3n.<br \/>\nHa expresado su confianza en que eventuales procesos de integraci\u00f3n de operadores supraauton\u00f3micos puedan beneficiarse de las ayudas del Programa Nacional del Desarrollo Rural, en virtud de la \u00faltima ley de integraci\u00f3n de cooperativas y otras entidades asociativas.<br \/>\nAunque la f\u00f3rmula jur\u00eddica de Inter\u00f3leo es un sociedad an\u00f3nima y no una cooperativa, Gadeo espera que no se les &#8220;discrimine&#8221;, porque a su juicio lo crucial de esa ley es que debe lograr la concentraci\u00f3n de la oferta para que el sector ole\u00edcola pueda ser m\u00e1s competitivo.<\/p>\n<p>Fuente: <a href=\"http:\/\/agroinformacion.com\">agroinformacion.com<\/a><\/p>\n","protected":false},"excerpt":{"rendered":"<p>Inter\u00f3leo Picual Ja\u00e9n, que adhiere ya a 23 almazaras y 11.000 agricultores de esa provincia -lo que le convierte en una de las principales comercializadoras de aceite de oliva- ha mantenido contactos con operadores de Castilla-La Mancha, Extremadura y Andaluc\u00eda para explorar v\u00edas de integraci\u00f3n. Seg\u00fan ha explicado a Efeagro el presidente de esta sociedad &hellip; <\/p>\n<p class=\"link-more\"><a href=\"https:\/\/www.interoleo.com\/en\/interoleo-picual-jaen-anima-operadores-tres-comunidades-autonomas-integrarse\/\" class=\"more-link\">Read more<span class=\"screen-reader-text\"> &#8220;Inter\u00f3leo Picual Ja\u00e9n anima a operadores de tres comunidades aut\u00f3nomas a integrarse&#8221;<\/span><\/a><\/p>\n","protected":false},"author":1,"featured_media":0,"comment_status":"closed","ping_status":"closed","sticky":false,"template":"","format":"standard","meta":{"jetpack_post_was_ever_published":false,"_jetpack_newsletter_access":"","_jetpack_dont_email_post_to_subs":false,"_jetpack_newsletter_tier_id":0,"_jetpack_memberships_contains_paywalled_content":false,"_jetpack_memberships_contains_paid_content":false,"footnotes":"","jetpack_publicize_message":"","jetpack_publicize_feature_enabled":true,"jetpack_social_post_already_shared":false,"jetpack_social_options":{"image_generator_settings":{"template":"highway","default_image_id":0,"font":"","enabled":false},"version":2}},"categories":[4],"tags":[],"class_list":["post-133","post","type-post","status-publish","format-standard","hentry","category-actualidad"],"yoast_head":"<!-- This site is optimized with the Yoast SEO plugin v26.0 - https:\/\/yoast.com\/wordpress\/plugins\/seo\/ -->\n<title>Inter\u00f3leo Picual Ja\u00e9n anima a operadores de tres comunidades aut\u00f3nomas<\/title>\n<meta name=\"description\" content=\"Inter\u00f3leo Picual Ja\u00e9n anima a operadores de tres comunidades aut\u00f3nomas a integrarse , que adhiere ya a 23 almazaras y 11.000 agricultores de esa...\" \/>\n<meta name=\"robots\" content=\"index, follow, max-snippet:-1, max-image-preview:large, max-video-preview:-1\" \/>\n<link rel=\"canonical\" href=\"https:\/\/www.interoleo.com\/en\/interoleo-picual-jaen-anima-operadores-tres-comunidades-autonomas-integrarse\/\" \/>\n<meta property=\"og:locale\" content=\"en_US\" \/>\n<meta property=\"og:type\" content=\"article\" \/>\n<meta property=\"og:title\" content=\"Inter\u00f3leo Picual Ja\u00e9n anima a operadores de tres comunidades aut\u00f3nomas\" \/>\n<meta property=\"og:description\" content=\"Inter\u00f3leo Picual Ja\u00e9n anima a operadores de tres comunidades aut\u00f3nomas a integrarse , que adhiere ya a 23 almazaras y 11.000 agricultores de esa...\" \/>\n<meta property=\"og:url\" content=\"https:\/\/www.interoleo.com\/en\/interoleo-picual-jaen-anima-operadores-tres-comunidades-autonomas-integrarse\/\" \/>\n<meta property=\"og:site_name\" content=\"Grupo Inter\u00f3leo\" \/>\n<meta property=\"article:published_time\" content=\"2016-08-02T07:15:00+00:00\" \/>\n<meta property=\"og:image\" content=\"http:\/\/88.12.48.28\/webs\/interoleo\/web\/wp-content\/uploads\/2016\/08\/Agroinformacion.com23022015_125549-300x200.jpg\" \/>\n<meta name=\"author\" content=\"admin\" \/>\n<meta name=\"twitter:card\" content=\"summary_large_image\" \/>\n<meta name=\"twitter:label1\" content=\"Written by\" \/>\n\t<meta name=\"twitter:data1\" content=\"admin\" \/>\n\t<meta name=\"twitter:label2\" content=\"Est. reading time\" \/>\n\t<meta name=\"twitter:data2\" content=\"3 minutes\" \/>\n<script type=\"application\/ld+json\" class=\"yoast-schema-graph\">{\"@context\":\"https:\/\/schema.org\",\"@graph\":[{\"@type\":\"WebPage\",\"@id\":\"https:\/\/www.interoleo.com\/en\/interoleo-picual-jaen-anima-operadores-tres-comunidades-autonomas-integrarse\/\",\"url\":\"https:\/\/www.interoleo.com\/en\/interoleo-picual-jaen-anima-operadores-tres-comunidades-autonomas-integrarse\/\",\"name\":\"Inter\u00f3leo Picual Ja\u00e9n anima a operadores de tres comunidades aut\u00f3nomas\",\"isPartOf\":{\"@id\":\"https:\/\/www.interoleo.com\/en\/#website\"},\"primaryImageOfPage\":{\"@id\":\"https:\/\/www.interoleo.com\/en\/interoleo-picual-jaen-anima-operadores-tres-comunidades-autonomas-integrarse\/#primaryimage\"},\"image\":{\"@id\":\"https:\/\/www.interoleo.com\/en\/interoleo-picual-jaen-anima-operadores-tres-comunidades-autonomas-integrarse\/#primaryimage\"},\"thumbnailUrl\":\"http:\/\/88.12.48.28\/webs\/interoleo\/web\/wp-content\/uploads\/2016\/08\/Agroinformacion.com23022015_125549-300x200.jpg\",\"datePublished\":\"2016-08-02T07:15:00+00:00\",\"author\":{\"@id\":\"https:\/\/www.interoleo.com\/en\/#\/schema\/person\/f99693fc38ce605f463dc5d58909df2a\"},\"description\":\"Inter\u00f3leo Picual Ja\u00e9n anima a operadores de tres comunidades aut\u00f3nomas a integrarse , que adhiere ya a 23 almazaras y 11.000 agricultores de esa...\",\"breadcrumb\":{\"@id\":\"https:\/\/www.interoleo.com\/en\/interoleo-picual-jaen-anima-operadores-tres-comunidades-autonomas-integrarse\/#breadcrumb\"},\"inLanguage\":\"en-US\",\"potentialAction\":[{\"@type\":\"ReadAction\",\"target\":[\"https:\/\/www.interoleo.com\/en\/interoleo-picual-jaen-anima-operadores-tres-comunidades-autonomas-integrarse\/\"]}]},{\"@type\":\"ImageObject\",\"inLanguage\":\"en-US\",\"@id\":\"https:\/\/www.interoleo.com\/en\/interoleo-picual-jaen-anima-operadores-tres-comunidades-autonomas-integrarse\/#primaryimage\",\"url\":\"http:\/\/88.12.48.28\/webs\/interoleo\/web\/wp-content\/uploads\/2016\/08\/Agroinformacion.com23022015_125549-300x200.jpg\",\"contentUrl\":\"http:\/\/88.12.48.28\/webs\/interoleo\/web\/wp-content\/uploads\/2016\/08\/Agroinformacion.com23022015_125549-300x200.jpg\"},{\"@type\":\"BreadcrumbList\",\"@id\":\"https:\/\/www.interoleo.com\/en\/interoleo-picual-jaen-anima-operadores-tres-comunidades-autonomas-integrarse\/#breadcrumb\",\"itemListElement\":[{\"@type\":\"ListItem\",\"position\":1,\"name\":\"Portada\",\"item\":\"https:\/\/www.interoleo.com\/en\/\"},{\"@type\":\"ListItem\",\"position\":2,\"name\":\"Inter\u00f3leo Picual Ja\u00e9n anima a operadores de tres comunidades aut\u00f3nomas a integrarse\"}]},{\"@type\":\"WebSite\",\"@id\":\"https:\/\/www.interoleo.com\/en\/#website\",\"url\":\"https:\/\/www.interoleo.com\/en\/\",\"name\":\"Grupo Inter\u00f3leo\",\"description\":\"Grupo Inter\u00f3leo comercializador de aceite de oliva a granel\",\"potentialAction\":[{\"@type\":\"SearchAction\",\"target\":{\"@type\":\"EntryPoint\",\"urlTemplate\":\"https:\/\/www.interoleo.com\/en\/?s={search_term_string}\"},\"query-input\":{\"@type\":\"PropertyValueSpecification\",\"valueRequired\":true,\"valueName\":\"search_term_string\"}}],\"inLanguage\":\"en-US\"},{\"@type\":\"Person\",\"@id\":\"https:\/\/www.interoleo.com\/en\/#\/schema\/person\/f99693fc38ce605f463dc5d58909df2a\",\"name\":\"admin\",\"image\":{\"@type\":\"ImageObject\",\"inLanguage\":\"en-US\",\"@id\":\"https:\/\/www.interoleo.com\/en\/#\/schema\/person\/image\/\",\"url\":\"https:\/\/secure.gravatar.com\/avatar\/7e985868c8f2fc8c9b5e292d3d038423?s=96&d=mm&r=g\",\"contentUrl\":\"https:\/\/secure.gravatar.com\/avatar\/7e985868c8f2fc8c9b5e292d3d038423?s=96&d=mm&r=g\",\"caption\":\"admin\"},\"url\":\"https:\/\/www.interoleo.com\/en\/author\/admin\/\"}]}<\/script>\n<!-- \/ Yoast SEO plugin. -->","yoast_head_json":{"title":"Inter\u00f3leo Picual Ja\u00e9n anima a operadores de tres comunidades aut\u00f3nomas","description":"Inter\u00f3leo Picual Ja\u00e9n anima a operadores de tres comunidades aut\u00f3nomas a integrarse , que adhiere ya a 23 almazaras y 11.000 agricultores de esa...","robots":{"index":"index","follow":"follow","max-snippet":"max-snippet:-1","max-image-preview":"max-image-preview:large","max-video-preview":"max-video-preview:-1"},"canonical":"https:\/\/www.interoleo.com\/en\/interoleo-picual-jaen-anima-operadores-tres-comunidades-autonomas-integrarse\/","og_locale":"en_US","og_type":"article","og_title":"Inter\u00f3leo Picual Ja\u00e9n anima a operadores de tres comunidades aut\u00f3nomas","og_description":"Inter\u00f3leo Picual Ja\u00e9n anima a operadores de tres comunidades aut\u00f3nomas a integrarse , que adhiere ya a 23 almazaras y 11.000 agricultores de esa...","og_url":"https:\/\/www.interoleo.com\/en\/interoleo-picual-jaen-anima-operadores-tres-comunidades-autonomas-integrarse\/","og_site_name":"Grupo Inter\u00f3leo","article_published_time":"2016-08-02T07:15:00+00:00","og_image":[{"url":"http:\/\/88.12.48.28\/webs\/interoleo\/web\/wp-content\/uploads\/2016\/08\/Agroinformacion.com23022015_125549-300x200.jpg","type":"","width":"","height":""}],"author":"admin","twitter_card":"summary_large_image","twitter_misc":{"Written by":"admin","Est. reading time":"3 minutes"},"schema":{"@context":"https:\/\/schema.org","@graph":[{"@type":"WebPage","@id":"https:\/\/www.interoleo.com\/en\/interoleo-picual-jaen-anima-operadores-tres-comunidades-autonomas-integrarse\/","url":"https:\/\/www.interoleo.com\/en\/interoleo-picual-jaen-anima-operadores-tres-comunidades-autonomas-integrarse\/","name":"Inter\u00f3leo Picual Ja\u00e9n anima a operadores de tres comunidades aut\u00f3nomas","isPartOf":{"@id":"https:\/\/www.interoleo.com\/en\/#website"},"primaryImageOfPage":{"@id":"https:\/\/www.interoleo.com\/en\/interoleo-picual-jaen-anima-operadores-tres-comunidades-autonomas-integrarse\/#primaryimage"},"image":{"@id":"https:\/\/www.interoleo.com\/en\/interoleo-picual-jaen-anima-operadores-tres-comunidades-autonomas-integrarse\/#primaryimage"},"thumbnailUrl":"http:\/\/88.12.48.28\/webs\/interoleo\/web\/wp-content\/uploads\/2016\/08\/Agroinformacion.com23022015_125549-300x200.jpg","datePublished":"2016-08-02T07:15:00+00:00","author":{"@id":"https:\/\/www.interoleo.com\/en\/#\/schema\/person\/f99693fc38ce605f463dc5d58909df2a"},"description":"Inter\u00f3leo Picual Ja\u00e9n anima a operadores de tres comunidades aut\u00f3nomas a integrarse , que adhiere ya a 23 almazaras y 11.000 agricultores de esa...","breadcrumb":{"@id":"https:\/\/www.interoleo.com\/en\/interoleo-picual-jaen-anima-operadores-tres-comunidades-autonomas-integrarse\/#breadcrumb"},"inLanguage":"en-US","potentialAction":[{"@type":"ReadAction","target":["https:\/\/www.interoleo.com\/en\/interoleo-picual-jaen-anima-operadores-tres-comunidades-autonomas-integrarse\/"]}]},{"@type":"ImageObject","inLanguage":"en-US","@id":"https:\/\/www.interoleo.com\/en\/interoleo-picual-jaen-anima-operadores-tres-comunidades-autonomas-integrarse\/#primaryimage","url":"http:\/\/88.12.48.28\/webs\/interoleo\/web\/wp-content\/uploads\/2016\/08\/Agroinformacion.com23022015_125549-300x200.jpg","contentUrl":"http:\/\/88.12.48.28\/webs\/interoleo\/web\/wp-content\/uploads\/2016\/08\/Agroinformacion.com23022015_125549-300x200.jpg"},{"@type":"BreadcrumbList","@id":"https:\/\/www.interoleo.com\/en\/interoleo-picual-jaen-anima-operadores-tres-comunidades-autonomas-integrarse\/#breadcrumb","itemListElement":[{"@type":"ListItem","position":1,"name":"Portada","item":"https:\/\/www.interoleo.com\/en\/"},{"@type":"ListItem","position":2,"name":"Inter\u00f3leo Picual Ja\u00e9n anima a operadores de tres comunidades aut\u00f3nomas a integrarse"}]},{"@type":"WebSite","@id":"https:\/\/www.interoleo.com\/en\/#website","url":"https:\/\/www.interoleo.com\/en\/","name":"Grupo Inter\u00f3leo","description":"Grupo Inter\u00f3leo comercializador de aceite de oliva a granel","potentialAction":[{"@type":"SearchAction","target":{"@type":"EntryPoint","urlTemplate":"https:\/\/www.interoleo.com\/en\/?s={search_term_string}"},"query-input":{"@type":"PropertyValueSpecification","valueRequired":true,"valueName":"search_term_string"}}],"inLanguage":"en-US"},{"@type":"Person","@id":"https:\/\/www.interoleo.com\/en\/#\/schema\/person\/f99693fc38ce605f463dc5d58909df2a","name":"admin","image":{"@type":"ImageObject","inLanguage":"en-US","@id":"https:\/\/www.interoleo.com\/en\/#\/schema\/person\/image\/","url":"https:\/\/secure.gravatar.com\/avatar\/7e985868c8f2fc8c9b5e292d3d038423?s=96&d=mm&r=g","contentUrl":"https:\/\/secure.gravatar.com\/avatar\/7e985868c8f2fc8c9b5e292d3d038423?s=96&d=mm&r=g","caption":"admin"},"url":"https:\/\/www.interoleo.com\/en\/author\/admin\/"}]}},"jetpack_publicize_connections":[],"jetpack_featured_media_url":"","jetpack_shortlink":"https:\/\/wp.me\/p7R8ws-29","jetpack_sharing_enabled":true,"_links":{"self":[{"href":"https:\/\/www.interoleo.com\/en\/wp-json\/wp\/v2\/posts\/133","targetHints":{"allow":["GET"]}}],"collection":[{"href":"https:\/\/www.interoleo.com\/en\/wp-json\/wp\/v2\/posts"}],"about":[{"href":"https:\/\/www.interoleo.com\/en\/wp-json\/wp\/v2\/types\/post"}],"author":[{"embeddable":true,"href":"https:\/\/www.interoleo.com\/en\/wp-json\/wp\/v2\/users\/1"}],"replies":[{"embeddable":true,"href":"https:\/\/www.interoleo.com\/en\/wp-json\/wp\/v2\/comments?post=133"}],"version-history":[{"count":1,"href":"https:\/\/www.interoleo.com\/en\/wp-json\/wp\/v2\/posts\/133\/revisions"}],"predecessor-version":[{"id":135,"href":"https:\/\/www.interoleo.com\/en\/wp-json\/wp\/v2\/posts\/133\/revisions\/135"}],"wp:attachment":[{"href":"https:\/\/www.interoleo.com\/en\/wp-json\/wp\/v2\/media?parent=133"}],"wp:term":[{"taxonomy":"category","embeddable":true,"href":"https:\/\/www.interoleo.com\/en\/wp-json\/wp\/v2\/categories?post=133"},{"taxonomy":"post_tag","embeddable":true,"href":"https:\/\/www.interoleo.com\/en\/wp-json\/wp\/v2\/tags?post=133"}],"curies":[{"name":"wp","href":"https:\/\/api.w.org\/{rel}","templated":true}]}}