{"id":1334,"date":"2017-04-20T09:38:51","date_gmt":"2017-04-20T09:38:51","guid":{"rendered":"http:\/\/www.interoleo.com\/?p=1334"},"modified":"2017-04-20T09:38:51","modified_gmt":"2017-04-20T09:38:51","slug":"oleocampo-se-convierte-dos-dias-escaparate-del-olivar-ecologico-andaluz","status":"publish","type":"post","link":"https:\/\/www.interoleo.com\/en\/oleocampo-se-convierte-dos-dias-escaparate-del-olivar-ecologico-andaluz\/","title":{"rendered":"Oleocampo se convierte, durante dos d\u00edas, en el escaparate del olivar ecol\u00f3gico andaluz"},"content":{"rendered":"<p>El Centro de Interpretaci\u00f3n de nuestro socio Oleocampo se ha convertido, durante dos d\u00edas, en el escaparate del olivar ecol\u00f3gico andaluz con la celebraci\u00f3n del primer certamen en el que\u00a0se ha analizado, desde diferentes perspectivas, los nuevos retos a los que se enfrenta este\u00a0sector. Jornada t\u00e9cnicas y sesiones demostrativas en campo han servido para profundizar en\u00a0la importancia del uso sostenible de suelos del olivar a trav\u00e9s de las cubiertas vegetales, el efecto del manejo del suelo en sus propiedades, la degradaci\u00f3n del territorio, la contaminaci\u00f3n de suelos, la tecnolog\u00eda de suelos, la protecci\u00f3n y rehabilitaci\u00f3n. Demostrar\u00e1n en campo la forma m\u00e1s adecuada de tratar el olivar como un aut\u00e9ntico ecosistema y har\u00e1n recomendaciones sobre el uso de desbrozadoras.<\/p>\n<p>La inauguraci\u00f3n corri\u00f3 a cargo de nuestro presidente, Juan Gadeo, que a su vez es m\u00e1ximo responsable de Oleocampo. En su intervenci\u00f3n, dej\u00f3 muy clara nuestra apuesta por el aceite ecol\u00f3gico para abrir nuevos mercados, sobre todo porque en los \u00faltimos a\u00f1os est\u00e1 encontrando un nicho de consumo muy importante, y creciente, al asociarse con unos mayores beneficios saludables y medioambientales. Despu\u00e9s, ya a pie de campo,\u00a0se plantearon\u00a0casos pr\u00e1cticos sobre c\u00f3mo elaborar alternativas sostenibles al sistema de fertilizaci\u00f3n en olivar y los efectos y beneficios de su aplicaci\u00f3n en una plantaci\u00f3n de olivar.<\/p>\n<p>Paralelamente, el certamen cont\u00f3\u00a0con una importante zona comercial ubicada en la zona exterior de Oleocampo, donde expositores de toda Andaluc\u00eda dieron a conocer sus productos y servicios relacionados con fitosanitarios, asesoramientos t\u00e9cnicos, maquinaria agr\u00edcola, inspecciones y certificaciones agroalimentarias, subproductos, entre otros. La jornada ha sido organizada por Citoliva y Oleocampo y financiada por la Consejer\u00eda de Agricultura, Pesca y Desarrollo Rural de la Junta de Andaluc\u00eda y del Fondo Europeo Agr\u00edcola de Desarrollo Rural (FEADER), y estuvo destinada\u00a0a agricultores ecol\u00f3gicos, cooperativas y almazaras, ingenieros\u00a0agr\u00f3nomos, empresas del sector olivarero, investigadores, fabricantes y distribuidores de fitosanitarios.<\/p>\n\n","protected":false},"excerpt":{"rendered":"<p>El Centro de Interpretaci\u00f3n de nuestro socio Oleocampo se ha convertido, durante dos d\u00edas, en el escaparate del olivar ecol\u00f3gico andaluz con la celebraci\u00f3n del primer certamen en el que\u00a0se ha analizado, desde diferentes perspectivas, los nuevos retos a los que se enfrenta este\u00a0sector. Jornada t\u00e9cnicas y sesiones demostrativas en campo han servido para profundizar &hellip; <\/p>\n<p class=\"link-more\"><a href=\"https:\/\/www.interoleo.com\/en\/oleocampo-se-convierte-dos-dias-escaparate-del-olivar-ecologico-andaluz\/\" class=\"more-link\">Read more<span class=\"screen-reader-text\"> &#8220;Oleocampo se convierte, durante dos d\u00edas, en el escaparate del olivar ecol\u00f3gico andaluz&#8221;<\/span><\/a><\/p>\n","protected":false},"author":2,"featured_media":1336,"comment_status":"closed","ping_status":"closed","sticky":false,"template":"","format":"standard","meta":{"jetpack_post_was_ever_published":false,"_jetpack_newsletter_access":"","_jetpack_dont_email_post_to_subs":false,"_jetpack_newsletter_tier_id":0,"_jetpack_memberships_contains_paywalled_content":false,"_jetpack_memberships_contains_paid_content":false,"footnotes":"","jetpack_publicize_message":"","jetpack_publicize_feature_enabled":true,"jetpack_social_post_already_shared":true,"jetpack_social_options":{"image_generator_settings":{"template":"highway","default_image_id":0,"font":"","enabled":false},"version":2}},"categories":[3,4,7],"tags":[127,91,131,44,129,18,26,128,19,130,14,83],"class_list":["post-1334","post","type-post","status-publish","format-standard","has-post-thumbnail","hentry","category-aceite-de-oliva","category-actualidad","category-noticias-interoleo","tag-aceite-ecologico","tag-citoliva","tag-ecologico","tag-grupo-interoleo","tag-i-certamen-andaluz-de-olivar-ecologico","tag-juan-gadeo","tag-oleocampo","tag-olivar-ecologico","tag-presidente-de-interoleo","tag-presidente-de-oleocampo","tag-produccion","tag-sector-olivarero"],"yoast_head":"<!-- This site is optimized with the Yoast SEO plugin v26.0 - https:\/\/yoast.com\/wordpress\/plugins\/seo\/ -->\n<title>Oleocampo se convierte, durante dos d\u00edas, en el escaparate del olivar ecol\u00f3gico andaluz - Grupo Inter\u00f3leo<\/title>\n<meta name=\"robots\" content=\"index, follow, max-snippet:-1, max-image-preview:large, max-video-preview:-1\" \/>\n<link rel=\"canonical\" href=\"https:\/\/www.interoleo.com\/en\/oleocampo-se-convierte-dos-dias-escaparate-del-olivar-ecologico-andaluz\/\" \/>\n<meta property=\"og:locale\" content=\"en_US\" \/>\n<meta property=\"og:type\" content=\"article\" \/>\n<meta property=\"og:title\" content=\"Oleocampo se convierte, durante dos d\u00edas, en el escaparate del olivar ecol\u00f3gico andaluz - Grupo Inter\u00f3leo\" \/>\n<meta property=\"og:description\" content=\"El Centro de Interpretaci\u00f3n de nuestro socio Oleocampo se ha convertido, durante dos d\u00edas, en el escaparate del olivar ecol\u00f3gico andaluz con la celebraci\u00f3n del primer certamen en el que\u00a0se ha analizado, desde diferentes perspectivas, los nuevos retos a los que se enfrenta este\u00a0sector. Jornada t\u00e9cnicas y sesiones demostrativas en campo han servido para profundizar &hellip; Read more &quot;Oleocampo se convierte, durante dos d\u00edas, en el escaparate del olivar ecol\u00f3gico andaluz&quot;\" \/>\n<meta property=\"og:url\" content=\"https:\/\/www.interoleo.com\/en\/oleocampo-se-convierte-dos-dias-escaparate-del-olivar-ecologico-andaluz\/\" \/>\n<meta property=\"og:site_name\" content=\"Grupo Inter\u00f3leo\" \/>\n<meta property=\"article:published_time\" content=\"2017-04-20T09:38:51+00:00\" \/>\n<meta property=\"og:image\" content=\"https:\/\/www.interoleo.com\/wp-content\/uploads\/2017\/04\/Ecol\u00f3gico-1.jpg\" \/>\n\t<meta property=\"og:image:width\" content=\"1181\" \/>\n\t<meta property=\"og:image:height\" content=\"787\" \/>\n\t<meta property=\"og:image:type\" content=\"image\/jpeg\" \/>\n<meta name=\"author\" content=\"Interoleo Picual\" \/>\n<meta name=\"twitter:card\" content=\"summary_large_image\" \/>\n<meta name=\"twitter:label1\" content=\"Written by\" \/>\n\t<meta name=\"twitter:data1\" content=\"Interoleo Picual\" \/>\n\t<meta name=\"twitter:label2\" content=\"Est. reading time\" \/>\n\t<meta name=\"twitter:data2\" content=\"2 minutes\" \/>\n<script type=\"application\/ld+json\" class=\"yoast-schema-graph\">{\"@context\":\"https:\/\/schema.org\",\"@graph\":[{\"@type\":\"WebPage\",\"@id\":\"https:\/\/www.interoleo.com\/en\/oleocampo-se-convierte-dos-dias-escaparate-del-olivar-ecologico-andaluz\/\",\"url\":\"https:\/\/www.interoleo.com\/en\/oleocampo-se-convierte-dos-dias-escaparate-del-olivar-ecologico-andaluz\/\",\"name\":\"Oleocampo se convierte, durante dos d\u00edas, en el escaparate del olivar ecol\u00f3gico andaluz - Grupo Inter\u00f3leo\",\"isPartOf\":{\"@id\":\"https:\/\/www.interoleo.com\/en\/#website\"},\"primaryImageOfPage\":{\"@id\":\"https:\/\/www.interoleo.com\/en\/oleocampo-se-convierte-dos-dias-escaparate-del-olivar-ecologico-andaluz\/#primaryimage\"},\"image\":{\"@id\":\"https:\/\/www.interoleo.com\/en\/oleocampo-se-convierte-dos-dias-escaparate-del-olivar-ecologico-andaluz\/#primaryimage\"},\"thumbnailUrl\":\"https:\/\/www.interoleo.com\/wp-content\/uploads\/2017\/04\/Ecol\u00f3gico-1.jpg\",\"datePublished\":\"2017-04-20T09:38:51+00:00\",\"author\":{\"@id\":\"https:\/\/www.interoleo.com\/en\/#\/schema\/person\/b38839767920504f85d0555e5244a76d\"},\"breadcrumb\":{\"@id\":\"https:\/\/www.interoleo.com\/en\/oleocampo-se-convierte-dos-dias-escaparate-del-olivar-ecologico-andaluz\/#breadcrumb\"},\"inLanguage\":\"en-US\",\"potentialAction\":[{\"@type\":\"ReadAction\",\"target\":[\"https:\/\/www.interoleo.com\/en\/oleocampo-se-convierte-dos-dias-escaparate-del-olivar-ecologico-andaluz\/\"]}]},{\"@type\":\"ImageObject\",\"inLanguage\":\"en-US\",\"@id\":\"https:\/\/www.interoleo.com\/en\/oleocampo-se-convierte-dos-dias-escaparate-del-olivar-ecologico-andaluz\/#primaryimage\",\"url\":\"https:\/\/www.interoleo.com\/wp-content\/uploads\/2017\/04\/Ecol\u00f3gico-1.jpg\",\"contentUrl\":\"https:\/\/www.interoleo.com\/wp-content\/uploads\/2017\/04\/Ecol\u00f3gico-1.jpg\",\"width\":1181,\"height\":787},{\"@type\":\"BreadcrumbList\",\"@id\":\"https:\/\/www.interoleo.com\/en\/oleocampo-se-convierte-dos-dias-escaparate-del-olivar-ecologico-andaluz\/#breadcrumb\",\"itemListElement\":[{\"@type\":\"ListItem\",\"position\":1,\"name\":\"Portada\",\"item\":\"https:\/\/www.interoleo.com\/en\/\"},{\"@type\":\"ListItem\",\"position\":2,\"name\":\"Oleocampo se convierte, durante dos d\u00edas, en el escaparate del olivar ecol\u00f3gico andaluz\"}]},{\"@type\":\"WebSite\",\"@id\":\"https:\/\/www.interoleo.com\/en\/#website\",\"url\":\"https:\/\/www.interoleo.com\/en\/\",\"name\":\"Grupo Inter\u00f3leo\",\"description\":\"Grupo Inter\u00f3leo comercializador de aceite de oliva a granel\",\"potentialAction\":[{\"@type\":\"SearchAction\",\"target\":{\"@type\":\"EntryPoint\",\"urlTemplate\":\"https:\/\/www.interoleo.com\/en\/?s={search_term_string}\"},\"query-input\":{\"@type\":\"PropertyValueSpecification\",\"valueRequired\":true,\"valueName\":\"search_term_string\"}}],\"inLanguage\":\"en-US\"},{\"@type\":\"Person\",\"@id\":\"https:\/\/www.interoleo.com\/en\/#\/schema\/person\/b38839767920504f85d0555e5244a76d\",\"name\":\"Interoleo Picual\",\"image\":{\"@type\":\"ImageObject\",\"inLanguage\":\"en-US\",\"@id\":\"https:\/\/www.interoleo.com\/en\/#\/schema\/person\/image\/\",\"url\":\"https:\/\/secure.gravatar.com\/avatar\/9d9b88888a963e3b9235bbd165d9c050?s=96&d=mm&r=g\",\"contentUrl\":\"https:\/\/secure.gravatar.com\/avatar\/9d9b88888a963e3b9235bbd165d9c050?s=96&d=mm&r=g\",\"caption\":\"Interoleo Picual\"},\"url\":\"https:\/\/www.interoleo.com\/en\/author\/interoleo\/\"}]}<\/script>\n<!-- \/ Yoast SEO plugin. -->","yoast_head_json":{"title":"Oleocampo se convierte, durante dos d\u00edas, en el escaparate del olivar ecol\u00f3gico andaluz - Grupo Inter\u00f3leo","robots":{"index":"index","follow":"follow","max-snippet":"max-snippet:-1","max-image-preview":"max-image-preview:large","max-video-preview":"max-video-preview:-1"},"canonical":"https:\/\/www.interoleo.com\/en\/oleocampo-se-convierte-dos-dias-escaparate-del-olivar-ecologico-andaluz\/","og_locale":"en_US","og_type":"article","og_title":"Oleocampo se convierte, durante dos d\u00edas, en el escaparate del olivar ecol\u00f3gico andaluz - Grupo Inter\u00f3leo","og_description":"El Centro de Interpretaci\u00f3n de nuestro socio Oleocampo se ha convertido, durante dos d\u00edas, en el escaparate del olivar ecol\u00f3gico andaluz con la celebraci\u00f3n del primer certamen en el que\u00a0se ha analizado, desde diferentes perspectivas, los nuevos retos a los que se enfrenta este\u00a0sector. Jornada t\u00e9cnicas y sesiones demostrativas en campo han servido para profundizar &hellip; Read more \"Oleocampo se convierte, durante dos d\u00edas, en el escaparate del olivar ecol\u00f3gico andaluz\"","og_url":"https:\/\/www.interoleo.com\/en\/oleocampo-se-convierte-dos-dias-escaparate-del-olivar-ecologico-andaluz\/","og_site_name":"Grupo Inter\u00f3leo","article_published_time":"2017-04-20T09:38:51+00:00","og_image":[{"width":1181,"height":787,"url":"https:\/\/www.interoleo.com\/wp-content\/uploads\/2017\/04\/Ecol\u00f3gico-1.jpg","type":"image\/jpeg"}],"author":"Interoleo Picual","twitter_card":"summary_large_image","twitter_misc":{"Written by":"Interoleo Picual","Est. reading time":"2 minutes"},"schema":{"@context":"https:\/\/schema.org","@graph":[{"@type":"WebPage","@id":"https:\/\/www.interoleo.com\/en\/oleocampo-se-convierte-dos-dias-escaparate-del-olivar-ecologico-andaluz\/","url":"https:\/\/www.interoleo.com\/en\/oleocampo-se-convierte-dos-dias-escaparate-del-olivar-ecologico-andaluz\/","name":"Oleocampo se convierte, durante dos d\u00edas, en el escaparate del olivar ecol\u00f3gico andaluz - Grupo Inter\u00f3leo","isPartOf":{"@id":"https:\/\/www.interoleo.com\/en\/#website"},"primaryImageOfPage":{"@id":"https:\/\/www.interoleo.com\/en\/oleocampo-se-convierte-dos-dias-escaparate-del-olivar-ecologico-andaluz\/#primaryimage"},"image":{"@id":"https:\/\/www.interoleo.com\/en\/oleocampo-se-convierte-dos-dias-escaparate-del-olivar-ecologico-andaluz\/#primaryimage"},"thumbnailUrl":"https:\/\/www.interoleo.com\/wp-content\/uploads\/2017\/04\/Ecol\u00f3gico-1.jpg","datePublished":"2017-04-20T09:38:51+00:00","author":{"@id":"https:\/\/www.interoleo.com\/en\/#\/schema\/person\/b38839767920504f85d0555e5244a76d"},"breadcrumb":{"@id":"https:\/\/www.interoleo.com\/en\/oleocampo-se-convierte-dos-dias-escaparate-del-olivar-ecologico-andaluz\/#breadcrumb"},"inLanguage":"en-US","potentialAction":[{"@type":"ReadAction","target":["https:\/\/www.interoleo.com\/en\/oleocampo-se-convierte-dos-dias-escaparate-del-olivar-ecologico-andaluz\/"]}]},{"@type":"ImageObject","inLanguage":"en-US","@id":"https:\/\/www.interoleo.com\/en\/oleocampo-se-convierte-dos-dias-escaparate-del-olivar-ecologico-andaluz\/#primaryimage","url":"https:\/\/www.interoleo.com\/wp-content\/uploads\/2017\/04\/Ecol\u00f3gico-1.jpg","contentUrl":"https:\/\/www.interoleo.com\/wp-content\/uploads\/2017\/04\/Ecol\u00f3gico-1.jpg","width":1181,"height":787},{"@type":"BreadcrumbList","@id":"https:\/\/www.interoleo.com\/en\/oleocampo-se-convierte-dos-dias-escaparate-del-olivar-ecologico-andaluz\/#breadcrumb","itemListElement":[{"@type":"ListItem","position":1,"name":"Portada","item":"https:\/\/www.interoleo.com\/en\/"},{"@type":"ListItem","position":2,"name":"Oleocampo se convierte, durante dos d\u00edas, en el escaparate del olivar ecol\u00f3gico andaluz"}]},{"@type":"WebSite","@id":"https:\/\/www.interoleo.com\/en\/#website","url":"https:\/\/www.interoleo.com\/en\/","name":"Grupo Inter\u00f3leo","description":"Grupo Inter\u00f3leo comercializador de aceite de oliva a granel","potentialAction":[{"@type":"SearchAction","target":{"@type":"EntryPoint","urlTemplate":"https:\/\/www.interoleo.com\/en\/?s={search_term_string}"},"query-input":{"@type":"PropertyValueSpecification","valueRequired":true,"valueName":"search_term_string"}}],"inLanguage":"en-US"},{"@type":"Person","@id":"https:\/\/www.interoleo.com\/en\/#\/schema\/person\/b38839767920504f85d0555e5244a76d","name":"Interoleo Picual","image":{"@type":"ImageObject","inLanguage":"en-US","@id":"https:\/\/www.interoleo.com\/en\/#\/schema\/person\/image\/","url":"https:\/\/secure.gravatar.com\/avatar\/9d9b88888a963e3b9235bbd165d9c050?s=96&d=mm&r=g","contentUrl":"https:\/\/secure.gravatar.com\/avatar\/9d9b88888a963e3b9235bbd165d9c050?s=96&d=mm&r=g","caption":"Interoleo Picual"},"url":"https:\/\/www.interoleo.com\/en\/author\/interoleo\/"}]}},"jetpack_publicize_connections":[],"jetpack_featured_media_url":"https:\/\/www.interoleo.com\/wp-content\/uploads\/2017\/04\/Ecol\u00f3gico-1.jpg","jetpack_shortlink":"https:\/\/wp.me\/p7R8ws-lw","jetpack_sharing_enabled":true,"_links":{"self":[{"href":"https:\/\/www.interoleo.com\/en\/wp-json\/wp\/v2\/posts\/1334","targetHints":{"allow":["GET"]}}],"collection":[{"href":"https:\/\/www.interoleo.com\/en\/wp-json\/wp\/v2\/posts"}],"about":[{"href":"https:\/\/www.interoleo.com\/en\/wp-json\/wp\/v2\/types\/post"}],"author":[{"embeddable":true,"href":"https:\/\/www.interoleo.com\/en\/wp-json\/wp\/v2\/users\/2"}],"replies":[{"embeddable":true,"href":"https:\/\/www.interoleo.com\/en\/wp-json\/wp\/v2\/comments?post=1334"}],"version-history":[{"count":2,"href":"https:\/\/www.interoleo.com\/en\/wp-json\/wp\/v2\/posts\/1334\/revisions"}],"predecessor-version":[{"id":1342,"href":"https:\/\/www.interoleo.com\/en\/wp-json\/wp\/v2\/posts\/1334\/revisions\/1342"}],"wp:featuredmedia":[{"embeddable":true,"href":"https:\/\/www.interoleo.com\/en\/wp-json\/wp\/v2\/media\/1336"}],"wp:attachment":[{"href":"https:\/\/www.interoleo.com\/en\/wp-json\/wp\/v2\/media?parent=1334"}],"wp:term":[{"taxonomy":"category","embeddable":true,"href":"https:\/\/www.interoleo.com\/en\/wp-json\/wp\/v2\/categories?post=1334"},{"taxonomy":"post_tag","embeddable":true,"href":"https:\/\/www.interoleo.com\/en\/wp-json\/wp\/v2\/tags?post=1334"}],"curies":[{"name":"wp","href":"https:\/\/api.w.org\/{rel}","templated":true}]}}