{"id":139,"date":"2016-08-02T07:21:20","date_gmt":"2016-08-02T07:21:20","guid":{"rendered":"http:\/\/88.12.48.28\/webs\/interoleo\/web\/?p=139"},"modified":"2016-08-02T07:21:20","modified_gmt":"2016-08-02T07:21:20","slug":"interoleo-picual-jaen-dhl-organizan-una-jornada-la-exportacion-aceite","status":"publish","type":"post","link":"https:\/\/www.interoleo.com\/en\/interoleo-picual-jaen-dhl-organizan-una-jornada-la-exportacion-aceite\/","title":{"rendered":"Inter\u00f3leo Picual Ja\u00e9n y DHL organizan una jornada sobre la exportaci\u00f3n de Aceite"},"content":{"rendered":"<p>Este viernes 20 de marzo, a partir de las 10.00 horas,\u00a0<strong>Inter\u00f3leo Picual Jaen y DHL<\/strong> organizan en la Instituci\u00f3n Ferial de Ferias Ja\u00e9n (Ifeja) \u2013 Prolongaci\u00f3n Carretera de Granada s\/n, Ja\u00e9n &#8211; la Jornada: <strong>&#8220;Aspectos clave en la log\u00edstica para tener \u00e9xito en la exportaci\u00f3n de aceite de oliva&#8221;<\/strong>.<\/p>\n<p><img fetchpriority=\"high\" decoding=\"async\" class=\"alignnone size-medium wp-image-140\" src=\"http:\/\/88.12.48.28\/webs\/interoleo\/web\/wp-content\/uploads\/2016\/08\/Internacionalizacion-300x170.png\" alt=\"Internacionalizacion\" width=\"300\" height=\"170\" srcset=\"https:\/\/www.interoleo.com\/wp-content\/uploads\/2016\/08\/Internacionalizacion-300x170.png 300w, https:\/\/www.interoleo.com\/wp-content\/uploads\/2016\/08\/Internacionalizacion.png 600w\" sizes=\"(max-width: 300px) 100vw, 300px\" \/><\/p>\n<p>La formaci\u00f3n tratar\u00e1 asuntos relacionados con la definici\u00f3n de las prioridades a la hora de exportar, las tendencias del mercado en lo que se refiere a la exportaci\u00f3n de aceite de oliva, soluciones de log\u00edstica y transporte para la venta fuera de nuestras fronteras y principales claves para llevar el aceite espa\u00f1ol a destinos como Am\u00e9rica Latina, EEUU, \u00c1frica, Medio Oriente y Asia.<\/p>\n<p>Asimismo, durante la jornada se ver\u00e1n casos pr\u00e1cticos de empresas y se reflexionar\u00e1 sobre la importancia de conocer las aduanas y los incoterms a la hora de exportar.<\/p>\n<p>El encuentro contar\u00e1 con la participaci\u00f3n del catedr\u00e1tico de Comercializaci\u00f3n e Investigaci\u00f3n de mercados de la Universidad de Ja\u00e9n, Manuel Parras; el director de Marketing y Ventas de DHL Express Iberia, Nicol\u00e1s Mouze; y el experto en aduanas DHL Express Iberia, Juan Carlos N\u00fa\u00f1ez.<\/p>\n<p>Las jornadas se enmarcan dentro del acuerdo firmado este mismo mes por el presidente de Inter\u00f3leo Picual Ja\u00e9n, Juan Gadeo Parra, y Nicol\u00e1s Mouze, por el que ambas compa\u00f1\u00edas se comprometen a promover el consumo y la exportaci\u00f3n de aceite de oliva mediante el asesoramiento en log\u00edstica, transporte y aduanas.<\/p>\n<p><strong>Se ruega confirmaci\u00f3n por email porque el aforo est\u00e1 limitado.<\/strong><br \/>\n<strong>Confirmar asistencia a los emails:<\/strong><br \/>\n<span id=\"cloak23297\"><a href=\"mailto:administracion@interoleopicualjaen.com\">administracion@interoleopicualjaen.com<\/a><\/span><br \/>\no<br \/>\n<span id=\"cloak60803\"><a href=\"mailto:Miriam.perez2@dhl.com\">Miriam.perez2@dhl.com<\/a><\/span><\/p>\n<p><strong>Indicando los siguientes datos:<\/strong><br \/>\nNombre:<br \/>\nApellidos:<br \/>\nEntidad ( nombre de la empresa \/cooperativa) Cargo:<br \/>\nEmail:<br \/>\nTel\u00e9fono de contacto:<\/p>\n","protected":false},"excerpt":{"rendered":"<p>Este viernes 20 de marzo, a partir de las 10.00 horas,\u00a0Inter\u00f3leo Picual Jaen y DHL organizan en la Instituci\u00f3n Ferial de Ferias Ja\u00e9n (Ifeja) \u2013 Prolongaci\u00f3n Carretera de Granada s\/n, Ja\u00e9n &#8211; la Jornada: &#8220;Aspectos clave en la log\u00edstica para tener \u00e9xito en la exportaci\u00f3n de aceite de oliva&#8221;. La formaci\u00f3n tratar\u00e1 asuntos relacionados con &hellip; <\/p>\n<p class=\"link-more\"><a href=\"https:\/\/www.interoleo.com\/en\/interoleo-picual-jaen-dhl-organizan-una-jornada-la-exportacion-aceite\/\" class=\"more-link\">Read more<span class=\"screen-reader-text\"> &#8220;Inter\u00f3leo Picual Ja\u00e9n y DHL organizan una jornada sobre la exportaci\u00f3n de Aceite&#8221;<\/span><\/a><\/p>\n","protected":false},"author":1,"featured_media":0,"comment_status":"closed","ping_status":"closed","sticky":false,"template":"","format":"standard","meta":{"jetpack_post_was_ever_published":false,"_jetpack_newsletter_access":"","_jetpack_dont_email_post_to_subs":false,"_jetpack_newsletter_tier_id":0,"_jetpack_memberships_contains_paywalled_content":false,"_jetpack_memberships_contains_paid_content":false,"footnotes":"","jetpack_publicize_message":"","jetpack_publicize_feature_enabled":true,"jetpack_social_post_already_shared":false,"jetpack_social_options":{"image_generator_settings":{"template":"highway","default_image_id":0,"font":"","enabled":false},"version":2}},"categories":[4],"tags":[],"class_list":["post-139","post","type-post","status-publish","format-standard","hentry","category-actualidad"],"yoast_head":"<!-- This site is optimized with the Yoast SEO plugin v26.0 - https:\/\/yoast.com\/wordpress\/plugins\/seo\/ -->\n<title>Inter\u00f3leo Picual Ja\u00e9n y DHL organizan una jornada sobre la exportaci\u00f3n<\/title>\n<meta name=\"description\" content=\"Inter\u00f3leo Picual Ja\u00e9n y DHL organizan una jornada sobre la exportaci\u00f3n, est\u00e1 tratar\u00e1 asuntos relacionados con la definici\u00f3n de las prioridades a la hora...\" \/>\n<meta name=\"robots\" content=\"index, follow, max-snippet:-1, max-image-preview:large, max-video-preview:-1\" \/>\n<link rel=\"canonical\" href=\"https:\/\/www.interoleo.com\/en\/interoleo-picual-jaen-dhl-organizan-una-jornada-la-exportacion-aceite\/\" \/>\n<meta property=\"og:locale\" content=\"en_US\" \/>\n<meta property=\"og:type\" content=\"article\" \/>\n<meta property=\"og:title\" content=\"Inter\u00f3leo Picual Ja\u00e9n y DHL organizan una jornada sobre la exportaci\u00f3n\" \/>\n<meta property=\"og:description\" content=\"Inter\u00f3leo Picual Ja\u00e9n y DHL organizan una jornada sobre la exportaci\u00f3n, est\u00e1 tratar\u00e1 asuntos relacionados con la definici\u00f3n de las prioridades a la hora...\" \/>\n<meta property=\"og:url\" content=\"https:\/\/www.interoleo.com\/en\/interoleo-picual-jaen-dhl-organizan-una-jornada-la-exportacion-aceite\/\" \/>\n<meta property=\"og:site_name\" content=\"Grupo Inter\u00f3leo\" \/>\n<meta property=\"article:published_time\" content=\"2016-08-02T07:21:20+00:00\" \/>\n<meta property=\"og:image\" content=\"http:\/\/88.12.48.28\/webs\/interoleo\/web\/wp-content\/uploads\/2016\/08\/Internacionalizacion-300x170.png\" \/>\n<meta name=\"author\" content=\"admin\" \/>\n<meta name=\"twitter:card\" content=\"summary_large_image\" \/>\n<meta name=\"twitter:label1\" content=\"Written by\" \/>\n\t<meta name=\"twitter:data1\" content=\"admin\" \/>\n\t<meta name=\"twitter:label2\" content=\"Est. reading time\" \/>\n\t<meta name=\"twitter:data2\" content=\"2 minutes\" \/>\n<script type=\"application\/ld+json\" class=\"yoast-schema-graph\">{\"@context\":\"https:\/\/schema.org\",\"@graph\":[{\"@type\":\"WebPage\",\"@id\":\"https:\/\/www.interoleo.com\/en\/interoleo-picual-jaen-dhl-organizan-una-jornada-la-exportacion-aceite\/\",\"url\":\"https:\/\/www.interoleo.com\/en\/interoleo-picual-jaen-dhl-organizan-una-jornada-la-exportacion-aceite\/\",\"name\":\"Inter\u00f3leo Picual Ja\u00e9n y DHL organizan una jornada sobre la exportaci\u00f3n\",\"isPartOf\":{\"@id\":\"https:\/\/www.interoleo.com\/en\/#website\"},\"primaryImageOfPage\":{\"@id\":\"https:\/\/www.interoleo.com\/en\/interoleo-picual-jaen-dhl-organizan-una-jornada-la-exportacion-aceite\/#primaryimage\"},\"image\":{\"@id\":\"https:\/\/www.interoleo.com\/en\/interoleo-picual-jaen-dhl-organizan-una-jornada-la-exportacion-aceite\/#primaryimage\"},\"thumbnailUrl\":\"http:\/\/88.12.48.28\/webs\/interoleo\/web\/wp-content\/uploads\/2016\/08\/Internacionalizacion-300x170.png\",\"datePublished\":\"2016-08-02T07:21:20+00:00\",\"author\":{\"@id\":\"https:\/\/www.interoleo.com\/en\/#\/schema\/person\/f99693fc38ce605f463dc5d58909df2a\"},\"description\":\"Inter\u00f3leo Picual Ja\u00e9n y DHL organizan una jornada sobre la exportaci\u00f3n, est\u00e1 tratar\u00e1 asuntos relacionados con la definici\u00f3n de las prioridades a la hora...\",\"breadcrumb\":{\"@id\":\"https:\/\/www.interoleo.com\/en\/interoleo-picual-jaen-dhl-organizan-una-jornada-la-exportacion-aceite\/#breadcrumb\"},\"inLanguage\":\"en-US\",\"potentialAction\":[{\"@type\":\"ReadAction\",\"target\":[\"https:\/\/www.interoleo.com\/en\/interoleo-picual-jaen-dhl-organizan-una-jornada-la-exportacion-aceite\/\"]}]},{\"@type\":\"ImageObject\",\"inLanguage\":\"en-US\",\"@id\":\"https:\/\/www.interoleo.com\/en\/interoleo-picual-jaen-dhl-organizan-una-jornada-la-exportacion-aceite\/#primaryimage\",\"url\":\"http:\/\/88.12.48.28\/webs\/interoleo\/web\/wp-content\/uploads\/2016\/08\/Internacionalizacion-300x170.png\",\"contentUrl\":\"http:\/\/88.12.48.28\/webs\/interoleo\/web\/wp-content\/uploads\/2016\/08\/Internacionalizacion-300x170.png\"},{\"@type\":\"BreadcrumbList\",\"@id\":\"https:\/\/www.interoleo.com\/en\/interoleo-picual-jaen-dhl-organizan-una-jornada-la-exportacion-aceite\/#breadcrumb\",\"itemListElement\":[{\"@type\":\"ListItem\",\"position\":1,\"name\":\"Portada\",\"item\":\"https:\/\/www.interoleo.com\/en\/\"},{\"@type\":\"ListItem\",\"position\":2,\"name\":\"Inter\u00f3leo Picual Ja\u00e9n y DHL organizan una jornada sobre la exportaci\u00f3n de Aceite\"}]},{\"@type\":\"WebSite\",\"@id\":\"https:\/\/www.interoleo.com\/en\/#website\",\"url\":\"https:\/\/www.interoleo.com\/en\/\",\"name\":\"Grupo Inter\u00f3leo\",\"description\":\"Grupo Inter\u00f3leo comercializador de aceite de oliva a granel\",\"potentialAction\":[{\"@type\":\"SearchAction\",\"target\":{\"@type\":\"EntryPoint\",\"urlTemplate\":\"https:\/\/www.interoleo.com\/en\/?s={search_term_string}\"},\"query-input\":{\"@type\":\"PropertyValueSpecification\",\"valueRequired\":true,\"valueName\":\"search_term_string\"}}],\"inLanguage\":\"en-US\"},{\"@type\":\"Person\",\"@id\":\"https:\/\/www.interoleo.com\/en\/#\/schema\/person\/f99693fc38ce605f463dc5d58909df2a\",\"name\":\"admin\",\"image\":{\"@type\":\"ImageObject\",\"inLanguage\":\"en-US\",\"@id\":\"https:\/\/www.interoleo.com\/en\/#\/schema\/person\/image\/\",\"url\":\"https:\/\/secure.gravatar.com\/avatar\/7e985868c8f2fc8c9b5e292d3d038423?s=96&d=mm&r=g\",\"contentUrl\":\"https:\/\/secure.gravatar.com\/avatar\/7e985868c8f2fc8c9b5e292d3d038423?s=96&d=mm&r=g\",\"caption\":\"admin\"},\"url\":\"https:\/\/www.interoleo.com\/en\/author\/admin\/\"}]}<\/script>\n<!-- \/ Yoast SEO plugin. -->","yoast_head_json":{"title":"Inter\u00f3leo Picual Ja\u00e9n y DHL organizan una jornada sobre la exportaci\u00f3n","description":"Inter\u00f3leo Picual Ja\u00e9n y DHL organizan una jornada sobre la exportaci\u00f3n, est\u00e1 tratar\u00e1 asuntos relacionados con la definici\u00f3n de las prioridades a la hora...","robots":{"index":"index","follow":"follow","max-snippet":"max-snippet:-1","max-image-preview":"max-image-preview:large","max-video-preview":"max-video-preview:-1"},"canonical":"https:\/\/www.interoleo.com\/en\/interoleo-picual-jaen-dhl-organizan-una-jornada-la-exportacion-aceite\/","og_locale":"en_US","og_type":"article","og_title":"Inter\u00f3leo Picual Ja\u00e9n y DHL organizan una jornada sobre la exportaci\u00f3n","og_description":"Inter\u00f3leo Picual Ja\u00e9n y DHL organizan una jornada sobre la exportaci\u00f3n, est\u00e1 tratar\u00e1 asuntos relacionados con la definici\u00f3n de las prioridades a la hora...","og_url":"https:\/\/www.interoleo.com\/en\/interoleo-picual-jaen-dhl-organizan-una-jornada-la-exportacion-aceite\/","og_site_name":"Grupo Inter\u00f3leo","article_published_time":"2016-08-02T07:21:20+00:00","og_image":[{"url":"http:\/\/88.12.48.28\/webs\/interoleo\/web\/wp-content\/uploads\/2016\/08\/Internacionalizacion-300x170.png","type":"","width":"","height":""}],"author":"admin","twitter_card":"summary_large_image","twitter_misc":{"Written by":"admin","Est. reading time":"2 minutes"},"schema":{"@context":"https:\/\/schema.org","@graph":[{"@type":"WebPage","@id":"https:\/\/www.interoleo.com\/en\/interoleo-picual-jaen-dhl-organizan-una-jornada-la-exportacion-aceite\/","url":"https:\/\/www.interoleo.com\/en\/interoleo-picual-jaen-dhl-organizan-una-jornada-la-exportacion-aceite\/","name":"Inter\u00f3leo Picual Ja\u00e9n y DHL organizan una jornada sobre la exportaci\u00f3n","isPartOf":{"@id":"https:\/\/www.interoleo.com\/en\/#website"},"primaryImageOfPage":{"@id":"https:\/\/www.interoleo.com\/en\/interoleo-picual-jaen-dhl-organizan-una-jornada-la-exportacion-aceite\/#primaryimage"},"image":{"@id":"https:\/\/www.interoleo.com\/en\/interoleo-picual-jaen-dhl-organizan-una-jornada-la-exportacion-aceite\/#primaryimage"},"thumbnailUrl":"http:\/\/88.12.48.28\/webs\/interoleo\/web\/wp-content\/uploads\/2016\/08\/Internacionalizacion-300x170.png","datePublished":"2016-08-02T07:21:20+00:00","author":{"@id":"https:\/\/www.interoleo.com\/en\/#\/schema\/person\/f99693fc38ce605f463dc5d58909df2a"},"description":"Inter\u00f3leo Picual Ja\u00e9n y DHL organizan una jornada sobre la exportaci\u00f3n, est\u00e1 tratar\u00e1 asuntos relacionados con la definici\u00f3n de las prioridades a la hora...","breadcrumb":{"@id":"https:\/\/www.interoleo.com\/en\/interoleo-picual-jaen-dhl-organizan-una-jornada-la-exportacion-aceite\/#breadcrumb"},"inLanguage":"en-US","potentialAction":[{"@type":"ReadAction","target":["https:\/\/www.interoleo.com\/en\/interoleo-picual-jaen-dhl-organizan-una-jornada-la-exportacion-aceite\/"]}]},{"@type":"ImageObject","inLanguage":"en-US","@id":"https:\/\/www.interoleo.com\/en\/interoleo-picual-jaen-dhl-organizan-una-jornada-la-exportacion-aceite\/#primaryimage","url":"http:\/\/88.12.48.28\/webs\/interoleo\/web\/wp-content\/uploads\/2016\/08\/Internacionalizacion-300x170.png","contentUrl":"http:\/\/88.12.48.28\/webs\/interoleo\/web\/wp-content\/uploads\/2016\/08\/Internacionalizacion-300x170.png"},{"@type":"BreadcrumbList","@id":"https:\/\/www.interoleo.com\/en\/interoleo-picual-jaen-dhl-organizan-una-jornada-la-exportacion-aceite\/#breadcrumb","itemListElement":[{"@type":"ListItem","position":1,"name":"Portada","item":"https:\/\/www.interoleo.com\/en\/"},{"@type":"ListItem","position":2,"name":"Inter\u00f3leo Picual Ja\u00e9n y DHL organizan una jornada sobre la exportaci\u00f3n de Aceite"}]},{"@type":"WebSite","@id":"https:\/\/www.interoleo.com\/en\/#website","url":"https:\/\/www.interoleo.com\/en\/","name":"Grupo Inter\u00f3leo","description":"Grupo Inter\u00f3leo comercializador de aceite de oliva a granel","potentialAction":[{"@type":"SearchAction","target":{"@type":"EntryPoint","urlTemplate":"https:\/\/www.interoleo.com\/en\/?s={search_term_string}"},"query-input":{"@type":"PropertyValueSpecification","valueRequired":true,"valueName":"search_term_string"}}],"inLanguage":"en-US"},{"@type":"Person","@id":"https:\/\/www.interoleo.com\/en\/#\/schema\/person\/f99693fc38ce605f463dc5d58909df2a","name":"admin","image":{"@type":"ImageObject","inLanguage":"en-US","@id":"https:\/\/www.interoleo.com\/en\/#\/schema\/person\/image\/","url":"https:\/\/secure.gravatar.com\/avatar\/7e985868c8f2fc8c9b5e292d3d038423?s=96&d=mm&r=g","contentUrl":"https:\/\/secure.gravatar.com\/avatar\/7e985868c8f2fc8c9b5e292d3d038423?s=96&d=mm&r=g","caption":"admin"},"url":"https:\/\/www.interoleo.com\/en\/author\/admin\/"}]}},"jetpack_publicize_connections":[],"jetpack_featured_media_url":"","jetpack_shortlink":"https:\/\/wp.me\/p7R8ws-2f","jetpack_sharing_enabled":true,"_links":{"self":[{"href":"https:\/\/www.interoleo.com\/en\/wp-json\/wp\/v2\/posts\/139","targetHints":{"allow":["GET"]}}],"collection":[{"href":"https:\/\/www.interoleo.com\/en\/wp-json\/wp\/v2\/posts"}],"about":[{"href":"https:\/\/www.interoleo.com\/en\/wp-json\/wp\/v2\/types\/post"}],"author":[{"embeddable":true,"href":"https:\/\/www.interoleo.com\/en\/wp-json\/wp\/v2\/users\/1"}],"replies":[{"embeddable":true,"href":"https:\/\/www.interoleo.com\/en\/wp-json\/wp\/v2\/comments?post=139"}],"version-history":[{"count":1,"href":"https:\/\/www.interoleo.com\/en\/wp-json\/wp\/v2\/posts\/139\/revisions"}],"predecessor-version":[{"id":141,"href":"https:\/\/www.interoleo.com\/en\/wp-json\/wp\/v2\/posts\/139\/revisions\/141"}],"wp:attachment":[{"href":"https:\/\/www.interoleo.com\/en\/wp-json\/wp\/v2\/media?parent=139"}],"wp:term":[{"taxonomy":"category","embeddable":true,"href":"https:\/\/www.interoleo.com\/en\/wp-json\/wp\/v2\/categories?post=139"},{"taxonomy":"post_tag","embeddable":true,"href":"https:\/\/www.interoleo.com\/en\/wp-json\/wp\/v2\/tags?post=139"}],"curies":[{"name":"wp","href":"https:\/\/api.w.org\/{rel}","templated":true}]}}