{"id":151,"date":"2016-08-02T07:35:26","date_gmt":"2016-08-02T07:35:26","guid":{"rendered":"http:\/\/88.12.48.28\/webs\/interoleo\/web\/?p=151"},"modified":"2016-08-02T07:35:26","modified_gmt":"2016-08-02T07:35:26","slug":"interoleo-presente-expoliva-2015-del-6-al-9-mayo","status":"publish","type":"post","link":"https:\/\/www.interoleo.com\/en\/interoleo-presente-expoliva-2015-del-6-al-9-mayo\/","title":{"rendered":"Inter\u00f3leo, presente en Expoliva 2015, del 6 al 9 de mayo"},"content":{"rendered":"<ul>\n<li><strong>Interoleo estar\u00e1 presente en Expoliva, stand c5, donde esperamos ver a todos nuestros amigos, colaboradores, socios y resto del sector ole\u00edcola<\/strong><\/li>\n<\/ul>\n<p>Se ha presentado en Madrid la XVII Feria Internacional de Aceite de Oliva e Industrias Afines, Expoliva. Francisco Reyes, presidente de la Diputaci\u00f3n provincial de Ja\u00e9n y Presidente de Ferias Ja\u00e9n, ha calificado el evento como &#8220;la feria m\u00e1s importante de aceite de oliva de \u00e1mbito internacional&#8221;, a la acudir\u00e1n 240 expositores de 40 pa\u00edses y donde se dar\u00e1n a conocer los 150 mejores AOVE del mundo.<\/p>\n<p><img fetchpriority=\"high\" decoding=\"async\" class=\"size-medium wp-image-152 aligncenter\" src=\"http:\/\/88.12.48.28\/webs\/interoleo\/web\/wp-content\/uploads\/2016\/08\/Interoleo-expoliva-2015-300x172.jpeg\" alt=\"Interoleo-expoliva-2015\" width=\"300\" height=\"172\" srcset=\"https:\/\/www.interoleo.com\/wp-content\/uploads\/2016\/08\/Interoleo-expoliva-2015-300x172.jpeg 300w, https:\/\/www.interoleo.com\/wp-content\/uploads\/2016\/08\/Interoleo-expoliva-2015.jpeg 591w\" sizes=\"(max-width: 300px) 100vw, 300px\" \/><\/p>\n<p>Reyes ha a\u00f1adido que &#8220;en estos d\u00edas (6 al 9 de mayo), Ja\u00e9n va a ser el epicentro mundial del olivar, una se\u00f1a de identidad de nuestra tierra y un sector estrat\u00e9gico para Ja\u00e9n&#8221;.<\/p>\n<p>Como novedades, el presidente de la Diputaci\u00f3n ha citado &#8220;la inclusi\u00f3n del oleoturismo, una herramienta para aprovechar nuestra singularidad y nuestro paisaje. Expoliva ser\u00e1 un arma m\u00e1s para lograr que el mar de olivos jiennense sea proclamado por la Unesco paisaje cultural Patrimonio de la Humanidad&#8221;.<\/p>\n<p>Otra novedad importante es la inclusi\u00f3n en Expoliva de &#8216;Degusta Ja\u00e9n&#8217;. Francisco Reyes ha destacado que &#8220;Ja\u00e9n no es solo aceite de oliva, contamos con un importante sector agroalimentario que genera 20.000 empleos directos&#8221;.<\/p>\n<p>Elena V\u00edboras, consejera de Agricultura, Pesca y Desarrollo Rural de la Junta de Andaluc\u00eda y presidenta de la Fundaci\u00f3n del Olivar, ha destacado la importancia del aceite de oliva andaluz en las exportaciones espa\u00f1olas y su peso en todo el mundo: &#8220;uno de cada dos litros de aceite de oliva que se consume en el mundo es espa\u00f1ol, y Andaluc\u00eda representa el 80% de la producci\u00f3n de nuestro pa\u00eds&#8221;.<\/p>\n<p>La Consejera ha afirmado que &#8220;Expoliva es una herramienta para apostar por la calidad del aceite, gracias a su simposio y a los premios que se convocan, que han recibido 94 muestras participantes, lo que da una idea del alto nivel de nuestro aceite de oliva&#8221;.<\/p>\n","protected":false},"excerpt":{"rendered":"<p>Interoleo estar\u00e1 presente en Expoliva, stand c5, donde esperamos ver a todos nuestros amigos, colaboradores, socios y resto del sector ole\u00edcola Se ha presentado en Madrid la XVII Feria Internacional de Aceite de Oliva e Industrias Afines, Expoliva. Francisco Reyes, presidente de la Diputaci\u00f3n provincial de Ja\u00e9n y Presidente de Ferias Ja\u00e9n, ha calificado el &hellip; <\/p>\n<p class=\"link-more\"><a href=\"https:\/\/www.interoleo.com\/en\/interoleo-presente-expoliva-2015-del-6-al-9-mayo\/\" class=\"more-link\">Read more<span class=\"screen-reader-text\"> &#8220;Inter\u00f3leo, presente en Expoliva 2015, del 6 al 9 de mayo&#8221;<\/span><\/a><\/p>\n","protected":false},"author":1,"featured_media":0,"comment_status":"closed","ping_status":"closed","sticky":false,"template":"","format":"standard","meta":{"jetpack_post_was_ever_published":false,"_jetpack_newsletter_access":"","_jetpack_dont_email_post_to_subs":false,"_jetpack_newsletter_tier_id":0,"_jetpack_memberships_contains_paywalled_content":false,"_jetpack_memberships_contains_paid_content":false,"footnotes":"","jetpack_publicize_message":"","jetpack_publicize_feature_enabled":true,"jetpack_social_post_already_shared":false,"jetpack_social_options":{"image_generator_settings":{"template":"highway","default_image_id":0,"font":"","enabled":false},"version":2}},"categories":[4],"tags":[],"class_list":["post-151","post","type-post","status-publish","format-standard","hentry","category-actualidad"],"yoast_head":"<!-- This site is optimized with the Yoast SEO plugin v26.0 - https:\/\/yoast.com\/wordpress\/plugins\/seo\/ -->\n<title>Inter\u00f3leo, presente en Expoliva 2015, del 6 al 9 de mayo - Grupo Inter\u00f3leo<\/title>\n<meta name=\"description\" content=\"Interoleo estar\u00e1 presente en Expoliva, stand c5, donde esperamos ver a todos nuestros amigos, colaboradores, socios y resto del sector ole\u00edcola\" \/>\n<meta name=\"robots\" content=\"index, follow, max-snippet:-1, max-image-preview:large, max-video-preview:-1\" \/>\n<link rel=\"canonical\" href=\"https:\/\/www.interoleo.com\/en\/interoleo-presente-expoliva-2015-del-6-al-9-mayo\/\" \/>\n<meta property=\"og:locale\" content=\"en_US\" \/>\n<meta property=\"og:type\" content=\"article\" \/>\n<meta property=\"og:title\" content=\"Inter\u00f3leo, presente en Expoliva 2015, del 6 al 9 de mayo - Grupo Inter\u00f3leo\" \/>\n<meta property=\"og:description\" content=\"Interoleo estar\u00e1 presente en Expoliva, stand c5, donde esperamos ver a todos nuestros amigos, colaboradores, socios y resto del sector ole\u00edcola\" \/>\n<meta property=\"og:url\" content=\"https:\/\/www.interoleo.com\/en\/interoleo-presente-expoliva-2015-del-6-al-9-mayo\/\" \/>\n<meta property=\"og:site_name\" content=\"Grupo Inter\u00f3leo\" \/>\n<meta property=\"article:published_time\" content=\"2016-08-02T07:35:26+00:00\" \/>\n<meta property=\"og:image\" content=\"http:\/\/88.12.48.28\/webs\/interoleo\/web\/wp-content\/uploads\/2016\/08\/Interoleo-expoliva-2015-300x172.jpeg\" \/>\n<meta name=\"author\" content=\"admin\" \/>\n<meta name=\"twitter:card\" content=\"summary_large_image\" \/>\n<meta name=\"twitter:label1\" content=\"Written by\" \/>\n\t<meta name=\"twitter:data1\" content=\"admin\" \/>\n\t<meta name=\"twitter:label2\" content=\"Est. reading time\" \/>\n\t<meta name=\"twitter:data2\" content=\"2 minutes\" \/>\n<script type=\"application\/ld+json\" class=\"yoast-schema-graph\">{\"@context\":\"https:\/\/schema.org\",\"@graph\":[{\"@type\":\"WebPage\",\"@id\":\"https:\/\/www.interoleo.com\/en\/interoleo-presente-expoliva-2015-del-6-al-9-mayo\/\",\"url\":\"https:\/\/www.interoleo.com\/en\/interoleo-presente-expoliva-2015-del-6-al-9-mayo\/\",\"name\":\"Inter\u00f3leo, presente en Expoliva 2015, del 6 al 9 de mayo - Grupo Inter\u00f3leo\",\"isPartOf\":{\"@id\":\"https:\/\/www.interoleo.com\/en\/#website\"},\"primaryImageOfPage\":{\"@id\":\"https:\/\/www.interoleo.com\/en\/interoleo-presente-expoliva-2015-del-6-al-9-mayo\/#primaryimage\"},\"image\":{\"@id\":\"https:\/\/www.interoleo.com\/en\/interoleo-presente-expoliva-2015-del-6-al-9-mayo\/#primaryimage\"},\"thumbnailUrl\":\"http:\/\/88.12.48.28\/webs\/interoleo\/web\/wp-content\/uploads\/2016\/08\/Interoleo-expoliva-2015-300x172.jpeg\",\"datePublished\":\"2016-08-02T07:35:26+00:00\",\"author\":{\"@id\":\"https:\/\/www.interoleo.com\/en\/#\/schema\/person\/f99693fc38ce605f463dc5d58909df2a\"},\"description\":\"Interoleo estar\u00e1 presente en Expoliva, stand c5, donde esperamos ver a todos nuestros amigos, colaboradores, socios y resto del sector ole\u00edcola\",\"breadcrumb\":{\"@id\":\"https:\/\/www.interoleo.com\/en\/interoleo-presente-expoliva-2015-del-6-al-9-mayo\/#breadcrumb\"},\"inLanguage\":\"en-US\",\"potentialAction\":[{\"@type\":\"ReadAction\",\"target\":[\"https:\/\/www.interoleo.com\/en\/interoleo-presente-expoliva-2015-del-6-al-9-mayo\/\"]}]},{\"@type\":\"ImageObject\",\"inLanguage\":\"en-US\",\"@id\":\"https:\/\/www.interoleo.com\/en\/interoleo-presente-expoliva-2015-del-6-al-9-mayo\/#primaryimage\",\"url\":\"http:\/\/88.12.48.28\/webs\/interoleo\/web\/wp-content\/uploads\/2016\/08\/Interoleo-expoliva-2015-300x172.jpeg\",\"contentUrl\":\"http:\/\/88.12.48.28\/webs\/interoleo\/web\/wp-content\/uploads\/2016\/08\/Interoleo-expoliva-2015-300x172.jpeg\"},{\"@type\":\"BreadcrumbList\",\"@id\":\"https:\/\/www.interoleo.com\/en\/interoleo-presente-expoliva-2015-del-6-al-9-mayo\/#breadcrumb\",\"itemListElement\":[{\"@type\":\"ListItem\",\"position\":1,\"name\":\"Portada\",\"item\":\"https:\/\/www.interoleo.com\/en\/\"},{\"@type\":\"ListItem\",\"position\":2,\"name\":\"Inter\u00f3leo, presente en Expoliva 2015, del 6 al 9 de mayo\"}]},{\"@type\":\"WebSite\",\"@id\":\"https:\/\/www.interoleo.com\/en\/#website\",\"url\":\"https:\/\/www.interoleo.com\/en\/\",\"name\":\"Grupo Inter\u00f3leo\",\"description\":\"Grupo Inter\u00f3leo comercializador de aceite de oliva a granel\",\"potentialAction\":[{\"@type\":\"SearchAction\",\"target\":{\"@type\":\"EntryPoint\",\"urlTemplate\":\"https:\/\/www.interoleo.com\/en\/?s={search_term_string}\"},\"query-input\":{\"@type\":\"PropertyValueSpecification\",\"valueRequired\":true,\"valueName\":\"search_term_string\"}}],\"inLanguage\":\"en-US\"},{\"@type\":\"Person\",\"@id\":\"https:\/\/www.interoleo.com\/en\/#\/schema\/person\/f99693fc38ce605f463dc5d58909df2a\",\"name\":\"admin\",\"image\":{\"@type\":\"ImageObject\",\"inLanguage\":\"en-US\",\"@id\":\"https:\/\/www.interoleo.com\/en\/#\/schema\/person\/image\/\",\"url\":\"https:\/\/secure.gravatar.com\/avatar\/7e985868c8f2fc8c9b5e292d3d038423?s=96&d=mm&r=g\",\"contentUrl\":\"https:\/\/secure.gravatar.com\/avatar\/7e985868c8f2fc8c9b5e292d3d038423?s=96&d=mm&r=g\",\"caption\":\"admin\"},\"url\":\"https:\/\/www.interoleo.com\/en\/author\/admin\/\"}]}<\/script>\n<!-- \/ Yoast SEO plugin. -->","yoast_head_json":{"title":"Inter\u00f3leo, presente en Expoliva 2015, del 6 al 9 de mayo - Grupo Inter\u00f3leo","description":"Interoleo estar\u00e1 presente en Expoliva, stand c5, donde esperamos ver a todos nuestros amigos, colaboradores, socios y resto del sector ole\u00edcola","robots":{"index":"index","follow":"follow","max-snippet":"max-snippet:-1","max-image-preview":"max-image-preview:large","max-video-preview":"max-video-preview:-1"},"canonical":"https:\/\/www.interoleo.com\/en\/interoleo-presente-expoliva-2015-del-6-al-9-mayo\/","og_locale":"en_US","og_type":"article","og_title":"Inter\u00f3leo, presente en Expoliva 2015, del 6 al 9 de mayo - Grupo Inter\u00f3leo","og_description":"Interoleo estar\u00e1 presente en Expoliva, stand c5, donde esperamos ver a todos nuestros amigos, colaboradores, socios y resto del sector ole\u00edcola","og_url":"https:\/\/www.interoleo.com\/en\/interoleo-presente-expoliva-2015-del-6-al-9-mayo\/","og_site_name":"Grupo Inter\u00f3leo","article_published_time":"2016-08-02T07:35:26+00:00","og_image":[{"url":"http:\/\/88.12.48.28\/webs\/interoleo\/web\/wp-content\/uploads\/2016\/08\/Interoleo-expoliva-2015-300x172.jpeg","type":"","width":"","height":""}],"author":"admin","twitter_card":"summary_large_image","twitter_misc":{"Written by":"admin","Est. reading time":"2 minutes"},"schema":{"@context":"https:\/\/schema.org","@graph":[{"@type":"WebPage","@id":"https:\/\/www.interoleo.com\/en\/interoleo-presente-expoliva-2015-del-6-al-9-mayo\/","url":"https:\/\/www.interoleo.com\/en\/interoleo-presente-expoliva-2015-del-6-al-9-mayo\/","name":"Inter\u00f3leo, presente en Expoliva 2015, del 6 al 9 de mayo - Grupo Inter\u00f3leo","isPartOf":{"@id":"https:\/\/www.interoleo.com\/en\/#website"},"primaryImageOfPage":{"@id":"https:\/\/www.interoleo.com\/en\/interoleo-presente-expoliva-2015-del-6-al-9-mayo\/#primaryimage"},"image":{"@id":"https:\/\/www.interoleo.com\/en\/interoleo-presente-expoliva-2015-del-6-al-9-mayo\/#primaryimage"},"thumbnailUrl":"http:\/\/88.12.48.28\/webs\/interoleo\/web\/wp-content\/uploads\/2016\/08\/Interoleo-expoliva-2015-300x172.jpeg","datePublished":"2016-08-02T07:35:26+00:00","author":{"@id":"https:\/\/www.interoleo.com\/en\/#\/schema\/person\/f99693fc38ce605f463dc5d58909df2a"},"description":"Interoleo estar\u00e1 presente en Expoliva, stand c5, donde esperamos ver a todos nuestros amigos, colaboradores, socios y resto del sector ole\u00edcola","breadcrumb":{"@id":"https:\/\/www.interoleo.com\/en\/interoleo-presente-expoliva-2015-del-6-al-9-mayo\/#breadcrumb"},"inLanguage":"en-US","potentialAction":[{"@type":"ReadAction","target":["https:\/\/www.interoleo.com\/en\/interoleo-presente-expoliva-2015-del-6-al-9-mayo\/"]}]},{"@type":"ImageObject","inLanguage":"en-US","@id":"https:\/\/www.interoleo.com\/en\/interoleo-presente-expoliva-2015-del-6-al-9-mayo\/#primaryimage","url":"http:\/\/88.12.48.28\/webs\/interoleo\/web\/wp-content\/uploads\/2016\/08\/Interoleo-expoliva-2015-300x172.jpeg","contentUrl":"http:\/\/88.12.48.28\/webs\/interoleo\/web\/wp-content\/uploads\/2016\/08\/Interoleo-expoliva-2015-300x172.jpeg"},{"@type":"BreadcrumbList","@id":"https:\/\/www.interoleo.com\/en\/interoleo-presente-expoliva-2015-del-6-al-9-mayo\/#breadcrumb","itemListElement":[{"@type":"ListItem","position":1,"name":"Portada","item":"https:\/\/www.interoleo.com\/en\/"},{"@type":"ListItem","position":2,"name":"Inter\u00f3leo, presente en Expoliva 2015, del 6 al 9 de mayo"}]},{"@type":"WebSite","@id":"https:\/\/www.interoleo.com\/en\/#website","url":"https:\/\/www.interoleo.com\/en\/","name":"Grupo Inter\u00f3leo","description":"Grupo Inter\u00f3leo comercializador de aceite de oliva a granel","potentialAction":[{"@type":"SearchAction","target":{"@type":"EntryPoint","urlTemplate":"https:\/\/www.interoleo.com\/en\/?s={search_term_string}"},"query-input":{"@type":"PropertyValueSpecification","valueRequired":true,"valueName":"search_term_string"}}],"inLanguage":"en-US"},{"@type":"Person","@id":"https:\/\/www.interoleo.com\/en\/#\/schema\/person\/f99693fc38ce605f463dc5d58909df2a","name":"admin","image":{"@type":"ImageObject","inLanguage":"en-US","@id":"https:\/\/www.interoleo.com\/en\/#\/schema\/person\/image\/","url":"https:\/\/secure.gravatar.com\/avatar\/7e985868c8f2fc8c9b5e292d3d038423?s=96&d=mm&r=g","contentUrl":"https:\/\/secure.gravatar.com\/avatar\/7e985868c8f2fc8c9b5e292d3d038423?s=96&d=mm&r=g","caption":"admin"},"url":"https:\/\/www.interoleo.com\/en\/author\/admin\/"}]}},"jetpack_publicize_connections":[],"jetpack_featured_media_url":"","jetpack_shortlink":"https:\/\/wp.me\/p7R8ws-2r","jetpack_sharing_enabled":true,"_links":{"self":[{"href":"https:\/\/www.interoleo.com\/en\/wp-json\/wp\/v2\/posts\/151","targetHints":{"allow":["GET"]}}],"collection":[{"href":"https:\/\/www.interoleo.com\/en\/wp-json\/wp\/v2\/posts"}],"about":[{"href":"https:\/\/www.interoleo.com\/en\/wp-json\/wp\/v2\/types\/post"}],"author":[{"embeddable":true,"href":"https:\/\/www.interoleo.com\/en\/wp-json\/wp\/v2\/users\/1"}],"replies":[{"embeddable":true,"href":"https:\/\/www.interoleo.com\/en\/wp-json\/wp\/v2\/comments?post=151"}],"version-history":[{"count":1,"href":"https:\/\/www.interoleo.com\/en\/wp-json\/wp\/v2\/posts\/151\/revisions"}],"predecessor-version":[{"id":153,"href":"https:\/\/www.interoleo.com\/en\/wp-json\/wp\/v2\/posts\/151\/revisions\/153"}],"wp:attachment":[{"href":"https:\/\/www.interoleo.com\/en\/wp-json\/wp\/v2\/media?parent=151"}],"wp:term":[{"taxonomy":"category","embeddable":true,"href":"https:\/\/www.interoleo.com\/en\/wp-json\/wp\/v2\/categories?post=151"},{"taxonomy":"post_tag","embeddable":true,"href":"https:\/\/www.interoleo.com\/en\/wp-json\/wp\/v2\/tags?post=151"}],"curies":[{"name":"wp","href":"https:\/\/api.w.org\/{rel}","templated":true}]}}