{"id":154,"date":"2016-08-02T07:38:21","date_gmt":"2016-08-02T07:38:21","guid":{"rendered":"http:\/\/88.12.48.28\/webs\/interoleo\/web\/?p=154"},"modified":"2016-08-02T07:38:21","modified_gmt":"2016-08-02T07:38:21","slug":"i-foro-empresarial-del-aceite-oliva-la-aceituna-mesa","status":"publish","type":"post","link":"https:\/\/www.interoleo.com\/en\/i-foro-empresarial-del-aceite-oliva-la-aceituna-mesa\/","title":{"rendered":"I Foro Empresarial del ACEITE DE OLIVA y la ACEITUNA DE MESA"},"content":{"rendered":"<p>El pr\u00f3ximo 28 de abril, en Sevilla, tendr\u00e1 lugar el I Foro Empresarial del ACEITE DE OLIVA y la ACEITUNA DE MESA.<\/p>\n<p>Se trata de la primera jornada de estas car\u00e1cteristicas dirigida a profesionales del sector ole\u00edcola, que se desarrolla en la capital andaluza. La finalidad de la jornada no es otra que analizar todos los aspectos del sector del aceite de oliva y la aceituna de mesa como son la comercializaci\u00f3n y exportaci\u00f3n, el cooperativismo, las ventajas del consumo del aceite y la aceituna para la salud; y el futuro de la oleicultura. Al mismo tiempo, su intenci\u00f3n es la de impulsar la cooperaci\u00f3n y sinergia entre empresas e instituciones, en beneficio de la producci\u00f3n y marca espa\u00f1olas.<\/p>\n<p>En este contexto, Inter\u00f3leo Picual Ja\u00e9n, uno de los principales grupos comercializador de aceite de oliva a granel a nivel mundial, participar\u00e1, de la mano de su presidente Juan Gadeo Parra, en la mesa redonda que lleva por t\u00edtulo: &#8220;El papel de las cooperativas en el mercado del aceite de oliva&#8221;, dando su visi\u00f3n sobre los aspectos claves en este tema.<\/p>\n<p>Para m\u00e1s informaci\u00f3n sobre asistencia al Foro, pueden contactar con la Instituci\u00f3n organizadora en el mail: <span id=\"cloak21886\"><a href=\"mailto:aceite@institutocajasol.es\">aceite@institut<\/a><\/span><span id=\"cloak84553\"><a href=\"mailto:aceite@institutocajasol.es\">ocajasol.es<\/a><\/span><\/p>\n<p><img decoding=\"async\" class=\"size-medium wp-image-155 aligncenter\" src=\"http:\/\/88.12.48.28\/webs\/interoleo\/web\/wp-content\/uploads\/2016\/08\/Foro-empresarial-aceite-de-oliva-interoleo-300x132.jpg\" alt=\"Foro-empresarial-aceite-de-oliva-interoleo\" width=\"300\" height=\"132\" srcset=\"https:\/\/www.interoleo.com\/wp-content\/uploads\/2016\/08\/Foro-empresarial-aceite-de-oliva-interoleo-300x132.jpg 300w, https:\/\/www.interoleo.com\/wp-content\/uploads\/2016\/08\/Foro-empresarial-aceite-de-oliva-interoleo-600x264.jpg 600w, https:\/\/www.interoleo.com\/wp-content\/uploads\/2016\/08\/Foro-empresarial-aceite-de-oliva-interoleo-768x338.jpg 768w, https:\/\/www.interoleo.com\/wp-content\/uploads\/2016\/08\/Foro-empresarial-aceite-de-oliva-interoleo.jpg 960w\" sizes=\"(max-width: 300px) 100vw, 300px\" \/><\/p>\n","protected":false},"excerpt":{"rendered":"<p>El pr\u00f3ximo 28 de abril, en Sevilla, tendr\u00e1 lugar el I Foro Empresarial del ACEITE DE OLIVA y la ACEITUNA DE MESA. Se trata de la primera jornada de estas car\u00e1cteristicas dirigida a profesionales del sector ole\u00edcola, que se desarrolla en la capital andaluza. La finalidad de la jornada no es otra que analizar todos &hellip; <\/p>\n<p class=\"link-more\"><a href=\"https:\/\/www.interoleo.com\/en\/i-foro-empresarial-del-aceite-oliva-la-aceituna-mesa\/\" class=\"more-link\">Read more<span class=\"screen-reader-text\"> &#8220;I Foro Empresarial del ACEITE DE OLIVA y la ACEITUNA DE MESA&#8221;<\/span><\/a><\/p>\n","protected":false},"author":1,"featured_media":0,"comment_status":"closed","ping_status":"closed","sticky":false,"template":"","format":"standard","meta":{"jetpack_post_was_ever_published":false,"_jetpack_newsletter_access":"","_jetpack_dont_email_post_to_subs":false,"_jetpack_newsletter_tier_id":0,"_jetpack_memberships_contains_paywalled_content":false,"_jetpack_memberships_contains_paid_content":false,"footnotes":"","jetpack_publicize_message":"","jetpack_publicize_feature_enabled":true,"jetpack_social_post_already_shared":false,"jetpack_social_options":{"image_generator_settings":{"template":"highway","default_image_id":0,"font":"","enabled":false},"version":2}},"categories":[4],"tags":[],"class_list":["post-154","post","type-post","status-publish","format-standard","hentry","category-actualidad"],"yoast_head":"<!-- This site is optimized with the Yoast SEO plugin v26.0 - https:\/\/yoast.com\/wordpress\/plugins\/seo\/ -->\n<title>I Foro Empresarial del ACEITE DE OLIVA y la ACEITUNA DE MESA<\/title>\n<meta name=\"description\" content=\"Se trata de la primera jornada de estas car\u00e1cteristicas dirigida a profesionales del sector ole\u00edcola, que se desarrolla en la capital andaluza.\" \/>\n<meta name=\"robots\" content=\"index, follow, max-snippet:-1, max-image-preview:large, max-video-preview:-1\" \/>\n<link rel=\"canonical\" href=\"https:\/\/www.interoleo.com\/en\/i-foro-empresarial-del-aceite-oliva-la-aceituna-mesa\/\" \/>\n<meta property=\"og:locale\" content=\"en_US\" \/>\n<meta property=\"og:type\" content=\"article\" \/>\n<meta property=\"og:title\" content=\"I Foro Empresarial del ACEITE DE OLIVA y la ACEITUNA DE MESA\" \/>\n<meta property=\"og:description\" content=\"Se trata de la primera jornada de estas car\u00e1cteristicas dirigida a profesionales del sector ole\u00edcola, que se desarrolla en la capital andaluza.\" \/>\n<meta property=\"og:url\" content=\"https:\/\/www.interoleo.com\/en\/i-foro-empresarial-del-aceite-oliva-la-aceituna-mesa\/\" \/>\n<meta property=\"og:site_name\" content=\"Grupo Inter\u00f3leo\" \/>\n<meta property=\"article:published_time\" content=\"2016-08-02T07:38:21+00:00\" \/>\n<meta property=\"og:image\" content=\"http:\/\/88.12.48.28\/webs\/interoleo\/web\/wp-content\/uploads\/2016\/08\/Foro-empresarial-aceite-de-oliva-interoleo-300x132.jpg\" \/>\n<meta name=\"author\" content=\"admin\" \/>\n<meta name=\"twitter:card\" content=\"summary_large_image\" \/>\n<meta name=\"twitter:label1\" content=\"Written by\" \/>\n\t<meta name=\"twitter:data1\" content=\"admin\" \/>\n\t<meta name=\"twitter:label2\" content=\"Est. reading time\" \/>\n\t<meta name=\"twitter:data2\" content=\"1 minute\" \/>\n<script type=\"application\/ld+json\" class=\"yoast-schema-graph\">{\"@context\":\"https:\/\/schema.org\",\"@graph\":[{\"@type\":\"WebPage\",\"@id\":\"https:\/\/www.interoleo.com\/en\/i-foro-empresarial-del-aceite-oliva-la-aceituna-mesa\/\",\"url\":\"https:\/\/www.interoleo.com\/en\/i-foro-empresarial-del-aceite-oliva-la-aceituna-mesa\/\",\"name\":\"I Foro Empresarial del ACEITE DE OLIVA y la ACEITUNA DE MESA\",\"isPartOf\":{\"@id\":\"https:\/\/www.interoleo.com\/en\/#website\"},\"primaryImageOfPage\":{\"@id\":\"https:\/\/www.interoleo.com\/en\/i-foro-empresarial-del-aceite-oliva-la-aceituna-mesa\/#primaryimage\"},\"image\":{\"@id\":\"https:\/\/www.interoleo.com\/en\/i-foro-empresarial-del-aceite-oliva-la-aceituna-mesa\/#primaryimage\"},\"thumbnailUrl\":\"http:\/\/88.12.48.28\/webs\/interoleo\/web\/wp-content\/uploads\/2016\/08\/Foro-empresarial-aceite-de-oliva-interoleo-300x132.jpg\",\"datePublished\":\"2016-08-02T07:38:21+00:00\",\"author\":{\"@id\":\"https:\/\/www.interoleo.com\/en\/#\/schema\/person\/f99693fc38ce605f463dc5d58909df2a\"},\"description\":\"Se trata de la primera jornada de estas car\u00e1cteristicas dirigida a profesionales del sector ole\u00edcola, que se desarrolla en la capital andaluza.\",\"breadcrumb\":{\"@id\":\"https:\/\/www.interoleo.com\/en\/i-foro-empresarial-del-aceite-oliva-la-aceituna-mesa\/#breadcrumb\"},\"inLanguage\":\"en-US\",\"potentialAction\":[{\"@type\":\"ReadAction\",\"target\":[\"https:\/\/www.interoleo.com\/en\/i-foro-empresarial-del-aceite-oliva-la-aceituna-mesa\/\"]}]},{\"@type\":\"ImageObject\",\"inLanguage\":\"en-US\",\"@id\":\"https:\/\/www.interoleo.com\/en\/i-foro-empresarial-del-aceite-oliva-la-aceituna-mesa\/#primaryimage\",\"url\":\"http:\/\/88.12.48.28\/webs\/interoleo\/web\/wp-content\/uploads\/2016\/08\/Foro-empresarial-aceite-de-oliva-interoleo-300x132.jpg\",\"contentUrl\":\"http:\/\/88.12.48.28\/webs\/interoleo\/web\/wp-content\/uploads\/2016\/08\/Foro-empresarial-aceite-de-oliva-interoleo-300x132.jpg\"},{\"@type\":\"BreadcrumbList\",\"@id\":\"https:\/\/www.interoleo.com\/en\/i-foro-empresarial-del-aceite-oliva-la-aceituna-mesa\/#breadcrumb\",\"itemListElement\":[{\"@type\":\"ListItem\",\"position\":1,\"name\":\"Portada\",\"item\":\"https:\/\/www.interoleo.com\/en\/\"},{\"@type\":\"ListItem\",\"position\":2,\"name\":\"I Foro Empresarial del ACEITE DE OLIVA y la ACEITUNA DE MESA\"}]},{\"@type\":\"WebSite\",\"@id\":\"https:\/\/www.interoleo.com\/en\/#website\",\"url\":\"https:\/\/www.interoleo.com\/en\/\",\"name\":\"Grupo Inter\u00f3leo\",\"description\":\"Grupo Inter\u00f3leo comercializador de aceite de oliva a granel\",\"potentialAction\":[{\"@type\":\"SearchAction\",\"target\":{\"@type\":\"EntryPoint\",\"urlTemplate\":\"https:\/\/www.interoleo.com\/en\/?s={search_term_string}\"},\"query-input\":{\"@type\":\"PropertyValueSpecification\",\"valueRequired\":true,\"valueName\":\"search_term_string\"}}],\"inLanguage\":\"en-US\"},{\"@type\":\"Person\",\"@id\":\"https:\/\/www.interoleo.com\/en\/#\/schema\/person\/f99693fc38ce605f463dc5d58909df2a\",\"name\":\"admin\",\"image\":{\"@type\":\"ImageObject\",\"inLanguage\":\"en-US\",\"@id\":\"https:\/\/www.interoleo.com\/en\/#\/schema\/person\/image\/\",\"url\":\"https:\/\/secure.gravatar.com\/avatar\/7e985868c8f2fc8c9b5e292d3d038423?s=96&d=mm&r=g\",\"contentUrl\":\"https:\/\/secure.gravatar.com\/avatar\/7e985868c8f2fc8c9b5e292d3d038423?s=96&d=mm&r=g\",\"caption\":\"admin\"},\"url\":\"https:\/\/www.interoleo.com\/en\/author\/admin\/\"}]}<\/script>\n<!-- \/ Yoast SEO plugin. -->","yoast_head_json":{"title":"I Foro Empresarial del ACEITE DE OLIVA y la ACEITUNA DE MESA","description":"Se trata de la primera jornada de estas car\u00e1cteristicas dirigida a profesionales del sector ole\u00edcola, que se desarrolla en la capital andaluza.","robots":{"index":"index","follow":"follow","max-snippet":"max-snippet:-1","max-image-preview":"max-image-preview:large","max-video-preview":"max-video-preview:-1"},"canonical":"https:\/\/www.interoleo.com\/en\/i-foro-empresarial-del-aceite-oliva-la-aceituna-mesa\/","og_locale":"en_US","og_type":"article","og_title":"I Foro Empresarial del ACEITE DE OLIVA y la ACEITUNA DE MESA","og_description":"Se trata de la primera jornada de estas car\u00e1cteristicas dirigida a profesionales del sector ole\u00edcola, que se desarrolla en la capital andaluza.","og_url":"https:\/\/www.interoleo.com\/en\/i-foro-empresarial-del-aceite-oliva-la-aceituna-mesa\/","og_site_name":"Grupo Inter\u00f3leo","article_published_time":"2016-08-02T07:38:21+00:00","og_image":[{"url":"http:\/\/88.12.48.28\/webs\/interoleo\/web\/wp-content\/uploads\/2016\/08\/Foro-empresarial-aceite-de-oliva-interoleo-300x132.jpg","type":"","width":"","height":""}],"author":"admin","twitter_card":"summary_large_image","twitter_misc":{"Written by":"admin","Est. reading time":"1 minute"},"schema":{"@context":"https:\/\/schema.org","@graph":[{"@type":"WebPage","@id":"https:\/\/www.interoleo.com\/en\/i-foro-empresarial-del-aceite-oliva-la-aceituna-mesa\/","url":"https:\/\/www.interoleo.com\/en\/i-foro-empresarial-del-aceite-oliva-la-aceituna-mesa\/","name":"I Foro Empresarial del ACEITE DE OLIVA y la ACEITUNA DE MESA","isPartOf":{"@id":"https:\/\/www.interoleo.com\/en\/#website"},"primaryImageOfPage":{"@id":"https:\/\/www.interoleo.com\/en\/i-foro-empresarial-del-aceite-oliva-la-aceituna-mesa\/#primaryimage"},"image":{"@id":"https:\/\/www.interoleo.com\/en\/i-foro-empresarial-del-aceite-oliva-la-aceituna-mesa\/#primaryimage"},"thumbnailUrl":"http:\/\/88.12.48.28\/webs\/interoleo\/web\/wp-content\/uploads\/2016\/08\/Foro-empresarial-aceite-de-oliva-interoleo-300x132.jpg","datePublished":"2016-08-02T07:38:21+00:00","author":{"@id":"https:\/\/www.interoleo.com\/en\/#\/schema\/person\/f99693fc38ce605f463dc5d58909df2a"},"description":"Se trata de la primera jornada de estas car\u00e1cteristicas dirigida a profesionales del sector ole\u00edcola, que se desarrolla en la capital andaluza.","breadcrumb":{"@id":"https:\/\/www.interoleo.com\/en\/i-foro-empresarial-del-aceite-oliva-la-aceituna-mesa\/#breadcrumb"},"inLanguage":"en-US","potentialAction":[{"@type":"ReadAction","target":["https:\/\/www.interoleo.com\/en\/i-foro-empresarial-del-aceite-oliva-la-aceituna-mesa\/"]}]},{"@type":"ImageObject","inLanguage":"en-US","@id":"https:\/\/www.interoleo.com\/en\/i-foro-empresarial-del-aceite-oliva-la-aceituna-mesa\/#primaryimage","url":"http:\/\/88.12.48.28\/webs\/interoleo\/web\/wp-content\/uploads\/2016\/08\/Foro-empresarial-aceite-de-oliva-interoleo-300x132.jpg","contentUrl":"http:\/\/88.12.48.28\/webs\/interoleo\/web\/wp-content\/uploads\/2016\/08\/Foro-empresarial-aceite-de-oliva-interoleo-300x132.jpg"},{"@type":"BreadcrumbList","@id":"https:\/\/www.interoleo.com\/en\/i-foro-empresarial-del-aceite-oliva-la-aceituna-mesa\/#breadcrumb","itemListElement":[{"@type":"ListItem","position":1,"name":"Portada","item":"https:\/\/www.interoleo.com\/en\/"},{"@type":"ListItem","position":2,"name":"I Foro Empresarial del ACEITE DE OLIVA y la ACEITUNA DE MESA"}]},{"@type":"WebSite","@id":"https:\/\/www.interoleo.com\/en\/#website","url":"https:\/\/www.interoleo.com\/en\/","name":"Grupo Inter\u00f3leo","description":"Grupo Inter\u00f3leo comercializador de aceite de oliva a granel","potentialAction":[{"@type":"SearchAction","target":{"@type":"EntryPoint","urlTemplate":"https:\/\/www.interoleo.com\/en\/?s={search_term_string}"},"query-input":{"@type":"PropertyValueSpecification","valueRequired":true,"valueName":"search_term_string"}}],"inLanguage":"en-US"},{"@type":"Person","@id":"https:\/\/www.interoleo.com\/en\/#\/schema\/person\/f99693fc38ce605f463dc5d58909df2a","name":"admin","image":{"@type":"ImageObject","inLanguage":"en-US","@id":"https:\/\/www.interoleo.com\/en\/#\/schema\/person\/image\/","url":"https:\/\/secure.gravatar.com\/avatar\/7e985868c8f2fc8c9b5e292d3d038423?s=96&d=mm&r=g","contentUrl":"https:\/\/secure.gravatar.com\/avatar\/7e985868c8f2fc8c9b5e292d3d038423?s=96&d=mm&r=g","caption":"admin"},"url":"https:\/\/www.interoleo.com\/en\/author\/admin\/"}]}},"jetpack_publicize_connections":[],"jetpack_featured_media_url":"","jetpack_shortlink":"https:\/\/wp.me\/p7R8ws-2u","jetpack_sharing_enabled":true,"_links":{"self":[{"href":"https:\/\/www.interoleo.com\/en\/wp-json\/wp\/v2\/posts\/154","targetHints":{"allow":["GET"]}}],"collection":[{"href":"https:\/\/www.interoleo.com\/en\/wp-json\/wp\/v2\/posts"}],"about":[{"href":"https:\/\/www.interoleo.com\/en\/wp-json\/wp\/v2\/types\/post"}],"author":[{"embeddable":true,"href":"https:\/\/www.interoleo.com\/en\/wp-json\/wp\/v2\/users\/1"}],"replies":[{"embeddable":true,"href":"https:\/\/www.interoleo.com\/en\/wp-json\/wp\/v2\/comments?post=154"}],"version-history":[{"count":1,"href":"https:\/\/www.interoleo.com\/en\/wp-json\/wp\/v2\/posts\/154\/revisions"}],"predecessor-version":[{"id":156,"href":"https:\/\/www.interoleo.com\/en\/wp-json\/wp\/v2\/posts\/154\/revisions\/156"}],"wp:attachment":[{"href":"https:\/\/www.interoleo.com\/en\/wp-json\/wp\/v2\/media?parent=154"}],"wp:term":[{"taxonomy":"category","embeddable":true,"href":"https:\/\/www.interoleo.com\/en\/wp-json\/wp\/v2\/categories?post=154"},{"taxonomy":"post_tag","embeddable":true,"href":"https:\/\/www.interoleo.com\/en\/wp-json\/wp\/v2\/tags?post=154"}],"curies":[{"name":"wp","href":"https:\/\/api.w.org\/{rel}","templated":true}]}}