{"id":157,"date":"2016-08-02T07:40:34","date_gmt":"2016-08-02T07:40:34","guid":{"rendered":"http:\/\/88.12.48.28\/webs\/interoleo\/web\/?p=157"},"modified":"2016-08-02T07:40:34","modified_gmt":"2016-08-02T07:40:34","slug":"interoleo-picual-celebrara-una-junta-general-accionistas-expoliva","status":"publish","type":"post","link":"https:\/\/www.interoleo.com\/en\/interoleo-picual-celebrara-una-junta-general-accionistas-expoliva\/","title":{"rendered":"Inter\u00f3leo Picual celebrar\u00e1 una Junta General de Accionistas en Expoliva"},"content":{"rendered":"<ul>\n<li><em>La empresa estar\u00e1 ubicada en el estand C5 e invita a todo el mundo, socios, clientes, proveedores y agricultores en general, a que conozcan su apuesta por la concentraci\u00f3n y la profesionalizaci\u00f3n<\/em><\/li>\n<\/ul>\n<p>Inter\u00f3leo Picual Ja\u00e9n estar\u00e1, una vez m\u00e1s, en Expoliva. La edici\u00f3n de la principal feria internacional del aceite de oliva, que se celebrar\u00e1 en Ja\u00e9n entre los d\u00edas 6 y 9 de mayo, contar\u00e1, como no pod\u00eda ser de otra manera, con una de las primeras empresas comercializadoras a nivel mundial. Inter\u00f3leo tendr\u00e1 un estand propio, situado en el pabell\u00f3n cubierto, nomenclatura C5. Adem\u00e1s, la presencia del grupo comercializador no ser\u00e1 testimonial, puesto que celebrar\u00e1 una Junta General de Accionistas, el viernes 8, reuni\u00f3n que otorga una importancia destacada a la participaci\u00f3n de Inter\u00f3leo en Expoliva 2015.<\/p>\n<p>De ah\u00ed que la empresa invite a todo el mundo, ya sean socios, clientes, proveedores y agricultores en general, a visitar el estand C5 para conocer, en profundidad, la novedosa l\u00ednea abierta por Inter\u00f3leo en cuanto a comercializaci\u00f3n de aceite de oliva se refiere, donde se apuesta claramente por la concentraci\u00f3n de la oferta y la profesionalizaci\u00f3n de los servicios, tanto en la central de ventas como en la central de compras. Una nueva forma de obtener la mayor rentabilidad posible y valor a\u00f1adido a nuestro producto estrella que ha llevado a Inter\u00f3leo Picual Ja\u00e9n a ocupar uno de los primeros puestos comercializadores a nivel mundial, y a consolidarse como una empresa reconocida que, cada a\u00f1o, suma m\u00e1s socios.<\/p>\n<p><img decoding=\"async\" class=\"size-medium wp-image-158 aligncenter\" src=\"http:\/\/88.12.48.28\/webs\/interoleo\/web\/wp-content\/uploads\/2016\/08\/Interoleo-Picual-Expoliva-2015-300x104.jpg\" alt=\"Interoleo-Picual-Expoliva-2015\" width=\"300\" height=\"104\" srcset=\"https:\/\/www.interoleo.com\/wp-content\/uploads\/2016\/08\/Interoleo-Picual-Expoliva-2015-300x104.jpg 300w, https:\/\/www.interoleo.com\/wp-content\/uploads\/2016\/08\/Interoleo-Picual-Expoliva-2015-600x208.jpg 600w, https:\/\/www.interoleo.com\/wp-content\/uploads\/2016\/08\/Interoleo-Picual-Expoliva-2015-768x267.jpg 768w, https:\/\/www.interoleo.com\/wp-content\/uploads\/2016\/08\/Interoleo-Picual-Expoliva-2015.jpg 950w\" sizes=\"(max-width: 300px) 100vw, 300px\" \/><\/p>\n","protected":false},"excerpt":{"rendered":"<p>La empresa estar\u00e1 ubicada en el estand C5 e invita a todo el mundo, socios, clientes, proveedores y agricultores en general, a que conozcan su apuesta por la concentraci\u00f3n y la profesionalizaci\u00f3n Inter\u00f3leo Picual Ja\u00e9n estar\u00e1, una vez m\u00e1s, en Expoliva. La edici\u00f3n de la principal feria internacional del aceite de oliva, que se celebrar\u00e1 &hellip; <\/p>\n<p class=\"link-more\"><a href=\"https:\/\/www.interoleo.com\/en\/interoleo-picual-celebrara-una-junta-general-accionistas-expoliva\/\" class=\"more-link\">Read more<span class=\"screen-reader-text\"> &#8220;Inter\u00f3leo Picual celebrar\u00e1 una Junta General de Accionistas en Expoliva&#8221;<\/span><\/a><\/p>\n","protected":false},"author":1,"featured_media":0,"comment_status":"closed","ping_status":"closed","sticky":false,"template":"","format":"standard","meta":{"jetpack_post_was_ever_published":false,"_jetpack_newsletter_access":"","_jetpack_dont_email_post_to_subs":false,"_jetpack_newsletter_tier_id":0,"_jetpack_memberships_contains_paywalled_content":false,"_jetpack_memberships_contains_paid_content":false,"footnotes":"","jetpack_publicize_message":"","jetpack_publicize_feature_enabled":true,"jetpack_social_post_already_shared":false,"jetpack_social_options":{"image_generator_settings":{"template":"highway","default_image_id":0,"font":"","enabled":false},"version":2}},"categories":[4],"tags":[],"class_list":["post-157","post","type-post","status-publish","format-standard","hentry","category-actualidad"],"yoast_head":"<!-- This site is optimized with the Yoast SEO plugin v26.0 - https:\/\/yoast.com\/wordpress\/plugins\/seo\/ -->\n<title>Inter\u00f3leo Picual celebrar\u00e1 una Junta General de Accionistas en Expoliva<\/title>\n<meta name=\"description\" content=\"Inter\u00f3leo Picual celebrar\u00e1 una Junta General de Accionistas en Expoliva, estar\u00e1 ubicada en el estand C5 e invita a todo el mundo, socios, clientes...\" \/>\n<meta name=\"robots\" content=\"index, follow, max-snippet:-1, max-image-preview:large, max-video-preview:-1\" \/>\n<link rel=\"canonical\" href=\"https:\/\/www.interoleo.com\/en\/interoleo-picual-celebrara-una-junta-general-accionistas-expoliva\/\" \/>\n<meta property=\"og:locale\" content=\"en_US\" \/>\n<meta property=\"og:type\" content=\"article\" \/>\n<meta property=\"og:title\" content=\"Inter\u00f3leo Picual celebrar\u00e1 una Junta General de Accionistas en Expoliva\" \/>\n<meta property=\"og:description\" content=\"Inter\u00f3leo Picual celebrar\u00e1 una Junta General de Accionistas en Expoliva, estar\u00e1 ubicada en el estand C5 e invita a todo el mundo, socios, clientes...\" \/>\n<meta property=\"og:url\" content=\"https:\/\/www.interoleo.com\/en\/interoleo-picual-celebrara-una-junta-general-accionistas-expoliva\/\" \/>\n<meta property=\"og:site_name\" content=\"Grupo Inter\u00f3leo\" \/>\n<meta property=\"article:published_time\" content=\"2016-08-02T07:40:34+00:00\" \/>\n<meta property=\"og:image\" content=\"http:\/\/88.12.48.28\/webs\/interoleo\/web\/wp-content\/uploads\/2016\/08\/Interoleo-Picual-Expoliva-2015-300x104.jpg\" \/>\n<meta name=\"author\" content=\"admin\" \/>\n<meta name=\"twitter:card\" content=\"summary_large_image\" \/>\n<meta name=\"twitter:label1\" content=\"Written by\" \/>\n\t<meta name=\"twitter:data1\" content=\"admin\" \/>\n\t<meta name=\"twitter:label2\" content=\"Est. reading time\" \/>\n\t<meta name=\"twitter:data2\" content=\"1 minute\" \/>\n<script type=\"application\/ld+json\" class=\"yoast-schema-graph\">{\"@context\":\"https:\/\/schema.org\",\"@graph\":[{\"@type\":\"WebPage\",\"@id\":\"https:\/\/www.interoleo.com\/en\/interoleo-picual-celebrara-una-junta-general-accionistas-expoliva\/\",\"url\":\"https:\/\/www.interoleo.com\/en\/interoleo-picual-celebrara-una-junta-general-accionistas-expoliva\/\",\"name\":\"Inter\u00f3leo Picual celebrar\u00e1 una Junta General de Accionistas en Expoliva\",\"isPartOf\":{\"@id\":\"https:\/\/www.interoleo.com\/en\/#website\"},\"primaryImageOfPage\":{\"@id\":\"https:\/\/www.interoleo.com\/en\/interoleo-picual-celebrara-una-junta-general-accionistas-expoliva\/#primaryimage\"},\"image\":{\"@id\":\"https:\/\/www.interoleo.com\/en\/interoleo-picual-celebrara-una-junta-general-accionistas-expoliva\/#primaryimage\"},\"thumbnailUrl\":\"http:\/\/88.12.48.28\/webs\/interoleo\/web\/wp-content\/uploads\/2016\/08\/Interoleo-Picual-Expoliva-2015-300x104.jpg\",\"datePublished\":\"2016-08-02T07:40:34+00:00\",\"author\":{\"@id\":\"https:\/\/www.interoleo.com\/en\/#\/schema\/person\/f99693fc38ce605f463dc5d58909df2a\"},\"description\":\"Inter\u00f3leo Picual celebrar\u00e1 una Junta General de Accionistas en Expoliva, estar\u00e1 ubicada en el estand C5 e invita a todo el mundo, socios, clientes...\",\"breadcrumb\":{\"@id\":\"https:\/\/www.interoleo.com\/en\/interoleo-picual-celebrara-una-junta-general-accionistas-expoliva\/#breadcrumb\"},\"inLanguage\":\"en-US\",\"potentialAction\":[{\"@type\":\"ReadAction\",\"target\":[\"https:\/\/www.interoleo.com\/en\/interoleo-picual-celebrara-una-junta-general-accionistas-expoliva\/\"]}]},{\"@type\":\"ImageObject\",\"inLanguage\":\"en-US\",\"@id\":\"https:\/\/www.interoleo.com\/en\/interoleo-picual-celebrara-una-junta-general-accionistas-expoliva\/#primaryimage\",\"url\":\"http:\/\/88.12.48.28\/webs\/interoleo\/web\/wp-content\/uploads\/2016\/08\/Interoleo-Picual-Expoliva-2015-300x104.jpg\",\"contentUrl\":\"http:\/\/88.12.48.28\/webs\/interoleo\/web\/wp-content\/uploads\/2016\/08\/Interoleo-Picual-Expoliva-2015-300x104.jpg\"},{\"@type\":\"BreadcrumbList\",\"@id\":\"https:\/\/www.interoleo.com\/en\/interoleo-picual-celebrara-una-junta-general-accionistas-expoliva\/#breadcrumb\",\"itemListElement\":[{\"@type\":\"ListItem\",\"position\":1,\"name\":\"Portada\",\"item\":\"https:\/\/www.interoleo.com\/en\/\"},{\"@type\":\"ListItem\",\"position\":2,\"name\":\"Inter\u00f3leo Picual celebrar\u00e1 una Junta General de Accionistas en Expoliva\"}]},{\"@type\":\"WebSite\",\"@id\":\"https:\/\/www.interoleo.com\/en\/#website\",\"url\":\"https:\/\/www.interoleo.com\/en\/\",\"name\":\"Grupo Inter\u00f3leo\",\"description\":\"Grupo Inter\u00f3leo comercializador de aceite de oliva a granel\",\"potentialAction\":[{\"@type\":\"SearchAction\",\"target\":{\"@type\":\"EntryPoint\",\"urlTemplate\":\"https:\/\/www.interoleo.com\/en\/?s={search_term_string}\"},\"query-input\":{\"@type\":\"PropertyValueSpecification\",\"valueRequired\":true,\"valueName\":\"search_term_string\"}}],\"inLanguage\":\"en-US\"},{\"@type\":\"Person\",\"@id\":\"https:\/\/www.interoleo.com\/en\/#\/schema\/person\/f99693fc38ce605f463dc5d58909df2a\",\"name\":\"admin\",\"image\":{\"@type\":\"ImageObject\",\"inLanguage\":\"en-US\",\"@id\":\"https:\/\/www.interoleo.com\/en\/#\/schema\/person\/image\/\",\"url\":\"https:\/\/secure.gravatar.com\/avatar\/7e985868c8f2fc8c9b5e292d3d038423?s=96&d=mm&r=g\",\"contentUrl\":\"https:\/\/secure.gravatar.com\/avatar\/7e985868c8f2fc8c9b5e292d3d038423?s=96&d=mm&r=g\",\"caption\":\"admin\"},\"url\":\"https:\/\/www.interoleo.com\/en\/author\/admin\/\"}]}<\/script>\n<!-- \/ Yoast SEO plugin. -->","yoast_head_json":{"title":"Inter\u00f3leo Picual celebrar\u00e1 una Junta General de Accionistas en Expoliva","description":"Inter\u00f3leo Picual celebrar\u00e1 una Junta General de Accionistas en Expoliva, estar\u00e1 ubicada en el estand C5 e invita a todo el mundo, socios, clientes...","robots":{"index":"index","follow":"follow","max-snippet":"max-snippet:-1","max-image-preview":"max-image-preview:large","max-video-preview":"max-video-preview:-1"},"canonical":"https:\/\/www.interoleo.com\/en\/interoleo-picual-celebrara-una-junta-general-accionistas-expoliva\/","og_locale":"en_US","og_type":"article","og_title":"Inter\u00f3leo Picual celebrar\u00e1 una Junta General de Accionistas en Expoliva","og_description":"Inter\u00f3leo Picual celebrar\u00e1 una Junta General de Accionistas en Expoliva, estar\u00e1 ubicada en el estand C5 e invita a todo el mundo, socios, clientes...","og_url":"https:\/\/www.interoleo.com\/en\/interoleo-picual-celebrara-una-junta-general-accionistas-expoliva\/","og_site_name":"Grupo Inter\u00f3leo","article_published_time":"2016-08-02T07:40:34+00:00","og_image":[{"url":"http:\/\/88.12.48.28\/webs\/interoleo\/web\/wp-content\/uploads\/2016\/08\/Interoleo-Picual-Expoliva-2015-300x104.jpg","type":"","width":"","height":""}],"author":"admin","twitter_card":"summary_large_image","twitter_misc":{"Written by":"admin","Est. reading time":"1 minute"},"schema":{"@context":"https:\/\/schema.org","@graph":[{"@type":"WebPage","@id":"https:\/\/www.interoleo.com\/en\/interoleo-picual-celebrara-una-junta-general-accionistas-expoliva\/","url":"https:\/\/www.interoleo.com\/en\/interoleo-picual-celebrara-una-junta-general-accionistas-expoliva\/","name":"Inter\u00f3leo Picual celebrar\u00e1 una Junta General de Accionistas en Expoliva","isPartOf":{"@id":"https:\/\/www.interoleo.com\/en\/#website"},"primaryImageOfPage":{"@id":"https:\/\/www.interoleo.com\/en\/interoleo-picual-celebrara-una-junta-general-accionistas-expoliva\/#primaryimage"},"image":{"@id":"https:\/\/www.interoleo.com\/en\/interoleo-picual-celebrara-una-junta-general-accionistas-expoliva\/#primaryimage"},"thumbnailUrl":"http:\/\/88.12.48.28\/webs\/interoleo\/web\/wp-content\/uploads\/2016\/08\/Interoleo-Picual-Expoliva-2015-300x104.jpg","datePublished":"2016-08-02T07:40:34+00:00","author":{"@id":"https:\/\/www.interoleo.com\/en\/#\/schema\/person\/f99693fc38ce605f463dc5d58909df2a"},"description":"Inter\u00f3leo Picual celebrar\u00e1 una Junta General de Accionistas en Expoliva, estar\u00e1 ubicada en el estand C5 e invita a todo el mundo, socios, clientes...","breadcrumb":{"@id":"https:\/\/www.interoleo.com\/en\/interoleo-picual-celebrara-una-junta-general-accionistas-expoliva\/#breadcrumb"},"inLanguage":"en-US","potentialAction":[{"@type":"ReadAction","target":["https:\/\/www.interoleo.com\/en\/interoleo-picual-celebrara-una-junta-general-accionistas-expoliva\/"]}]},{"@type":"ImageObject","inLanguage":"en-US","@id":"https:\/\/www.interoleo.com\/en\/interoleo-picual-celebrara-una-junta-general-accionistas-expoliva\/#primaryimage","url":"http:\/\/88.12.48.28\/webs\/interoleo\/web\/wp-content\/uploads\/2016\/08\/Interoleo-Picual-Expoliva-2015-300x104.jpg","contentUrl":"http:\/\/88.12.48.28\/webs\/interoleo\/web\/wp-content\/uploads\/2016\/08\/Interoleo-Picual-Expoliva-2015-300x104.jpg"},{"@type":"BreadcrumbList","@id":"https:\/\/www.interoleo.com\/en\/interoleo-picual-celebrara-una-junta-general-accionistas-expoliva\/#breadcrumb","itemListElement":[{"@type":"ListItem","position":1,"name":"Portada","item":"https:\/\/www.interoleo.com\/en\/"},{"@type":"ListItem","position":2,"name":"Inter\u00f3leo Picual celebrar\u00e1 una Junta General de Accionistas en Expoliva"}]},{"@type":"WebSite","@id":"https:\/\/www.interoleo.com\/en\/#website","url":"https:\/\/www.interoleo.com\/en\/","name":"Grupo Inter\u00f3leo","description":"Grupo Inter\u00f3leo comercializador de aceite de oliva a granel","potentialAction":[{"@type":"SearchAction","target":{"@type":"EntryPoint","urlTemplate":"https:\/\/www.interoleo.com\/en\/?s={search_term_string}"},"query-input":{"@type":"PropertyValueSpecification","valueRequired":true,"valueName":"search_term_string"}}],"inLanguage":"en-US"},{"@type":"Person","@id":"https:\/\/www.interoleo.com\/en\/#\/schema\/person\/f99693fc38ce605f463dc5d58909df2a","name":"admin","image":{"@type":"ImageObject","inLanguage":"en-US","@id":"https:\/\/www.interoleo.com\/en\/#\/schema\/person\/image\/","url":"https:\/\/secure.gravatar.com\/avatar\/7e985868c8f2fc8c9b5e292d3d038423?s=96&d=mm&r=g","contentUrl":"https:\/\/secure.gravatar.com\/avatar\/7e985868c8f2fc8c9b5e292d3d038423?s=96&d=mm&r=g","caption":"admin"},"url":"https:\/\/www.interoleo.com\/en\/author\/admin\/"}]}},"jetpack_publicize_connections":[],"jetpack_featured_media_url":"","jetpack_shortlink":"https:\/\/wp.me\/p7R8ws-2x","jetpack_sharing_enabled":true,"_links":{"self":[{"href":"https:\/\/www.interoleo.com\/en\/wp-json\/wp\/v2\/posts\/157","targetHints":{"allow":["GET"]}}],"collection":[{"href":"https:\/\/www.interoleo.com\/en\/wp-json\/wp\/v2\/posts"}],"about":[{"href":"https:\/\/www.interoleo.com\/en\/wp-json\/wp\/v2\/types\/post"}],"author":[{"embeddable":true,"href":"https:\/\/www.interoleo.com\/en\/wp-json\/wp\/v2\/users\/1"}],"replies":[{"embeddable":true,"href":"https:\/\/www.interoleo.com\/en\/wp-json\/wp\/v2\/comments?post=157"}],"version-history":[{"count":1,"href":"https:\/\/www.interoleo.com\/en\/wp-json\/wp\/v2\/posts\/157\/revisions"}],"predecessor-version":[{"id":159,"href":"https:\/\/www.interoleo.com\/en\/wp-json\/wp\/v2\/posts\/157\/revisions\/159"}],"wp:attachment":[{"href":"https:\/\/www.interoleo.com\/en\/wp-json\/wp\/v2\/media?parent=157"}],"wp:term":[{"taxonomy":"category","embeddable":true,"href":"https:\/\/www.interoleo.com\/en\/wp-json\/wp\/v2\/categories?post=157"},{"taxonomy":"post_tag","embeddable":true,"href":"https:\/\/www.interoleo.com\/en\/wp-json\/wp\/v2\/tags?post=157"}],"curies":[{"name":"wp","href":"https:\/\/api.w.org\/{rel}","templated":true}]}}