{"id":163,"date":"2016-08-02T07:49:19","date_gmt":"2016-08-02T07:49:19","guid":{"rendered":"http:\/\/88.12.48.28\/webs\/interoleo\/web\/?p=163"},"modified":"2016-08-02T07:49:19","modified_gmt":"2016-08-02T07:49:19","slug":"la-s-c-san-juan-villargordo-celebra-una-cata-aceite","status":"publish","type":"post","link":"https:\/\/www.interoleo.com\/en\/la-s-c-san-juan-villargordo-celebra-una-cata-aceite\/","title":{"rendered":"La S.C.A. &#8220;San Juan&#8221; de Villargordo celebra una Cata de Aceite"},"content":{"rendered":"<p>Este lunes, 18 de mayo la Cooperativa San Juan, socio de Inter\u00f3leo y con sede en Villargordo, ha celebrado una &#8220;Cata de Aceite&#8221; para los alumnos del Curso de Cocina, patrocinada por el Patronato Municipal de Cultura de la localidad.<\/p>\n<p>La cata ha estado dirigida \u00a0por D. Alberto GUARDIA PERAGON, t\u00e9cnico responsable catador de Inter\u00f3leo Picual Ja\u00e9n, S.A. y miembro del panel de cata de CM EUROPA, laboratorio de gran prestigio de nuestra provincia, ademas de un amplio curriculum de formaci\u00f3n y experiencia en el sector.<\/p>\n<p>La jornada result\u00f3 muy interesante para los participantes, celebr\u00e1ndose en un ambiente agradable de convivencia, siendo una nueva experiencia en el camino de apertura de la Cooperativa a la sociedad y de promoci\u00f3n para dar a conocer las distintas calidades del aceite. Objetivos prioritarios para la Cooperativa en esta nueva e interesante etapa.<\/p>\n<p><img decoding=\"async\" class=\"alignnone size-medium wp-image-164\" src=\"http:\/\/88.12.48.28\/webs\/interoleo\/web\/wp-content\/uploads\/2016\/08\/SCA-San-Juan-Interoleo-2-300x149.jpg\" alt=\"SCA-San-Juan-Interoleo-2\" width=\"300\" height=\"149\" srcset=\"https:\/\/www.interoleo.com\/wp-content\/uploads\/2016\/08\/SCA-San-Juan-Interoleo-2-300x149.jpg 300w, https:\/\/www.interoleo.com\/wp-content\/uploads\/2016\/08\/SCA-San-Juan-Interoleo-2-600x297.jpg 600w, https:\/\/www.interoleo.com\/wp-content\/uploads\/2016\/08\/SCA-San-Juan-Interoleo-2.jpg 709w\" sizes=\"(max-width: 300px) 100vw, 300px\" \/><\/p>\n<p><img fetchpriority=\"high\" decoding=\"async\" class=\"alignnone size-medium wp-image-165\" src=\"http:\/\/88.12.48.28\/webs\/interoleo\/web\/wp-content\/uploads\/2016\/08\/SCA-San-Juan-Interoleo-cartel-200x300.jpg\" alt=\"SCA-San-Juan-Interoleo-cartel\" width=\"200\" height=\"300\" srcset=\"https:\/\/www.interoleo.com\/wp-content\/uploads\/2016\/08\/SCA-San-Juan-Interoleo-cartel-200x300.jpg 200w, https:\/\/www.interoleo.com\/wp-content\/uploads\/2016\/08\/SCA-San-Juan-Interoleo-cartel-600x900.jpg 600w, https:\/\/www.interoleo.com\/wp-content\/uploads\/2016\/08\/SCA-San-Juan-Interoleo-cartel-768x1152.jpg 768w, https:\/\/www.interoleo.com\/wp-content\/uploads\/2016\/08\/SCA-San-Juan-Interoleo-cartel-682x1024.jpg 682w, https:\/\/www.interoleo.com\/wp-content\/uploads\/2016\/08\/SCA-San-Juan-Interoleo-cartel.jpg 853w\" sizes=\"(max-width: 200px) 100vw, 200px\" \/><\/p>\n","protected":false},"excerpt":{"rendered":"<p>Este lunes, 18 de mayo la Cooperativa San Juan, socio de Inter\u00f3leo y con sede en Villargordo, ha celebrado una &#8220;Cata de Aceite&#8221; para los alumnos del Curso de Cocina, patrocinada por el Patronato Municipal de Cultura de la localidad. La cata ha estado dirigida \u00a0por D. Alberto GUARDIA PERAGON, t\u00e9cnico responsable catador de Inter\u00f3leo &hellip; <\/p>\n<p class=\"link-more\"><a href=\"https:\/\/www.interoleo.com\/en\/la-s-c-san-juan-villargordo-celebra-una-cata-aceite\/\" class=\"more-link\">Read more<span class=\"screen-reader-text\"> &#8220;La S.C.A. &#8220;San Juan&#8221; de Villargordo celebra una Cata de Aceite&#8221;<\/span><\/a><\/p>\n","protected":false},"author":1,"featured_media":0,"comment_status":"closed","ping_status":"closed","sticky":false,"template":"","format":"standard","meta":{"jetpack_post_was_ever_published":false,"_jetpack_newsletter_access":"","_jetpack_dont_email_post_to_subs":false,"_jetpack_newsletter_tier_id":0,"_jetpack_memberships_contains_paywalled_content":false,"_jetpack_memberships_contains_paid_content":false,"footnotes":"","jetpack_publicize_message":"","jetpack_publicize_feature_enabled":true,"jetpack_social_post_already_shared":false,"jetpack_social_options":{"image_generator_settings":{"template":"highway","default_image_id":0,"font":"","enabled":false},"version":2}},"categories":[4],"tags":[],"class_list":["post-163","post","type-post","status-publish","format-standard","hentry","category-actualidad"],"yoast_head":"<!-- This site is optimized with the Yoast SEO plugin v26.0 - https:\/\/yoast.com\/wordpress\/plugins\/seo\/ -->\n<title>La S.C.A. &quot;San Juan&quot; de Villargordo celebra una Cata de Aceite - Grupo Inter\u00f3leo<\/title>\n<meta name=\"description\" content=\"Este lunes, 18 de mayo la Cooperativa San Juan, socio de Inter\u00f3leo y con sede en Villargordo, ha celebrado una &quot;Cata de Aceite&quot; para los alumnos del ...\" \/>\n<meta name=\"robots\" content=\"index, follow, max-snippet:-1, max-image-preview:large, max-video-preview:-1\" \/>\n<link rel=\"canonical\" href=\"https:\/\/www.interoleo.com\/en\/la-s-c-san-juan-villargordo-celebra-una-cata-aceite\/\" \/>\n<meta property=\"og:locale\" content=\"en_US\" \/>\n<meta property=\"og:type\" content=\"article\" \/>\n<meta property=\"og:title\" content=\"La S.C.A. &quot;San Juan&quot; de Villargordo celebra una Cata de Aceite - Grupo Inter\u00f3leo\" \/>\n<meta property=\"og:description\" content=\"Este lunes, 18 de mayo la Cooperativa San Juan, socio de Inter\u00f3leo y con sede en Villargordo, ha celebrado una &quot;Cata de Aceite&quot; para los alumnos del ...\" \/>\n<meta property=\"og:url\" content=\"https:\/\/www.interoleo.com\/en\/la-s-c-san-juan-villargordo-celebra-una-cata-aceite\/\" \/>\n<meta property=\"og:site_name\" content=\"Grupo Inter\u00f3leo\" \/>\n<meta property=\"article:published_time\" content=\"2016-08-02T07:49:19+00:00\" \/>\n<meta property=\"og:image\" content=\"http:\/\/88.12.48.28\/webs\/interoleo\/web\/wp-content\/uploads\/2016\/08\/SCA-San-Juan-Interoleo-2-300x149.jpg\" \/>\n<meta name=\"author\" content=\"admin\" \/>\n<meta name=\"twitter:card\" content=\"summary_large_image\" \/>\n<meta name=\"twitter:label1\" content=\"Written by\" \/>\n\t<meta name=\"twitter:data1\" content=\"admin\" \/>\n\t<meta name=\"twitter:label2\" content=\"Est. reading time\" \/>\n\t<meta name=\"twitter:data2\" content=\"1 minute\" \/>\n<script type=\"application\/ld+json\" class=\"yoast-schema-graph\">{\"@context\":\"https:\/\/schema.org\",\"@graph\":[{\"@type\":\"WebPage\",\"@id\":\"https:\/\/www.interoleo.com\/en\/la-s-c-san-juan-villargordo-celebra-una-cata-aceite\/\",\"url\":\"https:\/\/www.interoleo.com\/en\/la-s-c-san-juan-villargordo-celebra-una-cata-aceite\/\",\"name\":\"La S.C.A. \\\"San Juan\\\" de Villargordo celebra una Cata de Aceite - Grupo Inter\u00f3leo\",\"isPartOf\":{\"@id\":\"https:\/\/www.interoleo.com\/en\/#website\"},\"primaryImageOfPage\":{\"@id\":\"https:\/\/www.interoleo.com\/en\/la-s-c-san-juan-villargordo-celebra-una-cata-aceite\/#primaryimage\"},\"image\":{\"@id\":\"https:\/\/www.interoleo.com\/en\/la-s-c-san-juan-villargordo-celebra-una-cata-aceite\/#primaryimage\"},\"thumbnailUrl\":\"http:\/\/88.12.48.28\/webs\/interoleo\/web\/wp-content\/uploads\/2016\/08\/SCA-San-Juan-Interoleo-2-300x149.jpg\",\"datePublished\":\"2016-08-02T07:49:19+00:00\",\"author\":{\"@id\":\"https:\/\/www.interoleo.com\/en\/#\/schema\/person\/f99693fc38ce605f463dc5d58909df2a\"},\"description\":\"Este lunes, 18 de mayo la Cooperativa San Juan, socio de Inter\u00f3leo y con sede en Villargordo, ha celebrado una \\\"Cata de Aceite\\\" para los alumnos del ...\",\"breadcrumb\":{\"@id\":\"https:\/\/www.interoleo.com\/en\/la-s-c-san-juan-villargordo-celebra-una-cata-aceite\/#breadcrumb\"},\"inLanguage\":\"en-US\",\"potentialAction\":[{\"@type\":\"ReadAction\",\"target\":[\"https:\/\/www.interoleo.com\/en\/la-s-c-san-juan-villargordo-celebra-una-cata-aceite\/\"]}]},{\"@type\":\"ImageObject\",\"inLanguage\":\"en-US\",\"@id\":\"https:\/\/www.interoleo.com\/en\/la-s-c-san-juan-villargordo-celebra-una-cata-aceite\/#primaryimage\",\"url\":\"http:\/\/88.12.48.28\/webs\/interoleo\/web\/wp-content\/uploads\/2016\/08\/SCA-San-Juan-Interoleo-2-300x149.jpg\",\"contentUrl\":\"http:\/\/88.12.48.28\/webs\/interoleo\/web\/wp-content\/uploads\/2016\/08\/SCA-San-Juan-Interoleo-2-300x149.jpg\"},{\"@type\":\"BreadcrumbList\",\"@id\":\"https:\/\/www.interoleo.com\/en\/la-s-c-san-juan-villargordo-celebra-una-cata-aceite\/#breadcrumb\",\"itemListElement\":[{\"@type\":\"ListItem\",\"position\":1,\"name\":\"Portada\",\"item\":\"https:\/\/www.interoleo.com\/en\/\"},{\"@type\":\"ListItem\",\"position\":2,\"name\":\"La S.C.A. \u00abSan Juan\u00bb de Villargordo celebra una Cata de Aceite\"}]},{\"@type\":\"WebSite\",\"@id\":\"https:\/\/www.interoleo.com\/en\/#website\",\"url\":\"https:\/\/www.interoleo.com\/en\/\",\"name\":\"Grupo Inter\u00f3leo\",\"description\":\"Grupo Inter\u00f3leo comercializador de aceite de oliva a granel\",\"potentialAction\":[{\"@type\":\"SearchAction\",\"target\":{\"@type\":\"EntryPoint\",\"urlTemplate\":\"https:\/\/www.interoleo.com\/en\/?s={search_term_string}\"},\"query-input\":{\"@type\":\"PropertyValueSpecification\",\"valueRequired\":true,\"valueName\":\"search_term_string\"}}],\"inLanguage\":\"en-US\"},{\"@type\":\"Person\",\"@id\":\"https:\/\/www.interoleo.com\/en\/#\/schema\/person\/f99693fc38ce605f463dc5d58909df2a\",\"name\":\"admin\",\"image\":{\"@type\":\"ImageObject\",\"inLanguage\":\"en-US\",\"@id\":\"https:\/\/www.interoleo.com\/en\/#\/schema\/person\/image\/\",\"url\":\"https:\/\/secure.gravatar.com\/avatar\/7e985868c8f2fc8c9b5e292d3d038423?s=96&d=mm&r=g\",\"contentUrl\":\"https:\/\/secure.gravatar.com\/avatar\/7e985868c8f2fc8c9b5e292d3d038423?s=96&d=mm&r=g\",\"caption\":\"admin\"},\"url\":\"https:\/\/www.interoleo.com\/en\/author\/admin\/\"}]}<\/script>\n<!-- \/ Yoast SEO plugin. -->","yoast_head_json":{"title":"La S.C.A. \"San Juan\" de Villargordo celebra una Cata de Aceite - Grupo Inter\u00f3leo","description":"Este lunes, 18 de mayo la Cooperativa San Juan, socio de Inter\u00f3leo y con sede en Villargordo, ha celebrado una \"Cata de Aceite\" para los alumnos del ...","robots":{"index":"index","follow":"follow","max-snippet":"max-snippet:-1","max-image-preview":"max-image-preview:large","max-video-preview":"max-video-preview:-1"},"canonical":"https:\/\/www.interoleo.com\/en\/la-s-c-san-juan-villargordo-celebra-una-cata-aceite\/","og_locale":"en_US","og_type":"article","og_title":"La S.C.A. \"San Juan\" de Villargordo celebra una Cata de Aceite - Grupo Inter\u00f3leo","og_description":"Este lunes, 18 de mayo la Cooperativa San Juan, socio de Inter\u00f3leo y con sede en Villargordo, ha celebrado una \"Cata de Aceite\" para los alumnos del ...","og_url":"https:\/\/www.interoleo.com\/en\/la-s-c-san-juan-villargordo-celebra-una-cata-aceite\/","og_site_name":"Grupo Inter\u00f3leo","article_published_time":"2016-08-02T07:49:19+00:00","og_image":[{"url":"http:\/\/88.12.48.28\/webs\/interoleo\/web\/wp-content\/uploads\/2016\/08\/SCA-San-Juan-Interoleo-2-300x149.jpg","type":"","width":"","height":""}],"author":"admin","twitter_card":"summary_large_image","twitter_misc":{"Written by":"admin","Est. reading time":"1 minute"},"schema":{"@context":"https:\/\/schema.org","@graph":[{"@type":"WebPage","@id":"https:\/\/www.interoleo.com\/en\/la-s-c-san-juan-villargordo-celebra-una-cata-aceite\/","url":"https:\/\/www.interoleo.com\/en\/la-s-c-san-juan-villargordo-celebra-una-cata-aceite\/","name":"La S.C.A. \"San Juan\" de Villargordo celebra una Cata de Aceite - Grupo Inter\u00f3leo","isPartOf":{"@id":"https:\/\/www.interoleo.com\/en\/#website"},"primaryImageOfPage":{"@id":"https:\/\/www.interoleo.com\/en\/la-s-c-san-juan-villargordo-celebra-una-cata-aceite\/#primaryimage"},"image":{"@id":"https:\/\/www.interoleo.com\/en\/la-s-c-san-juan-villargordo-celebra-una-cata-aceite\/#primaryimage"},"thumbnailUrl":"http:\/\/88.12.48.28\/webs\/interoleo\/web\/wp-content\/uploads\/2016\/08\/SCA-San-Juan-Interoleo-2-300x149.jpg","datePublished":"2016-08-02T07:49:19+00:00","author":{"@id":"https:\/\/www.interoleo.com\/en\/#\/schema\/person\/f99693fc38ce605f463dc5d58909df2a"},"description":"Este lunes, 18 de mayo la Cooperativa San Juan, socio de Inter\u00f3leo y con sede en Villargordo, ha celebrado una \"Cata de Aceite\" para los alumnos del ...","breadcrumb":{"@id":"https:\/\/www.interoleo.com\/en\/la-s-c-san-juan-villargordo-celebra-una-cata-aceite\/#breadcrumb"},"inLanguage":"en-US","potentialAction":[{"@type":"ReadAction","target":["https:\/\/www.interoleo.com\/en\/la-s-c-san-juan-villargordo-celebra-una-cata-aceite\/"]}]},{"@type":"ImageObject","inLanguage":"en-US","@id":"https:\/\/www.interoleo.com\/en\/la-s-c-san-juan-villargordo-celebra-una-cata-aceite\/#primaryimage","url":"http:\/\/88.12.48.28\/webs\/interoleo\/web\/wp-content\/uploads\/2016\/08\/SCA-San-Juan-Interoleo-2-300x149.jpg","contentUrl":"http:\/\/88.12.48.28\/webs\/interoleo\/web\/wp-content\/uploads\/2016\/08\/SCA-San-Juan-Interoleo-2-300x149.jpg"},{"@type":"BreadcrumbList","@id":"https:\/\/www.interoleo.com\/en\/la-s-c-san-juan-villargordo-celebra-una-cata-aceite\/#breadcrumb","itemListElement":[{"@type":"ListItem","position":1,"name":"Portada","item":"https:\/\/www.interoleo.com\/en\/"},{"@type":"ListItem","position":2,"name":"La S.C.A. \u00abSan Juan\u00bb de Villargordo celebra una Cata de Aceite"}]},{"@type":"WebSite","@id":"https:\/\/www.interoleo.com\/en\/#website","url":"https:\/\/www.interoleo.com\/en\/","name":"Grupo Inter\u00f3leo","description":"Grupo Inter\u00f3leo comercializador de aceite de oliva a granel","potentialAction":[{"@type":"SearchAction","target":{"@type":"EntryPoint","urlTemplate":"https:\/\/www.interoleo.com\/en\/?s={search_term_string}"},"query-input":{"@type":"PropertyValueSpecification","valueRequired":true,"valueName":"search_term_string"}}],"inLanguage":"en-US"},{"@type":"Person","@id":"https:\/\/www.interoleo.com\/en\/#\/schema\/person\/f99693fc38ce605f463dc5d58909df2a","name":"admin","image":{"@type":"ImageObject","inLanguage":"en-US","@id":"https:\/\/www.interoleo.com\/en\/#\/schema\/person\/image\/","url":"https:\/\/secure.gravatar.com\/avatar\/7e985868c8f2fc8c9b5e292d3d038423?s=96&d=mm&r=g","contentUrl":"https:\/\/secure.gravatar.com\/avatar\/7e985868c8f2fc8c9b5e292d3d038423?s=96&d=mm&r=g","caption":"admin"},"url":"https:\/\/www.interoleo.com\/en\/author\/admin\/"}]}},"jetpack_publicize_connections":[],"jetpack_featured_media_url":"","jetpack_shortlink":"https:\/\/wp.me\/p7R8ws-2D","jetpack_sharing_enabled":true,"_links":{"self":[{"href":"https:\/\/www.interoleo.com\/en\/wp-json\/wp\/v2\/posts\/163","targetHints":{"allow":["GET"]}}],"collection":[{"href":"https:\/\/www.interoleo.com\/en\/wp-json\/wp\/v2\/posts"}],"about":[{"href":"https:\/\/www.interoleo.com\/en\/wp-json\/wp\/v2\/types\/post"}],"author":[{"embeddable":true,"href":"https:\/\/www.interoleo.com\/en\/wp-json\/wp\/v2\/users\/1"}],"replies":[{"embeddable":true,"href":"https:\/\/www.interoleo.com\/en\/wp-json\/wp\/v2\/comments?post=163"}],"version-history":[{"count":1,"href":"https:\/\/www.interoleo.com\/en\/wp-json\/wp\/v2\/posts\/163\/revisions"}],"predecessor-version":[{"id":166,"href":"https:\/\/www.interoleo.com\/en\/wp-json\/wp\/v2\/posts\/163\/revisions\/166"}],"wp:attachment":[{"href":"https:\/\/www.interoleo.com\/en\/wp-json\/wp\/v2\/media?parent=163"}],"wp:term":[{"taxonomy":"category","embeddable":true,"href":"https:\/\/www.interoleo.com\/en\/wp-json\/wp\/v2\/categories?post=163"},{"taxonomy":"post_tag","embeddable":true,"href":"https:\/\/www.interoleo.com\/en\/wp-json\/wp\/v2\/tags?post=163"}],"curies":[{"name":"wp","href":"https:\/\/api.w.org\/{rel}","templated":true}]}}