{"id":167,"date":"2016-08-02T07:52:57","date_gmt":"2016-08-02T07:52:57","guid":{"rendered":"http:\/\/88.12.48.28\/webs\/interoleo\/web\/?p=167"},"modified":"2016-08-02T07:52:57","modified_gmt":"2016-08-02T07:52:57","slug":"jornada-gastronomica-showcooking-verano","status":"publish","type":"post","link":"https:\/\/www.interoleo.com\/en\/jornada-gastronomica-showcooking-verano\/","title":{"rendered":"Jornada Gastron\u00f3mica y ShowCooking de verano"},"content":{"rendered":"<p><a href=\"http:\/\/www.revistaalcuza.com\/REVISTA\/cabecerasypies\/PortadaHome.asp\">La revista ALCUZA<\/a>, publicaci\u00f3n especializada en el sector del aceite de oliva virgen extra y el olivar desde hace 22 a\u00f1os, organiza el pr\u00f3ximo jueves\u00a0<strong>9 de Julio<\/strong> en Ja\u00e9n capital, a las 20,00 horas en el <strong>Antiguo Hospital de San Juan de Dios<\/strong> una <strong>Jornada de Verano<\/strong> con los principales protagonistas del aceite de oliva virgen extra de Ja\u00e9n, sus empresas, almazaras y cooperativas, as\u00ed como con un Show Cooking de la mano de grandes chefs de la provincia que nos deleitar\u00e1n con sus presentaciones gastron\u00f3micas veraniegas con el aceite de oliva virgen extra de Ja\u00e9n.<br \/>\nLa Jornada incluir\u00e1 varias destacadas intervenciones para analizar la campa\u00f1a actual y los retos de futuro del aceite de oliva virgen extra de Ja\u00e9n, sus empresas y cooperativas, los precios, la distribuci\u00f3n, los nuevos canales de comercializaci\u00f3n,la exportaci\u00f3n, etc. Una excelente oportunidad para conversar y charlar con amigos y profesionales del sector ole\u00edcola jiennense.<\/p>\n<p><strong>Intervenciones de actualidad:<\/strong><br \/>\n-Juan G\u00f3mez Ortega, Excelent\u00edsimo Rector de la Universidad de Ja\u00e9n<\/p>\n<p>-Juan Martos Lorite, nuevo presidente de Cooperativas Agroalimentarias de Ja\u00e9n<\/p>\n<p>-Manuel Alfonso Torres, Presidente de la Federaci\u00f3n Espa\u00f1ola de Industriales Fabricantes de Aceite de Oliva (INFAOLIVA)<\/p>\n<p>-Esteb\u00e1n Mombl\u00e1n, Gerentre de Interoleo Picual Ja\u00e9n<\/p>\n<p>-Jos\u00e9 Luis Garc\u00eda Melgarejo, Gerente de Olivar de Segura Soc. Coop.<\/p>\n<p>Despu\u00e9s de las intervenciones de destacados ponentes y profesionales del sector empresarial, almazarero y cooperativo de la provincia de Ja\u00e9n, tendr\u00e1 lugar un Show Cooking de la mano de alguno de los mejores chefs de la provincia de Ja\u00e9n, que nos ofrecer\u00e1n alguna de sus mejores presentaciones de verano donde el aceite de oliva virgen extra tiene un protagonismo especial.<\/p>\n<p><strong>SHOW COOKING CON GRANDES CHEFS DE LA PROVINCIA DE JAEN<\/strong><\/p>\n<p>&#8211; Juan Carlos Trujillo , RESTAURANTE CANELA EN RAMA (LINARES)<\/p>\n<p>&#8211; Montse de la Torre, CANTINA LA ESTACION (UBEDA)<\/p>\n<p>&#8211; Pedro Salcedo, RESTAURANTE JUANITO (BAEZA)<\/p>\n<p>&#8211; Florencio Ruiz, AMARANTO (UBEDA)<\/p>\n<p>&#8211; Juan Pablo G\u00e1mez, LOS SENTIDOS (LINARES)<\/p>\n<p>La asistencia a la Jornada y el ShowCooking es gratuita confirmando la asistencia a Jos\u00e9 Antonio Parra en los tel\u00e9fonos 686 83 72 84 &#8211; 91 548 79 65 \u00f3 en <span id=\"cloak99334\"><a href=\"mailto:alcuza@revistaalcuza.com\">alcuza@revistaalcuza.com<\/a><\/span><\/p>\n<p><img fetchpriority=\"high\" decoding=\"async\" class=\"size-medium wp-image-168 aligncenter\" src=\"http:\/\/88.12.48.28\/webs\/interoleo\/web\/wp-content\/uploads\/2016\/08\/CIVsOdGUYAE7Hur-300x291.jpg\" alt=\"CIVsOdGUYAE7Hur\" width=\"300\" height=\"291\" srcset=\"https:\/\/www.interoleo.com\/wp-content\/uploads\/2016\/08\/CIVsOdGUYAE7Hur-300x291.jpg 300w, https:\/\/www.interoleo.com\/wp-content\/uploads\/2016\/08\/CIVsOdGUYAE7Hur.jpg 599w\" sizes=\"(max-width: 300px) 100vw, 300px\" \/><\/p>\n","protected":false},"excerpt":{"rendered":"<p>La revista ALCUZA, publicaci\u00f3n especializada en el sector del aceite de oliva virgen extra y el olivar desde hace 22 a\u00f1os, organiza el pr\u00f3ximo jueves\u00a09 de Julio en Ja\u00e9n capital, a las 20,00 horas en el Antiguo Hospital de San Juan de Dios una Jornada de Verano con los principales protagonistas del aceite de oliva &hellip; <\/p>\n<p class=\"link-more\"><a href=\"https:\/\/www.interoleo.com\/en\/jornada-gastronomica-showcooking-verano\/\" class=\"more-link\">Read more<span class=\"screen-reader-text\"> &#8220;Jornada Gastron\u00f3mica y ShowCooking de verano&#8221;<\/span><\/a><\/p>\n","protected":false},"author":1,"featured_media":0,"comment_status":"closed","ping_status":"closed","sticky":false,"template":"","format":"standard","meta":{"jetpack_post_was_ever_published":false,"_jetpack_newsletter_access":"","_jetpack_dont_email_post_to_subs":false,"_jetpack_newsletter_tier_id":0,"_jetpack_memberships_contains_paywalled_content":false,"_jetpack_memberships_contains_paid_content":false,"footnotes":"","jetpack_publicize_message":"","jetpack_publicize_feature_enabled":true,"jetpack_social_post_already_shared":false,"jetpack_social_options":{"image_generator_settings":{"template":"highway","default_image_id":0,"font":"","enabled":false},"version":2}},"categories":[4],"tags":[],"class_list":["post-167","post","type-post","status-publish","format-standard","hentry","category-actualidad"],"yoast_head":"<!-- This site is optimized with the Yoast SEO plugin v26.0 - https:\/\/yoast.com\/wordpress\/plugins\/seo\/ -->\n<title>Jornada Gastron\u00f3mica y ShowCooking de verano - Grupo Inter\u00f3leo<\/title>\n<meta name=\"description\" content=\"La revista ALCUZA, publicaci\u00f3n especializada en el sector del aceite de oliva virgen extra y el olivar desde hace 22 a\u00f1os, organiza el pr\u00f3ximo jueves 9...\" \/>\n<meta name=\"robots\" content=\"index, follow, max-snippet:-1, max-image-preview:large, max-video-preview:-1\" \/>\n<link rel=\"canonical\" href=\"https:\/\/www.interoleo.com\/en\/jornada-gastronomica-showcooking-verano\/\" \/>\n<meta property=\"og:locale\" content=\"en_US\" \/>\n<meta property=\"og:type\" content=\"article\" \/>\n<meta property=\"og:title\" content=\"Jornada Gastron\u00f3mica y ShowCooking de verano - Grupo Inter\u00f3leo\" \/>\n<meta property=\"og:description\" content=\"La revista ALCUZA, publicaci\u00f3n especializada en el sector del aceite de oliva virgen extra y el olivar desde hace 22 a\u00f1os, organiza el pr\u00f3ximo jueves 9...\" \/>\n<meta property=\"og:url\" content=\"https:\/\/www.interoleo.com\/en\/jornada-gastronomica-showcooking-verano\/\" \/>\n<meta property=\"og:site_name\" content=\"Grupo Inter\u00f3leo\" \/>\n<meta property=\"article:published_time\" content=\"2016-08-02T07:52:57+00:00\" \/>\n<meta property=\"og:image\" content=\"http:\/\/88.12.48.28\/webs\/interoleo\/web\/wp-content\/uploads\/2016\/08\/CIVsOdGUYAE7Hur-300x291.jpg\" \/>\n<meta name=\"author\" content=\"admin\" \/>\n<meta name=\"twitter:card\" content=\"summary_large_image\" \/>\n<meta name=\"twitter:label1\" content=\"Written by\" \/>\n\t<meta name=\"twitter:data1\" content=\"admin\" \/>\n\t<meta name=\"twitter:label2\" content=\"Est. reading time\" \/>\n\t<meta name=\"twitter:data2\" content=\"2 minutes\" \/>\n<script type=\"application\/ld+json\" class=\"yoast-schema-graph\">{\"@context\":\"https:\/\/schema.org\",\"@graph\":[{\"@type\":\"WebPage\",\"@id\":\"https:\/\/www.interoleo.com\/en\/jornada-gastronomica-showcooking-verano\/\",\"url\":\"https:\/\/www.interoleo.com\/en\/jornada-gastronomica-showcooking-verano\/\",\"name\":\"Jornada Gastron\u00f3mica y ShowCooking de verano - Grupo Inter\u00f3leo\",\"isPartOf\":{\"@id\":\"https:\/\/www.interoleo.com\/en\/#website\"},\"primaryImageOfPage\":{\"@id\":\"https:\/\/www.interoleo.com\/en\/jornada-gastronomica-showcooking-verano\/#primaryimage\"},\"image\":{\"@id\":\"https:\/\/www.interoleo.com\/en\/jornada-gastronomica-showcooking-verano\/#primaryimage\"},\"thumbnailUrl\":\"http:\/\/88.12.48.28\/webs\/interoleo\/web\/wp-content\/uploads\/2016\/08\/CIVsOdGUYAE7Hur-300x291.jpg\",\"datePublished\":\"2016-08-02T07:52:57+00:00\",\"author\":{\"@id\":\"https:\/\/www.interoleo.com\/en\/#\/schema\/person\/f99693fc38ce605f463dc5d58909df2a\"},\"description\":\"La revista ALCUZA, publicaci\u00f3n especializada en el sector del aceite de oliva virgen extra y el olivar desde hace 22 a\u00f1os, organiza el pr\u00f3ximo jueves 9...\",\"breadcrumb\":{\"@id\":\"https:\/\/www.interoleo.com\/en\/jornada-gastronomica-showcooking-verano\/#breadcrumb\"},\"inLanguage\":\"en-US\",\"potentialAction\":[{\"@type\":\"ReadAction\",\"target\":[\"https:\/\/www.interoleo.com\/en\/jornada-gastronomica-showcooking-verano\/\"]}]},{\"@type\":\"ImageObject\",\"inLanguage\":\"en-US\",\"@id\":\"https:\/\/www.interoleo.com\/en\/jornada-gastronomica-showcooking-verano\/#primaryimage\",\"url\":\"http:\/\/88.12.48.28\/webs\/interoleo\/web\/wp-content\/uploads\/2016\/08\/CIVsOdGUYAE7Hur-300x291.jpg\",\"contentUrl\":\"http:\/\/88.12.48.28\/webs\/interoleo\/web\/wp-content\/uploads\/2016\/08\/CIVsOdGUYAE7Hur-300x291.jpg\"},{\"@type\":\"BreadcrumbList\",\"@id\":\"https:\/\/www.interoleo.com\/en\/jornada-gastronomica-showcooking-verano\/#breadcrumb\",\"itemListElement\":[{\"@type\":\"ListItem\",\"position\":1,\"name\":\"Portada\",\"item\":\"https:\/\/www.interoleo.com\/en\/\"},{\"@type\":\"ListItem\",\"position\":2,\"name\":\"Jornada Gastron\u00f3mica y ShowCooking de verano\"}]},{\"@type\":\"WebSite\",\"@id\":\"https:\/\/www.interoleo.com\/en\/#website\",\"url\":\"https:\/\/www.interoleo.com\/en\/\",\"name\":\"Grupo Inter\u00f3leo\",\"description\":\"Grupo Inter\u00f3leo comercializador de aceite de oliva a granel\",\"potentialAction\":[{\"@type\":\"SearchAction\",\"target\":{\"@type\":\"EntryPoint\",\"urlTemplate\":\"https:\/\/www.interoleo.com\/en\/?s={search_term_string}\"},\"query-input\":{\"@type\":\"PropertyValueSpecification\",\"valueRequired\":true,\"valueName\":\"search_term_string\"}}],\"inLanguage\":\"en-US\"},{\"@type\":\"Person\",\"@id\":\"https:\/\/www.interoleo.com\/en\/#\/schema\/person\/f99693fc38ce605f463dc5d58909df2a\",\"name\":\"admin\",\"image\":{\"@type\":\"ImageObject\",\"inLanguage\":\"en-US\",\"@id\":\"https:\/\/www.interoleo.com\/en\/#\/schema\/person\/image\/\",\"url\":\"https:\/\/secure.gravatar.com\/avatar\/7e985868c8f2fc8c9b5e292d3d038423?s=96&d=mm&r=g\",\"contentUrl\":\"https:\/\/secure.gravatar.com\/avatar\/7e985868c8f2fc8c9b5e292d3d038423?s=96&d=mm&r=g\",\"caption\":\"admin\"},\"url\":\"https:\/\/www.interoleo.com\/en\/author\/admin\/\"}]}<\/script>\n<!-- \/ Yoast SEO plugin. -->","yoast_head_json":{"title":"Jornada Gastron\u00f3mica y ShowCooking de verano - Grupo Inter\u00f3leo","description":"La revista ALCUZA, publicaci\u00f3n especializada en el sector del aceite de oliva virgen extra y el olivar desde hace 22 a\u00f1os, organiza el pr\u00f3ximo jueves 9...","robots":{"index":"index","follow":"follow","max-snippet":"max-snippet:-1","max-image-preview":"max-image-preview:large","max-video-preview":"max-video-preview:-1"},"canonical":"https:\/\/www.interoleo.com\/en\/jornada-gastronomica-showcooking-verano\/","og_locale":"en_US","og_type":"article","og_title":"Jornada Gastron\u00f3mica y ShowCooking de verano - Grupo Inter\u00f3leo","og_description":"La revista ALCUZA, publicaci\u00f3n especializada en el sector del aceite de oliva virgen extra y el olivar desde hace 22 a\u00f1os, organiza el pr\u00f3ximo jueves 9...","og_url":"https:\/\/www.interoleo.com\/en\/jornada-gastronomica-showcooking-verano\/","og_site_name":"Grupo Inter\u00f3leo","article_published_time":"2016-08-02T07:52:57+00:00","og_image":[{"url":"http:\/\/88.12.48.28\/webs\/interoleo\/web\/wp-content\/uploads\/2016\/08\/CIVsOdGUYAE7Hur-300x291.jpg","type":"","width":"","height":""}],"author":"admin","twitter_card":"summary_large_image","twitter_misc":{"Written by":"admin","Est. reading time":"2 minutes"},"schema":{"@context":"https:\/\/schema.org","@graph":[{"@type":"WebPage","@id":"https:\/\/www.interoleo.com\/en\/jornada-gastronomica-showcooking-verano\/","url":"https:\/\/www.interoleo.com\/en\/jornada-gastronomica-showcooking-verano\/","name":"Jornada Gastron\u00f3mica y ShowCooking de verano - Grupo Inter\u00f3leo","isPartOf":{"@id":"https:\/\/www.interoleo.com\/en\/#website"},"primaryImageOfPage":{"@id":"https:\/\/www.interoleo.com\/en\/jornada-gastronomica-showcooking-verano\/#primaryimage"},"image":{"@id":"https:\/\/www.interoleo.com\/en\/jornada-gastronomica-showcooking-verano\/#primaryimage"},"thumbnailUrl":"http:\/\/88.12.48.28\/webs\/interoleo\/web\/wp-content\/uploads\/2016\/08\/CIVsOdGUYAE7Hur-300x291.jpg","datePublished":"2016-08-02T07:52:57+00:00","author":{"@id":"https:\/\/www.interoleo.com\/en\/#\/schema\/person\/f99693fc38ce605f463dc5d58909df2a"},"description":"La revista ALCUZA, publicaci\u00f3n especializada en el sector del aceite de oliva virgen extra y el olivar desde hace 22 a\u00f1os, organiza el pr\u00f3ximo jueves 9...","breadcrumb":{"@id":"https:\/\/www.interoleo.com\/en\/jornada-gastronomica-showcooking-verano\/#breadcrumb"},"inLanguage":"en-US","potentialAction":[{"@type":"ReadAction","target":["https:\/\/www.interoleo.com\/en\/jornada-gastronomica-showcooking-verano\/"]}]},{"@type":"ImageObject","inLanguage":"en-US","@id":"https:\/\/www.interoleo.com\/en\/jornada-gastronomica-showcooking-verano\/#primaryimage","url":"http:\/\/88.12.48.28\/webs\/interoleo\/web\/wp-content\/uploads\/2016\/08\/CIVsOdGUYAE7Hur-300x291.jpg","contentUrl":"http:\/\/88.12.48.28\/webs\/interoleo\/web\/wp-content\/uploads\/2016\/08\/CIVsOdGUYAE7Hur-300x291.jpg"},{"@type":"BreadcrumbList","@id":"https:\/\/www.interoleo.com\/en\/jornada-gastronomica-showcooking-verano\/#breadcrumb","itemListElement":[{"@type":"ListItem","position":1,"name":"Portada","item":"https:\/\/www.interoleo.com\/en\/"},{"@type":"ListItem","position":2,"name":"Jornada Gastron\u00f3mica y ShowCooking de verano"}]},{"@type":"WebSite","@id":"https:\/\/www.interoleo.com\/en\/#website","url":"https:\/\/www.interoleo.com\/en\/","name":"Grupo Inter\u00f3leo","description":"Grupo Inter\u00f3leo comercializador de aceite de oliva a granel","potentialAction":[{"@type":"SearchAction","target":{"@type":"EntryPoint","urlTemplate":"https:\/\/www.interoleo.com\/en\/?s={search_term_string}"},"query-input":{"@type":"PropertyValueSpecification","valueRequired":true,"valueName":"search_term_string"}}],"inLanguage":"en-US"},{"@type":"Person","@id":"https:\/\/www.interoleo.com\/en\/#\/schema\/person\/f99693fc38ce605f463dc5d58909df2a","name":"admin","image":{"@type":"ImageObject","inLanguage":"en-US","@id":"https:\/\/www.interoleo.com\/en\/#\/schema\/person\/image\/","url":"https:\/\/secure.gravatar.com\/avatar\/7e985868c8f2fc8c9b5e292d3d038423?s=96&d=mm&r=g","contentUrl":"https:\/\/secure.gravatar.com\/avatar\/7e985868c8f2fc8c9b5e292d3d038423?s=96&d=mm&r=g","caption":"admin"},"url":"https:\/\/www.interoleo.com\/en\/author\/admin\/"}]}},"jetpack_publicize_connections":[],"jetpack_featured_media_url":"","jetpack_shortlink":"https:\/\/wp.me\/p7R8ws-2H","jetpack_sharing_enabled":true,"_links":{"self":[{"href":"https:\/\/www.interoleo.com\/en\/wp-json\/wp\/v2\/posts\/167","targetHints":{"allow":["GET"]}}],"collection":[{"href":"https:\/\/www.interoleo.com\/en\/wp-json\/wp\/v2\/posts"}],"about":[{"href":"https:\/\/www.interoleo.com\/en\/wp-json\/wp\/v2\/types\/post"}],"author":[{"embeddable":true,"href":"https:\/\/www.interoleo.com\/en\/wp-json\/wp\/v2\/users\/1"}],"replies":[{"embeddable":true,"href":"https:\/\/www.interoleo.com\/en\/wp-json\/wp\/v2\/comments?post=167"}],"version-history":[{"count":1,"href":"https:\/\/www.interoleo.com\/en\/wp-json\/wp\/v2\/posts\/167\/revisions"}],"predecessor-version":[{"id":169,"href":"https:\/\/www.interoleo.com\/en\/wp-json\/wp\/v2\/posts\/167\/revisions\/169"}],"wp:attachment":[{"href":"https:\/\/www.interoleo.com\/en\/wp-json\/wp\/v2\/media?parent=167"}],"wp:term":[{"taxonomy":"category","embeddable":true,"href":"https:\/\/www.interoleo.com\/en\/wp-json\/wp\/v2\/categories?post=167"},{"taxonomy":"post_tag","embeddable":true,"href":"https:\/\/www.interoleo.com\/en\/wp-json\/wp\/v2\/tags?post=167"}],"curies":[{"name":"wp","href":"https:\/\/api.w.org\/{rel}","templated":true}]}}