{"id":173,"date":"2016-08-02T07:59:48","date_gmt":"2016-08-02T07:59:48","guid":{"rendered":"http:\/\/88.12.48.28\/webs\/interoleo\/web\/?p=173"},"modified":"2016-08-02T07:59:48","modified_gmt":"2016-08-02T07:59:48","slug":"citoliva-consolida-referente-idi","status":"publish","type":"post","link":"https:\/\/www.interoleo.com\/en\/citoliva-consolida-referente-idi\/","title":{"rendered":"Citoliva se consolida como referente de I+D+i"},"content":{"rendered":"<p>La Fundaci\u00f3n\u00a0 Citoliva ha celebrado ayer la reuni\u00f3n del Patronato en la que se ha presentado el balance del 2014, analizando el impacto de las diferentes actividades. Su presidente, Juan Gadeo, ha adelantado los proyectos de I+D+i en los que trabaja la instituci\u00f3n de cara al el pr\u00f3ximo a\u00f1o y ha destacado el incremento en un 50% de las propuestas europeas presentadas a la convocatoria Horizonte 2020.<\/p>\n<p>Seg\u00fan Gadeo, \u201csus resultados traer\u00e1n importantes avances en materia de innovaci\u00f3n social, aportar\u00e1n las claves de la valorizaci\u00f3n de subproductos en la industria agroalimentaria y mejorar\u00e1n la calidad de los aceites y su trazabilidad, incrementando la competitividad y rentabilidad de las pymes\u201d.<\/p>\n<p>Adem\u00e1s, en el \u00e1mbito nacional, Citoliva trabajar\u00e1 en investigaciones para avanzar en la mejora del perfil nutricional y saludable de los alimentos fritos con aceite de oliva virgen y fortalecer\u00e1 la cartera de servicios tecnol\u00f3gicos orientada a estos fines. En este sentido, el presidente de la entidad, ha hecho especial hincapi\u00e9 en \u201cla apuesta de la Fundaci\u00f3n por reforzar el car\u00e1cter empresarial, incrementando el papel de las empresas como motor del desarrollo econ\u00f3mico y el bienestar social\u201d, a la vez que ha destacado la apuesta en el pr\u00f3ximo a\u00f1o \u201cpor potenciar la cultura del aceite de oliva, poniendo en marcha nuevas iniciativas y dise\u00f1ando un paquete formativo sobre AOVE y maridaje.<\/p>\n<p>La directora general de Citoliva, Cristina de Toro, explic\u00f3 adem\u00e1s que, en este \u00faltimo a\u00f1o, el n\u00famero de clientes que han confiado en los servicios de Citoliva se ha duplicado. \u201cNuestros principales clientes han sido empresas productoras, transformadoras y comercializadoras de aceituna y aceite, seguidas de entidades privadas vinculadas al sector ole\u00edcola, y tras ellas otro tipo de industrias agroalimentarias. Encontramos, asimismo, una peque\u00f1a pero significativa representaci\u00f3n de entidades p\u00fablicas de investigaci\u00f3n\u201d.<\/p>\n","protected":false},"excerpt":{"rendered":"<p>La Fundaci\u00f3n\u00a0 Citoliva ha celebrado ayer la reuni\u00f3n del Patronato en la que se ha presentado el balance del 2014, analizando el impacto de las diferentes actividades. Su presidente, Juan Gadeo, ha adelantado los proyectos de I+D+i en los que trabaja la instituci\u00f3n de cara al el pr\u00f3ximo a\u00f1o y ha destacado el incremento en &hellip; <\/p>\n<p class=\"link-more\"><a href=\"https:\/\/www.interoleo.com\/en\/citoliva-consolida-referente-idi\/\" class=\"more-link\">Read more<span class=\"screen-reader-text\"> &#8220;Citoliva se consolida como referente de I+D+i&#8221;<\/span><\/a><\/p>\n","protected":false},"author":1,"featured_media":0,"comment_status":"closed","ping_status":"closed","sticky":false,"template":"","format":"standard","meta":{"jetpack_post_was_ever_published":false,"_jetpack_newsletter_access":"","_jetpack_dont_email_post_to_subs":false,"_jetpack_newsletter_tier_id":0,"_jetpack_memberships_contains_paywalled_content":false,"_jetpack_memberships_contains_paid_content":false,"footnotes":"","jetpack_publicize_message":"","jetpack_publicize_feature_enabled":true,"jetpack_social_post_already_shared":false,"jetpack_social_options":{"image_generator_settings":{"template":"highway","default_image_id":0,"font":"","enabled":false},"version":2}},"categories":[4],"tags":[],"class_list":["post-173","post","type-post","status-publish","format-standard","hentry","category-actualidad"],"yoast_head":"<!-- This site is optimized with the Yoast SEO plugin v26.0 - https:\/\/yoast.com\/wordpress\/plugins\/seo\/ -->\n<title>Citoliva se consolida como referente de I+D+i - Grupo Inter\u00f3leo<\/title>\n<meta name=\"description\" content=\"La Fundaci\u00f3n Citoliva ha celebrado ayer la reuni\u00f3n del Patronato en la que se ha presentado el balance del 2014, analizando el impacto de las...\" \/>\n<meta name=\"robots\" content=\"index, follow, max-snippet:-1, max-image-preview:large, max-video-preview:-1\" \/>\n<link rel=\"canonical\" href=\"https:\/\/www.interoleo.com\/en\/citoliva-consolida-referente-idi\/\" \/>\n<meta property=\"og:locale\" content=\"en_US\" \/>\n<meta property=\"og:type\" content=\"article\" \/>\n<meta property=\"og:title\" content=\"Citoliva se consolida como referente de I+D+i - Grupo Inter\u00f3leo\" \/>\n<meta property=\"og:description\" content=\"La Fundaci\u00f3n Citoliva ha celebrado ayer la reuni\u00f3n del Patronato en la que se ha presentado el balance del 2014, analizando el impacto de las...\" \/>\n<meta property=\"og:url\" content=\"https:\/\/www.interoleo.com\/en\/citoliva-consolida-referente-idi\/\" \/>\n<meta property=\"og:site_name\" content=\"Grupo Inter\u00f3leo\" \/>\n<meta property=\"article:published_time\" content=\"2016-08-02T07:59:48+00:00\" \/>\n<meta name=\"author\" content=\"admin\" \/>\n<meta name=\"twitter:card\" content=\"summary_large_image\" \/>\n<meta name=\"twitter:label1\" content=\"Written by\" \/>\n\t<meta name=\"twitter:data1\" content=\"admin\" \/>\n\t<meta name=\"twitter:label2\" content=\"Est. reading time\" \/>\n\t<meta name=\"twitter:data2\" content=\"2 minutes\" \/>\n<script type=\"application\/ld+json\" class=\"yoast-schema-graph\">{\"@context\":\"https:\/\/schema.org\",\"@graph\":[{\"@type\":\"WebPage\",\"@id\":\"https:\/\/www.interoleo.com\/en\/citoliva-consolida-referente-idi\/\",\"url\":\"https:\/\/www.interoleo.com\/en\/citoliva-consolida-referente-idi\/\",\"name\":\"Citoliva se consolida como referente de I+D+i - Grupo Inter\u00f3leo\",\"isPartOf\":{\"@id\":\"https:\/\/www.interoleo.com\/en\/#website\"},\"datePublished\":\"2016-08-02T07:59:48+00:00\",\"author\":{\"@id\":\"https:\/\/www.interoleo.com\/en\/#\/schema\/person\/f99693fc38ce605f463dc5d58909df2a\"},\"description\":\"La Fundaci\u00f3n Citoliva ha celebrado ayer la reuni\u00f3n del Patronato en la que se ha presentado el balance del 2014, analizando el impacto de las...\",\"breadcrumb\":{\"@id\":\"https:\/\/www.interoleo.com\/en\/citoliva-consolida-referente-idi\/#breadcrumb\"},\"inLanguage\":\"en-US\",\"potentialAction\":[{\"@type\":\"ReadAction\",\"target\":[\"https:\/\/www.interoleo.com\/en\/citoliva-consolida-referente-idi\/\"]}]},{\"@type\":\"BreadcrumbList\",\"@id\":\"https:\/\/www.interoleo.com\/en\/citoliva-consolida-referente-idi\/#breadcrumb\",\"itemListElement\":[{\"@type\":\"ListItem\",\"position\":1,\"name\":\"Portada\",\"item\":\"https:\/\/www.interoleo.com\/en\/\"},{\"@type\":\"ListItem\",\"position\":2,\"name\":\"Citoliva se consolida como referente de I+D+i\"}]},{\"@type\":\"WebSite\",\"@id\":\"https:\/\/www.interoleo.com\/en\/#website\",\"url\":\"https:\/\/www.interoleo.com\/en\/\",\"name\":\"Grupo Inter\u00f3leo\",\"description\":\"Grupo Inter\u00f3leo comercializador de aceite de oliva a granel\",\"potentialAction\":[{\"@type\":\"SearchAction\",\"target\":{\"@type\":\"EntryPoint\",\"urlTemplate\":\"https:\/\/www.interoleo.com\/en\/?s={search_term_string}\"},\"query-input\":{\"@type\":\"PropertyValueSpecification\",\"valueRequired\":true,\"valueName\":\"search_term_string\"}}],\"inLanguage\":\"en-US\"},{\"@type\":\"Person\",\"@id\":\"https:\/\/www.interoleo.com\/en\/#\/schema\/person\/f99693fc38ce605f463dc5d58909df2a\",\"name\":\"admin\",\"image\":{\"@type\":\"ImageObject\",\"inLanguage\":\"en-US\",\"@id\":\"https:\/\/www.interoleo.com\/en\/#\/schema\/person\/image\/\",\"url\":\"https:\/\/secure.gravatar.com\/avatar\/7e985868c8f2fc8c9b5e292d3d038423?s=96&d=mm&r=g\",\"contentUrl\":\"https:\/\/secure.gravatar.com\/avatar\/7e985868c8f2fc8c9b5e292d3d038423?s=96&d=mm&r=g\",\"caption\":\"admin\"},\"url\":\"https:\/\/www.interoleo.com\/en\/author\/admin\/\"}]}<\/script>\n<!-- \/ Yoast SEO plugin. -->","yoast_head_json":{"title":"Citoliva se consolida como referente de I+D+i - Grupo Inter\u00f3leo","description":"La Fundaci\u00f3n Citoliva ha celebrado ayer la reuni\u00f3n del Patronato en la que se ha presentado el balance del 2014, analizando el impacto de las...","robots":{"index":"index","follow":"follow","max-snippet":"max-snippet:-1","max-image-preview":"max-image-preview:large","max-video-preview":"max-video-preview:-1"},"canonical":"https:\/\/www.interoleo.com\/en\/citoliva-consolida-referente-idi\/","og_locale":"en_US","og_type":"article","og_title":"Citoliva se consolida como referente de I+D+i - Grupo Inter\u00f3leo","og_description":"La Fundaci\u00f3n Citoliva ha celebrado ayer la reuni\u00f3n del Patronato en la que se ha presentado el balance del 2014, analizando el impacto de las...","og_url":"https:\/\/www.interoleo.com\/en\/citoliva-consolida-referente-idi\/","og_site_name":"Grupo Inter\u00f3leo","article_published_time":"2016-08-02T07:59:48+00:00","author":"admin","twitter_card":"summary_large_image","twitter_misc":{"Written by":"admin","Est. reading time":"2 minutes"},"schema":{"@context":"https:\/\/schema.org","@graph":[{"@type":"WebPage","@id":"https:\/\/www.interoleo.com\/en\/citoliva-consolida-referente-idi\/","url":"https:\/\/www.interoleo.com\/en\/citoliva-consolida-referente-idi\/","name":"Citoliva se consolida como referente de I+D+i - Grupo Inter\u00f3leo","isPartOf":{"@id":"https:\/\/www.interoleo.com\/en\/#website"},"datePublished":"2016-08-02T07:59:48+00:00","author":{"@id":"https:\/\/www.interoleo.com\/en\/#\/schema\/person\/f99693fc38ce605f463dc5d58909df2a"},"description":"La Fundaci\u00f3n Citoliva ha celebrado ayer la reuni\u00f3n del Patronato en la que se ha presentado el balance del 2014, analizando el impacto de las...","breadcrumb":{"@id":"https:\/\/www.interoleo.com\/en\/citoliva-consolida-referente-idi\/#breadcrumb"},"inLanguage":"en-US","potentialAction":[{"@type":"ReadAction","target":["https:\/\/www.interoleo.com\/en\/citoliva-consolida-referente-idi\/"]}]},{"@type":"BreadcrumbList","@id":"https:\/\/www.interoleo.com\/en\/citoliva-consolida-referente-idi\/#breadcrumb","itemListElement":[{"@type":"ListItem","position":1,"name":"Portada","item":"https:\/\/www.interoleo.com\/en\/"},{"@type":"ListItem","position":2,"name":"Citoliva se consolida como referente de I+D+i"}]},{"@type":"WebSite","@id":"https:\/\/www.interoleo.com\/en\/#website","url":"https:\/\/www.interoleo.com\/en\/","name":"Grupo Inter\u00f3leo","description":"Grupo Inter\u00f3leo comercializador de aceite de oliva a granel","potentialAction":[{"@type":"SearchAction","target":{"@type":"EntryPoint","urlTemplate":"https:\/\/www.interoleo.com\/en\/?s={search_term_string}"},"query-input":{"@type":"PropertyValueSpecification","valueRequired":true,"valueName":"search_term_string"}}],"inLanguage":"en-US"},{"@type":"Person","@id":"https:\/\/www.interoleo.com\/en\/#\/schema\/person\/f99693fc38ce605f463dc5d58909df2a","name":"admin","image":{"@type":"ImageObject","inLanguage":"en-US","@id":"https:\/\/www.interoleo.com\/en\/#\/schema\/person\/image\/","url":"https:\/\/secure.gravatar.com\/avatar\/7e985868c8f2fc8c9b5e292d3d038423?s=96&d=mm&r=g","contentUrl":"https:\/\/secure.gravatar.com\/avatar\/7e985868c8f2fc8c9b5e292d3d038423?s=96&d=mm&r=g","caption":"admin"},"url":"https:\/\/www.interoleo.com\/en\/author\/admin\/"}]}},"jetpack_publicize_connections":[],"jetpack_featured_media_url":"","jetpack_shortlink":"https:\/\/wp.me\/p7R8ws-2N","jetpack_sharing_enabled":true,"_links":{"self":[{"href":"https:\/\/www.interoleo.com\/en\/wp-json\/wp\/v2\/posts\/173","targetHints":{"allow":["GET"]}}],"collection":[{"href":"https:\/\/www.interoleo.com\/en\/wp-json\/wp\/v2\/posts"}],"about":[{"href":"https:\/\/www.interoleo.com\/en\/wp-json\/wp\/v2\/types\/post"}],"author":[{"embeddable":true,"href":"https:\/\/www.interoleo.com\/en\/wp-json\/wp\/v2\/users\/1"}],"replies":[{"embeddable":true,"href":"https:\/\/www.interoleo.com\/en\/wp-json\/wp\/v2\/comments?post=173"}],"version-history":[{"count":1,"href":"https:\/\/www.interoleo.com\/en\/wp-json\/wp\/v2\/posts\/173\/revisions"}],"predecessor-version":[{"id":174,"href":"https:\/\/www.interoleo.com\/en\/wp-json\/wp\/v2\/posts\/173\/revisions\/174"}],"wp:attachment":[{"href":"https:\/\/www.interoleo.com\/en\/wp-json\/wp\/v2\/media?parent=173"}],"wp:term":[{"taxonomy":"category","embeddable":true,"href":"https:\/\/www.interoleo.com\/en\/wp-json\/wp\/v2\/categories?post=173"},{"taxonomy":"post_tag","embeddable":true,"href":"https:\/\/www.interoleo.com\/en\/wp-json\/wp\/v2\/tags?post=173"}],"curies":[{"name":"wp","href":"https:\/\/api.w.org\/{rel}","templated":true}]}}