{"id":181,"date":"2016-08-02T08:09:08","date_gmt":"2016-08-02T08:09:08","guid":{"rendered":"http:\/\/88.12.48.28\/webs\/interoleo\/web\/?p=181"},"modified":"2016-08-02T08:09:08","modified_gmt":"2016-08-02T08:09:08","slug":"interoleo-cerro-ano-2014-una-facturacion-114-millones","status":"publish","type":"post","link":"https:\/\/www.interoleo.com\/en\/interoleo-cerro-ano-2014-una-facturacion-114-millones\/","title":{"rendered":"Inter\u00f3leo cerr\u00f3 el a\u00f1o 2014 con una facturaci\u00f3n de 114 millones"},"content":{"rendered":"<p>Inter\u00f3leo Picual Ja\u00e9n no para de crecer. Las 23 entidades asociadas, entre cooperativas, almazaras privadas y socios no productores, y los 11.000 agricultores integrados, han hecho que la empresa se sit\u00fae ya como la segunda en volumen de facturaci\u00f3n dentro del sector ole\u00edcola andaluz dedicada a la comercializaci\u00f3n, solo por detr\u00e1s de Dcoop. Pero, adem\u00e1s, Inter\u00f3leo se ha convertido en la primera empresa andaluza en el ratio facturaci\u00f3n-empleados, ha sido capaz de gestionar y comercializar, de manera eficaz, 55.000 toneladas de aceite. Seg\u00fan los datos que maneja la empresa son la cuarta empresa de la provincia de Ja\u00e9n y la 131 de toda Andaluc\u00eda, con 113,95 millones de euros facturados en 2014.<\/p>\n<p>Inter\u00f3leo, adem\u00e1s, ha conseguido aumentar el volumen de sus exportaciones alcanzando en 2014 los 39 millones de euros, convirti\u00e9ndola en la empresa n\u00famero 66 de toda Andaluc\u00eda en exportaci\u00f3n. En este sentido, desde la gerencia de la compa\u00f1\u00eda, destacan que \u00abhan conseguido situarse como la primera empresa de Ja\u00e9n en facturaci\u00f3n de gesti\u00f3n de aceite a granel en tan s\u00f3lo 6 a\u00f1os, ya que dimos nuestros primeros pasos en aras de concentrar la oferta en 2009\u00bb<\/p>\n<p>Los planes de la empresa es seguir creciendo y para ello ya han desvelado que existen cooperativas olivareras de Extremadura y Castilla la Mancha que han expresado su inter\u00e9s en formar parte del proyecto. Posibles incorporaciones que comenzaran a negociarse a partir del mes de septiembre. Desde que naci\u00f3 Inter\u00f3leo la empresa ha ido consolid\u00e1ndose con un modelo de concentraci\u00f3n de la oferta de aceite para obtener mejores precios en origen para sus socios \u00abdebemos incrementar las adhesiones, toda vez que la uni\u00f3n y la integraci\u00f3n de las cooperativas en empresas con dimensi\u00f3n es el \u00fanico camino viable para poder hacer frente a la gran distribuci\u00f3n y obtener unos precios lo m\u00e1s justos posibles para los productores\u00bb.<\/p>\n<p>En este sentido, desde Inter\u00f3leo aseguran que est\u00e1 \u00abconsiguiendo precios medios por encima de la media para sus asociados, un logro especialmente importante si tenemos en cuenta la baja producci\u00f3n que se est\u00e1 comercializando en esta campa\u00f1a, que no ha superado los 22 millones de kilos. El camino que tenemos por delante si queremos garantizar el futuro del sector ole\u00edcola, es seguir apostando por la integraci\u00f3n y por la uni\u00f3n de cooperativas y proyectos\u00bb. Por eso, est\u00e1n convencidos de que, entablar contactos con cooperativas de Extremadura y Castilla la Mancha es, continuar con \u00abla pol\u00edtica de expansi\u00f3n que nos marcamos al comienzo de nuestra andadura. No podemos olvidar que Inter\u00f3leo nace en Ja\u00e9n, pero con vocaci\u00f3n aglutinadora de todos los territorios productores de aceite de oliva\u00bb termin\u00f3 explicando el presidente del Consejo de Administraci\u00f3n de Inter\u00f3leo, Juan Gadeo.<\/p>\n<p><img fetchpriority=\"high\" decoding=\"async\" class=\"size-medium wp-image-182 aligncenter\" src=\"http:\/\/88.12.48.28\/webs\/interoleo\/web\/wp-content\/uploads\/2016\/08\/interoleo-segunda-empresa-andaluza-300x169.jpg\" alt=\"interoleo segunda empresa andaluza\" width=\"300\" height=\"169\" srcset=\"https:\/\/www.interoleo.com\/wp-content\/uploads\/2016\/08\/interoleo-segunda-empresa-andaluza-300x169.jpg 300w, https:\/\/www.interoleo.com\/wp-content\/uploads\/2016\/08\/interoleo-segunda-empresa-andaluza-600x337.jpg 600w, https:\/\/www.interoleo.com\/wp-content\/uploads\/2016\/08\/interoleo-segunda-empresa-andaluza.jpg 644w\" sizes=\"(max-width: 300px) 100vw, 300px\" \/><\/p>\n<p>Fuente: <a href=\"http:\/\/sevilla.abc.es\/andalucia\/jaen\/20150723\/sevi-interoleo-cerro-2014-facturacion-201507232008.html\">ABCAndaluc\u00eda.es<\/a><\/p>\n","protected":false},"excerpt":{"rendered":"<p>Inter\u00f3leo Picual Ja\u00e9n no para de crecer. Las 23 entidades asociadas, entre cooperativas, almazaras privadas y socios no productores, y los 11.000 agricultores integrados, han hecho que la empresa se sit\u00fae ya como la segunda en volumen de facturaci\u00f3n dentro del sector ole\u00edcola andaluz dedicada a la comercializaci\u00f3n, solo por detr\u00e1s de Dcoop. Pero, adem\u00e1s, &hellip; <\/p>\n<p class=\"link-more\"><a href=\"https:\/\/www.interoleo.com\/en\/interoleo-cerro-ano-2014-una-facturacion-114-millones\/\" class=\"more-link\">Read more<span class=\"screen-reader-text\"> &#8220;Inter\u00f3leo cerr\u00f3 el a\u00f1o 2014 con una facturaci\u00f3n de 114 millones&#8221;<\/span><\/a><\/p>\n","protected":false},"author":1,"featured_media":0,"comment_status":"closed","ping_status":"closed","sticky":false,"template":"","format":"standard","meta":{"jetpack_post_was_ever_published":false,"_jetpack_newsletter_access":"","_jetpack_dont_email_post_to_subs":false,"_jetpack_newsletter_tier_id":0,"_jetpack_memberships_contains_paywalled_content":false,"_jetpack_memberships_contains_paid_content":false,"footnotes":"","jetpack_publicize_message":"","jetpack_publicize_feature_enabled":true,"jetpack_social_post_already_shared":false,"jetpack_social_options":{"image_generator_settings":{"template":"highway","default_image_id":0,"font":"","enabled":false},"version":2}},"categories":[4],"tags":[],"class_list":["post-181","post","type-post","status-publish","format-standard","hentry","category-actualidad"],"yoast_head":"<!-- This site is optimized with the Yoast SEO plugin v26.0 - https:\/\/yoast.com\/wordpress\/plugins\/seo\/ -->\n<title>Inter\u00f3leo cerr\u00f3 el a\u00f1o 2014 con una facturaci\u00f3n de 114 millones - Grupo Inter\u00f3leo<\/title>\n<meta name=\"description\" content=\"No para de crecer. Las 23 entidades asociadas, entre cooperativas, almazaras privadas y socios no productores, y socios no productores, y los 11.000...\" \/>\n<meta name=\"robots\" content=\"index, follow, max-snippet:-1, max-image-preview:large, max-video-preview:-1\" \/>\n<link rel=\"canonical\" href=\"https:\/\/www.interoleo.com\/en\/interoleo-cerro-ano-2014-una-facturacion-114-millones\/\" \/>\n<meta property=\"og:locale\" content=\"en_US\" \/>\n<meta property=\"og:type\" content=\"article\" \/>\n<meta property=\"og:title\" content=\"Inter\u00f3leo cerr\u00f3 el a\u00f1o 2014 con una facturaci\u00f3n de 114 millones - Grupo Inter\u00f3leo\" \/>\n<meta property=\"og:description\" content=\"No para de crecer. Las 23 entidades asociadas, entre cooperativas, almazaras privadas y socios no productores, y socios no productores, y los 11.000...\" \/>\n<meta property=\"og:url\" content=\"https:\/\/www.interoleo.com\/en\/interoleo-cerro-ano-2014-una-facturacion-114-millones\/\" \/>\n<meta property=\"og:site_name\" content=\"Grupo Inter\u00f3leo\" \/>\n<meta property=\"article:published_time\" content=\"2016-08-02T08:09:08+00:00\" \/>\n<meta property=\"og:image\" content=\"http:\/\/88.12.48.28\/webs\/interoleo\/web\/wp-content\/uploads\/2016\/08\/interoleo-segunda-empresa-andaluza-300x169.jpg\" \/>\n<meta name=\"author\" content=\"admin\" \/>\n<meta name=\"twitter:card\" content=\"summary_large_image\" \/>\n<meta name=\"twitter:label1\" content=\"Written by\" \/>\n\t<meta name=\"twitter:data1\" content=\"admin\" \/>\n\t<meta name=\"twitter:label2\" content=\"Est. reading time\" \/>\n\t<meta name=\"twitter:data2\" content=\"2 minutes\" \/>\n<script type=\"application\/ld+json\" class=\"yoast-schema-graph\">{\"@context\":\"https:\/\/schema.org\",\"@graph\":[{\"@type\":\"WebPage\",\"@id\":\"https:\/\/www.interoleo.com\/en\/interoleo-cerro-ano-2014-una-facturacion-114-millones\/\",\"url\":\"https:\/\/www.interoleo.com\/en\/interoleo-cerro-ano-2014-una-facturacion-114-millones\/\",\"name\":\"Inter\u00f3leo cerr\u00f3 el a\u00f1o 2014 con una facturaci\u00f3n de 114 millones - Grupo Inter\u00f3leo\",\"isPartOf\":{\"@id\":\"https:\/\/www.interoleo.com\/en\/#website\"},\"primaryImageOfPage\":{\"@id\":\"https:\/\/www.interoleo.com\/en\/interoleo-cerro-ano-2014-una-facturacion-114-millones\/#primaryimage\"},\"image\":{\"@id\":\"https:\/\/www.interoleo.com\/en\/interoleo-cerro-ano-2014-una-facturacion-114-millones\/#primaryimage\"},\"thumbnailUrl\":\"http:\/\/88.12.48.28\/webs\/interoleo\/web\/wp-content\/uploads\/2016\/08\/interoleo-segunda-empresa-andaluza-300x169.jpg\",\"datePublished\":\"2016-08-02T08:09:08+00:00\",\"author\":{\"@id\":\"https:\/\/www.interoleo.com\/en\/#\/schema\/person\/f99693fc38ce605f463dc5d58909df2a\"},\"description\":\"No para de crecer. Las 23 entidades asociadas, entre cooperativas, almazaras privadas y socios no productores, y socios no productores, y los 11.000...\",\"breadcrumb\":{\"@id\":\"https:\/\/www.interoleo.com\/en\/interoleo-cerro-ano-2014-una-facturacion-114-millones\/#breadcrumb\"},\"inLanguage\":\"en-US\",\"potentialAction\":[{\"@type\":\"ReadAction\",\"target\":[\"https:\/\/www.interoleo.com\/en\/interoleo-cerro-ano-2014-una-facturacion-114-millones\/\"]}]},{\"@type\":\"ImageObject\",\"inLanguage\":\"en-US\",\"@id\":\"https:\/\/www.interoleo.com\/en\/interoleo-cerro-ano-2014-una-facturacion-114-millones\/#primaryimage\",\"url\":\"http:\/\/88.12.48.28\/webs\/interoleo\/web\/wp-content\/uploads\/2016\/08\/interoleo-segunda-empresa-andaluza-300x169.jpg\",\"contentUrl\":\"http:\/\/88.12.48.28\/webs\/interoleo\/web\/wp-content\/uploads\/2016\/08\/interoleo-segunda-empresa-andaluza-300x169.jpg\"},{\"@type\":\"BreadcrumbList\",\"@id\":\"https:\/\/www.interoleo.com\/en\/interoleo-cerro-ano-2014-una-facturacion-114-millones\/#breadcrumb\",\"itemListElement\":[{\"@type\":\"ListItem\",\"position\":1,\"name\":\"Portada\",\"item\":\"https:\/\/www.interoleo.com\/en\/\"},{\"@type\":\"ListItem\",\"position\":2,\"name\":\"Inter\u00f3leo cerr\u00f3 el a\u00f1o 2014 con una facturaci\u00f3n de 114 millones\"}]},{\"@type\":\"WebSite\",\"@id\":\"https:\/\/www.interoleo.com\/en\/#website\",\"url\":\"https:\/\/www.interoleo.com\/en\/\",\"name\":\"Grupo Inter\u00f3leo\",\"description\":\"Grupo Inter\u00f3leo comercializador de aceite de oliva a granel\",\"potentialAction\":[{\"@type\":\"SearchAction\",\"target\":{\"@type\":\"EntryPoint\",\"urlTemplate\":\"https:\/\/www.interoleo.com\/en\/?s={search_term_string}\"},\"query-input\":{\"@type\":\"PropertyValueSpecification\",\"valueRequired\":true,\"valueName\":\"search_term_string\"}}],\"inLanguage\":\"en-US\"},{\"@type\":\"Person\",\"@id\":\"https:\/\/www.interoleo.com\/en\/#\/schema\/person\/f99693fc38ce605f463dc5d58909df2a\",\"name\":\"admin\",\"image\":{\"@type\":\"ImageObject\",\"inLanguage\":\"en-US\",\"@id\":\"https:\/\/www.interoleo.com\/en\/#\/schema\/person\/image\/\",\"url\":\"https:\/\/secure.gravatar.com\/avatar\/7e985868c8f2fc8c9b5e292d3d038423?s=96&d=mm&r=g\",\"contentUrl\":\"https:\/\/secure.gravatar.com\/avatar\/7e985868c8f2fc8c9b5e292d3d038423?s=96&d=mm&r=g\",\"caption\":\"admin\"},\"url\":\"https:\/\/www.interoleo.com\/en\/author\/admin\/\"}]}<\/script>\n<!-- \/ Yoast SEO plugin. -->","yoast_head_json":{"title":"Inter\u00f3leo cerr\u00f3 el a\u00f1o 2014 con una facturaci\u00f3n de 114 millones - Grupo Inter\u00f3leo","description":"No para de crecer. Las 23 entidades asociadas, entre cooperativas, almazaras privadas y socios no productores, y socios no productores, y los 11.000...","robots":{"index":"index","follow":"follow","max-snippet":"max-snippet:-1","max-image-preview":"max-image-preview:large","max-video-preview":"max-video-preview:-1"},"canonical":"https:\/\/www.interoleo.com\/en\/interoleo-cerro-ano-2014-una-facturacion-114-millones\/","og_locale":"en_US","og_type":"article","og_title":"Inter\u00f3leo cerr\u00f3 el a\u00f1o 2014 con una facturaci\u00f3n de 114 millones - Grupo Inter\u00f3leo","og_description":"No para de crecer. Las 23 entidades asociadas, entre cooperativas, almazaras privadas y socios no productores, y socios no productores, y los 11.000...","og_url":"https:\/\/www.interoleo.com\/en\/interoleo-cerro-ano-2014-una-facturacion-114-millones\/","og_site_name":"Grupo Inter\u00f3leo","article_published_time":"2016-08-02T08:09:08+00:00","og_image":[{"url":"http:\/\/88.12.48.28\/webs\/interoleo\/web\/wp-content\/uploads\/2016\/08\/interoleo-segunda-empresa-andaluza-300x169.jpg","type":"","width":"","height":""}],"author":"admin","twitter_card":"summary_large_image","twitter_misc":{"Written by":"admin","Est. reading time":"2 minutes"},"schema":{"@context":"https:\/\/schema.org","@graph":[{"@type":"WebPage","@id":"https:\/\/www.interoleo.com\/en\/interoleo-cerro-ano-2014-una-facturacion-114-millones\/","url":"https:\/\/www.interoleo.com\/en\/interoleo-cerro-ano-2014-una-facturacion-114-millones\/","name":"Inter\u00f3leo cerr\u00f3 el a\u00f1o 2014 con una facturaci\u00f3n de 114 millones - Grupo Inter\u00f3leo","isPartOf":{"@id":"https:\/\/www.interoleo.com\/en\/#website"},"primaryImageOfPage":{"@id":"https:\/\/www.interoleo.com\/en\/interoleo-cerro-ano-2014-una-facturacion-114-millones\/#primaryimage"},"image":{"@id":"https:\/\/www.interoleo.com\/en\/interoleo-cerro-ano-2014-una-facturacion-114-millones\/#primaryimage"},"thumbnailUrl":"http:\/\/88.12.48.28\/webs\/interoleo\/web\/wp-content\/uploads\/2016\/08\/interoleo-segunda-empresa-andaluza-300x169.jpg","datePublished":"2016-08-02T08:09:08+00:00","author":{"@id":"https:\/\/www.interoleo.com\/en\/#\/schema\/person\/f99693fc38ce605f463dc5d58909df2a"},"description":"No para de crecer. Las 23 entidades asociadas, entre cooperativas, almazaras privadas y socios no productores, y socios no productores, y los 11.000...","breadcrumb":{"@id":"https:\/\/www.interoleo.com\/en\/interoleo-cerro-ano-2014-una-facturacion-114-millones\/#breadcrumb"},"inLanguage":"en-US","potentialAction":[{"@type":"ReadAction","target":["https:\/\/www.interoleo.com\/en\/interoleo-cerro-ano-2014-una-facturacion-114-millones\/"]}]},{"@type":"ImageObject","inLanguage":"en-US","@id":"https:\/\/www.interoleo.com\/en\/interoleo-cerro-ano-2014-una-facturacion-114-millones\/#primaryimage","url":"http:\/\/88.12.48.28\/webs\/interoleo\/web\/wp-content\/uploads\/2016\/08\/interoleo-segunda-empresa-andaluza-300x169.jpg","contentUrl":"http:\/\/88.12.48.28\/webs\/interoleo\/web\/wp-content\/uploads\/2016\/08\/interoleo-segunda-empresa-andaluza-300x169.jpg"},{"@type":"BreadcrumbList","@id":"https:\/\/www.interoleo.com\/en\/interoleo-cerro-ano-2014-una-facturacion-114-millones\/#breadcrumb","itemListElement":[{"@type":"ListItem","position":1,"name":"Portada","item":"https:\/\/www.interoleo.com\/en\/"},{"@type":"ListItem","position":2,"name":"Inter\u00f3leo cerr\u00f3 el a\u00f1o 2014 con una facturaci\u00f3n de 114 millones"}]},{"@type":"WebSite","@id":"https:\/\/www.interoleo.com\/en\/#website","url":"https:\/\/www.interoleo.com\/en\/","name":"Grupo Inter\u00f3leo","description":"Grupo Inter\u00f3leo comercializador de aceite de oliva a granel","potentialAction":[{"@type":"SearchAction","target":{"@type":"EntryPoint","urlTemplate":"https:\/\/www.interoleo.com\/en\/?s={search_term_string}"},"query-input":{"@type":"PropertyValueSpecification","valueRequired":true,"valueName":"search_term_string"}}],"inLanguage":"en-US"},{"@type":"Person","@id":"https:\/\/www.interoleo.com\/en\/#\/schema\/person\/f99693fc38ce605f463dc5d58909df2a","name":"admin","image":{"@type":"ImageObject","inLanguage":"en-US","@id":"https:\/\/www.interoleo.com\/en\/#\/schema\/person\/image\/","url":"https:\/\/secure.gravatar.com\/avatar\/7e985868c8f2fc8c9b5e292d3d038423?s=96&d=mm&r=g","contentUrl":"https:\/\/secure.gravatar.com\/avatar\/7e985868c8f2fc8c9b5e292d3d038423?s=96&d=mm&r=g","caption":"admin"},"url":"https:\/\/www.interoleo.com\/en\/author\/admin\/"}]}},"jetpack_publicize_connections":[],"jetpack_featured_media_url":"","jetpack_shortlink":"https:\/\/wp.me\/p7R8ws-2V","jetpack_sharing_enabled":true,"_links":{"self":[{"href":"https:\/\/www.interoleo.com\/en\/wp-json\/wp\/v2\/posts\/181","targetHints":{"allow":["GET"]}}],"collection":[{"href":"https:\/\/www.interoleo.com\/en\/wp-json\/wp\/v2\/posts"}],"about":[{"href":"https:\/\/www.interoleo.com\/en\/wp-json\/wp\/v2\/types\/post"}],"author":[{"embeddable":true,"href":"https:\/\/www.interoleo.com\/en\/wp-json\/wp\/v2\/users\/1"}],"replies":[{"embeddable":true,"href":"https:\/\/www.interoleo.com\/en\/wp-json\/wp\/v2\/comments?post=181"}],"version-history":[{"count":1,"href":"https:\/\/www.interoleo.com\/en\/wp-json\/wp\/v2\/posts\/181\/revisions"}],"predecessor-version":[{"id":183,"href":"https:\/\/www.interoleo.com\/en\/wp-json\/wp\/v2\/posts\/181\/revisions\/183"}],"wp:attachment":[{"href":"https:\/\/www.interoleo.com\/en\/wp-json\/wp\/v2\/media?parent=181"}],"wp:term":[{"taxonomy":"category","embeddable":true,"href":"https:\/\/www.interoleo.com\/en\/wp-json\/wp\/v2\/categories?post=181"},{"taxonomy":"post_tag","embeddable":true,"href":"https:\/\/www.interoleo.com\/en\/wp-json\/wp\/v2\/tags?post=181"}],"curies":[{"name":"wp","href":"https:\/\/api.w.org\/{rel}","templated":true}]}}