{"id":1893,"date":"2017-10-23T16:51:53","date_gmt":"2017-10-23T16:51:53","guid":{"rendered":"http:\/\/www.interoleo.com\/?p=1893"},"modified":"2017-10-23T16:53:22","modified_gmt":"2017-10-23T16:53:22","slug":"interoleo-lamenta-merma-produccion","status":"publish","type":"post","link":"https:\/\/www.interoleo.com\/en\/interoleo-lamenta-merma-produccion\/","title":{"rendered":"Grupo Inter\u00f3leo conf\u00eda en que los precios del AOVE se mantengan estables por encima de  los 3 euros a tenor de la dr\u00e1stica reducci\u00f3n productiva"},"content":{"rendered":"<p style=\"text-align: center;\"><strong><u>La empresa destaca la merma productiva motivada por la escasez\u00a0<\/u><\/strong><strong><u>de lluvias, pero tambi\u00e9n valora las estimaciones del COI de un consumo mayor que la producci\u00f3n mundial, lo que claramente <\/u><\/strong><strong><u>marca una tendencia muy positiva para el sector olivarero<\/u><\/strong><\/p>\n<p>Inter\u00f3leo valora el aforo ofrecido esta ma\u00f1ana por el consejero de Agricultura, Rodrigo S\u00e1nchez Haro, y que sit\u00faa la previsi\u00f3n de producci\u00f3n de aceite en Ja\u00e9n en las 360.000 toneladas, con una merma\u00a0del 28,5%\u00a0con respecto a la pasada campa\u00f1a; en Andaluc\u00eda, en 884.900, un 15,8% menos; en Espa\u00f1a, en 1.150.000, lo que supone una reducci\u00f3n de casi el 11%; y a nivel mundial en 2.854.000 toneladas. Con estas cifras se confirma la dr\u00e1stica disminuci\u00f3n de cosecha con respecto al a\u00f1o pasado, situ\u00e1ndola adem\u00e1s como la cuarta peor campa\u00f1a desde la 2000\/2001. Estas previsiones, adem\u00e1s, reafirman nuestra conclusi\u00f3n de la importancia de la concentraci\u00f3n en estructuras fuertes y profesionales como el mejor camino para obtener unas rentas por encima de los costes de producci\u00f3n.<\/p>\n<p>Con estas cantidades podemos hablar de una cosecha baja, motivada por las escasas lluvias que se han registrado tanto en primavera como en oto\u00f1o, unidas a las altas temperaturas sufridas en los meses de verano. Adem\u00e1s, si no vuelve a llover en las pr\u00f3ximas semanas, la situaci\u00f3n empeorar\u00e1, haciendo que la producci\u00f3n se reduzca a\u00fan m\u00e1s. Los olivos sufren un estr\u00e9s h\u00eddrico que no ha quedado paliado por las \u00faltimas precipitaciones, muy escasas en nuestra opini\u00f3n. Ante esta situaci\u00f3n, desde Inter\u00f3leo volvemos a ratificarnos en nuestra conclusi\u00f3n de que el mejor camino de futuro para el sector es la concentraci\u00f3n en estructuras s\u00f3lidas, fuertes, con dimensi\u00f3n y profesionalidad para conseguir que los precios no bajen de los tres euros de media, una cantidad por encima de los costes de producci\u00f3n que consideramos razonable para garantizar la renta de los olivareros.<\/p>\n<p>Destaca, igualmente, la merma de cosecha en Espa\u00f1a a diferencia del resto de pa\u00edses de la Cuenca del Mediterr\u00e1neo, puesto que en Italia, Grecia y T\u00fanez, por ejemplo, se prev\u00e9n aumentos de la producci\u00f3n. Esto podr\u00eda compensar la p\u00e9rdida nacional, lo que permitir\u00eda dibujar un escenario a nivel mundial de disponibilidades parecidas a la campa\u00f1a anterior. En este sentido, lo m\u00e1s destacable para el sector son las previsiones del COI de incremento del consumo en el mundo, lo que marca claramente una tendencia muy positiva para los olivareros.<\/p>\n<p>Hay que recordar que Grupo Inter\u00f3leo est\u00e1 preparado para entregar a sus clientes aceites de la m\u00e1xima calidad a nivel sensorial y anal\u00edtico, adem\u00e1s de estar capacitado para enfrentarse a los mercados de la manera m\u00e1s adecuada posible. Aspectos que son bastante apreciados y reconocidos por los consumidores nacionales e internacionales y que permiten rentabilizar mejor las producciones. Una estrategia que se consigue solo desde organizaciones con mayor dimensi\u00f3n que permiten afrontar adecuadamente nuevos retos.<\/p>\n\n","protected":false},"excerpt":{"rendered":"<p>La empresa destaca la merma productiva motivada por la escasez\u00a0de lluvias, pero tambi\u00e9n valora las estimaciones del COI de un consumo mayor que la producci\u00f3n mundial, lo que claramente marca una tendencia muy positiva para el sector olivarero Inter\u00f3leo valora el aforo ofrecido esta ma\u00f1ana por el consejero de Agricultura, Rodrigo S\u00e1nchez Haro, y que &hellip; <\/p>\n<p class=\"link-more\"><a href=\"https:\/\/www.interoleo.com\/en\/interoleo-lamenta-merma-produccion\/\" class=\"more-link\">Read more<span class=\"screen-reader-text\"> &#8220;Grupo Inter\u00f3leo conf\u00eda en que los precios del AOVE se mantengan estables por encima de  los 3 euros a tenor de la dr\u00e1stica reducci\u00f3n productiva&#8221;<\/span><\/a><\/p>\n","protected":false},"author":2,"featured_media":1895,"comment_status":"closed","ping_status":"closed","sticky":false,"template":"","format":"standard","meta":{"jetpack_post_was_ever_published":false,"_jetpack_newsletter_access":"","_jetpack_dont_email_post_to_subs":false,"_jetpack_newsletter_tier_id":0,"_jetpack_memberships_contains_paywalled_content":false,"_jetpack_memberships_contains_paid_content":false,"footnotes":"","jetpack_publicize_message":"","jetpack_publicize_feature_enabled":true,"jetpack_social_post_already_shared":true,"jetpack_social_options":{"image_generator_settings":{"template":"highway","default_image_id":0,"font":"","enabled":false},"version":2}},"categories":[3,4,7],"tags":[17,156,199,73,35,22,32,23,44,18,14],"class_list":["post-1893","post","type-post","status-publish","format-standard","has-post-thumbnail","hentry","category-aceite-de-oliva","category-actualidad","category-noticias-interoleo","tag-aceite","tag-aceite-de-oliva","tag-aforo","tag-comercializacion","tag-concentracion-de-la-oferta","tag-esteban-momblan","tag-exportaciones","tag-gerente-de-interoleo","tag-grupo-interoleo","tag-juan-gadeo","tag-produccion"],"yoast_head":"<!-- This site is optimized with the Yoast SEO plugin v26.0 - https:\/\/yoast.com\/wordpress\/plugins\/seo\/ -->\n<title>Inter\u00f3leo lamenta la merma de producci\u00f3n de aceite<\/title>\n<meta name=\"description\" content=\"Grupo Inter\u00f3leo conf\u00eda en que los precios se mantengan por encima de los tres euros a tenor de la merma de la producci\u00f3n de aceite\" \/>\n<meta name=\"robots\" content=\"index, follow, max-snippet:-1, max-image-preview:large, max-video-preview:-1\" \/>\n<link rel=\"canonical\" href=\"https:\/\/www.interoleo.com\/en\/interoleo-lamenta-merma-produccion\/\" \/>\n<meta property=\"og:locale\" content=\"en_US\" \/>\n<meta property=\"og:type\" content=\"article\" \/>\n<meta property=\"og:title\" content=\"Inter\u00f3leo lamenta la merma de producci\u00f3n de aceite\" \/>\n<meta property=\"og:description\" content=\"Grupo Inter\u00f3leo conf\u00eda en que los precios se mantengan por encima de los tres euros a tenor de la merma de la producci\u00f3n de aceite\" \/>\n<meta property=\"og:url\" content=\"https:\/\/www.interoleo.com\/en\/interoleo-lamenta-merma-produccion\/\" \/>\n<meta property=\"og:site_name\" content=\"Grupo Inter\u00f3leo\" \/>\n<meta property=\"article:published_time\" content=\"2017-10-23T16:51:53+00:00\" \/>\n<meta property=\"article:modified_time\" content=\"2017-10-23T16:53:22+00:00\" \/>\n<meta property=\"og:image\" content=\"https:\/\/www.interoleo.com\/wp-content\/uploads\/2017\/10\/Aforo-Ja\u00e9n.jpg\" \/>\n\t<meta property=\"og:image:width\" content=\"1181\" \/>\n\t<meta property=\"og:image:height\" content=\"787\" \/>\n\t<meta property=\"og:image:type\" content=\"image\/jpeg\" \/>\n<meta name=\"author\" content=\"Interoleo Picual\" \/>\n<meta name=\"twitter:card\" content=\"summary_large_image\" \/>\n<meta name=\"twitter:label1\" content=\"Written by\" \/>\n\t<meta name=\"twitter:data1\" content=\"Interoleo Picual\" \/>\n\t<meta name=\"twitter:label2\" content=\"Est. reading time\" \/>\n\t<meta name=\"twitter:data2\" content=\"3 minutes\" \/>\n<script type=\"application\/ld+json\" class=\"yoast-schema-graph\">{\"@context\":\"https:\/\/schema.org\",\"@graph\":[{\"@type\":\"WebPage\",\"@id\":\"https:\/\/www.interoleo.com\/en\/interoleo-lamenta-merma-produccion\/\",\"url\":\"https:\/\/www.interoleo.com\/en\/interoleo-lamenta-merma-produccion\/\",\"name\":\"Inter\u00f3leo lamenta la merma de producci\u00f3n de aceite\",\"isPartOf\":{\"@id\":\"https:\/\/www.interoleo.com\/en\/#website\"},\"primaryImageOfPage\":{\"@id\":\"https:\/\/www.interoleo.com\/en\/interoleo-lamenta-merma-produccion\/#primaryimage\"},\"image\":{\"@id\":\"https:\/\/www.interoleo.com\/en\/interoleo-lamenta-merma-produccion\/#primaryimage\"},\"thumbnailUrl\":\"https:\/\/www.interoleo.com\/wp-content\/uploads\/2017\/10\/Aforo-Ja\u00e9n.jpg\",\"datePublished\":\"2017-10-23T16:51:53+00:00\",\"dateModified\":\"2017-10-23T16:53:22+00:00\",\"author\":{\"@id\":\"https:\/\/www.interoleo.com\/en\/#\/schema\/person\/b38839767920504f85d0555e5244a76d\"},\"description\":\"Grupo Inter\u00f3leo conf\u00eda en que los precios se mantengan por encima de los tres euros a tenor de la merma de la producci\u00f3n de aceite\",\"breadcrumb\":{\"@id\":\"https:\/\/www.interoleo.com\/en\/interoleo-lamenta-merma-produccion\/#breadcrumb\"},\"inLanguage\":\"en-US\",\"potentialAction\":[{\"@type\":\"ReadAction\",\"target\":[\"https:\/\/www.interoleo.com\/en\/interoleo-lamenta-merma-produccion\/\"]}]},{\"@type\":\"ImageObject\",\"inLanguage\":\"en-US\",\"@id\":\"https:\/\/www.interoleo.com\/en\/interoleo-lamenta-merma-produccion\/#primaryimage\",\"url\":\"https:\/\/www.interoleo.com\/wp-content\/uploads\/2017\/10\/Aforo-Ja\u00e9n.jpg\",\"contentUrl\":\"https:\/\/www.interoleo.com\/wp-content\/uploads\/2017\/10\/Aforo-Ja\u00e9n.jpg\",\"width\":1181,\"height\":787},{\"@type\":\"BreadcrumbList\",\"@id\":\"https:\/\/www.interoleo.com\/en\/interoleo-lamenta-merma-produccion\/#breadcrumb\",\"itemListElement\":[{\"@type\":\"ListItem\",\"position\":1,\"name\":\"Portada\",\"item\":\"https:\/\/www.interoleo.com\/en\/\"},{\"@type\":\"ListItem\",\"position\":2,\"name\":\"Grupo Inter\u00f3leo conf\u00eda en que los precios del AOVE se mantengan estables por encima de los 3 euros a tenor de la dr\u00e1stica reducci\u00f3n productiva\"}]},{\"@type\":\"WebSite\",\"@id\":\"https:\/\/www.interoleo.com\/en\/#website\",\"url\":\"https:\/\/www.interoleo.com\/en\/\",\"name\":\"Grupo Inter\u00f3leo\",\"description\":\"Grupo Inter\u00f3leo comercializador de aceite de oliva a granel\",\"potentialAction\":[{\"@type\":\"SearchAction\",\"target\":{\"@type\":\"EntryPoint\",\"urlTemplate\":\"https:\/\/www.interoleo.com\/en\/?s={search_term_string}\"},\"query-input\":{\"@type\":\"PropertyValueSpecification\",\"valueRequired\":true,\"valueName\":\"search_term_string\"}}],\"inLanguage\":\"en-US\"},{\"@type\":\"Person\",\"@id\":\"https:\/\/www.interoleo.com\/en\/#\/schema\/person\/b38839767920504f85d0555e5244a76d\",\"name\":\"Interoleo Picual\",\"image\":{\"@type\":\"ImageObject\",\"inLanguage\":\"en-US\",\"@id\":\"https:\/\/www.interoleo.com\/en\/#\/schema\/person\/image\/\",\"url\":\"https:\/\/secure.gravatar.com\/avatar\/9d9b88888a963e3b9235bbd165d9c050?s=96&d=mm&r=g\",\"contentUrl\":\"https:\/\/secure.gravatar.com\/avatar\/9d9b88888a963e3b9235bbd165d9c050?s=96&d=mm&r=g\",\"caption\":\"Interoleo Picual\"},\"url\":\"https:\/\/www.interoleo.com\/en\/author\/interoleo\/\"}]}<\/script>\n<!-- \/ Yoast SEO plugin. -->","yoast_head_json":{"title":"Inter\u00f3leo lamenta la merma de producci\u00f3n de aceite","description":"Grupo Inter\u00f3leo conf\u00eda en que los precios se mantengan por encima de los tres euros a tenor de la merma de la producci\u00f3n de aceite","robots":{"index":"index","follow":"follow","max-snippet":"max-snippet:-1","max-image-preview":"max-image-preview:large","max-video-preview":"max-video-preview:-1"},"canonical":"https:\/\/www.interoleo.com\/en\/interoleo-lamenta-merma-produccion\/","og_locale":"en_US","og_type":"article","og_title":"Inter\u00f3leo lamenta la merma de producci\u00f3n de aceite","og_description":"Grupo Inter\u00f3leo conf\u00eda en que los precios se mantengan por encima de los tres euros a tenor de la merma de la producci\u00f3n de aceite","og_url":"https:\/\/www.interoleo.com\/en\/interoleo-lamenta-merma-produccion\/","og_site_name":"Grupo Inter\u00f3leo","article_published_time":"2017-10-23T16:51:53+00:00","article_modified_time":"2017-10-23T16:53:22+00:00","og_image":[{"width":1181,"height":787,"url":"https:\/\/www.interoleo.com\/wp-content\/uploads\/2017\/10\/Aforo-Ja\u00e9n.jpg","type":"image\/jpeg"}],"author":"Interoleo Picual","twitter_card":"summary_large_image","twitter_misc":{"Written by":"Interoleo Picual","Est. reading time":"3 minutes"},"schema":{"@context":"https:\/\/schema.org","@graph":[{"@type":"WebPage","@id":"https:\/\/www.interoleo.com\/en\/interoleo-lamenta-merma-produccion\/","url":"https:\/\/www.interoleo.com\/en\/interoleo-lamenta-merma-produccion\/","name":"Inter\u00f3leo lamenta la merma de producci\u00f3n de aceite","isPartOf":{"@id":"https:\/\/www.interoleo.com\/en\/#website"},"primaryImageOfPage":{"@id":"https:\/\/www.interoleo.com\/en\/interoleo-lamenta-merma-produccion\/#primaryimage"},"image":{"@id":"https:\/\/www.interoleo.com\/en\/interoleo-lamenta-merma-produccion\/#primaryimage"},"thumbnailUrl":"https:\/\/www.interoleo.com\/wp-content\/uploads\/2017\/10\/Aforo-Ja\u00e9n.jpg","datePublished":"2017-10-23T16:51:53+00:00","dateModified":"2017-10-23T16:53:22+00:00","author":{"@id":"https:\/\/www.interoleo.com\/en\/#\/schema\/person\/b38839767920504f85d0555e5244a76d"},"description":"Grupo Inter\u00f3leo conf\u00eda en que los precios se mantengan por encima de los tres euros a tenor de la merma de la producci\u00f3n de aceite","breadcrumb":{"@id":"https:\/\/www.interoleo.com\/en\/interoleo-lamenta-merma-produccion\/#breadcrumb"},"inLanguage":"en-US","potentialAction":[{"@type":"ReadAction","target":["https:\/\/www.interoleo.com\/en\/interoleo-lamenta-merma-produccion\/"]}]},{"@type":"ImageObject","inLanguage":"en-US","@id":"https:\/\/www.interoleo.com\/en\/interoleo-lamenta-merma-produccion\/#primaryimage","url":"https:\/\/www.interoleo.com\/wp-content\/uploads\/2017\/10\/Aforo-Ja\u00e9n.jpg","contentUrl":"https:\/\/www.interoleo.com\/wp-content\/uploads\/2017\/10\/Aforo-Ja\u00e9n.jpg","width":1181,"height":787},{"@type":"BreadcrumbList","@id":"https:\/\/www.interoleo.com\/en\/interoleo-lamenta-merma-produccion\/#breadcrumb","itemListElement":[{"@type":"ListItem","position":1,"name":"Portada","item":"https:\/\/www.interoleo.com\/en\/"},{"@type":"ListItem","position":2,"name":"Grupo Inter\u00f3leo conf\u00eda en que los precios del AOVE se mantengan estables por encima de los 3 euros a tenor de la dr\u00e1stica reducci\u00f3n productiva"}]},{"@type":"WebSite","@id":"https:\/\/www.interoleo.com\/en\/#website","url":"https:\/\/www.interoleo.com\/en\/","name":"Grupo Inter\u00f3leo","description":"Grupo Inter\u00f3leo comercializador de aceite de oliva a granel","potentialAction":[{"@type":"SearchAction","target":{"@type":"EntryPoint","urlTemplate":"https:\/\/www.interoleo.com\/en\/?s={search_term_string}"},"query-input":{"@type":"PropertyValueSpecification","valueRequired":true,"valueName":"search_term_string"}}],"inLanguage":"en-US"},{"@type":"Person","@id":"https:\/\/www.interoleo.com\/en\/#\/schema\/person\/b38839767920504f85d0555e5244a76d","name":"Interoleo Picual","image":{"@type":"ImageObject","inLanguage":"en-US","@id":"https:\/\/www.interoleo.com\/en\/#\/schema\/person\/image\/","url":"https:\/\/secure.gravatar.com\/avatar\/9d9b88888a963e3b9235bbd165d9c050?s=96&d=mm&r=g","contentUrl":"https:\/\/secure.gravatar.com\/avatar\/9d9b88888a963e3b9235bbd165d9c050?s=96&d=mm&r=g","caption":"Interoleo Picual"},"url":"https:\/\/www.interoleo.com\/en\/author\/interoleo\/"}]}},"jetpack_publicize_connections":[],"jetpack_featured_media_url":"https:\/\/www.interoleo.com\/wp-content\/uploads\/2017\/10\/Aforo-Ja\u00e9n.jpg","jetpack_shortlink":"https:\/\/wp.me\/p7R8ws-ux","jetpack_sharing_enabled":true,"_links":{"self":[{"href":"https:\/\/www.interoleo.com\/en\/wp-json\/wp\/v2\/posts\/1893","targetHints":{"allow":["GET"]}}],"collection":[{"href":"https:\/\/www.interoleo.com\/en\/wp-json\/wp\/v2\/posts"}],"about":[{"href":"https:\/\/www.interoleo.com\/en\/wp-json\/wp\/v2\/types\/post"}],"author":[{"embeddable":true,"href":"https:\/\/www.interoleo.com\/en\/wp-json\/wp\/v2\/users\/2"}],"replies":[{"embeddable":true,"href":"https:\/\/www.interoleo.com\/en\/wp-json\/wp\/v2\/comments?post=1893"}],"version-history":[{"count":2,"href":"https:\/\/www.interoleo.com\/en\/wp-json\/wp\/v2\/posts\/1893\/revisions"}],"predecessor-version":[{"id":1898,"href":"https:\/\/www.interoleo.com\/en\/wp-json\/wp\/v2\/posts\/1893\/revisions\/1898"}],"wp:featuredmedia":[{"embeddable":true,"href":"https:\/\/www.interoleo.com\/en\/wp-json\/wp\/v2\/media\/1895"}],"wp:attachment":[{"href":"https:\/\/www.interoleo.com\/en\/wp-json\/wp\/v2\/media?parent=1893"}],"wp:term":[{"taxonomy":"category","embeddable":true,"href":"https:\/\/www.interoleo.com\/en\/wp-json\/wp\/v2\/categories?post=1893"},{"taxonomy":"post_tag","embeddable":true,"href":"https:\/\/www.interoleo.com\/en\/wp-json\/wp\/v2\/tags?post=1893"}],"curies":[{"name":"wp","href":"https:\/\/api.w.org\/{rel}","templated":true}]}}