{"id":1899,"date":"2017-10-26T13:21:19","date_gmt":"2017-10-26T13:21:19","guid":{"rendered":"http:\/\/www.interoleo.com\/?p=1899"},"modified":"2017-11-07T13:32:49","modified_gmt":"2017-11-07T13:32:49","slug":"foro-verticilium-xylella","status":"publish","type":"post","link":"https:\/\/www.interoleo.com\/en\/foro-verticilium-xylella\/","title":{"rendered":"Foro sobre el Verticilium y la Xylella para mejorar el manejo de las explotaciones olivareras"},"content":{"rendered":"<p style=\"text-align: center;\"><strong><u>El foro, celebrado\u00a0en la SCA Nuestra Se\u00f1ora del Olivo <\/u><\/strong><strong><u>de Torreblascopedro re\u00fane a un importante n\u00famero de agricultores que han recibido informaci\u00f3n de primera mano\u00a0<\/u><\/strong><strong><u>por parte del ingeniero agr\u00f3nomo Manuel Barneo<\/u><\/strong><\/p>\n<p>Grupo Inter\u00f3leo apuesta por dar toda la informaci\u00f3n posible a sus socios, los m\u00e1s de 13.000 agricultores que conforman las cooperativas y almazaras privadas integradas. Y en esa formaci\u00f3n se enmarca el foro que hemos celebrado en la SCA Nuestra Se\u00f1ora del Olivo de Torreblascopedro en torno a dos enfermedades que preocupan sobremanera a los olivareros. Una es una realidad, el <em>Verticilium<\/em>, mientras que la otra es una amenaza, la <em>Xylella Fastidiosa<\/em>. Para hablar del hongo y de la bacteria y de c\u00f3mo combatirlos hemos contado con el ingeniero agr\u00f3nomo experto en Sanidad Vegetal, Manuel Barneo, que abord\u00f3 el plan nacional de contingencia, sintomatolog\u00eda, prevenci\u00f3n y detecci\u00f3n del <em>Verticilium<\/em>, as\u00ed como la situaci\u00f3n actual en Espa\u00f1a y en Europa de la <em>Xylella<\/em>, el protocolo existente de prospecciones y el programa de erradicaci\u00f3n, sus s\u00edntomas y da\u00f1os, la transmisi\u00f3n y dispersi\u00f3n y la prevenci\u00f3n y detecci\u00f3n de la enfermedad.<\/p>\n<p>El presidente de Grupo Inter\u00f3leo, Juan Gadeo, explica el porqu\u00e9 del foro. &#8220;Lo que queremos con estas jornadas en Torreblascopedro es dar a los agricultores, a nuestros socios, toda informaci\u00f3n de primera mano, posible y necesaria, para conocer la situaci\u00f3n en la que se encuentran sus explotaciones, tanto de la amenaza de la <em>Xylella,<\/em> actualmente muy candente, como la realidad que tenemos con la enfermedad del <em>Verticilium<\/em>. Nuestro cometido es informar a los agricultores de manera profesional con t\u00e9cnicos como Manuel Barneo para que tengan una mejor informaci\u00f3n y puedan tomar las decisiones que mejor les vengan para el manejo de sus explotaciones y que redunden en una mayor renta. El cometido de Inter\u00f3leo no es solo vender aceite a granel, sino tambi\u00e9n estar pendientes de todas las necesidades de los 13.000 agricultores que hay detr\u00e1s de nuestro grupo&#8221;, comenta Juan Gadeo.<\/p>\n<p>Por eso, Grupo Inter\u00f3leo, consciente de la importancia que tiene el olivar y el aceite de oliva en la econom\u00eda de nuestra provincia, atendi\u00f3 la petici\u00f3n expresa realizada por la junta rectora de la cooperativa de Torreblascopedro de celebrar un foro tem\u00e1tico con la intenci\u00f3n de que todos sus socios est\u00e9n al d\u00eda en relaci\u00f3n a estas dos enfermedades que tanto preocupan a los olivareros jiennenses. Una medida m\u00e1s que se recoge en la constante apuesta por la formaci\u00f3n de todos los integrantes del Grupo con la que se busca la obtenci\u00f3n de aceites de oliva virgen extra de la m\u00e1xima calidad.<\/p>\n<p>En su intervenci\u00f3n, Manuel Barneo explic\u00f3 que la <em>Xylella<\/em> es una bacteria con un importante potencial pat\u00f3nego sobre diferentes tipos de plantas, en especial \u00e1rboles le\u00f1osos como el olivo o el almendro. Hizo hincapi\u00e9 en que este pat\u00f3geno produce graves da\u00f1os y su presencia en las plantas es la responsable de diversas enfermedades de importancia econ\u00f3mica para la producci\u00f3n agr\u00edcola. La bacteria provoca un decaimiento r\u00e1pido y generalizado de la planta, produci\u00e9ndose, en los casos m\u00e1s graves, la seca de hojas y ramas y, finalmente, la muerte del \u00e1rbol.<\/p>\n<p>La jornada fue inaugurada por el presidente de Grupo Inter\u00f3leo, Juan Gadeo; el presidente de la SCA Nuestra Se\u00f1ora del Olivo, Agust\u00edn Vergara; y el alcalde de Torreblascopedro, Juan Mar\u00eda Ruiz; mientras que en la clausura particip\u00f3 el delegado de Agricultura, Juan Balb\u00edn.<\/p>\n<p><iframe src=\"https:\/\/www.youtube.com\/embed\/eRg1i5-naJo\" width=\"560\" height=\"315\" frameborder=\"0\" allowfullscreen=\"allowfullscreen\"><\/iframe><\/p>\n<p><iframe src=\"https:\/\/www.youtube.com\/embed\/Byq89prpOkk\" width=\"560\" height=\"315\" frameborder=\"0\" allowfullscreen=\"allowfullscreen\"><\/iframe><\/p>\n<p>&nbsp;<\/p>\n\n","protected":false},"excerpt":{"rendered":"<p>El foro, celebrado\u00a0en la SCA Nuestra Se\u00f1ora del Olivo de Torreblascopedro re\u00fane a un importante n\u00famero de agricultores que han recibido informaci\u00f3n de primera mano\u00a0por parte del ingeniero agr\u00f3nomo Manuel Barneo Grupo Inter\u00f3leo apuesta por dar toda la informaci\u00f3n posible a sus socios, los m\u00e1s de 13.000 agricultores que conforman las cooperativas y almazaras privadas &hellip; <\/p>\n<p class=\"link-more\"><a href=\"https:\/\/www.interoleo.com\/en\/foro-verticilium-xylella\/\" class=\"more-link\">Read more<span class=\"screen-reader-text\"> &#8220;Foro sobre el Verticilium y la Xylella para mejorar el manejo de las explotaciones olivareras&#8221;<\/span><\/a><\/p>\n","protected":false},"author":2,"featured_media":1900,"comment_status":"closed","ping_status":"closed","sticky":false,"template":"","format":"standard","meta":{"jetpack_post_was_ever_published":false,"_jetpack_newsletter_access":"","_jetpack_dont_email_post_to_subs":false,"_jetpack_newsletter_tier_id":0,"_jetpack_memberships_contains_paywalled_content":false,"_jetpack_memberships_contains_paid_content":false,"footnotes":"","jetpack_publicize_message":"","jetpack_publicize_feature_enabled":true,"jetpack_social_post_already_shared":true,"jetpack_social_options":{"image_generator_settings":{"template":"highway","default_image_id":0,"font":"","enabled":false},"version":2}},"categories":[3,4,7],"tags":[17,156,73,22,200,23,44,18,203,19,14,83,31,33,202,201],"class_list":["post-1899","post","type-post","status-publish","format-standard","has-post-thumbnail","hentry","category-aceite-de-oliva","category-actualidad","category-noticias-interoleo","tag-aceite","tag-aceite-de-oliva","tag-comercializacion","tag-esteban-momblan","tag-foro","tag-gerente-de-interoleo","tag-grupo-interoleo","tag-juan-gadeo","tag-manuel-barneo","tag-presidente-de-interoleo","tag-produccion","tag-sector-olivarero","tag-sector-productor","tag-venta-de-aceite-de-oliva","tag-verticilium","tag-xylella-fastidiosa"],"yoast_head":"<!-- This site is optimized with the Yoast SEO plugin v26.0 - https:\/\/yoast.com\/wordpress\/plugins\/seo\/ -->\n<title>Foro de Grupo Inter\u00f3leo sobre el Verticilium y la Xylella fastidiosa<\/title>\n<meta name=\"description\" content=\"Grupo Inter\u00f3leo celebra un foro para analizar la situaci\u00f3n de la Xylella y mejorar la gesti\u00f3n de las explotaciones agrarias\" \/>\n<meta name=\"robots\" content=\"index, follow, max-snippet:-1, max-image-preview:large, max-video-preview:-1\" \/>\n<link rel=\"canonical\" href=\"https:\/\/www.interoleo.com\/en\/foro-verticilium-xylella\/\" \/>\n<meta property=\"og:locale\" content=\"en_US\" \/>\n<meta property=\"og:type\" content=\"article\" \/>\n<meta property=\"og:title\" content=\"Foro de Grupo Inter\u00f3leo sobre el Verticilium y la Xylella fastidiosa\" \/>\n<meta property=\"og:description\" content=\"Grupo Inter\u00f3leo celebra un foro para analizar la situaci\u00f3n de la Xylella y mejorar la gesti\u00f3n de las explotaciones agrarias\" \/>\n<meta property=\"og:url\" content=\"https:\/\/www.interoleo.com\/en\/foro-verticilium-xylella\/\" \/>\n<meta property=\"og:site_name\" content=\"Grupo Inter\u00f3leo\" \/>\n<meta property=\"article:published_time\" content=\"2017-10-26T13:21:19+00:00\" \/>\n<meta property=\"article:modified_time\" content=\"2017-11-07T13:32:49+00:00\" \/>\n<meta property=\"og:image\" content=\"https:\/\/www.interoleo.com\/wp-content\/uploads\/2017\/11\/Foro-1.jpg\" \/>\n\t<meta property=\"og:image:width\" content=\"1181\" \/>\n\t<meta property=\"og:image:height\" content=\"787\" \/>\n\t<meta property=\"og:image:type\" content=\"image\/jpeg\" \/>\n<meta name=\"author\" content=\"Interoleo Picual\" \/>\n<meta name=\"twitter:card\" content=\"summary_large_image\" \/>\n<meta name=\"twitter:label1\" content=\"Written by\" \/>\n\t<meta name=\"twitter:data1\" content=\"Interoleo Picual\" \/>\n\t<meta name=\"twitter:label2\" content=\"Est. reading time\" \/>\n\t<meta name=\"twitter:data2\" content=\"3 minutes\" \/>\n<script type=\"application\/ld+json\" class=\"yoast-schema-graph\">{\"@context\":\"https:\/\/schema.org\",\"@graph\":[{\"@type\":\"WebPage\",\"@id\":\"https:\/\/www.interoleo.com\/en\/foro-verticilium-xylella\/\",\"url\":\"https:\/\/www.interoleo.com\/en\/foro-verticilium-xylella\/\",\"name\":\"Foro de Grupo Inter\u00f3leo sobre el Verticilium y la Xylella fastidiosa\",\"isPartOf\":{\"@id\":\"https:\/\/www.interoleo.com\/en\/#website\"},\"primaryImageOfPage\":{\"@id\":\"https:\/\/www.interoleo.com\/en\/foro-verticilium-xylella\/#primaryimage\"},\"image\":{\"@id\":\"https:\/\/www.interoleo.com\/en\/foro-verticilium-xylella\/#primaryimage\"},\"thumbnailUrl\":\"https:\/\/www.interoleo.com\/wp-content\/uploads\/2017\/11\/Foro-1.jpg\",\"datePublished\":\"2017-10-26T13:21:19+00:00\",\"dateModified\":\"2017-11-07T13:32:49+00:00\",\"author\":{\"@id\":\"https:\/\/www.interoleo.com\/en\/#\/schema\/person\/b38839767920504f85d0555e5244a76d\"},\"description\":\"Grupo Inter\u00f3leo celebra un foro para analizar la situaci\u00f3n de la Xylella y mejorar la gesti\u00f3n de las explotaciones agrarias\",\"breadcrumb\":{\"@id\":\"https:\/\/www.interoleo.com\/en\/foro-verticilium-xylella\/#breadcrumb\"},\"inLanguage\":\"en-US\",\"potentialAction\":[{\"@type\":\"ReadAction\",\"target\":[\"https:\/\/www.interoleo.com\/en\/foro-verticilium-xylella\/\"]}]},{\"@type\":\"ImageObject\",\"inLanguage\":\"en-US\",\"@id\":\"https:\/\/www.interoleo.com\/en\/foro-verticilium-xylella\/#primaryimage\",\"url\":\"https:\/\/www.interoleo.com\/wp-content\/uploads\/2017\/11\/Foro-1.jpg\",\"contentUrl\":\"https:\/\/www.interoleo.com\/wp-content\/uploads\/2017\/11\/Foro-1.jpg\",\"width\":1181,\"height\":787,\"caption\":\"cof\"},{\"@type\":\"BreadcrumbList\",\"@id\":\"https:\/\/www.interoleo.com\/en\/foro-verticilium-xylella\/#breadcrumb\",\"itemListElement\":[{\"@type\":\"ListItem\",\"position\":1,\"name\":\"Portada\",\"item\":\"https:\/\/www.interoleo.com\/en\/\"},{\"@type\":\"ListItem\",\"position\":2,\"name\":\"Foro sobre el Verticilium y la Xylella para mejorar el manejo de las explotaciones olivareras\"}]},{\"@type\":\"WebSite\",\"@id\":\"https:\/\/www.interoleo.com\/en\/#website\",\"url\":\"https:\/\/www.interoleo.com\/en\/\",\"name\":\"Grupo Inter\u00f3leo\",\"description\":\"Grupo Inter\u00f3leo comercializador de aceite de oliva a granel\",\"potentialAction\":[{\"@type\":\"SearchAction\",\"target\":{\"@type\":\"EntryPoint\",\"urlTemplate\":\"https:\/\/www.interoleo.com\/en\/?s={search_term_string}\"},\"query-input\":{\"@type\":\"PropertyValueSpecification\",\"valueRequired\":true,\"valueName\":\"search_term_string\"}}],\"inLanguage\":\"en-US\"},{\"@type\":\"Person\",\"@id\":\"https:\/\/www.interoleo.com\/en\/#\/schema\/person\/b38839767920504f85d0555e5244a76d\",\"name\":\"Interoleo Picual\",\"image\":{\"@type\":\"ImageObject\",\"inLanguage\":\"en-US\",\"@id\":\"https:\/\/www.interoleo.com\/en\/#\/schema\/person\/image\/\",\"url\":\"https:\/\/secure.gravatar.com\/avatar\/9d9b88888a963e3b9235bbd165d9c050?s=96&d=mm&r=g\",\"contentUrl\":\"https:\/\/secure.gravatar.com\/avatar\/9d9b88888a963e3b9235bbd165d9c050?s=96&d=mm&r=g\",\"caption\":\"Interoleo Picual\"},\"url\":\"https:\/\/www.interoleo.com\/en\/author\/interoleo\/\"}]}<\/script>\n<!-- \/ Yoast SEO plugin. -->","yoast_head_json":{"title":"Foro de Grupo Inter\u00f3leo sobre el Verticilium y la Xylella fastidiosa","description":"Grupo Inter\u00f3leo celebra un foro para analizar la situaci\u00f3n de la Xylella y mejorar la gesti\u00f3n de las explotaciones agrarias","robots":{"index":"index","follow":"follow","max-snippet":"max-snippet:-1","max-image-preview":"max-image-preview:large","max-video-preview":"max-video-preview:-1"},"canonical":"https:\/\/www.interoleo.com\/en\/foro-verticilium-xylella\/","og_locale":"en_US","og_type":"article","og_title":"Foro de Grupo Inter\u00f3leo sobre el Verticilium y la Xylella fastidiosa","og_description":"Grupo Inter\u00f3leo celebra un foro para analizar la situaci\u00f3n de la Xylella y mejorar la gesti\u00f3n de las explotaciones agrarias","og_url":"https:\/\/www.interoleo.com\/en\/foro-verticilium-xylella\/","og_site_name":"Grupo Inter\u00f3leo","article_published_time":"2017-10-26T13:21:19+00:00","article_modified_time":"2017-11-07T13:32:49+00:00","og_image":[{"width":1181,"height":787,"url":"https:\/\/www.interoleo.com\/wp-content\/uploads\/2017\/11\/Foro-1.jpg","type":"image\/jpeg"}],"author":"Interoleo Picual","twitter_card":"summary_large_image","twitter_misc":{"Written by":"Interoleo Picual","Est. reading time":"3 minutes"},"schema":{"@context":"https:\/\/schema.org","@graph":[{"@type":"WebPage","@id":"https:\/\/www.interoleo.com\/en\/foro-verticilium-xylella\/","url":"https:\/\/www.interoleo.com\/en\/foro-verticilium-xylella\/","name":"Foro de Grupo Inter\u00f3leo sobre el Verticilium y la Xylella fastidiosa","isPartOf":{"@id":"https:\/\/www.interoleo.com\/en\/#website"},"primaryImageOfPage":{"@id":"https:\/\/www.interoleo.com\/en\/foro-verticilium-xylella\/#primaryimage"},"image":{"@id":"https:\/\/www.interoleo.com\/en\/foro-verticilium-xylella\/#primaryimage"},"thumbnailUrl":"https:\/\/www.interoleo.com\/wp-content\/uploads\/2017\/11\/Foro-1.jpg","datePublished":"2017-10-26T13:21:19+00:00","dateModified":"2017-11-07T13:32:49+00:00","author":{"@id":"https:\/\/www.interoleo.com\/en\/#\/schema\/person\/b38839767920504f85d0555e5244a76d"},"description":"Grupo Inter\u00f3leo celebra un foro para analizar la situaci\u00f3n de la Xylella y mejorar la gesti\u00f3n de las explotaciones agrarias","breadcrumb":{"@id":"https:\/\/www.interoleo.com\/en\/foro-verticilium-xylella\/#breadcrumb"},"inLanguage":"en-US","potentialAction":[{"@type":"ReadAction","target":["https:\/\/www.interoleo.com\/en\/foro-verticilium-xylella\/"]}]},{"@type":"ImageObject","inLanguage":"en-US","@id":"https:\/\/www.interoleo.com\/en\/foro-verticilium-xylella\/#primaryimage","url":"https:\/\/www.interoleo.com\/wp-content\/uploads\/2017\/11\/Foro-1.jpg","contentUrl":"https:\/\/www.interoleo.com\/wp-content\/uploads\/2017\/11\/Foro-1.jpg","width":1181,"height":787,"caption":"cof"},{"@type":"BreadcrumbList","@id":"https:\/\/www.interoleo.com\/en\/foro-verticilium-xylella\/#breadcrumb","itemListElement":[{"@type":"ListItem","position":1,"name":"Portada","item":"https:\/\/www.interoleo.com\/en\/"},{"@type":"ListItem","position":2,"name":"Foro sobre el Verticilium y la Xylella para mejorar el manejo de las explotaciones olivareras"}]},{"@type":"WebSite","@id":"https:\/\/www.interoleo.com\/en\/#website","url":"https:\/\/www.interoleo.com\/en\/","name":"Grupo Inter\u00f3leo","description":"Grupo Inter\u00f3leo comercializador de aceite de oliva a granel","potentialAction":[{"@type":"SearchAction","target":{"@type":"EntryPoint","urlTemplate":"https:\/\/www.interoleo.com\/en\/?s={search_term_string}"},"query-input":{"@type":"PropertyValueSpecification","valueRequired":true,"valueName":"search_term_string"}}],"inLanguage":"en-US"},{"@type":"Person","@id":"https:\/\/www.interoleo.com\/en\/#\/schema\/person\/b38839767920504f85d0555e5244a76d","name":"Interoleo Picual","image":{"@type":"ImageObject","inLanguage":"en-US","@id":"https:\/\/www.interoleo.com\/en\/#\/schema\/person\/image\/","url":"https:\/\/secure.gravatar.com\/avatar\/9d9b88888a963e3b9235bbd165d9c050?s=96&d=mm&r=g","contentUrl":"https:\/\/secure.gravatar.com\/avatar\/9d9b88888a963e3b9235bbd165d9c050?s=96&d=mm&r=g","caption":"Interoleo Picual"},"url":"https:\/\/www.interoleo.com\/en\/author\/interoleo\/"}]}},"jetpack_publicize_connections":[],"jetpack_featured_media_url":"https:\/\/www.interoleo.com\/wp-content\/uploads\/2017\/11\/Foro-1.jpg","jetpack_shortlink":"https:\/\/wp.me\/p7R8ws-uD","jetpack_sharing_enabled":true,"_links":{"self":[{"href":"https:\/\/www.interoleo.com\/en\/wp-json\/wp\/v2\/posts\/1899","targetHints":{"allow":["GET"]}}],"collection":[{"href":"https:\/\/www.interoleo.com\/en\/wp-json\/wp\/v2\/posts"}],"about":[{"href":"https:\/\/www.interoleo.com\/en\/wp-json\/wp\/v2\/types\/post"}],"author":[{"embeddable":true,"href":"https:\/\/www.interoleo.com\/en\/wp-json\/wp\/v2\/users\/2"}],"replies":[{"embeddable":true,"href":"https:\/\/www.interoleo.com\/en\/wp-json\/wp\/v2\/comments?post=1899"}],"version-history":[{"count":3,"href":"https:\/\/www.interoleo.com\/en\/wp-json\/wp\/v2\/posts\/1899\/revisions"}],"predecessor-version":[{"id":1906,"href":"https:\/\/www.interoleo.com\/en\/wp-json\/wp\/v2\/posts\/1899\/revisions\/1906"}],"wp:featuredmedia":[{"embeddable":true,"href":"https:\/\/www.interoleo.com\/en\/wp-json\/wp\/v2\/media\/1900"}],"wp:attachment":[{"href":"https:\/\/www.interoleo.com\/en\/wp-json\/wp\/v2\/media?parent=1899"}],"wp:term":[{"taxonomy":"category","embeddable":true,"href":"https:\/\/www.interoleo.com\/en\/wp-json\/wp\/v2\/categories?post=1899"},{"taxonomy":"post_tag","embeddable":true,"href":"https:\/\/www.interoleo.com\/en\/wp-json\/wp\/v2\/tags?post=1899"}],"curies":[{"name":"wp","href":"https:\/\/api.w.org\/{rel}","templated":true}]}}