{"id":1929,"date":"2017-12-20T12:19:13","date_gmt":"2017-12-20T12:19:13","guid":{"rendered":"http:\/\/www.interoleo.com\/?p=1929"},"modified":"2018-01-02T12:44:28","modified_gmt":"2018-01-02T12:44:28","slug":"encomiable-labor-guzman","status":"publish","type":"post","link":"https:\/\/www.interoleo.com\/en\/encomiable-labor-guzman\/","title":{"rendered":"Grupo Inter\u00f3leo reconoce la encomiable labor de Jos\u00e9 Mar\u00eda Guzm\u00e1n por convertirnos en la empresa l\u00edder que es en la actualidad"},"content":{"rendered":"<p style=\"text-align: center;\"><span style=\"text-decoration: underline;\"><strong>El presidente del Consejo de Administraci\u00f3n, Juan Gadeo, entrega, en el transcurso de la comida de Navidad del Grupo, una placa de reconocimiento a Jos\u00e9 Mar\u00eda Guzm\u00e1n por su encomiable labor al frente de la SCA Uni\u00f3n Ole\u00edcola Cambil<\/strong><\/span><\/p>\n<p>&nbsp;<\/p>\n<p>Los socios y los trabajadores de Grupo Inter\u00f3leo se han reunido para celebrar la Navidad con una comida en la que se ha rendido un c\u00e1lido\u00a0reconocimiento por su encomiable labor al que fuera presidente de la\u00a0SCA Uni\u00f3n Ole\u00edcola Cambil, que ha decidido dar un paso al lado para que entrara gente nueva en la rectora, pero que seguir\u00e1 apostando y defendiendo las ideas que en su d\u00eda hicieron que formaran parte de esta empresa. El presidente del Consejo de Administraci\u00f3n, Juan Gadeo, entreg\u00f3 una placa de homenaje a\u00a0Jos\u00e9 Mar\u00eda Guzm\u00e1n por su trabajo en beneficio de todo el grupo.<\/p>\n<p>Pero, adem\u00e1s, la comida sirvi\u00f3 para brindar por el magn\u00edfico a\u00f1o que cerramos, un 2017 exitoso que nos ha situado entre las primeras empresas productoras en comercializaci\u00f3n y facturaci\u00f3n a nivel mundial. Algo que nos da fuerza para afrontar los interesantes retos de futuro que tenemos frente a nosotros en 2018 y que, con el trabajo y la apuesta de todos nuestros socios, no solo alcanzaremos, sino que superaremos. Fu un gran momento lleno de an\u00e9cdotas de los or\u00edgenes de Grupo Inter\u00f3leo, cuando se comenz\u00f3 a fraguar con las primeras reuniones all\u00e1 por 2008, con su puesta de largo oficial en 2009 y con su crecimiento exponencial hasta 2017. Gracias a\u00a0todas las cooperativas y almazaras privadas que nos han otorgado y depositado la confianza en una forma diferente de entender la comercializaci\u00f3n del aceite a trav\u00e9s de una gesti\u00f3n m\u00e1s profesionalizada y global, en la actualidad hemos alcanzado unas cotas de concentraci\u00f3n importantes. N\u00fameros que s\u00f3lo nos sirven para potenciar el trabajo de cara a incrementarlos a lo largo de este a\u00f1o.<\/p>\n<p>Previamente, Grupo Inter\u00f3leo celebr\u00f3 consejo de administraci\u00f3n y junta general de accionistas, en las que se aprobaron algunas de las nuevas acciones que se llevar\u00e1n a cabo a lo largo del pr\u00f3ximo a\u00f1o 2018. Y aprovechando ambas reuniones, tuvimos la oportunidad de escuchar a Mois\u00e9s Rojas, responsable de combustibles de SUCA; as\u00ed como al delegado de Agricultura, Juan Balb\u00edn, que habl\u00f3 sobre los nuevos requisitos para recibir ayudas de la Junta de Andaluc\u00eda.<\/p>\n\n","protected":false},"excerpt":{"rendered":"<p>El presidente del Consejo de Administraci\u00f3n, Juan Gadeo, entrega, en el transcurso de la comida de Navidad del Grupo, una placa de reconocimiento a Jos\u00e9 Mar\u00eda Guzm\u00e1n por su encomiable labor al frente de la SCA Uni\u00f3n Ole\u00edcola Cambil &nbsp; Los socios y los trabajadores de Grupo Inter\u00f3leo se han reunido para celebrar la Navidad &hellip; <\/p>\n<p class=\"link-more\"><a href=\"https:\/\/www.interoleo.com\/en\/encomiable-labor-guzman\/\" class=\"more-link\">Read more<span class=\"screen-reader-text\"> &#8220;Grupo Inter\u00f3leo reconoce la encomiable labor de Jos\u00e9 Mar\u00eda Guzm\u00e1n por convertirnos en la empresa l\u00edder que es en la actualidad&#8221;<\/span><\/a><\/p>\n","protected":false},"author":2,"featured_media":1930,"comment_status":"closed","ping_status":"closed","sticky":false,"template":"","format":"standard","meta":{"jetpack_post_was_ever_published":false,"_jetpack_newsletter_access":"","_jetpack_dont_email_post_to_subs":false,"_jetpack_newsletter_tier_id":0,"_jetpack_memberships_contains_paywalled_content":false,"_jetpack_memberships_contains_paid_content":false,"footnotes":"","jetpack_publicize_message":"","jetpack_publicize_feature_enabled":true,"jetpack_social_post_already_shared":true,"jetpack_social_options":{"image_generator_settings":{"template":"highway","default_image_id":0,"font":"","enabled":false},"version":2}},"categories":[3,4,7],"tags":[17,156,58,73,16,35,70,22,23,44,205,18,152,19,206],"class_list":["post-1929","post","type-post","status-publish","format-standard","has-post-thumbnail","hentry","category-aceite-de-oliva","category-actualidad","category-noticias-interoleo","tag-aceite","tag-aceite-de-oliva","tag-calidad","tag-comercializacion","tag-comida-de-navidad","tag-concentracion-de-la-oferta","tag-consejo-de-administracion","tag-esteban-momblan","tag-gerente-de-interoleo","tag-grupo-interoleo","tag-jose-maria-guzman","tag-juan-gadeo","tag-junta-general-de-accionistas","tag-presidente-de-interoleo","tag-sca-union-oleicola-cambil"],"yoast_head":"<!-- This site is optimized with the Yoast SEO plugin v26.0 - https:\/\/yoast.com\/wordpress\/plugins\/seo\/ -->\n<title>Reconocimiento a la encomiable labor de Jos\u00e9 Mar\u00eda Guzm\u00e1n<\/title>\n<meta name=\"description\" content=\"Grupo Inter\u00f3leo ha celebrado su comida de Navidad, en la que reconoce la encomiable labor de Jos\u00e9 Mar\u00eda Guzm\u00e1n al frente de Ole\u00edcola Cambil\" \/>\n<meta name=\"robots\" content=\"index, follow, max-snippet:-1, max-image-preview:large, max-video-preview:-1\" \/>\n<link rel=\"canonical\" href=\"https:\/\/www.interoleo.com\/en\/encomiable-labor-guzman\/\" \/>\n<meta property=\"og:locale\" content=\"en_US\" \/>\n<meta property=\"og:type\" content=\"article\" \/>\n<meta property=\"og:title\" content=\"Reconocimiento a la encomiable labor de Jos\u00e9 Mar\u00eda Guzm\u00e1n\" \/>\n<meta property=\"og:description\" content=\"Grupo Inter\u00f3leo ha celebrado su comida de Navidad, en la que reconoce la encomiable labor de Jos\u00e9 Mar\u00eda Guzm\u00e1n al frente de Ole\u00edcola Cambil\" \/>\n<meta property=\"og:url\" content=\"https:\/\/www.interoleo.com\/en\/encomiable-labor-guzman\/\" \/>\n<meta property=\"og:site_name\" content=\"Grupo Inter\u00f3leo\" \/>\n<meta property=\"article:published_time\" content=\"2017-12-20T12:19:13+00:00\" \/>\n<meta property=\"article:modified_time\" content=\"2018-01-02T12:44:28+00:00\" \/>\n<meta property=\"og:image\" content=\"https:\/\/www.interoleo.com\/wp-content\/uploads\/2018\/01\/Inter\u00f3leo-12.jpg\" \/>\n\t<meta property=\"og:image:width\" content=\"1181\" \/>\n\t<meta property=\"og:image:height\" content=\"787\" \/>\n\t<meta property=\"og:image:type\" content=\"image\/jpeg\" \/>\n<meta name=\"author\" content=\"Interoleo Picual\" \/>\n<meta name=\"twitter:card\" content=\"summary_large_image\" \/>\n<meta name=\"twitter:label1\" content=\"Written by\" \/>\n\t<meta name=\"twitter:data1\" content=\"Interoleo Picual\" \/>\n\t<meta name=\"twitter:label2\" content=\"Est. reading time\" \/>\n\t<meta name=\"twitter:data2\" content=\"2 minutes\" \/>\n<script type=\"application\/ld+json\" class=\"yoast-schema-graph\">{\"@context\":\"https:\/\/schema.org\",\"@graph\":[{\"@type\":\"WebPage\",\"@id\":\"https:\/\/www.interoleo.com\/en\/encomiable-labor-guzman\/\",\"url\":\"https:\/\/www.interoleo.com\/en\/encomiable-labor-guzman\/\",\"name\":\"Reconocimiento a la encomiable labor de Jos\u00e9 Mar\u00eda Guzm\u00e1n\",\"isPartOf\":{\"@id\":\"https:\/\/www.interoleo.com\/en\/#website\"},\"primaryImageOfPage\":{\"@id\":\"https:\/\/www.interoleo.com\/en\/encomiable-labor-guzman\/#primaryimage\"},\"image\":{\"@id\":\"https:\/\/www.interoleo.com\/en\/encomiable-labor-guzman\/#primaryimage\"},\"thumbnailUrl\":\"https:\/\/www.interoleo.com\/wp-content\/uploads\/2018\/01\/Inter\u00f3leo-12.jpg\",\"datePublished\":\"2017-12-20T12:19:13+00:00\",\"dateModified\":\"2018-01-02T12:44:28+00:00\",\"author\":{\"@id\":\"https:\/\/www.interoleo.com\/en\/#\/schema\/person\/b38839767920504f85d0555e5244a76d\"},\"description\":\"Grupo Inter\u00f3leo ha celebrado su comida de Navidad, en la que reconoce la encomiable labor de Jos\u00e9 Mar\u00eda Guzm\u00e1n al frente de Ole\u00edcola Cambil\",\"breadcrumb\":{\"@id\":\"https:\/\/www.interoleo.com\/en\/encomiable-labor-guzman\/#breadcrumb\"},\"inLanguage\":\"en-US\",\"potentialAction\":[{\"@type\":\"ReadAction\",\"target\":[\"https:\/\/www.interoleo.com\/en\/encomiable-labor-guzman\/\"]}]},{\"@type\":\"ImageObject\",\"inLanguage\":\"en-US\",\"@id\":\"https:\/\/www.interoleo.com\/en\/encomiable-labor-guzman\/#primaryimage\",\"url\":\"https:\/\/www.interoleo.com\/wp-content\/uploads\/2018\/01\/Inter\u00f3leo-12.jpg\",\"contentUrl\":\"https:\/\/www.interoleo.com\/wp-content\/uploads\/2018\/01\/Inter\u00f3leo-12.jpg\",\"width\":1181,\"height\":787},{\"@type\":\"BreadcrumbList\",\"@id\":\"https:\/\/www.interoleo.com\/en\/encomiable-labor-guzman\/#breadcrumb\",\"itemListElement\":[{\"@type\":\"ListItem\",\"position\":1,\"name\":\"Portada\",\"item\":\"https:\/\/www.interoleo.com\/en\/\"},{\"@type\":\"ListItem\",\"position\":2,\"name\":\"Grupo Inter\u00f3leo reconoce la encomiable labor de Jos\u00e9 Mar\u00eda Guzm\u00e1n por convertirnos en la empresa l\u00edder que es en la actualidad\"}]},{\"@type\":\"WebSite\",\"@id\":\"https:\/\/www.interoleo.com\/en\/#website\",\"url\":\"https:\/\/www.interoleo.com\/en\/\",\"name\":\"Grupo Inter\u00f3leo\",\"description\":\"Grupo Inter\u00f3leo comercializador de aceite de oliva a granel\",\"potentialAction\":[{\"@type\":\"SearchAction\",\"target\":{\"@type\":\"EntryPoint\",\"urlTemplate\":\"https:\/\/www.interoleo.com\/en\/?s={search_term_string}\"},\"query-input\":{\"@type\":\"PropertyValueSpecification\",\"valueRequired\":true,\"valueName\":\"search_term_string\"}}],\"inLanguage\":\"en-US\"},{\"@type\":\"Person\",\"@id\":\"https:\/\/www.interoleo.com\/en\/#\/schema\/person\/b38839767920504f85d0555e5244a76d\",\"name\":\"Interoleo Picual\",\"image\":{\"@type\":\"ImageObject\",\"inLanguage\":\"en-US\",\"@id\":\"https:\/\/www.interoleo.com\/en\/#\/schema\/person\/image\/\",\"url\":\"https:\/\/secure.gravatar.com\/avatar\/9d9b88888a963e3b9235bbd165d9c050?s=96&d=mm&r=g\",\"contentUrl\":\"https:\/\/secure.gravatar.com\/avatar\/9d9b88888a963e3b9235bbd165d9c050?s=96&d=mm&r=g\",\"caption\":\"Interoleo Picual\"},\"url\":\"https:\/\/www.interoleo.com\/en\/author\/interoleo\/\"}]}<\/script>\n<!-- \/ Yoast SEO plugin. -->","yoast_head_json":{"title":"Reconocimiento a la encomiable labor de Jos\u00e9 Mar\u00eda Guzm\u00e1n","description":"Grupo Inter\u00f3leo ha celebrado su comida de Navidad, en la que reconoce la encomiable labor de Jos\u00e9 Mar\u00eda Guzm\u00e1n al frente de Ole\u00edcola Cambil","robots":{"index":"index","follow":"follow","max-snippet":"max-snippet:-1","max-image-preview":"max-image-preview:large","max-video-preview":"max-video-preview:-1"},"canonical":"https:\/\/www.interoleo.com\/en\/encomiable-labor-guzman\/","og_locale":"en_US","og_type":"article","og_title":"Reconocimiento a la encomiable labor de Jos\u00e9 Mar\u00eda Guzm\u00e1n","og_description":"Grupo Inter\u00f3leo ha celebrado su comida de Navidad, en la que reconoce la encomiable labor de Jos\u00e9 Mar\u00eda Guzm\u00e1n al frente de Ole\u00edcola Cambil","og_url":"https:\/\/www.interoleo.com\/en\/encomiable-labor-guzman\/","og_site_name":"Grupo Inter\u00f3leo","article_published_time":"2017-12-20T12:19:13+00:00","article_modified_time":"2018-01-02T12:44:28+00:00","og_image":[{"width":1181,"height":787,"url":"https:\/\/www.interoleo.com\/wp-content\/uploads\/2018\/01\/Inter\u00f3leo-12.jpg","type":"image\/jpeg"}],"author":"Interoleo Picual","twitter_card":"summary_large_image","twitter_misc":{"Written by":"Interoleo Picual","Est. reading time":"2 minutes"},"schema":{"@context":"https:\/\/schema.org","@graph":[{"@type":"WebPage","@id":"https:\/\/www.interoleo.com\/en\/encomiable-labor-guzman\/","url":"https:\/\/www.interoleo.com\/en\/encomiable-labor-guzman\/","name":"Reconocimiento a la encomiable labor de Jos\u00e9 Mar\u00eda Guzm\u00e1n","isPartOf":{"@id":"https:\/\/www.interoleo.com\/en\/#website"},"primaryImageOfPage":{"@id":"https:\/\/www.interoleo.com\/en\/encomiable-labor-guzman\/#primaryimage"},"image":{"@id":"https:\/\/www.interoleo.com\/en\/encomiable-labor-guzman\/#primaryimage"},"thumbnailUrl":"https:\/\/www.interoleo.com\/wp-content\/uploads\/2018\/01\/Inter\u00f3leo-12.jpg","datePublished":"2017-12-20T12:19:13+00:00","dateModified":"2018-01-02T12:44:28+00:00","author":{"@id":"https:\/\/www.interoleo.com\/en\/#\/schema\/person\/b38839767920504f85d0555e5244a76d"},"description":"Grupo Inter\u00f3leo ha celebrado su comida de Navidad, en la que reconoce la encomiable labor de Jos\u00e9 Mar\u00eda Guzm\u00e1n al frente de Ole\u00edcola Cambil","breadcrumb":{"@id":"https:\/\/www.interoleo.com\/en\/encomiable-labor-guzman\/#breadcrumb"},"inLanguage":"en-US","potentialAction":[{"@type":"ReadAction","target":["https:\/\/www.interoleo.com\/en\/encomiable-labor-guzman\/"]}]},{"@type":"ImageObject","inLanguage":"en-US","@id":"https:\/\/www.interoleo.com\/en\/encomiable-labor-guzman\/#primaryimage","url":"https:\/\/www.interoleo.com\/wp-content\/uploads\/2018\/01\/Inter\u00f3leo-12.jpg","contentUrl":"https:\/\/www.interoleo.com\/wp-content\/uploads\/2018\/01\/Inter\u00f3leo-12.jpg","width":1181,"height":787},{"@type":"BreadcrumbList","@id":"https:\/\/www.interoleo.com\/en\/encomiable-labor-guzman\/#breadcrumb","itemListElement":[{"@type":"ListItem","position":1,"name":"Portada","item":"https:\/\/www.interoleo.com\/en\/"},{"@type":"ListItem","position":2,"name":"Grupo Inter\u00f3leo reconoce la encomiable labor de Jos\u00e9 Mar\u00eda Guzm\u00e1n por convertirnos en la empresa l\u00edder que es en la actualidad"}]},{"@type":"WebSite","@id":"https:\/\/www.interoleo.com\/en\/#website","url":"https:\/\/www.interoleo.com\/en\/","name":"Grupo Inter\u00f3leo","description":"Grupo Inter\u00f3leo comercializador de aceite de oliva a granel","potentialAction":[{"@type":"SearchAction","target":{"@type":"EntryPoint","urlTemplate":"https:\/\/www.interoleo.com\/en\/?s={search_term_string}"},"query-input":{"@type":"PropertyValueSpecification","valueRequired":true,"valueName":"search_term_string"}}],"inLanguage":"en-US"},{"@type":"Person","@id":"https:\/\/www.interoleo.com\/en\/#\/schema\/person\/b38839767920504f85d0555e5244a76d","name":"Interoleo Picual","image":{"@type":"ImageObject","inLanguage":"en-US","@id":"https:\/\/www.interoleo.com\/en\/#\/schema\/person\/image\/","url":"https:\/\/secure.gravatar.com\/avatar\/9d9b88888a963e3b9235bbd165d9c050?s=96&d=mm&r=g","contentUrl":"https:\/\/secure.gravatar.com\/avatar\/9d9b88888a963e3b9235bbd165d9c050?s=96&d=mm&r=g","caption":"Interoleo Picual"},"url":"https:\/\/www.interoleo.com\/en\/author\/interoleo\/"}]}},"jetpack_publicize_connections":[],"jetpack_featured_media_url":"https:\/\/www.interoleo.com\/wp-content\/uploads\/2018\/01\/Inter\u00f3leo-12.jpg","jetpack_shortlink":"https:\/\/wp.me\/p7R8ws-v7","jetpack_sharing_enabled":true,"_links":{"self":[{"href":"https:\/\/www.interoleo.com\/en\/wp-json\/wp\/v2\/posts\/1929","targetHints":{"allow":["GET"]}}],"collection":[{"href":"https:\/\/www.interoleo.com\/en\/wp-json\/wp\/v2\/posts"}],"about":[{"href":"https:\/\/www.interoleo.com\/en\/wp-json\/wp\/v2\/types\/post"}],"author":[{"embeddable":true,"href":"https:\/\/www.interoleo.com\/en\/wp-json\/wp\/v2\/users\/2"}],"replies":[{"embeddable":true,"href":"https:\/\/www.interoleo.com\/en\/wp-json\/wp\/v2\/comments?post=1929"}],"version-history":[{"count":1,"href":"https:\/\/www.interoleo.com\/en\/wp-json\/wp\/v2\/posts\/1929\/revisions"}],"predecessor-version":[{"id":1942,"href":"https:\/\/www.interoleo.com\/en\/wp-json\/wp\/v2\/posts\/1929\/revisions\/1942"}],"wp:featuredmedia":[{"embeddable":true,"href":"https:\/\/www.interoleo.com\/en\/wp-json\/wp\/v2\/media\/1930"}],"wp:attachment":[{"href":"https:\/\/www.interoleo.com\/en\/wp-json\/wp\/v2\/media?parent=1929"}],"wp:term":[{"taxonomy":"category","embeddable":true,"href":"https:\/\/www.interoleo.com\/en\/wp-json\/wp\/v2\/categories?post=1929"},{"taxonomy":"post_tag","embeddable":true,"href":"https:\/\/www.interoleo.com\/en\/wp-json\/wp\/v2\/tags?post=1929"}],"curies":[{"name":"wp","href":"https:\/\/api.w.org\/{rel}","templated":true}]}}