{"id":195,"date":"2016-08-02T08:20:19","date_gmt":"2016-08-02T08:20:19","guid":{"rendered":"http:\/\/88.12.48.28\/webs\/interoleo\/web\/?p=195"},"modified":"2016-08-02T08:20:19","modified_gmt":"2016-08-02T08:20:19","slug":"castillo-canena-lanza-una-edicion-especial-chef-dani-garcia","status":"publish","type":"post","link":"https:\/\/www.interoleo.com\/en\/castillo-canena-lanza-una-edicion-especial-chef-dani-garcia\/","title":{"rendered":"Castillo de Canena lanza una edici\u00f3n especial para el Chef Dani Garc\u00eda"},"content":{"rendered":"<p>La firma Castillo de Canena, socio de Inter\u00f3leo Picual Ja\u00e9n, vuelve a sorprender en el sector del aceite de oliva virgen extra Premium con el lanzamiento de un exclusivo AOVE que se ha dise\u00f1ado para el nuevo restaurante de Dani Garc\u00eda. Se trata de un exclusivo coupage de Arbequina que Castillo de Canena ha elaborado especialmente para el renombrado chef ganador de dos estrellas Michel\u00edn.<\/p>\n<p>Desde Inter\u00f3leo queremos felicitar a la marca y desear la mejor de las suertes al Chef en su nueva aventura, de la que estamos seguros ser\u00e1 todo un \u00e9xito.<\/p>\n<p><img fetchpriority=\"high\" decoding=\"async\" class=\"size-medium wp-image-196 aligncenter\" src=\"http:\/\/88.12.48.28\/webs\/interoleo\/web\/wp-content\/uploads\/2016\/08\/danigarcia-300x200.jpg\" alt=\"danigarcia\" width=\"300\" height=\"200\" srcset=\"https:\/\/www.interoleo.com\/wp-content\/uploads\/2016\/08\/danigarcia-300x200.jpg 300w, https:\/\/www.interoleo.com\/wp-content\/uploads\/2016\/08\/danigarcia-600x400.jpg 600w, https:\/\/www.interoleo.com\/wp-content\/uploads\/2016\/08\/danigarcia.jpg 750w\" sizes=\"(max-width: 300px) 100vw, 300px\" \/><\/p>\n","protected":false},"excerpt":{"rendered":"<p>La firma Castillo de Canena, socio de Inter\u00f3leo Picual Ja\u00e9n, vuelve a sorprender en el sector del aceite de oliva virgen extra Premium con el lanzamiento de un exclusivo AOVE que se ha dise\u00f1ado para el nuevo restaurante de Dani Garc\u00eda. Se trata de un exclusivo coupage de Arbequina que Castillo de Canena ha elaborado &hellip; <\/p>\n<p class=\"link-more\"><a href=\"https:\/\/www.interoleo.com\/en\/castillo-canena-lanza-una-edicion-especial-chef-dani-garcia\/\" class=\"more-link\">Read more<span class=\"screen-reader-text\"> &#8220;Castillo de Canena lanza una edici\u00f3n especial para el Chef Dani Garc\u00eda&#8221;<\/span><\/a><\/p>\n","protected":false},"author":1,"featured_media":0,"comment_status":"closed","ping_status":"closed","sticky":false,"template":"","format":"standard","meta":{"jetpack_post_was_ever_published":false,"_jetpack_newsletter_access":"","_jetpack_dont_email_post_to_subs":false,"_jetpack_newsletter_tier_id":0,"_jetpack_memberships_contains_paywalled_content":false,"_jetpack_memberships_contains_paid_content":false,"footnotes":"","jetpack_publicize_message":"","jetpack_publicize_feature_enabled":true,"jetpack_social_post_already_shared":false,"jetpack_social_options":{"image_generator_settings":{"template":"highway","default_image_id":0,"font":"","enabled":false},"version":2}},"categories":[4],"tags":[],"class_list":["post-195","post","type-post","status-publish","format-standard","hentry","category-actualidad"],"yoast_head":"<!-- This site is optimized with the Yoast SEO plugin v26.0 - https:\/\/yoast.com\/wordpress\/plugins\/seo\/ -->\n<title>Castillo de Canena lanza una edici\u00f3n especial para el Chef Dani Garc\u00eda<\/title>\n<meta name=\"description\" content=\"La firma Castillo de Canena, socio de Inter\u00f3leo Picual Ja\u00e9n, vuelve a sorprender en el sector del aceite de oliva virgen extra Premium con el lanzamiento...\" \/>\n<meta name=\"robots\" content=\"index, follow, max-snippet:-1, max-image-preview:large, max-video-preview:-1\" \/>\n<link rel=\"canonical\" href=\"https:\/\/www.interoleo.com\/en\/castillo-canena-lanza-una-edicion-especial-chef-dani-garcia\/\" \/>\n<meta property=\"og:locale\" content=\"en_US\" \/>\n<meta property=\"og:type\" content=\"article\" \/>\n<meta property=\"og:title\" content=\"Castillo de Canena lanza una edici\u00f3n especial para el Chef Dani Garc\u00eda\" \/>\n<meta property=\"og:description\" content=\"La firma Castillo de Canena, socio de Inter\u00f3leo Picual Ja\u00e9n, vuelve a sorprender en el sector del aceite de oliva virgen extra Premium con el lanzamiento...\" \/>\n<meta property=\"og:url\" content=\"https:\/\/www.interoleo.com\/en\/castillo-canena-lanza-una-edicion-especial-chef-dani-garcia\/\" \/>\n<meta property=\"og:site_name\" content=\"Grupo Inter\u00f3leo\" \/>\n<meta property=\"article:published_time\" content=\"2016-08-02T08:20:19+00:00\" \/>\n<meta property=\"og:image\" content=\"http:\/\/88.12.48.28\/webs\/interoleo\/web\/wp-content\/uploads\/2016\/08\/danigarcia-300x200.jpg\" \/>\n<meta name=\"author\" content=\"admin\" \/>\n<meta name=\"twitter:card\" content=\"summary_large_image\" \/>\n<meta name=\"twitter:label1\" content=\"Written by\" \/>\n\t<meta name=\"twitter:data1\" content=\"admin\" \/>\n\t<meta name=\"twitter:label2\" content=\"Est. reading time\" \/>\n\t<meta name=\"twitter:data2\" content=\"1 minute\" \/>\n<script type=\"application\/ld+json\" class=\"yoast-schema-graph\">{\"@context\":\"https:\/\/schema.org\",\"@graph\":[{\"@type\":\"WebPage\",\"@id\":\"https:\/\/www.interoleo.com\/en\/castillo-canena-lanza-una-edicion-especial-chef-dani-garcia\/\",\"url\":\"https:\/\/www.interoleo.com\/en\/castillo-canena-lanza-una-edicion-especial-chef-dani-garcia\/\",\"name\":\"Castillo de Canena lanza una edici\u00f3n especial para el Chef Dani Garc\u00eda\",\"isPartOf\":{\"@id\":\"https:\/\/www.interoleo.com\/en\/#website\"},\"primaryImageOfPage\":{\"@id\":\"https:\/\/www.interoleo.com\/en\/castillo-canena-lanza-una-edicion-especial-chef-dani-garcia\/#primaryimage\"},\"image\":{\"@id\":\"https:\/\/www.interoleo.com\/en\/castillo-canena-lanza-una-edicion-especial-chef-dani-garcia\/#primaryimage\"},\"thumbnailUrl\":\"http:\/\/88.12.48.28\/webs\/interoleo\/web\/wp-content\/uploads\/2016\/08\/danigarcia-300x200.jpg\",\"datePublished\":\"2016-08-02T08:20:19+00:00\",\"author\":{\"@id\":\"https:\/\/www.interoleo.com\/en\/#\/schema\/person\/f99693fc38ce605f463dc5d58909df2a\"},\"description\":\"La firma Castillo de Canena, socio de Inter\u00f3leo Picual Ja\u00e9n, vuelve a sorprender en el sector del aceite de oliva virgen extra Premium con el lanzamiento...\",\"breadcrumb\":{\"@id\":\"https:\/\/www.interoleo.com\/en\/castillo-canena-lanza-una-edicion-especial-chef-dani-garcia\/#breadcrumb\"},\"inLanguage\":\"en-US\",\"potentialAction\":[{\"@type\":\"ReadAction\",\"target\":[\"https:\/\/www.interoleo.com\/en\/castillo-canena-lanza-una-edicion-especial-chef-dani-garcia\/\"]}]},{\"@type\":\"ImageObject\",\"inLanguage\":\"en-US\",\"@id\":\"https:\/\/www.interoleo.com\/en\/castillo-canena-lanza-una-edicion-especial-chef-dani-garcia\/#primaryimage\",\"url\":\"http:\/\/88.12.48.28\/webs\/interoleo\/web\/wp-content\/uploads\/2016\/08\/danigarcia-300x200.jpg\",\"contentUrl\":\"http:\/\/88.12.48.28\/webs\/interoleo\/web\/wp-content\/uploads\/2016\/08\/danigarcia-300x200.jpg\"},{\"@type\":\"BreadcrumbList\",\"@id\":\"https:\/\/www.interoleo.com\/en\/castillo-canena-lanza-una-edicion-especial-chef-dani-garcia\/#breadcrumb\",\"itemListElement\":[{\"@type\":\"ListItem\",\"position\":1,\"name\":\"Portada\",\"item\":\"https:\/\/www.interoleo.com\/en\/\"},{\"@type\":\"ListItem\",\"position\":2,\"name\":\"Castillo de Canena lanza una edici\u00f3n especial para el Chef Dani Garc\u00eda\"}]},{\"@type\":\"WebSite\",\"@id\":\"https:\/\/www.interoleo.com\/en\/#website\",\"url\":\"https:\/\/www.interoleo.com\/en\/\",\"name\":\"Grupo Inter\u00f3leo\",\"description\":\"Grupo Inter\u00f3leo comercializador de aceite de oliva a granel\",\"potentialAction\":[{\"@type\":\"SearchAction\",\"target\":{\"@type\":\"EntryPoint\",\"urlTemplate\":\"https:\/\/www.interoleo.com\/en\/?s={search_term_string}\"},\"query-input\":{\"@type\":\"PropertyValueSpecification\",\"valueRequired\":true,\"valueName\":\"search_term_string\"}}],\"inLanguage\":\"en-US\"},{\"@type\":\"Person\",\"@id\":\"https:\/\/www.interoleo.com\/en\/#\/schema\/person\/f99693fc38ce605f463dc5d58909df2a\",\"name\":\"admin\",\"image\":{\"@type\":\"ImageObject\",\"inLanguage\":\"en-US\",\"@id\":\"https:\/\/www.interoleo.com\/en\/#\/schema\/person\/image\/\",\"url\":\"https:\/\/secure.gravatar.com\/avatar\/7e985868c8f2fc8c9b5e292d3d038423?s=96&d=mm&r=g\",\"contentUrl\":\"https:\/\/secure.gravatar.com\/avatar\/7e985868c8f2fc8c9b5e292d3d038423?s=96&d=mm&r=g\",\"caption\":\"admin\"},\"url\":\"https:\/\/www.interoleo.com\/en\/author\/admin\/\"}]}<\/script>\n<!-- \/ Yoast SEO plugin. -->","yoast_head_json":{"title":"Castillo de Canena lanza una edici\u00f3n especial para el Chef Dani Garc\u00eda","description":"La firma Castillo de Canena, socio de Inter\u00f3leo Picual Ja\u00e9n, vuelve a sorprender en el sector del aceite de oliva virgen extra Premium con el lanzamiento...","robots":{"index":"index","follow":"follow","max-snippet":"max-snippet:-1","max-image-preview":"max-image-preview:large","max-video-preview":"max-video-preview:-1"},"canonical":"https:\/\/www.interoleo.com\/en\/castillo-canena-lanza-una-edicion-especial-chef-dani-garcia\/","og_locale":"en_US","og_type":"article","og_title":"Castillo de Canena lanza una edici\u00f3n especial para el Chef Dani Garc\u00eda","og_description":"La firma Castillo de Canena, socio de Inter\u00f3leo Picual Ja\u00e9n, vuelve a sorprender en el sector del aceite de oliva virgen extra Premium con el lanzamiento...","og_url":"https:\/\/www.interoleo.com\/en\/castillo-canena-lanza-una-edicion-especial-chef-dani-garcia\/","og_site_name":"Grupo Inter\u00f3leo","article_published_time":"2016-08-02T08:20:19+00:00","og_image":[{"url":"http:\/\/88.12.48.28\/webs\/interoleo\/web\/wp-content\/uploads\/2016\/08\/danigarcia-300x200.jpg","type":"","width":"","height":""}],"author":"admin","twitter_card":"summary_large_image","twitter_misc":{"Written by":"admin","Est. reading time":"1 minute"},"schema":{"@context":"https:\/\/schema.org","@graph":[{"@type":"WebPage","@id":"https:\/\/www.interoleo.com\/en\/castillo-canena-lanza-una-edicion-especial-chef-dani-garcia\/","url":"https:\/\/www.interoleo.com\/en\/castillo-canena-lanza-una-edicion-especial-chef-dani-garcia\/","name":"Castillo de Canena lanza una edici\u00f3n especial para el Chef Dani Garc\u00eda","isPartOf":{"@id":"https:\/\/www.interoleo.com\/en\/#website"},"primaryImageOfPage":{"@id":"https:\/\/www.interoleo.com\/en\/castillo-canena-lanza-una-edicion-especial-chef-dani-garcia\/#primaryimage"},"image":{"@id":"https:\/\/www.interoleo.com\/en\/castillo-canena-lanza-una-edicion-especial-chef-dani-garcia\/#primaryimage"},"thumbnailUrl":"http:\/\/88.12.48.28\/webs\/interoleo\/web\/wp-content\/uploads\/2016\/08\/danigarcia-300x200.jpg","datePublished":"2016-08-02T08:20:19+00:00","author":{"@id":"https:\/\/www.interoleo.com\/en\/#\/schema\/person\/f99693fc38ce605f463dc5d58909df2a"},"description":"La firma Castillo de Canena, socio de Inter\u00f3leo Picual Ja\u00e9n, vuelve a sorprender en el sector del aceite de oliva virgen extra Premium con el lanzamiento...","breadcrumb":{"@id":"https:\/\/www.interoleo.com\/en\/castillo-canena-lanza-una-edicion-especial-chef-dani-garcia\/#breadcrumb"},"inLanguage":"en-US","potentialAction":[{"@type":"ReadAction","target":["https:\/\/www.interoleo.com\/en\/castillo-canena-lanza-una-edicion-especial-chef-dani-garcia\/"]}]},{"@type":"ImageObject","inLanguage":"en-US","@id":"https:\/\/www.interoleo.com\/en\/castillo-canena-lanza-una-edicion-especial-chef-dani-garcia\/#primaryimage","url":"http:\/\/88.12.48.28\/webs\/interoleo\/web\/wp-content\/uploads\/2016\/08\/danigarcia-300x200.jpg","contentUrl":"http:\/\/88.12.48.28\/webs\/interoleo\/web\/wp-content\/uploads\/2016\/08\/danigarcia-300x200.jpg"},{"@type":"BreadcrumbList","@id":"https:\/\/www.interoleo.com\/en\/castillo-canena-lanza-una-edicion-especial-chef-dani-garcia\/#breadcrumb","itemListElement":[{"@type":"ListItem","position":1,"name":"Portada","item":"https:\/\/www.interoleo.com\/en\/"},{"@type":"ListItem","position":2,"name":"Castillo de Canena lanza una edici\u00f3n especial para el Chef Dani Garc\u00eda"}]},{"@type":"WebSite","@id":"https:\/\/www.interoleo.com\/en\/#website","url":"https:\/\/www.interoleo.com\/en\/","name":"Grupo Inter\u00f3leo","description":"Grupo Inter\u00f3leo comercializador de aceite de oliva a granel","potentialAction":[{"@type":"SearchAction","target":{"@type":"EntryPoint","urlTemplate":"https:\/\/www.interoleo.com\/en\/?s={search_term_string}"},"query-input":{"@type":"PropertyValueSpecification","valueRequired":true,"valueName":"search_term_string"}}],"inLanguage":"en-US"},{"@type":"Person","@id":"https:\/\/www.interoleo.com\/en\/#\/schema\/person\/f99693fc38ce605f463dc5d58909df2a","name":"admin","image":{"@type":"ImageObject","inLanguage":"en-US","@id":"https:\/\/www.interoleo.com\/en\/#\/schema\/person\/image\/","url":"https:\/\/secure.gravatar.com\/avatar\/7e985868c8f2fc8c9b5e292d3d038423?s=96&d=mm&r=g","contentUrl":"https:\/\/secure.gravatar.com\/avatar\/7e985868c8f2fc8c9b5e292d3d038423?s=96&d=mm&r=g","caption":"admin"},"url":"https:\/\/www.interoleo.com\/en\/author\/admin\/"}]}},"jetpack_publicize_connections":[],"jetpack_featured_media_url":"","jetpack_shortlink":"https:\/\/wp.me\/p7R8ws-39","jetpack_sharing_enabled":true,"_links":{"self":[{"href":"https:\/\/www.interoleo.com\/en\/wp-json\/wp\/v2\/posts\/195","targetHints":{"allow":["GET"]}}],"collection":[{"href":"https:\/\/www.interoleo.com\/en\/wp-json\/wp\/v2\/posts"}],"about":[{"href":"https:\/\/www.interoleo.com\/en\/wp-json\/wp\/v2\/types\/post"}],"author":[{"embeddable":true,"href":"https:\/\/www.interoleo.com\/en\/wp-json\/wp\/v2\/users\/1"}],"replies":[{"embeddable":true,"href":"https:\/\/www.interoleo.com\/en\/wp-json\/wp\/v2\/comments?post=195"}],"version-history":[{"count":1,"href":"https:\/\/www.interoleo.com\/en\/wp-json\/wp\/v2\/posts\/195\/revisions"}],"predecessor-version":[{"id":197,"href":"https:\/\/www.interoleo.com\/en\/wp-json\/wp\/v2\/posts\/195\/revisions\/197"}],"wp:attachment":[{"href":"https:\/\/www.interoleo.com\/en\/wp-json\/wp\/v2\/media?parent=195"}],"wp:term":[{"taxonomy":"category","embeddable":true,"href":"https:\/\/www.interoleo.com\/en\/wp-json\/wp\/v2\/categories?post=195"},{"taxonomy":"post_tag","embeddable":true,"href":"https:\/\/www.interoleo.com\/en\/wp-json\/wp\/v2\/tags?post=195"}],"curies":[{"name":"wp","href":"https:\/\/api.w.org\/{rel}","templated":true}]}}