{"id":2002,"date":"2018-01-24T17:59:54","date_gmt":"2018-01-24T17:59:54","guid":{"rendered":"http:\/\/www.interoleo.com\/?p=2002"},"modified":"2018-01-24T18:21:06","modified_gmt":"2018-01-24T18:21:06","slug":"olivar-patrimonio-humanidad","status":"publish","type":"post","link":"https:\/\/www.interoleo.com\/en\/olivar-patrimonio-humanidad\/","title":{"rendered":"Grupo Inter\u00f3leo recoge el diploma de adhesi\u00f3n a la candidatura del Paisaje del Olivar Andaluz como Patrimonio de la Humanidad por la Unesco"},"content":{"rendered":"<p>Respaldamos al cien por cien la candidatura del Paisaje del Olivar como Patrimonio de la Humanidad. Es un honor para nosotros formar parte de este interesante proyecto que pretende darle oficialidad a lo que es un hecho real: que nuestro mar de olivos es un marco incomparable de sostenibilidad\u00a0medioambiental y sost\u00e9n econ\u00f3mico de nuestros pueblos. Hoy hemos recogido en la Diputaci\u00f3n Provincial de Ja\u00e9n\u00a0el diploma que acredita nuestra implicaci\u00f3n, en un acto al que ha asistido nuestro presidente Juan Gadeo.<\/p>\n<p>El sal\u00f3n de plenos de la Diputaci\u00f3n ha acogido el acto p\u00fablico de adhesi\u00f3n a la candidatura. Cerca de un centenar de instituciones y entidades, entre los que nos encontr\u00e1bamos Grupo Inter\u00f3leo, han recogido la documentaci\u00f3n que les reconoce su implicaci\u00f3n y compromiso de cooperaci\u00f3n activa para conocer, conservar y difundir los valores del paisaje del olivar como Patrimonio de la Humanidad. El presidente de la Diputaci\u00f3n de Ja\u00e9n, Francisco Reyes, ha participado junto a los presidentes de la diputaciones de Sevilla y Granada, Fernando Rodr\u00edguez Villalobos (precisamente quien le ha entregado el diploma a nuestro presidente, Juan Gadeo) y Jos\u00e9 Entrena, respectivamente; la delegada del Gobierno andaluz en Ja\u00e9n, Ana Cobo; y el director general de Bienes Cultural y Museos de la Junta de Andaluc\u00eda, Marcelino S\u00e1nchez; en la entrega de estos diplomas que certifican la adhesi\u00f3n. Previamente, la comisi\u00f3n institucional creada por la Administraci\u00f3n provincial jiennense para promover esta candidatura, ha celebrado una reuni\u00f3n en la que se ha aprobado el expediente definitivo que la Junta de Andaluc\u00eda entregar\u00e1 en los pr\u00f3ximos d\u00edas al Ministerio de Educaci\u00f3n, Cultura y Deporte.<\/p>\n<p>En representaci\u00f3n de las entidades adheridas ha tomado la palabra el director ejecutivo adjunto del Consejo Ole\u00edcola Internacional, Mustaf\u00e1 Sepetci, que ha puesto de relieve que esta declaraci\u00f3n \u201ccontribuir\u00e1 a poner Andaluc\u00eda en el mapa mundial\u201d adem\u00e1s de que \u201cayudar\u00e1 a mejorar los precios de venta de este producto y beneficiar\u00e1 a agricultores y a las poblaciones de los distintos territorios\u201d. Mustaf\u00e1 Sepetci, que ha remarcado el trabajo y el esfuerzo que se ha realizado en la elaboraci\u00f3n de este expediente, ha se\u00f1alado asimismo que este reconocimiento supondr\u00eda un importante apoyo para la industria tur\u00edstica y la hosteler\u00eda y ser\u00eda un veh\u00edculo de promoci\u00f3n de estos paisajes.<\/p>\n\n","protected":false},"excerpt":{"rendered":"<p>Respaldamos al cien por cien la candidatura del Paisaje del Olivar como Patrimonio de la Humanidad. Es un honor para nosotros formar parte de este interesante proyecto que pretende darle oficialidad a lo que es un hecho real: que nuestro mar de olivos es un marco incomparable de sostenibilidad\u00a0medioambiental y sost\u00e9n econ\u00f3mico de nuestros pueblos. &hellip; <\/p>\n<p class=\"link-more\"><a href=\"https:\/\/www.interoleo.com\/en\/olivar-patrimonio-humanidad\/\" class=\"more-link\">Read more<span class=\"screen-reader-text\"> &#8220;Grupo Inter\u00f3leo recoge el diploma de adhesi\u00f3n a la candidatura del Paisaje del Olivar Andaluz como Patrimonio de la Humanidad por la Unesco&#8221;<\/span><\/a><\/p>\n","protected":false},"author":2,"featured_media":2005,"comment_status":"closed","ping_status":"closed","sticky":false,"template":"","format":"standard","meta":{"jetpack_post_was_ever_published":false,"_jetpack_newsletter_access":"","_jetpack_dont_email_post_to_subs":false,"_jetpack_newsletter_tier_id":0,"_jetpack_memberships_contains_paywalled_content":false,"_jetpack_memberships_contains_paid_content":false,"footnotes":"","jetpack_publicize_message":"","jetpack_publicize_feature_enabled":true,"jetpack_social_post_already_shared":true,"jetpack_social_options":{"image_generator_settings":{"template":"highway","default_image_id":0,"font":"","enabled":false},"version":2}},"categories":[3,4,7],"tags":[17,156,50,18,103,214,213,19],"class_list":["post-2002","post","type-post","status-publish","format-standard","has-post-thumbnail","hentry","category-aceite-de-oliva","category-actualidad","category-noticias-interoleo","tag-aceite","tag-aceite-de-oliva","tag-diputacion-provincial-de-jaen","tag-juan-gadeo","tag-olivar","tag-paisaje-del-olivar","tag-patrimonio-de-la-humanidad","tag-presidente-de-interoleo"],"yoast_head":"<!-- This site is optimized with the Yoast SEO plugin v26.0 - https:\/\/yoast.com\/wordpress\/plugins\/seo\/ -->\n<title>Inter\u00f3leo respalda la candidatura del olivar como Patrimonio Humanidad<\/title>\n<meta name=\"description\" content=\"Grupo Inter\u00f3leo recoge el diploma que acredita nuestra adhesi\u00f3n a la candidatura del olivar como Patrimonio de la Humanidad\" \/>\n<meta name=\"robots\" content=\"index, follow, max-snippet:-1, max-image-preview:large, max-video-preview:-1\" \/>\n<link rel=\"canonical\" href=\"https:\/\/www.interoleo.com\/en\/olivar-patrimonio-humanidad\/\" \/>\n<meta property=\"og:locale\" content=\"en_US\" \/>\n<meta property=\"og:type\" content=\"article\" \/>\n<meta property=\"og:title\" content=\"Inter\u00f3leo respalda la candidatura del olivar como Patrimonio Humanidad\" \/>\n<meta property=\"og:description\" content=\"Grupo Inter\u00f3leo recoge el diploma que acredita nuestra adhesi\u00f3n a la candidatura del olivar como Patrimonio de la Humanidad\" \/>\n<meta property=\"og:url\" content=\"https:\/\/www.interoleo.com\/en\/olivar-patrimonio-humanidad\/\" \/>\n<meta property=\"og:site_name\" content=\"Grupo Inter\u00f3leo\" \/>\n<meta property=\"article:published_time\" content=\"2018-01-24T17:59:54+00:00\" \/>\n<meta property=\"article:modified_time\" content=\"2018-01-24T18:21:06+00:00\" \/>\n<meta property=\"og:image\" content=\"https:\/\/www.interoleo.com\/wp-content\/uploads\/2018\/01\/patrimonio-1.jpg\" \/>\n\t<meta property=\"og:image:width\" content=\"1181\" \/>\n\t<meta property=\"og:image:height\" content=\"787\" \/>\n\t<meta property=\"og:image:type\" content=\"image\/jpeg\" \/>\n<meta name=\"author\" content=\"Interoleo Picual\" \/>\n<meta name=\"twitter:card\" content=\"summary_large_image\" \/>\n<meta name=\"twitter:label1\" content=\"Written by\" \/>\n\t<meta name=\"twitter:data1\" content=\"Interoleo Picual\" \/>\n\t<meta name=\"twitter:label2\" content=\"Est. reading time\" \/>\n\t<meta name=\"twitter:data2\" content=\"2 minutes\" \/>\n<script type=\"application\/ld+json\" class=\"yoast-schema-graph\">{\"@context\":\"https:\/\/schema.org\",\"@graph\":[{\"@type\":\"WebPage\",\"@id\":\"https:\/\/www.interoleo.com\/en\/olivar-patrimonio-humanidad\/\",\"url\":\"https:\/\/www.interoleo.com\/en\/olivar-patrimonio-humanidad\/\",\"name\":\"Inter\u00f3leo respalda la candidatura del olivar como Patrimonio Humanidad\",\"isPartOf\":{\"@id\":\"https:\/\/www.interoleo.com\/en\/#website\"},\"primaryImageOfPage\":{\"@id\":\"https:\/\/www.interoleo.com\/en\/olivar-patrimonio-humanidad\/#primaryimage\"},\"image\":{\"@id\":\"https:\/\/www.interoleo.com\/en\/olivar-patrimonio-humanidad\/#primaryimage\"},\"thumbnailUrl\":\"https:\/\/www.interoleo.com\/wp-content\/uploads\/2018\/01\/patrimonio-1.jpg\",\"datePublished\":\"2018-01-24T17:59:54+00:00\",\"dateModified\":\"2018-01-24T18:21:06+00:00\",\"author\":{\"@id\":\"https:\/\/www.interoleo.com\/en\/#\/schema\/person\/b38839767920504f85d0555e5244a76d\"},\"description\":\"Grupo Inter\u00f3leo recoge el diploma que acredita nuestra adhesi\u00f3n a la candidatura del olivar como Patrimonio de la Humanidad\",\"breadcrumb\":{\"@id\":\"https:\/\/www.interoleo.com\/en\/olivar-patrimonio-humanidad\/#breadcrumb\"},\"inLanguage\":\"en-US\",\"potentialAction\":[{\"@type\":\"ReadAction\",\"target\":[\"https:\/\/www.interoleo.com\/en\/olivar-patrimonio-humanidad\/\"]}]},{\"@type\":\"ImageObject\",\"inLanguage\":\"en-US\",\"@id\":\"https:\/\/www.interoleo.com\/en\/olivar-patrimonio-humanidad\/#primaryimage\",\"url\":\"https:\/\/www.interoleo.com\/wp-content\/uploads\/2018\/01\/patrimonio-1.jpg\",\"contentUrl\":\"https:\/\/www.interoleo.com\/wp-content\/uploads\/2018\/01\/patrimonio-1.jpg\",\"width\":1181,\"height\":787,\"caption\":\"cof\"},{\"@type\":\"BreadcrumbList\",\"@id\":\"https:\/\/www.interoleo.com\/en\/olivar-patrimonio-humanidad\/#breadcrumb\",\"itemListElement\":[{\"@type\":\"ListItem\",\"position\":1,\"name\":\"Portada\",\"item\":\"https:\/\/www.interoleo.com\/en\/\"},{\"@type\":\"ListItem\",\"position\":2,\"name\":\"Grupo Inter\u00f3leo recoge el diploma de adhesi\u00f3n a la candidatura del Paisaje del Olivar Andaluz como Patrimonio de la Humanidad por la Unesco\"}]},{\"@type\":\"WebSite\",\"@id\":\"https:\/\/www.interoleo.com\/en\/#website\",\"url\":\"https:\/\/www.interoleo.com\/en\/\",\"name\":\"Grupo Inter\u00f3leo\",\"description\":\"Grupo Inter\u00f3leo comercializador de aceite de oliva a granel\",\"potentialAction\":[{\"@type\":\"SearchAction\",\"target\":{\"@type\":\"EntryPoint\",\"urlTemplate\":\"https:\/\/www.interoleo.com\/en\/?s={search_term_string}\"},\"query-input\":{\"@type\":\"PropertyValueSpecification\",\"valueRequired\":true,\"valueName\":\"search_term_string\"}}],\"inLanguage\":\"en-US\"},{\"@type\":\"Person\",\"@id\":\"https:\/\/www.interoleo.com\/en\/#\/schema\/person\/b38839767920504f85d0555e5244a76d\",\"name\":\"Interoleo Picual\",\"image\":{\"@type\":\"ImageObject\",\"inLanguage\":\"en-US\",\"@id\":\"https:\/\/www.interoleo.com\/en\/#\/schema\/person\/image\/\",\"url\":\"https:\/\/secure.gravatar.com\/avatar\/9d9b88888a963e3b9235bbd165d9c050?s=96&d=mm&r=g\",\"contentUrl\":\"https:\/\/secure.gravatar.com\/avatar\/9d9b88888a963e3b9235bbd165d9c050?s=96&d=mm&r=g\",\"caption\":\"Interoleo Picual\"},\"url\":\"https:\/\/www.interoleo.com\/en\/author\/interoleo\/\"}]}<\/script>\n<!-- \/ Yoast SEO plugin. -->","yoast_head_json":{"title":"Inter\u00f3leo respalda la candidatura del olivar como Patrimonio Humanidad","description":"Grupo Inter\u00f3leo recoge el diploma que acredita nuestra adhesi\u00f3n a la candidatura del olivar como Patrimonio de la Humanidad","robots":{"index":"index","follow":"follow","max-snippet":"max-snippet:-1","max-image-preview":"max-image-preview:large","max-video-preview":"max-video-preview:-1"},"canonical":"https:\/\/www.interoleo.com\/en\/olivar-patrimonio-humanidad\/","og_locale":"en_US","og_type":"article","og_title":"Inter\u00f3leo respalda la candidatura del olivar como Patrimonio Humanidad","og_description":"Grupo Inter\u00f3leo recoge el diploma que acredita nuestra adhesi\u00f3n a la candidatura del olivar como Patrimonio de la Humanidad","og_url":"https:\/\/www.interoleo.com\/en\/olivar-patrimonio-humanidad\/","og_site_name":"Grupo Inter\u00f3leo","article_published_time":"2018-01-24T17:59:54+00:00","article_modified_time":"2018-01-24T18:21:06+00:00","og_image":[{"width":1181,"height":787,"url":"https:\/\/www.interoleo.com\/wp-content\/uploads\/2018\/01\/patrimonio-1.jpg","type":"image\/jpeg"}],"author":"Interoleo Picual","twitter_card":"summary_large_image","twitter_misc":{"Written by":"Interoleo Picual","Est. reading time":"2 minutes"},"schema":{"@context":"https:\/\/schema.org","@graph":[{"@type":"WebPage","@id":"https:\/\/www.interoleo.com\/en\/olivar-patrimonio-humanidad\/","url":"https:\/\/www.interoleo.com\/en\/olivar-patrimonio-humanidad\/","name":"Inter\u00f3leo respalda la candidatura del olivar como Patrimonio Humanidad","isPartOf":{"@id":"https:\/\/www.interoleo.com\/en\/#website"},"primaryImageOfPage":{"@id":"https:\/\/www.interoleo.com\/en\/olivar-patrimonio-humanidad\/#primaryimage"},"image":{"@id":"https:\/\/www.interoleo.com\/en\/olivar-patrimonio-humanidad\/#primaryimage"},"thumbnailUrl":"https:\/\/www.interoleo.com\/wp-content\/uploads\/2018\/01\/patrimonio-1.jpg","datePublished":"2018-01-24T17:59:54+00:00","dateModified":"2018-01-24T18:21:06+00:00","author":{"@id":"https:\/\/www.interoleo.com\/en\/#\/schema\/person\/b38839767920504f85d0555e5244a76d"},"description":"Grupo Inter\u00f3leo recoge el diploma que acredita nuestra adhesi\u00f3n a la candidatura del olivar como Patrimonio de la Humanidad","breadcrumb":{"@id":"https:\/\/www.interoleo.com\/en\/olivar-patrimonio-humanidad\/#breadcrumb"},"inLanguage":"en-US","potentialAction":[{"@type":"ReadAction","target":["https:\/\/www.interoleo.com\/en\/olivar-patrimonio-humanidad\/"]}]},{"@type":"ImageObject","inLanguage":"en-US","@id":"https:\/\/www.interoleo.com\/en\/olivar-patrimonio-humanidad\/#primaryimage","url":"https:\/\/www.interoleo.com\/wp-content\/uploads\/2018\/01\/patrimonio-1.jpg","contentUrl":"https:\/\/www.interoleo.com\/wp-content\/uploads\/2018\/01\/patrimonio-1.jpg","width":1181,"height":787,"caption":"cof"},{"@type":"BreadcrumbList","@id":"https:\/\/www.interoleo.com\/en\/olivar-patrimonio-humanidad\/#breadcrumb","itemListElement":[{"@type":"ListItem","position":1,"name":"Portada","item":"https:\/\/www.interoleo.com\/en\/"},{"@type":"ListItem","position":2,"name":"Grupo Inter\u00f3leo recoge el diploma de adhesi\u00f3n a la candidatura del Paisaje del Olivar Andaluz como Patrimonio de la Humanidad por la Unesco"}]},{"@type":"WebSite","@id":"https:\/\/www.interoleo.com\/en\/#website","url":"https:\/\/www.interoleo.com\/en\/","name":"Grupo Inter\u00f3leo","description":"Grupo Inter\u00f3leo comercializador de aceite de oliva a granel","potentialAction":[{"@type":"SearchAction","target":{"@type":"EntryPoint","urlTemplate":"https:\/\/www.interoleo.com\/en\/?s={search_term_string}"},"query-input":{"@type":"PropertyValueSpecification","valueRequired":true,"valueName":"search_term_string"}}],"inLanguage":"en-US"},{"@type":"Person","@id":"https:\/\/www.interoleo.com\/en\/#\/schema\/person\/b38839767920504f85d0555e5244a76d","name":"Interoleo Picual","image":{"@type":"ImageObject","inLanguage":"en-US","@id":"https:\/\/www.interoleo.com\/en\/#\/schema\/person\/image\/","url":"https:\/\/secure.gravatar.com\/avatar\/9d9b88888a963e3b9235bbd165d9c050?s=96&d=mm&r=g","contentUrl":"https:\/\/secure.gravatar.com\/avatar\/9d9b88888a963e3b9235bbd165d9c050?s=96&d=mm&r=g","caption":"Interoleo Picual"},"url":"https:\/\/www.interoleo.com\/en\/author\/interoleo\/"}]}},"jetpack_publicize_connections":[],"jetpack_featured_media_url":"https:\/\/www.interoleo.com\/wp-content\/uploads\/2018\/01\/patrimonio-1.jpg","jetpack_shortlink":"https:\/\/wp.me\/p7R8ws-wi","jetpack_sharing_enabled":true,"_links":{"self":[{"href":"https:\/\/www.interoleo.com\/en\/wp-json\/wp\/v2\/posts\/2002","targetHints":{"allow":["GET"]}}],"collection":[{"href":"https:\/\/www.interoleo.com\/en\/wp-json\/wp\/v2\/posts"}],"about":[{"href":"https:\/\/www.interoleo.com\/en\/wp-json\/wp\/v2\/types\/post"}],"author":[{"embeddable":true,"href":"https:\/\/www.interoleo.com\/en\/wp-json\/wp\/v2\/users\/2"}],"replies":[{"embeddable":true,"href":"https:\/\/www.interoleo.com\/en\/wp-json\/wp\/v2\/comments?post=2002"}],"version-history":[{"count":3,"href":"https:\/\/www.interoleo.com\/en\/wp-json\/wp\/v2\/posts\/2002\/revisions"}],"predecessor-version":[{"id":2014,"href":"https:\/\/www.interoleo.com\/en\/wp-json\/wp\/v2\/posts\/2002\/revisions\/2014"}],"wp:featuredmedia":[{"embeddable":true,"href":"https:\/\/www.interoleo.com\/en\/wp-json\/wp\/v2\/media\/2005"}],"wp:attachment":[{"href":"https:\/\/www.interoleo.com\/en\/wp-json\/wp\/v2\/media?parent=2002"}],"wp:term":[{"taxonomy":"category","embeddable":true,"href":"https:\/\/www.interoleo.com\/en\/wp-json\/wp\/v2\/categories?post=2002"},{"taxonomy":"post_tag","embeddable":true,"href":"https:\/\/www.interoleo.com\/en\/wp-json\/wp\/v2\/tags?post=2002"}],"curies":[{"name":"wp","href":"https:\/\/api.w.org\/{rel}","templated":true}]}}