{"id":2007,"date":"2018-01-19T12:01:46","date_gmt":"2018-01-19T12:01:46","guid":{"rendered":"http:\/\/www.interoleo.com\/?p=2007"},"modified":"2018-01-24T18:18:31","modified_gmt":"2018-01-24T18:18:31","slug":"interoleo-futuro-aove","status":"publish","type":"post","link":"https:\/\/www.interoleo.com\/en\/interoleo-futuro-aove\/","title":{"rendered":"Juan Gadeo, presidente de Grupo Inter\u00f3leo, destaca la importancia de la concentraci\u00f3n en el futuro del aceite de oliva virgen extra"},"content":{"rendered":"<p>Un futuro optimista, pero ante el que no debemos ser demasiado conformistas. As\u00ed de claro y conciso se expres\u00f3 el presidente de Grupo Inter\u00f3leo, Juan Gadeo, que destac\u00f3 la importancia de la concentraci\u00f3n de la oferta y de la comercializaci\u00f3n de cara al medio y largo plazo del aceite de oliva virgen extra. Lo hizo en la mesa redonda celebrada en la Universidad de Ja\u00e9n dentro de la jornada sobre &#8220;La econom\u00eda del aceite de oliva&#8221; organizada por Cajamar. Mesa redonda que cont\u00f3 tambi\u00e9n con la participaci\u00f3n de responsables de Dcoop, Ja\u00e9ncoop y Olivar de Segura.<\/p>\n<p>Juan Gadeo afirm\u00f3 durante su intervenci\u00f3n que se hab\u00eda roto un mito con el precio del aceite de oliva y que, en un mundo tan globalizado, cuando el consumidor conoce el producto es capaz de comprarlo a un precio justo y razonable, muy por encima, incluso, de los precios medios que est\u00e1n marcados diariamente en el sistema Pool Red en Espa\u00f1a. Por ese motivo, estim\u00f3 que los pasos que tiene que\u00a0<span class=\"text_exposed_show\">darse en un futuro inmediato tienen que ir encaminados a mejorar la concentraci\u00f3n de la oferta y, sobre todo, a internacionalizar todav\u00eda m\u00e1s las empresas y a gestionar de una manera eficaz y profesional. <\/span><\/p>\n<p><span class=\"text_exposed_show\">Y el ejemplo, dijo Juan Gadeo, lo tenemos muy cerca de nosotros, en las empresas aceiteras italianas, que manejan muy bien la comunicaci\u00f3n, los canales de distribuci\u00f3n, la calidad, la presentaci\u00f3n\u00a0y el precio, que va en consonancia con el producto. De ah\u00ed que nuestra apuesta como Grupo Inter\u00f3leo pasa, inexorablemente, por reforzar la profesionalizaci\u00f3n de la gesti\u00f3n; ahondar en la concentraci\u00f3n de la oferta; fidelizar a los consumidores y afianzar los mercados, tanto nacionales como internacionales,\u00a0para seguir aumentando el consumo de aceite de oliva virgen extra. Una din\u00e1mica de trabajo con la que, hasta ahora, hemos llegado a convertirnos en uno de los principales grupos comercializadores del mundo.<\/span><\/p>\n<p><iframe src=\"https:\/\/www.youtube.com\/embed\/cTLlKw_sRKM\" width=\"560\" height=\"315\" frameborder=\"0\" allowfullscreen=\"allowfullscreen\"><\/iframe><\/p>\n","protected":false},"excerpt":{"rendered":"<p>Un futuro optimista, pero ante el que no debemos ser demasiado conformistas. As\u00ed de claro y conciso se expres\u00f3 el presidente de Grupo Inter\u00f3leo, Juan Gadeo, que destac\u00f3 la importancia de la concentraci\u00f3n de la oferta y de la comercializaci\u00f3n de cara al medio y largo plazo del aceite de oliva virgen extra. Lo hizo &hellip; <\/p>\n<p class=\"link-more\"><a href=\"https:\/\/www.interoleo.com\/en\/interoleo-futuro-aove\/\" class=\"more-link\">Read more<span class=\"screen-reader-text\"> &#8220;Juan Gadeo, presidente de Grupo Inter\u00f3leo, destaca la importancia de la concentraci\u00f3n en el futuro del aceite de oliva virgen extra&#8221;<\/span><\/a><\/p>\n","protected":false},"author":2,"featured_media":2008,"comment_status":"closed","ping_status":"closed","sticky":false,"template":"","format":"standard","meta":{"jetpack_post_was_ever_published":false,"_jetpack_newsletter_access":"","_jetpack_dont_email_post_to_subs":false,"_jetpack_newsletter_tier_id":0,"_jetpack_memberships_contains_paywalled_content":false,"_jetpack_memberships_contains_paid_content":false,"footnotes":"","jetpack_publicize_message":"","jetpack_publicize_feature_enabled":true,"jetpack_social_post_already_shared":true,"jetpack_social_options":{"image_generator_settings":{"template":"highway","default_image_id":0,"font":"","enabled":false},"version":2}},"categories":[3,4,7],"tags":[156,188,210,58,73,35,215,23,44,18,19,14,24,83,33,45],"class_list":["post-2007","post","type-post","status-publish","format-standard","has-post-thumbnail","hentry","category-aceite-de-oliva","category-actualidad","category-noticias-interoleo","tag-aceite-de-oliva","tag-aceite-de-oliva-virgen-extra","tag-aove","tag-calidad","tag-comercializacion","tag-concentracion-de-la-oferta","tag-futuro-del-aove","tag-gerente-de-interoleo","tag-grupo-interoleo","tag-juan-gadeo","tag-presidente-de-interoleo","tag-produccion","tag-retos-de-futuro","tag-sector-olivarero","tag-venta-de-aceite-de-oliva","tag-venta-en-terceros-paises"],"yoast_head":"<!-- This site is optimized with the Yoast SEO plugin v26.0 - https:\/\/yoast.com\/wordpress\/plugins\/seo\/ -->\n<title>Inter\u00f3leo destaca la importancia de la concentraci\u00f3n en el futuro del AOVE<\/title>\n<meta name=\"description\" content=\"El presidente de Grupo Inter\u00f3leo destaca la importancia de la concentraci\u00f3n de la oferta para el futuro del aceite de oliva\" \/>\n<meta name=\"robots\" content=\"index, follow, max-snippet:-1, max-image-preview:large, max-video-preview:-1\" \/>\n<link rel=\"canonical\" href=\"https:\/\/www.interoleo.com\/en\/interoleo-futuro-aove\/\" \/>\n<meta property=\"og:locale\" content=\"en_US\" \/>\n<meta property=\"og:type\" content=\"article\" \/>\n<meta property=\"og:title\" content=\"Inter\u00f3leo destaca la importancia de la concentraci\u00f3n en el futuro del AOVE\" \/>\n<meta property=\"og:description\" content=\"El presidente de Grupo Inter\u00f3leo destaca la importancia de la concentraci\u00f3n de la oferta para el futuro del aceite de oliva\" \/>\n<meta property=\"og:url\" content=\"https:\/\/www.interoleo.com\/en\/interoleo-futuro-aove\/\" \/>\n<meta property=\"og:site_name\" content=\"Grupo Inter\u00f3leo\" \/>\n<meta property=\"article:published_time\" content=\"2018-01-19T12:01:46+00:00\" \/>\n<meta property=\"article:modified_time\" content=\"2018-01-24T18:18:31+00:00\" \/>\n<meta property=\"og:image\" content=\"https:\/\/www.interoleo.com\/wp-content\/uploads\/2018\/01\/mesa.jpg\" \/>\n\t<meta property=\"og:image:width\" content=\"1181\" \/>\n\t<meta property=\"og:image:height\" content=\"787\" \/>\n\t<meta property=\"og:image:type\" content=\"image\/jpeg\" \/>\n<meta name=\"author\" content=\"Interoleo Picual\" \/>\n<meta name=\"twitter:card\" content=\"summary_large_image\" \/>\n<meta name=\"twitter:label1\" content=\"Written by\" \/>\n\t<meta name=\"twitter:data1\" content=\"Interoleo Picual\" \/>\n\t<meta name=\"twitter:label2\" content=\"Est. reading time\" \/>\n\t<meta name=\"twitter:data2\" content=\"2 minutes\" \/>\n<script type=\"application\/ld+json\" class=\"yoast-schema-graph\">{\"@context\":\"https:\/\/schema.org\",\"@graph\":[{\"@type\":\"WebPage\",\"@id\":\"https:\/\/www.interoleo.com\/en\/interoleo-futuro-aove\/\",\"url\":\"https:\/\/www.interoleo.com\/en\/interoleo-futuro-aove\/\",\"name\":\"Inter\u00f3leo destaca la importancia de la concentraci\u00f3n en el futuro del AOVE\",\"isPartOf\":{\"@id\":\"https:\/\/www.interoleo.com\/en\/#website\"},\"primaryImageOfPage\":{\"@id\":\"https:\/\/www.interoleo.com\/en\/interoleo-futuro-aove\/#primaryimage\"},\"image\":{\"@id\":\"https:\/\/www.interoleo.com\/en\/interoleo-futuro-aove\/#primaryimage\"},\"thumbnailUrl\":\"https:\/\/www.interoleo.com\/wp-content\/uploads\/2018\/01\/mesa.jpg\",\"datePublished\":\"2018-01-19T12:01:46+00:00\",\"dateModified\":\"2018-01-24T18:18:31+00:00\",\"author\":{\"@id\":\"https:\/\/www.interoleo.com\/en\/#\/schema\/person\/b38839767920504f85d0555e5244a76d\"},\"description\":\"El presidente de Grupo Inter\u00f3leo destaca la importancia de la concentraci\u00f3n de la oferta para el futuro del aceite de oliva\",\"breadcrumb\":{\"@id\":\"https:\/\/www.interoleo.com\/en\/interoleo-futuro-aove\/#breadcrumb\"},\"inLanguage\":\"en-US\",\"potentialAction\":[{\"@type\":\"ReadAction\",\"target\":[\"https:\/\/www.interoleo.com\/en\/interoleo-futuro-aove\/\"]}]},{\"@type\":\"ImageObject\",\"inLanguage\":\"en-US\",\"@id\":\"https:\/\/www.interoleo.com\/en\/interoleo-futuro-aove\/#primaryimage\",\"url\":\"https:\/\/www.interoleo.com\/wp-content\/uploads\/2018\/01\/mesa.jpg\",\"contentUrl\":\"https:\/\/www.interoleo.com\/wp-content\/uploads\/2018\/01\/mesa.jpg\",\"width\":1181,\"height\":787,\"caption\":\"dav\"},{\"@type\":\"BreadcrumbList\",\"@id\":\"https:\/\/www.interoleo.com\/en\/interoleo-futuro-aove\/#breadcrumb\",\"itemListElement\":[{\"@type\":\"ListItem\",\"position\":1,\"name\":\"Portada\",\"item\":\"https:\/\/www.interoleo.com\/en\/\"},{\"@type\":\"ListItem\",\"position\":2,\"name\":\"Juan Gadeo, presidente de Grupo Inter\u00f3leo, destaca la importancia de la concentraci\u00f3n en el futuro del aceite de oliva virgen extra\"}]},{\"@type\":\"WebSite\",\"@id\":\"https:\/\/www.interoleo.com\/en\/#website\",\"url\":\"https:\/\/www.interoleo.com\/en\/\",\"name\":\"Grupo Inter\u00f3leo\",\"description\":\"Grupo Inter\u00f3leo comercializador de aceite de oliva a granel\",\"potentialAction\":[{\"@type\":\"SearchAction\",\"target\":{\"@type\":\"EntryPoint\",\"urlTemplate\":\"https:\/\/www.interoleo.com\/en\/?s={search_term_string}\"},\"query-input\":{\"@type\":\"PropertyValueSpecification\",\"valueRequired\":true,\"valueName\":\"search_term_string\"}}],\"inLanguage\":\"en-US\"},{\"@type\":\"Person\",\"@id\":\"https:\/\/www.interoleo.com\/en\/#\/schema\/person\/b38839767920504f85d0555e5244a76d\",\"name\":\"Interoleo Picual\",\"image\":{\"@type\":\"ImageObject\",\"inLanguage\":\"en-US\",\"@id\":\"https:\/\/www.interoleo.com\/en\/#\/schema\/person\/image\/\",\"url\":\"https:\/\/secure.gravatar.com\/avatar\/9d9b88888a963e3b9235bbd165d9c050?s=96&d=mm&r=g\",\"contentUrl\":\"https:\/\/secure.gravatar.com\/avatar\/9d9b88888a963e3b9235bbd165d9c050?s=96&d=mm&r=g\",\"caption\":\"Interoleo Picual\"},\"url\":\"https:\/\/www.interoleo.com\/en\/author\/interoleo\/\"}]}<\/script>\n<!-- \/ Yoast SEO plugin. -->","yoast_head_json":{"title":"Inter\u00f3leo destaca la importancia de la concentraci\u00f3n en el futuro del AOVE","description":"El presidente de Grupo Inter\u00f3leo destaca la importancia de la concentraci\u00f3n de la oferta para el futuro del aceite de oliva","robots":{"index":"index","follow":"follow","max-snippet":"max-snippet:-1","max-image-preview":"max-image-preview:large","max-video-preview":"max-video-preview:-1"},"canonical":"https:\/\/www.interoleo.com\/en\/interoleo-futuro-aove\/","og_locale":"en_US","og_type":"article","og_title":"Inter\u00f3leo destaca la importancia de la concentraci\u00f3n en el futuro del AOVE","og_description":"El presidente de Grupo Inter\u00f3leo destaca la importancia de la concentraci\u00f3n de la oferta para el futuro del aceite de oliva","og_url":"https:\/\/www.interoleo.com\/en\/interoleo-futuro-aove\/","og_site_name":"Grupo Inter\u00f3leo","article_published_time":"2018-01-19T12:01:46+00:00","article_modified_time":"2018-01-24T18:18:31+00:00","og_image":[{"width":1181,"height":787,"url":"https:\/\/www.interoleo.com\/wp-content\/uploads\/2018\/01\/mesa.jpg","type":"image\/jpeg"}],"author":"Interoleo Picual","twitter_card":"summary_large_image","twitter_misc":{"Written by":"Interoleo Picual","Est. reading time":"2 minutes"},"schema":{"@context":"https:\/\/schema.org","@graph":[{"@type":"WebPage","@id":"https:\/\/www.interoleo.com\/en\/interoleo-futuro-aove\/","url":"https:\/\/www.interoleo.com\/en\/interoleo-futuro-aove\/","name":"Inter\u00f3leo destaca la importancia de la concentraci\u00f3n en el futuro del AOVE","isPartOf":{"@id":"https:\/\/www.interoleo.com\/en\/#website"},"primaryImageOfPage":{"@id":"https:\/\/www.interoleo.com\/en\/interoleo-futuro-aove\/#primaryimage"},"image":{"@id":"https:\/\/www.interoleo.com\/en\/interoleo-futuro-aove\/#primaryimage"},"thumbnailUrl":"https:\/\/www.interoleo.com\/wp-content\/uploads\/2018\/01\/mesa.jpg","datePublished":"2018-01-19T12:01:46+00:00","dateModified":"2018-01-24T18:18:31+00:00","author":{"@id":"https:\/\/www.interoleo.com\/en\/#\/schema\/person\/b38839767920504f85d0555e5244a76d"},"description":"El presidente de Grupo Inter\u00f3leo destaca la importancia de la concentraci\u00f3n de la oferta para el futuro del aceite de oliva","breadcrumb":{"@id":"https:\/\/www.interoleo.com\/en\/interoleo-futuro-aove\/#breadcrumb"},"inLanguage":"en-US","potentialAction":[{"@type":"ReadAction","target":["https:\/\/www.interoleo.com\/en\/interoleo-futuro-aove\/"]}]},{"@type":"ImageObject","inLanguage":"en-US","@id":"https:\/\/www.interoleo.com\/en\/interoleo-futuro-aove\/#primaryimage","url":"https:\/\/www.interoleo.com\/wp-content\/uploads\/2018\/01\/mesa.jpg","contentUrl":"https:\/\/www.interoleo.com\/wp-content\/uploads\/2018\/01\/mesa.jpg","width":1181,"height":787,"caption":"dav"},{"@type":"BreadcrumbList","@id":"https:\/\/www.interoleo.com\/en\/interoleo-futuro-aove\/#breadcrumb","itemListElement":[{"@type":"ListItem","position":1,"name":"Portada","item":"https:\/\/www.interoleo.com\/en\/"},{"@type":"ListItem","position":2,"name":"Juan Gadeo, presidente de Grupo Inter\u00f3leo, destaca la importancia de la concentraci\u00f3n en el futuro del aceite de oliva virgen extra"}]},{"@type":"WebSite","@id":"https:\/\/www.interoleo.com\/en\/#website","url":"https:\/\/www.interoleo.com\/en\/","name":"Grupo Inter\u00f3leo","description":"Grupo Inter\u00f3leo comercializador de aceite de oliva a granel","potentialAction":[{"@type":"SearchAction","target":{"@type":"EntryPoint","urlTemplate":"https:\/\/www.interoleo.com\/en\/?s={search_term_string}"},"query-input":{"@type":"PropertyValueSpecification","valueRequired":true,"valueName":"search_term_string"}}],"inLanguage":"en-US"},{"@type":"Person","@id":"https:\/\/www.interoleo.com\/en\/#\/schema\/person\/b38839767920504f85d0555e5244a76d","name":"Interoleo Picual","image":{"@type":"ImageObject","inLanguage":"en-US","@id":"https:\/\/www.interoleo.com\/en\/#\/schema\/person\/image\/","url":"https:\/\/secure.gravatar.com\/avatar\/9d9b88888a963e3b9235bbd165d9c050?s=96&d=mm&r=g","contentUrl":"https:\/\/secure.gravatar.com\/avatar\/9d9b88888a963e3b9235bbd165d9c050?s=96&d=mm&r=g","caption":"Interoleo Picual"},"url":"https:\/\/www.interoleo.com\/en\/author\/interoleo\/"}]}},"jetpack_publicize_connections":[],"jetpack_featured_media_url":"https:\/\/www.interoleo.com\/wp-content\/uploads\/2018\/01\/mesa.jpg","jetpack_shortlink":"https:\/\/wp.me\/p7R8ws-wn","jetpack_sharing_enabled":true,"_links":{"self":[{"href":"https:\/\/www.interoleo.com\/en\/wp-json\/wp\/v2\/posts\/2007","targetHints":{"allow":["GET"]}}],"collection":[{"href":"https:\/\/www.interoleo.com\/en\/wp-json\/wp\/v2\/posts"}],"about":[{"href":"https:\/\/www.interoleo.com\/en\/wp-json\/wp\/v2\/types\/post"}],"author":[{"embeddable":true,"href":"https:\/\/www.interoleo.com\/en\/wp-json\/wp\/v2\/users\/2"}],"replies":[{"embeddable":true,"href":"https:\/\/www.interoleo.com\/en\/wp-json\/wp\/v2\/comments?post=2007"}],"version-history":[{"count":4,"href":"https:\/\/www.interoleo.com\/en\/wp-json\/wp\/v2\/posts\/2007\/revisions"}],"predecessor-version":[{"id":2012,"href":"https:\/\/www.interoleo.com\/en\/wp-json\/wp\/v2\/posts\/2007\/revisions\/2012"}],"wp:featuredmedia":[{"embeddable":true,"href":"https:\/\/www.interoleo.com\/en\/wp-json\/wp\/v2\/media\/2008"}],"wp:attachment":[{"href":"https:\/\/www.interoleo.com\/en\/wp-json\/wp\/v2\/media?parent=2007"}],"wp:term":[{"taxonomy":"category","embeddable":true,"href":"https:\/\/www.interoleo.com\/en\/wp-json\/wp\/v2\/categories?post=2007"},{"taxonomy":"post_tag","embeddable":true,"href":"https:\/\/www.interoleo.com\/en\/wp-json\/wp\/v2\/tags?post=2007"}],"curies":[{"name":"wp","href":"https:\/\/api.w.org\/{rel}","templated":true}]}}