{"id":207,"date":"2016-08-02T08:32:05","date_gmt":"2016-08-02T08:32:05","guid":{"rendered":"http:\/\/88.12.48.28\/webs\/interoleo\/web\/?p=207"},"modified":"2016-08-02T08:32:05","modified_gmt":"2016-08-02T08:32:05","slug":"raphael-disenara-la-etiqueta-del-primer-dia-cosecha-aceite-castillo-canena","status":"publish","type":"post","link":"https:\/\/www.interoleo.com\/en\/raphael-disenara-la-etiqueta-del-primer-dia-cosecha-aceite-castillo-canena\/","title":{"rendered":"Raphael dise\u00f1ar\u00e1 la etiqueta del primer d\u00eda cosecha de Aceite Castillo de Canena"},"content":{"rendered":"<p>El cantante <strong>Raphael<\/strong> dise\u00f1ar\u00e1 este a\u00f1o la prestigiosa etiqueta del primer d\u00eda de cosecha de la empresa jiennense <strong>Aceite Castillo de Canena<\/strong>, en una edici\u00f3n que alcanza su d\u00e9cimo aniversario.<\/p>\n<p>&#8220;Es un honor que el cantante de Linares haya aceptado ser el dise\u00f1ador de la etiqueta de esta exclusiva y limitada colecci\u00f3n de botellas de medio litro de aceite de oliva virgen extra de cosecha temprana que ser\u00e1 exportado a decenas de pa\u00edses&#8221;, ha declarado el director general de Castillo de Canena, <strong>Francisco Va\u00f1\u00f3.<\/strong><\/p>\n<p>En ediciones anteriores artistas como <strong>Alejandro Sanz,<\/strong>\u00a0el piloto de F\u00f3rmula 1, <strong>Fernando Alonso<\/strong> o el jugador de la NBA, <strong>Pau Gasol<\/strong>, entre otros, han dise\u00f1ado esta etiqueta.<\/p>\n<p>Con esta etiqueta, que mostrar\u00e1n las botellas de la producci\u00f3n limitada de 10.000 unidades de medio litro de la variedad picual, mayoritaria en la provincia de Ja\u00e9n, y otras 10.000 de la variedad arbequina, se pretende que el autor refleje lo que le sugiere el primer d\u00eda de cosecha de aceite de oliva.<\/p>\n<p>Va\u00f1\u00f3 ha mostrado su &#8220;satisfacci\u00f3n&#8221; por esta elecci\u00f3n, pues &#8220;en este d\u00e9cimo aniversario quer\u00edamos que la etiqueta la dise\u00f1ara una persona muy vinculada a Ja\u00e9n y que fuera un artista de fama mundial que est\u00e1 muy orgulloso de sus ra\u00edces por haber nacido en Linares&#8221;.<\/p>\n<p>Adem\u00e1s, el responsable de Castillo de Canena destaca que Raphael es &#8220;el mejor artista que tenemos y es un enamorado del aceite de oliva, muy vinculado con su ciudad y con la sociedad linarense y con la provincia de Ja\u00e9n&#8221;.<\/p>\n<p>El borrador de la etiqueta es el de una fotograf\u00eda del cantante en un escenario y rodeado de p\u00fablico, puesto que, en palabras de Francisco Va\u00f1\u00f3, &#8220;su p\u00fablico, sus admiradores, es una de las cosas que m\u00e1s quiere y por lo que se mantiene durante tantos a\u00f1os sobre los escenarios este gran artista&#8221;.<\/p>\n<p>La presentaci\u00f3n oficial de este primer d\u00eda de cosecha de Castillo de Canena tendr\u00e1 lugar el pr\u00f3ximo <strong>d\u00eda 12 de noviembre<\/strong> en el Teatro Real de Madrid, en un acto al que asistir\u00e1n personalidades del mundo del aceite de oliva, de la pol\u00edtica y de otras organizaciones sociales.<\/p>\n<p>Este primer d\u00eda de cosecha est\u00e1 elaborado a partir de un cuidado proceso de selecci\u00f3n de las mejores aceitunas de la variedad picual y arbequina, que son recolectadas en el punto \u00f3ptimo de maduraci\u00f3n y transportadas a la almazara en un periodo de tiempo m\u00ednimo.<\/p>\n<p><img fetchpriority=\"high\" decoding=\"async\" class=\"alignnone size-medium wp-image-208\" src=\"http:\/\/88.12.48.28\/webs\/interoleo\/web\/wp-content\/uploads\/2016\/08\/aceite-castillo-canena-3-300x176.jpg\" alt=\"aceite-castillo-canena-3\" width=\"300\" height=\"176\" srcset=\"https:\/\/www.interoleo.com\/wp-content\/uploads\/2016\/08\/aceite-castillo-canena-3-300x176.jpg 300w, https:\/\/www.interoleo.com\/wp-content\/uploads\/2016\/08\/aceite-castillo-canena-3.jpg 591w\" sizes=\"(max-width: 300px) 100vw, 300px\" \/><\/p>\n","protected":false},"excerpt":{"rendered":"<p>El cantante Raphael dise\u00f1ar\u00e1 este a\u00f1o la prestigiosa etiqueta del primer d\u00eda de cosecha de la empresa jiennense Aceite Castillo de Canena, en una edici\u00f3n que alcanza su d\u00e9cimo aniversario. &#8220;Es un honor que el cantante de Linares haya aceptado ser el dise\u00f1ador de la etiqueta de esta exclusiva y limitada colecci\u00f3n de botellas de &hellip; <\/p>\n<p class=\"link-more\"><a href=\"https:\/\/www.interoleo.com\/en\/raphael-disenara-la-etiqueta-del-primer-dia-cosecha-aceite-castillo-canena\/\" class=\"more-link\">Read more<span class=\"screen-reader-text\"> &#8220;Raphael dise\u00f1ar\u00e1 la etiqueta del primer d\u00eda cosecha de Aceite Castillo de Canena&#8221;<\/span><\/a><\/p>\n","protected":false},"author":1,"featured_media":0,"comment_status":"closed","ping_status":"closed","sticky":false,"template":"","format":"standard","meta":{"jetpack_post_was_ever_published":false,"_jetpack_newsletter_access":"","_jetpack_dont_email_post_to_subs":false,"_jetpack_newsletter_tier_id":0,"_jetpack_memberships_contains_paywalled_content":false,"_jetpack_memberships_contains_paid_content":false,"footnotes":"","jetpack_publicize_message":"","jetpack_publicize_feature_enabled":true,"jetpack_social_post_already_shared":false,"jetpack_social_options":{"image_generator_settings":{"template":"highway","default_image_id":0,"font":"","enabled":false},"version":2}},"categories":[4],"tags":[],"class_list":["post-207","post","type-post","status-publish","format-standard","hentry","category-actualidad"],"yoast_head":"<!-- This site is optimized with the Yoast SEO plugin v26.0 - https:\/\/yoast.com\/wordpress\/plugins\/seo\/ -->\n<title>Raphael dise\u00f1ar\u00e1 la etiqueta de Aceite Castillo de Canena<\/title>\n<meta name=\"description\" content=\"El cantante Raphael dise\u00f1ar\u00e1 este a\u00f1o la prestigiosa etiqueta del primer d\u00eda de cosecha de la empresa jiennense Aceite Castillo de Canena, en una edici\u00f3n...\" \/>\n<meta name=\"robots\" content=\"index, follow, max-snippet:-1, max-image-preview:large, max-video-preview:-1\" \/>\n<link rel=\"canonical\" href=\"https:\/\/www.interoleo.com\/en\/raphael-disenara-la-etiqueta-del-primer-dia-cosecha-aceite-castillo-canena\/\" \/>\n<meta property=\"og:locale\" content=\"en_US\" \/>\n<meta property=\"og:type\" content=\"article\" \/>\n<meta property=\"og:title\" content=\"Raphael dise\u00f1ar\u00e1 la etiqueta de Aceite Castillo de Canena\" \/>\n<meta property=\"og:description\" content=\"El cantante Raphael dise\u00f1ar\u00e1 este a\u00f1o la prestigiosa etiqueta del primer d\u00eda de cosecha de la empresa jiennense Aceite Castillo de Canena, en una edici\u00f3n...\" \/>\n<meta property=\"og:url\" content=\"https:\/\/www.interoleo.com\/en\/raphael-disenara-la-etiqueta-del-primer-dia-cosecha-aceite-castillo-canena\/\" \/>\n<meta property=\"og:site_name\" content=\"Grupo Inter\u00f3leo\" \/>\n<meta property=\"article:published_time\" content=\"2016-08-02T08:32:05+00:00\" \/>\n<meta property=\"og:image\" content=\"http:\/\/88.12.48.28\/webs\/interoleo\/web\/wp-content\/uploads\/2016\/08\/aceite-castillo-canena-3-300x176.jpg\" \/>\n<meta name=\"author\" content=\"admin\" \/>\n<meta name=\"twitter:card\" content=\"summary_large_image\" \/>\n<meta name=\"twitter:label1\" content=\"Written by\" \/>\n\t<meta name=\"twitter:data1\" content=\"admin\" \/>\n\t<meta name=\"twitter:label2\" content=\"Est. reading time\" \/>\n\t<meta name=\"twitter:data2\" content=\"2 minutes\" \/>\n<script type=\"application\/ld+json\" class=\"yoast-schema-graph\">{\"@context\":\"https:\/\/schema.org\",\"@graph\":[{\"@type\":\"WebPage\",\"@id\":\"https:\/\/www.interoleo.com\/en\/raphael-disenara-la-etiqueta-del-primer-dia-cosecha-aceite-castillo-canena\/\",\"url\":\"https:\/\/www.interoleo.com\/en\/raphael-disenara-la-etiqueta-del-primer-dia-cosecha-aceite-castillo-canena\/\",\"name\":\"Raphael dise\u00f1ar\u00e1 la etiqueta de Aceite Castillo de Canena\",\"isPartOf\":{\"@id\":\"https:\/\/www.interoleo.com\/en\/#website\"},\"primaryImageOfPage\":{\"@id\":\"https:\/\/www.interoleo.com\/en\/raphael-disenara-la-etiqueta-del-primer-dia-cosecha-aceite-castillo-canena\/#primaryimage\"},\"image\":{\"@id\":\"https:\/\/www.interoleo.com\/en\/raphael-disenara-la-etiqueta-del-primer-dia-cosecha-aceite-castillo-canena\/#primaryimage\"},\"thumbnailUrl\":\"http:\/\/88.12.48.28\/webs\/interoleo\/web\/wp-content\/uploads\/2016\/08\/aceite-castillo-canena-3-300x176.jpg\",\"datePublished\":\"2016-08-02T08:32:05+00:00\",\"author\":{\"@id\":\"https:\/\/www.interoleo.com\/en\/#\/schema\/person\/f99693fc38ce605f463dc5d58909df2a\"},\"description\":\"El cantante Raphael dise\u00f1ar\u00e1 este a\u00f1o la prestigiosa etiqueta del primer d\u00eda de cosecha de la empresa jiennense Aceite Castillo de Canena, en una edici\u00f3n...\",\"breadcrumb\":{\"@id\":\"https:\/\/www.interoleo.com\/en\/raphael-disenara-la-etiqueta-del-primer-dia-cosecha-aceite-castillo-canena\/#breadcrumb\"},\"inLanguage\":\"en-US\",\"potentialAction\":[{\"@type\":\"ReadAction\",\"target\":[\"https:\/\/www.interoleo.com\/en\/raphael-disenara-la-etiqueta-del-primer-dia-cosecha-aceite-castillo-canena\/\"]}]},{\"@type\":\"ImageObject\",\"inLanguage\":\"en-US\",\"@id\":\"https:\/\/www.interoleo.com\/en\/raphael-disenara-la-etiqueta-del-primer-dia-cosecha-aceite-castillo-canena\/#primaryimage\",\"url\":\"http:\/\/88.12.48.28\/webs\/interoleo\/web\/wp-content\/uploads\/2016\/08\/aceite-castillo-canena-3-300x176.jpg\",\"contentUrl\":\"http:\/\/88.12.48.28\/webs\/interoleo\/web\/wp-content\/uploads\/2016\/08\/aceite-castillo-canena-3-300x176.jpg\"},{\"@type\":\"BreadcrumbList\",\"@id\":\"https:\/\/www.interoleo.com\/en\/raphael-disenara-la-etiqueta-del-primer-dia-cosecha-aceite-castillo-canena\/#breadcrumb\",\"itemListElement\":[{\"@type\":\"ListItem\",\"position\":1,\"name\":\"Portada\",\"item\":\"https:\/\/www.interoleo.com\/en\/\"},{\"@type\":\"ListItem\",\"position\":2,\"name\":\"Raphael dise\u00f1ar\u00e1 la etiqueta del primer d\u00eda cosecha de Aceite Castillo de Canena\"}]},{\"@type\":\"WebSite\",\"@id\":\"https:\/\/www.interoleo.com\/en\/#website\",\"url\":\"https:\/\/www.interoleo.com\/en\/\",\"name\":\"Grupo Inter\u00f3leo\",\"description\":\"Grupo Inter\u00f3leo comercializador de aceite de oliva a granel\",\"potentialAction\":[{\"@type\":\"SearchAction\",\"target\":{\"@type\":\"EntryPoint\",\"urlTemplate\":\"https:\/\/www.interoleo.com\/en\/?s={search_term_string}\"},\"query-input\":{\"@type\":\"PropertyValueSpecification\",\"valueRequired\":true,\"valueName\":\"search_term_string\"}}],\"inLanguage\":\"en-US\"},{\"@type\":\"Person\",\"@id\":\"https:\/\/www.interoleo.com\/en\/#\/schema\/person\/f99693fc38ce605f463dc5d58909df2a\",\"name\":\"admin\",\"image\":{\"@type\":\"ImageObject\",\"inLanguage\":\"en-US\",\"@id\":\"https:\/\/www.interoleo.com\/en\/#\/schema\/person\/image\/\",\"url\":\"https:\/\/secure.gravatar.com\/avatar\/7e985868c8f2fc8c9b5e292d3d038423?s=96&d=mm&r=g\",\"contentUrl\":\"https:\/\/secure.gravatar.com\/avatar\/7e985868c8f2fc8c9b5e292d3d038423?s=96&d=mm&r=g\",\"caption\":\"admin\"},\"url\":\"https:\/\/www.interoleo.com\/en\/author\/admin\/\"}]}<\/script>\n<!-- \/ Yoast SEO plugin. -->","yoast_head_json":{"title":"Raphael dise\u00f1ar\u00e1 la etiqueta de Aceite Castillo de Canena","description":"El cantante Raphael dise\u00f1ar\u00e1 este a\u00f1o la prestigiosa etiqueta del primer d\u00eda de cosecha de la empresa jiennense Aceite Castillo de Canena, en una edici\u00f3n...","robots":{"index":"index","follow":"follow","max-snippet":"max-snippet:-1","max-image-preview":"max-image-preview:large","max-video-preview":"max-video-preview:-1"},"canonical":"https:\/\/www.interoleo.com\/en\/raphael-disenara-la-etiqueta-del-primer-dia-cosecha-aceite-castillo-canena\/","og_locale":"en_US","og_type":"article","og_title":"Raphael dise\u00f1ar\u00e1 la etiqueta de Aceite Castillo de Canena","og_description":"El cantante Raphael dise\u00f1ar\u00e1 este a\u00f1o la prestigiosa etiqueta del primer d\u00eda de cosecha de la empresa jiennense Aceite Castillo de Canena, en una edici\u00f3n...","og_url":"https:\/\/www.interoleo.com\/en\/raphael-disenara-la-etiqueta-del-primer-dia-cosecha-aceite-castillo-canena\/","og_site_name":"Grupo Inter\u00f3leo","article_published_time":"2016-08-02T08:32:05+00:00","og_image":[{"url":"http:\/\/88.12.48.28\/webs\/interoleo\/web\/wp-content\/uploads\/2016\/08\/aceite-castillo-canena-3-300x176.jpg","type":"","width":"","height":""}],"author":"admin","twitter_card":"summary_large_image","twitter_misc":{"Written by":"admin","Est. reading time":"2 minutes"},"schema":{"@context":"https:\/\/schema.org","@graph":[{"@type":"WebPage","@id":"https:\/\/www.interoleo.com\/en\/raphael-disenara-la-etiqueta-del-primer-dia-cosecha-aceite-castillo-canena\/","url":"https:\/\/www.interoleo.com\/en\/raphael-disenara-la-etiqueta-del-primer-dia-cosecha-aceite-castillo-canena\/","name":"Raphael dise\u00f1ar\u00e1 la etiqueta de Aceite Castillo de Canena","isPartOf":{"@id":"https:\/\/www.interoleo.com\/en\/#website"},"primaryImageOfPage":{"@id":"https:\/\/www.interoleo.com\/en\/raphael-disenara-la-etiqueta-del-primer-dia-cosecha-aceite-castillo-canena\/#primaryimage"},"image":{"@id":"https:\/\/www.interoleo.com\/en\/raphael-disenara-la-etiqueta-del-primer-dia-cosecha-aceite-castillo-canena\/#primaryimage"},"thumbnailUrl":"http:\/\/88.12.48.28\/webs\/interoleo\/web\/wp-content\/uploads\/2016\/08\/aceite-castillo-canena-3-300x176.jpg","datePublished":"2016-08-02T08:32:05+00:00","author":{"@id":"https:\/\/www.interoleo.com\/en\/#\/schema\/person\/f99693fc38ce605f463dc5d58909df2a"},"description":"El cantante Raphael dise\u00f1ar\u00e1 este a\u00f1o la prestigiosa etiqueta del primer d\u00eda de cosecha de la empresa jiennense Aceite Castillo de Canena, en una edici\u00f3n...","breadcrumb":{"@id":"https:\/\/www.interoleo.com\/en\/raphael-disenara-la-etiqueta-del-primer-dia-cosecha-aceite-castillo-canena\/#breadcrumb"},"inLanguage":"en-US","potentialAction":[{"@type":"ReadAction","target":["https:\/\/www.interoleo.com\/en\/raphael-disenara-la-etiqueta-del-primer-dia-cosecha-aceite-castillo-canena\/"]}]},{"@type":"ImageObject","inLanguage":"en-US","@id":"https:\/\/www.interoleo.com\/en\/raphael-disenara-la-etiqueta-del-primer-dia-cosecha-aceite-castillo-canena\/#primaryimage","url":"http:\/\/88.12.48.28\/webs\/interoleo\/web\/wp-content\/uploads\/2016\/08\/aceite-castillo-canena-3-300x176.jpg","contentUrl":"http:\/\/88.12.48.28\/webs\/interoleo\/web\/wp-content\/uploads\/2016\/08\/aceite-castillo-canena-3-300x176.jpg"},{"@type":"BreadcrumbList","@id":"https:\/\/www.interoleo.com\/en\/raphael-disenara-la-etiqueta-del-primer-dia-cosecha-aceite-castillo-canena\/#breadcrumb","itemListElement":[{"@type":"ListItem","position":1,"name":"Portada","item":"https:\/\/www.interoleo.com\/en\/"},{"@type":"ListItem","position":2,"name":"Raphael dise\u00f1ar\u00e1 la etiqueta del primer d\u00eda cosecha de Aceite Castillo de Canena"}]},{"@type":"WebSite","@id":"https:\/\/www.interoleo.com\/en\/#website","url":"https:\/\/www.interoleo.com\/en\/","name":"Grupo Inter\u00f3leo","description":"Grupo Inter\u00f3leo comercializador de aceite de oliva a granel","potentialAction":[{"@type":"SearchAction","target":{"@type":"EntryPoint","urlTemplate":"https:\/\/www.interoleo.com\/en\/?s={search_term_string}"},"query-input":{"@type":"PropertyValueSpecification","valueRequired":true,"valueName":"search_term_string"}}],"inLanguage":"en-US"},{"@type":"Person","@id":"https:\/\/www.interoleo.com\/en\/#\/schema\/person\/f99693fc38ce605f463dc5d58909df2a","name":"admin","image":{"@type":"ImageObject","inLanguage":"en-US","@id":"https:\/\/www.interoleo.com\/en\/#\/schema\/person\/image\/","url":"https:\/\/secure.gravatar.com\/avatar\/7e985868c8f2fc8c9b5e292d3d038423?s=96&d=mm&r=g","contentUrl":"https:\/\/secure.gravatar.com\/avatar\/7e985868c8f2fc8c9b5e292d3d038423?s=96&d=mm&r=g","caption":"admin"},"url":"https:\/\/www.interoleo.com\/en\/author\/admin\/"}]}},"jetpack_publicize_connections":[],"jetpack_featured_media_url":"","jetpack_shortlink":"https:\/\/wp.me\/p7R8ws-3l","jetpack_sharing_enabled":true,"_links":{"self":[{"href":"https:\/\/www.interoleo.com\/en\/wp-json\/wp\/v2\/posts\/207","targetHints":{"allow":["GET"]}}],"collection":[{"href":"https:\/\/www.interoleo.com\/en\/wp-json\/wp\/v2\/posts"}],"about":[{"href":"https:\/\/www.interoleo.com\/en\/wp-json\/wp\/v2\/types\/post"}],"author":[{"embeddable":true,"href":"https:\/\/www.interoleo.com\/en\/wp-json\/wp\/v2\/users\/1"}],"replies":[{"embeddable":true,"href":"https:\/\/www.interoleo.com\/en\/wp-json\/wp\/v2\/comments?post=207"}],"version-history":[{"count":1,"href":"https:\/\/www.interoleo.com\/en\/wp-json\/wp\/v2\/posts\/207\/revisions"}],"predecessor-version":[{"id":209,"href":"https:\/\/www.interoleo.com\/en\/wp-json\/wp\/v2\/posts\/207\/revisions\/209"}],"wp:attachment":[{"href":"https:\/\/www.interoleo.com\/en\/wp-json\/wp\/v2\/media?parent=207"}],"wp:term":[{"taxonomy":"category","embeddable":true,"href":"https:\/\/www.interoleo.com\/en\/wp-json\/wp\/v2\/categories?post=207"},{"taxonomy":"post_tag","embeddable":true,"href":"https:\/\/www.interoleo.com\/en\/wp-json\/wp\/v2\/tags?post=207"}],"curies":[{"name":"wp","href":"https:\/\/api.w.org\/{rel}","templated":true}]}}