{"id":214,"date":"2016-08-02T08:40:36","date_gmt":"2016-08-02T08:40:36","guid":{"rendered":"http:\/\/88.12.48.28\/webs\/interoleo\/web\/?p=214"},"modified":"2016-08-11T07:29:47","modified_gmt":"2016-08-11T07:29:47","slug":"interoleo-adquiere-dimension-nacional-la-incorporacion-una-almazara-castilla-la-mancha","status":"publish","type":"post","link":"https:\/\/www.interoleo.com\/en\/interoleo-adquiere-dimension-nacional-la-incorporacion-una-almazara-castilla-la-mancha\/","title":{"rendered":"Inter\u00f3leo adquiere dimensi\u00f3n nacional con la incorporaci\u00f3n de una almazara de Castilla la Mancha"},"content":{"rendered":"<p><sub><strong><em>Inter\u00f3leo se convierte en la segunda entidad nacional con car\u00e1cter supraregional tras la entrada de Agroindustrial Domingo S\u00e1nchez,\u00a0<\/em><\/strong><\/sub><sub><strong><em>S. L., una almazara de Piedrabuena (Ciudad Real) con 250 oleicultores-clientes y <\/em><\/strong><\/sub><sub><strong><em>una capacidad de molturaci\u00f3n de 200.000 kilos de aceituna al d\u00eda, que apuesta por el modelo profesional de gesti\u00f3n de graneles v\u00eda concentraci\u00f3n de la oferta que ha consolidado Inter\u00f3leo<\/em><\/strong><\/sub><\/p>\n<p>Inter\u00f3leo adquiere dimensi\u00f3n nacional con la incorporaci\u00f3n de una almazara de Castilla la Mancha. Se trata de<strong> Agroindustrial Domingo S\u00e1nchez S.L.,<\/strong> y con ella <strong>Inter\u00f3leo se convierte en la segunda entidad de Espa\u00f1a<\/strong> que concentra la oferta de manera supraregional, superando las fronteras no solo de Ja\u00e9n sino tambi\u00e9n de Andaluc\u00eda. El modelo profesional con el que comercializa su aceite Inter\u00f3leo es generador de confianza para gestionar los graneles v\u00eda concentraci\u00f3n de la oferta, algo que ha calado en Agroindustrial Domingo S\u00e1nchez S. L. y que mantiene el inter\u00e9s de varias cooperativas y almazaras de Andaluc\u00eda y de otras comunidades aut\u00f3nomas.<\/p>\n<p>Agroindustrial Domingo S\u00e1nchez S. L. es una sociedad limitada de <strong>Ciudad Real<\/strong> que <strong>cuenta con 8 tolvas de recepci\u00f3n y una capacidad de molturaci\u00f3n diaria actual de 200.000 kilos de aceituna<\/strong>, aunque tiene una previsi\u00f3n, a medio plazo, de producir 1,5 millones de kilos de aceite molturando 7 millones de aceitunas por campa\u00f1a. El <strong>n\u00famero de agricultores-clientes asciende a 250<\/strong>, que en algunos casos llevan la aceituna desde el origen de la empresa, all\u00e1 por el a\u00f1o 1994, primero como punto de compra y ahora como almazara. Situada en Piedrabuena (Ciudad Real), el 80% de la molturaci\u00f3n proviene de la comarca de la Siberia extreme\u00f1a, al este de la provincia de Badajoz y oeste de Ciudad Real. Entre sus variedades destacan la aceituna corniche, cornicabra, verdial de Badajoz y tambi\u00e9n picual.<\/p>\n<p>El <strong>gerente de la almazara manchega, Domingo S\u00e1nchez<\/strong>, explica que la gesti\u00f3n profesional de las ventas que mantiene Inter\u00f3leo ha sido la clave para decidir su incorporaci\u00f3n en el grupo. &#8220;En nuestro caso particular, somos una almazara peque\u00f1a con muchas \u00e1reas que atender, sobre todo en plena campa\u00f1a. La labor de ventas requiere un seguimiento de las variables del mercado muy preciso que necesita una gesti\u00f3n profesional. Tambi\u00e9n creo importante la uni\u00f3n de la producci\u00f3n para conseguir mejores precios en el mercado y la parte de la central de compras y la informaci\u00f3n de la evoluci\u00f3n del mercado para marcar precios por encima de la media. Todo eso nos ha llevado a incorporarnos a Inter\u00f3leo, una buena decisi\u00f3n desde mi punto de vista&#8221;, explica Domingo S\u00e1nchez.<\/p>\n<p>La relaci\u00f3n que mantiene Agroindustrial Domingo S\u00e1nchez S. L., con sus agricultores-clientes se basa en la confianza mutua y un trabajo con el que se pretende pagar la aceituna lo mejor posible en funci\u00f3n de la calidad y del rendimiento. El \u00faltimo paso, la venta al mejor precio en el mercado, es lo que ha llevado a la almazara a integrarse en Inter\u00f3leo, sobre todo porque &#8220;entendemos que la uni\u00f3n de las almazaras y las cooperativas es una necesidad que con Inter\u00f3leo ya es una aut\u00e9ntica realidad. Una oferta unida es buena para atemperar los vaivenes de los precios, tanto a la baja como al alza, y la pol\u00edtica de Inter\u00f3leo permite negociar durante todo el a\u00f1o. Adem\u00e1s, tiene una estructura muy flexible que se adapta tanto a las necesidades de las cooperativas como de los industriales, dando un trato particularizado a todos&#8221;, resalta Domingo S\u00e1nchez.<\/p>\n<p>Para Inter\u00f3leo, la incorporaci\u00f3n de la primera almazara fuera de Andaluc\u00eda es fundamental en el camino emprendido por la concentraci\u00f3n. &#8220;Nuestro modelo est\u00e1 m\u00e1s que consolidado y es generador de confianza para la gesti\u00f3n de los graneles a trav\u00e9s de una oferta \u00fanica. Esta almazara de Ciudad Real ha valorado otras opciones para la gesti\u00f3n de ventas de sus aceites a granel ha estimado oportuno integrarse en nuestra empresa por la trasparencia y profesionalidad con la que estamos trabajando desde nuestros comienzos. Adem\u00e1s, es un paso muy importante por cuanto en las pr\u00f3ximas semanas se dar\u00e1n nuevas incorporaciones de otras cooperativas y almazaras, puesto que sigue habiendo un gran inter\u00e9s de productores no solo de Ja\u00e9n sino tambi\u00e9n de otras comunidades aut\u00f3nomas&#8221;, confirma el <strong>Presidente de Inter\u00f3leo, Juan Gadeo<\/strong>.<\/p>\n<p><img fetchpriority=\"high\" decoding=\"async\" class=\"size-medium wp-image-215 aligncenter\" src=\"http:\/\/88.12.48.28\/webs\/interoleo\/web\/wp-content\/uploads\/2016\/08\/Interoleo-Seguimos-Avanzando-211x300.jpg\" alt=\"Interoleo Seguimos Avanzando\" width=\"211\" height=\"300\" srcset=\"https:\/\/www.interoleo.com\/wp-content\/uploads\/2016\/08\/Interoleo-Seguimos-Avanzando-211x300.jpg 211w, https:\/\/www.interoleo.com\/wp-content\/uploads\/2016\/08\/Interoleo-Seguimos-Avanzando-600x851.jpg 600w, https:\/\/www.interoleo.com\/wp-content\/uploads\/2016\/08\/Interoleo-Seguimos-Avanzando-768x1090.jpg 768w, https:\/\/www.interoleo.com\/wp-content\/uploads\/2016\/08\/Interoleo-Seguimos-Avanzando-722x1024.jpg 722w, https:\/\/www.interoleo.com\/wp-content\/uploads\/2016\/08\/Interoleo-Seguimos-Avanzando-1200x1703.jpg 1200w, https:\/\/www.interoleo.com\/wp-content\/uploads\/2016\/08\/Interoleo-Seguimos-Avanzando.jpg 1748w\" sizes=\"(max-width: 211px) 100vw, 211px\" \/><\/p>\n","protected":false},"excerpt":{"rendered":"<p>Inter\u00f3leo se convierte en la segunda entidad nacional con car\u00e1cter supraregional tras la entrada de Agroindustrial Domingo S\u00e1nchez,\u00a0S. L., una almazara de Piedrabuena (Ciudad Real) con 250 oleicultores-clientes y una capacidad de molturaci\u00f3n de 200.000 kilos de aceituna al d\u00eda, que apuesta por el modelo profesional de gesti\u00f3n de graneles v\u00eda concentraci\u00f3n de la oferta &hellip; <\/p>\n<p class=\"link-more\"><a href=\"https:\/\/www.interoleo.com\/en\/interoleo-adquiere-dimension-nacional-la-incorporacion-una-almazara-castilla-la-mancha\/\" class=\"more-link\">Read more<span class=\"screen-reader-text\"> &#8220;Inter\u00f3leo adquiere dimensi\u00f3n nacional con la incorporaci\u00f3n de una almazara de Castilla la Mancha&#8221;<\/span><\/a><\/p>\n","protected":false},"author":1,"featured_media":562,"comment_status":"closed","ping_status":"closed","sticky":false,"template":"","format":"standard","meta":{"jetpack_post_was_ever_published":false,"_jetpack_newsletter_access":"","_jetpack_dont_email_post_to_subs":false,"_jetpack_newsletter_tier_id":0,"_jetpack_memberships_contains_paywalled_content":false,"_jetpack_memberships_contains_paid_content":false,"footnotes":"","jetpack_publicize_message":"","jetpack_publicize_feature_enabled":true,"jetpack_social_post_already_shared":false,"jetpack_social_options":{"image_generator_settings":{"template":"highway","default_image_id":0,"font":"","enabled":false},"version":2}},"categories":[4],"tags":[],"class_list":["post-214","post","type-post","status-publish","format-standard","has-post-thumbnail","hentry","category-actualidad"],"yoast_head":"<!-- This site is optimized with the Yoast SEO plugin v26.0 - https:\/\/yoast.com\/wordpress\/plugins\/seo\/ -->\n<title>Inter\u00f3leo adquiere dimensi\u00f3n nacional con la incorporaci\u00f3n de una almazara<\/title>\n<meta name=\"description\" content=\"con la incorporaci\u00f3n de una almazara de Castilla la Mancha. Se trata de Agroindustrial Domingo S\u00e1nchez S.L., y con ella Inter\u00f3leo se convierte en la ...\" \/>\n<meta name=\"robots\" content=\"index, follow, max-snippet:-1, max-image-preview:large, max-video-preview:-1\" \/>\n<link rel=\"canonical\" href=\"https:\/\/www.interoleo.com\/en\/interoleo-adquiere-dimension-nacional-la-incorporacion-una-almazara-castilla-la-mancha\/\" \/>\n<meta property=\"og:locale\" content=\"en_US\" \/>\n<meta property=\"og:type\" content=\"article\" \/>\n<meta property=\"og:title\" content=\"Inter\u00f3leo adquiere dimensi\u00f3n nacional con la incorporaci\u00f3n de una almazara\" \/>\n<meta property=\"og:description\" content=\"con la incorporaci\u00f3n de una almazara de Castilla la Mancha. Se trata de Agroindustrial Domingo S\u00e1nchez S.L., y con ella Inter\u00f3leo se convierte en la ...\" \/>\n<meta property=\"og:url\" content=\"https:\/\/www.interoleo.com\/en\/interoleo-adquiere-dimension-nacional-la-incorporacion-una-almazara-castilla-la-mancha\/\" \/>\n<meta property=\"og:site_name\" content=\"Grupo Inter\u00f3leo\" \/>\n<meta property=\"article:published_time\" content=\"2016-08-02T08:40:36+00:00\" \/>\n<meta property=\"article:modified_time\" content=\"2016-08-11T07:29:47+00:00\" \/>\n<meta property=\"og:image\" content=\"https:\/\/www.interoleo.com\/wp-content\/uploads\/2016\/08\/prueba4.jpg\" \/>\n\t<meta property=\"og:image:width\" content=\"1110\" \/>\n\t<meta property=\"og:image:height\" content=\"550\" \/>\n\t<meta property=\"og:image:type\" content=\"image\/jpeg\" \/>\n<meta name=\"author\" content=\"admin\" \/>\n<meta name=\"twitter:card\" content=\"summary_large_image\" \/>\n<meta name=\"twitter:label1\" content=\"Written by\" \/>\n\t<meta name=\"twitter:data1\" content=\"admin\" \/>\n\t<meta name=\"twitter:label2\" content=\"Est. reading time\" \/>\n\t<meta name=\"twitter:data2\" content=\"4 minutes\" \/>\n<script type=\"application\/ld+json\" class=\"yoast-schema-graph\">{\"@context\":\"https:\/\/schema.org\",\"@graph\":[{\"@type\":\"WebPage\",\"@id\":\"https:\/\/www.interoleo.com\/en\/interoleo-adquiere-dimension-nacional-la-incorporacion-una-almazara-castilla-la-mancha\/\",\"url\":\"https:\/\/www.interoleo.com\/en\/interoleo-adquiere-dimension-nacional-la-incorporacion-una-almazara-castilla-la-mancha\/\",\"name\":\"Inter\u00f3leo adquiere dimensi\u00f3n nacional con la incorporaci\u00f3n de una almazara\",\"isPartOf\":{\"@id\":\"https:\/\/www.interoleo.com\/en\/#website\"},\"primaryImageOfPage\":{\"@id\":\"https:\/\/www.interoleo.com\/en\/interoleo-adquiere-dimension-nacional-la-incorporacion-una-almazara-castilla-la-mancha\/#primaryimage\"},\"image\":{\"@id\":\"https:\/\/www.interoleo.com\/en\/interoleo-adquiere-dimension-nacional-la-incorporacion-una-almazara-castilla-la-mancha\/#primaryimage\"},\"thumbnailUrl\":\"https:\/\/www.interoleo.com\/wp-content\/uploads\/2016\/08\/prueba4.jpg\",\"datePublished\":\"2016-08-02T08:40:36+00:00\",\"dateModified\":\"2016-08-11T07:29:47+00:00\",\"author\":{\"@id\":\"https:\/\/www.interoleo.com\/en\/#\/schema\/person\/f99693fc38ce605f463dc5d58909df2a\"},\"description\":\"con la incorporaci\u00f3n de una almazara de Castilla la Mancha. Se trata de Agroindustrial Domingo S\u00e1nchez S.L., y con ella Inter\u00f3leo se convierte en la ...\",\"breadcrumb\":{\"@id\":\"https:\/\/www.interoleo.com\/en\/interoleo-adquiere-dimension-nacional-la-incorporacion-una-almazara-castilla-la-mancha\/#breadcrumb\"},\"inLanguage\":\"en-US\",\"potentialAction\":[{\"@type\":\"ReadAction\",\"target\":[\"https:\/\/www.interoleo.com\/en\/interoleo-adquiere-dimension-nacional-la-incorporacion-una-almazara-castilla-la-mancha\/\"]}]},{\"@type\":\"ImageObject\",\"inLanguage\":\"en-US\",\"@id\":\"https:\/\/www.interoleo.com\/en\/interoleo-adquiere-dimension-nacional-la-incorporacion-una-almazara-castilla-la-mancha\/#primaryimage\",\"url\":\"https:\/\/www.interoleo.com\/wp-content\/uploads\/2016\/08\/prueba4.jpg\",\"contentUrl\":\"https:\/\/www.interoleo.com\/wp-content\/uploads\/2016\/08\/prueba4.jpg\",\"width\":1110,\"height\":550},{\"@type\":\"BreadcrumbList\",\"@id\":\"https:\/\/www.interoleo.com\/en\/interoleo-adquiere-dimension-nacional-la-incorporacion-una-almazara-castilla-la-mancha\/#breadcrumb\",\"itemListElement\":[{\"@type\":\"ListItem\",\"position\":1,\"name\":\"Portada\",\"item\":\"https:\/\/www.interoleo.com\/en\/\"},{\"@type\":\"ListItem\",\"position\":2,\"name\":\"Inter\u00f3leo adquiere dimensi\u00f3n nacional con la incorporaci\u00f3n de una almazara de Castilla la Mancha\"}]},{\"@type\":\"WebSite\",\"@id\":\"https:\/\/www.interoleo.com\/en\/#website\",\"url\":\"https:\/\/www.interoleo.com\/en\/\",\"name\":\"Grupo Inter\u00f3leo\",\"description\":\"Grupo Inter\u00f3leo comercializador de aceite de oliva a granel\",\"potentialAction\":[{\"@type\":\"SearchAction\",\"target\":{\"@type\":\"EntryPoint\",\"urlTemplate\":\"https:\/\/www.interoleo.com\/en\/?s={search_term_string}\"},\"query-input\":{\"@type\":\"PropertyValueSpecification\",\"valueRequired\":true,\"valueName\":\"search_term_string\"}}],\"inLanguage\":\"en-US\"},{\"@type\":\"Person\",\"@id\":\"https:\/\/www.interoleo.com\/en\/#\/schema\/person\/f99693fc38ce605f463dc5d58909df2a\",\"name\":\"admin\",\"image\":{\"@type\":\"ImageObject\",\"inLanguage\":\"en-US\",\"@id\":\"https:\/\/www.interoleo.com\/en\/#\/schema\/person\/image\/\",\"url\":\"https:\/\/secure.gravatar.com\/avatar\/7e985868c8f2fc8c9b5e292d3d038423?s=96&d=mm&r=g\",\"contentUrl\":\"https:\/\/secure.gravatar.com\/avatar\/7e985868c8f2fc8c9b5e292d3d038423?s=96&d=mm&r=g\",\"caption\":\"admin\"},\"url\":\"https:\/\/www.interoleo.com\/en\/author\/admin\/\"}]}<\/script>\n<!-- \/ Yoast SEO plugin. -->","yoast_head_json":{"title":"Inter\u00f3leo adquiere dimensi\u00f3n nacional con la incorporaci\u00f3n de una almazara","description":"con la incorporaci\u00f3n de una almazara de Castilla la Mancha. Se trata de Agroindustrial Domingo S\u00e1nchez S.L., y con ella Inter\u00f3leo se convierte en la ...","robots":{"index":"index","follow":"follow","max-snippet":"max-snippet:-1","max-image-preview":"max-image-preview:large","max-video-preview":"max-video-preview:-1"},"canonical":"https:\/\/www.interoleo.com\/en\/interoleo-adquiere-dimension-nacional-la-incorporacion-una-almazara-castilla-la-mancha\/","og_locale":"en_US","og_type":"article","og_title":"Inter\u00f3leo adquiere dimensi\u00f3n nacional con la incorporaci\u00f3n de una almazara","og_description":"con la incorporaci\u00f3n de una almazara de Castilla la Mancha. Se trata de Agroindustrial Domingo S\u00e1nchez S.L., y con ella Inter\u00f3leo se convierte en la ...","og_url":"https:\/\/www.interoleo.com\/en\/interoleo-adquiere-dimension-nacional-la-incorporacion-una-almazara-castilla-la-mancha\/","og_site_name":"Grupo Inter\u00f3leo","article_published_time":"2016-08-02T08:40:36+00:00","article_modified_time":"2016-08-11T07:29:47+00:00","og_image":[{"width":1110,"height":550,"url":"https:\/\/www.interoleo.com\/wp-content\/uploads\/2016\/08\/prueba4.jpg","type":"image\/jpeg"}],"author":"admin","twitter_card":"summary_large_image","twitter_misc":{"Written by":"admin","Est. reading time":"4 minutes"},"schema":{"@context":"https:\/\/schema.org","@graph":[{"@type":"WebPage","@id":"https:\/\/www.interoleo.com\/en\/interoleo-adquiere-dimension-nacional-la-incorporacion-una-almazara-castilla-la-mancha\/","url":"https:\/\/www.interoleo.com\/en\/interoleo-adquiere-dimension-nacional-la-incorporacion-una-almazara-castilla-la-mancha\/","name":"Inter\u00f3leo adquiere dimensi\u00f3n nacional con la incorporaci\u00f3n de una almazara","isPartOf":{"@id":"https:\/\/www.interoleo.com\/en\/#website"},"primaryImageOfPage":{"@id":"https:\/\/www.interoleo.com\/en\/interoleo-adquiere-dimension-nacional-la-incorporacion-una-almazara-castilla-la-mancha\/#primaryimage"},"image":{"@id":"https:\/\/www.interoleo.com\/en\/interoleo-adquiere-dimension-nacional-la-incorporacion-una-almazara-castilla-la-mancha\/#primaryimage"},"thumbnailUrl":"https:\/\/www.interoleo.com\/wp-content\/uploads\/2016\/08\/prueba4.jpg","datePublished":"2016-08-02T08:40:36+00:00","dateModified":"2016-08-11T07:29:47+00:00","author":{"@id":"https:\/\/www.interoleo.com\/en\/#\/schema\/person\/f99693fc38ce605f463dc5d58909df2a"},"description":"con la incorporaci\u00f3n de una almazara de Castilla la Mancha. Se trata de Agroindustrial Domingo S\u00e1nchez S.L., y con ella Inter\u00f3leo se convierte en la ...","breadcrumb":{"@id":"https:\/\/www.interoleo.com\/en\/interoleo-adquiere-dimension-nacional-la-incorporacion-una-almazara-castilla-la-mancha\/#breadcrumb"},"inLanguage":"en-US","potentialAction":[{"@type":"ReadAction","target":["https:\/\/www.interoleo.com\/en\/interoleo-adquiere-dimension-nacional-la-incorporacion-una-almazara-castilla-la-mancha\/"]}]},{"@type":"ImageObject","inLanguage":"en-US","@id":"https:\/\/www.interoleo.com\/en\/interoleo-adquiere-dimension-nacional-la-incorporacion-una-almazara-castilla-la-mancha\/#primaryimage","url":"https:\/\/www.interoleo.com\/wp-content\/uploads\/2016\/08\/prueba4.jpg","contentUrl":"https:\/\/www.interoleo.com\/wp-content\/uploads\/2016\/08\/prueba4.jpg","width":1110,"height":550},{"@type":"BreadcrumbList","@id":"https:\/\/www.interoleo.com\/en\/interoleo-adquiere-dimension-nacional-la-incorporacion-una-almazara-castilla-la-mancha\/#breadcrumb","itemListElement":[{"@type":"ListItem","position":1,"name":"Portada","item":"https:\/\/www.interoleo.com\/en\/"},{"@type":"ListItem","position":2,"name":"Inter\u00f3leo adquiere dimensi\u00f3n nacional con la incorporaci\u00f3n de una almazara de Castilla la Mancha"}]},{"@type":"WebSite","@id":"https:\/\/www.interoleo.com\/en\/#website","url":"https:\/\/www.interoleo.com\/en\/","name":"Grupo Inter\u00f3leo","description":"Grupo Inter\u00f3leo comercializador de aceite de oliva a granel","potentialAction":[{"@type":"SearchAction","target":{"@type":"EntryPoint","urlTemplate":"https:\/\/www.interoleo.com\/en\/?s={search_term_string}"},"query-input":{"@type":"PropertyValueSpecification","valueRequired":true,"valueName":"search_term_string"}}],"inLanguage":"en-US"},{"@type":"Person","@id":"https:\/\/www.interoleo.com\/en\/#\/schema\/person\/f99693fc38ce605f463dc5d58909df2a","name":"admin","image":{"@type":"ImageObject","inLanguage":"en-US","@id":"https:\/\/www.interoleo.com\/en\/#\/schema\/person\/image\/","url":"https:\/\/secure.gravatar.com\/avatar\/7e985868c8f2fc8c9b5e292d3d038423?s=96&d=mm&r=g","contentUrl":"https:\/\/secure.gravatar.com\/avatar\/7e985868c8f2fc8c9b5e292d3d038423?s=96&d=mm&r=g","caption":"admin"},"url":"https:\/\/www.interoleo.com\/en\/author\/admin\/"}]}},"jetpack_publicize_connections":[],"jetpack_featured_media_url":"https:\/\/www.interoleo.com\/wp-content\/uploads\/2016\/08\/prueba4.jpg","jetpack_shortlink":"https:\/\/wp.me\/p7R8ws-3s","jetpack_sharing_enabled":true,"_links":{"self":[{"href":"https:\/\/www.interoleo.com\/en\/wp-json\/wp\/v2\/posts\/214","targetHints":{"allow":["GET"]}}],"collection":[{"href":"https:\/\/www.interoleo.com\/en\/wp-json\/wp\/v2\/posts"}],"about":[{"href":"https:\/\/www.interoleo.com\/en\/wp-json\/wp\/v2\/types\/post"}],"author":[{"embeddable":true,"href":"https:\/\/www.interoleo.com\/en\/wp-json\/wp\/v2\/users\/1"}],"replies":[{"embeddable":true,"href":"https:\/\/www.interoleo.com\/en\/wp-json\/wp\/v2\/comments?post=214"}],"version-history":[{"count":1,"href":"https:\/\/www.interoleo.com\/en\/wp-json\/wp\/v2\/posts\/214\/revisions"}],"predecessor-version":[{"id":216,"href":"https:\/\/www.interoleo.com\/en\/wp-json\/wp\/v2\/posts\/214\/revisions\/216"}],"wp:featuredmedia":[{"embeddable":true,"href":"https:\/\/www.interoleo.com\/en\/wp-json\/wp\/v2\/media\/562"}],"wp:attachment":[{"href":"https:\/\/www.interoleo.com\/en\/wp-json\/wp\/v2\/media?parent=214"}],"wp:term":[{"taxonomy":"category","embeddable":true,"href":"https:\/\/www.interoleo.com\/en\/wp-json\/wp\/v2\/categories?post=214"},{"taxonomy":"post_tag","embeddable":true,"href":"https:\/\/www.interoleo.com\/en\/wp-json\/wp\/v2\/tags?post=214"}],"curies":[{"name":"wp","href":"https:\/\/api.w.org\/{rel}","templated":true}]}}