{"id":217,"date":"2016-08-02T08:45:08","date_gmt":"2016-08-02T08:45:08","guid":{"rendered":"http:\/\/88.12.48.28\/webs\/interoleo\/web\/?p=217"},"modified":"2016-08-11T07:29:22","modified_gmt":"2016-08-11T07:29:22","slug":"interoleo-gana-fuerza-la-incorporacion-la-sca-san-isidro-labrador-canena","status":"publish","type":"post","link":"https:\/\/www.interoleo.com\/en\/interoleo-gana-fuerza-la-incorporacion-la-sca-san-isidro-labrador-canena\/","title":{"rendered":"Inter\u00f3leo gana fuerza con la incorporaci\u00f3n de la SCA San Isidro Labrador de Canena"},"content":{"rendered":"<p><strong><em>El presidente de la cooperativa, Juan Francisco Moreno, destaca la profesionalidad y la transparencia en las operaciones de Inter\u00f3leo como claves para que la asamblea general aprobara la incorporaci\u00f3n por unanimidad<\/em><\/strong><\/p>\n<p>Suma y sigue. Inter\u00f3leo crece exponencialmente con la incorporaci\u00f3n del tercer nuevo socio en menos de cinco meses. Se trata de la <strong>Sociedad Cooperativa Agraria San Isidro Labrador de Canena<\/strong>, que se une as\u00ed a <strong>Nuestra Se\u00f1ora del Rosario de Fuerte del Rey<\/strong> y a <strong>Agroindustrial Domingo S\u00e1nchez de Ciudad Real<\/strong>, las \u00faltimas incorporaciones que hacen que Inter\u00f3leo gane fuerza y un mayor peso en el sector ole\u00edcola nacional. Adem\u00e1s, hay que destacar que la decisi\u00f3n de la asamblea general de la cooperativa de entrar en Inter\u00f3leo se adopt\u00f3 por unanimidad.<\/p>\n<p>El <strong>presidente de Inter\u00f3leo, Juan Gadeo<\/strong>, se muestra satisfecho con la incorporaci\u00f3n de esta nueva cooperativa. &#8220;Es muy importante para nosotros que la asamblea general de San Isidro Labrador, de forma un\u00e1nime, ratificara su incorporaci\u00f3n a nuestra empresa.<\/p>\n<p><strong>Seguimos sumando y ganando peso en el camino que nos hemos marcado<\/strong>, que no es otro que la concentraci\u00f3n de la oferta para garantizar unos buenos precios para el aceite a trav\u00e9s de decisiones profesionales, transparentes y valientes, pero sin arriesgar&#8221;, afirma Juan Gadeo.<\/p>\n<p>El <strong>presidente de la Cooperativa San Isidro Labrador, Juan Francisco Moreno<\/strong>, destaca la unanimidad de la asamblea general en la decisi\u00f3n. &#8220;Uno de los principales motivos es que no hab\u00eda duda alguna en la necesidad de entrar en un grupo como Inter\u00f3leo. Todos los socios vieron con muy buenos ojos el funcionamiento profesional y transparente de la empresa, porque seguimos siendo propietarios de nuestro aceite, que es algo fundamental, se nos respeta nuestro envasado y el riesgo es m\u00ednimo. Para nosotros ha sido clave el valor de la venta, la profesionalidad y la transparencia de las operaciones&#8221;, explica Juan Francisco Moreno. San Isidro Labrador de Canena incorpora a Inter\u00f3leo una producci\u00f3n que ronda los dos millones de kilos de aceite.<\/p>\n<p><img fetchpriority=\"high\" decoding=\"async\" class=\"size-medium wp-image-218 aligncenter\" src=\"http:\/\/88.12.48.28\/webs\/interoleo\/web\/wp-content\/uploads\/2016\/08\/Nuevo-Socio-Interoleo-300x215.jpg\" alt=\"Nuevo Socio Interoleo\" width=\"300\" height=\"215\" srcset=\"https:\/\/www.interoleo.com\/wp-content\/uploads\/2016\/08\/Nuevo-Socio-Interoleo-300x215.jpg 300w, https:\/\/www.interoleo.com\/wp-content\/uploads\/2016\/08\/Nuevo-Socio-Interoleo.jpg 368w\" sizes=\"(max-width: 300px) 100vw, 300px\" \/><\/p>\n","protected":false},"excerpt":{"rendered":"<p>El presidente de la cooperativa, Juan Francisco Moreno, destaca la profesionalidad y la transparencia en las operaciones de Inter\u00f3leo como claves para que la asamblea general aprobara la incorporaci\u00f3n por unanimidad Suma y sigue. Inter\u00f3leo crece exponencialmente con la incorporaci\u00f3n del tercer nuevo socio en menos de cinco meses. Se trata de la Sociedad Cooperativa &hellip; <\/p>\n<p class=\"link-more\"><a href=\"https:\/\/www.interoleo.com\/en\/interoleo-gana-fuerza-la-incorporacion-la-sca-san-isidro-labrador-canena\/\" class=\"more-link\">Read more<span class=\"screen-reader-text\"> &#8220;Inter\u00f3leo gana fuerza con la incorporaci\u00f3n de la SCA San Isidro Labrador de Canena&#8221;<\/span><\/a><\/p>\n","protected":false},"author":1,"featured_media":562,"comment_status":"closed","ping_status":"closed","sticky":false,"template":"","format":"standard","meta":{"jetpack_post_was_ever_published":false,"_jetpack_newsletter_access":"","_jetpack_dont_email_post_to_subs":false,"_jetpack_newsletter_tier_id":0,"_jetpack_memberships_contains_paywalled_content":false,"_jetpack_memberships_contains_paid_content":false,"footnotes":"","jetpack_publicize_message":"","jetpack_publicize_feature_enabled":true,"jetpack_social_post_already_shared":false,"jetpack_social_options":{"image_generator_settings":{"template":"highway","default_image_id":0,"font":"","enabled":false},"version":2}},"categories":[4],"tags":[],"class_list":["post-217","post","type-post","status-publish","format-standard","has-post-thumbnail","hentry","category-actualidad"],"yoast_head":"<!-- This site is optimized with the Yoast SEO plugin v26.0 - https:\/\/yoast.com\/wordpress\/plugins\/seo\/ -->\n<title>Inter\u00f3leo gana fuerza con la incorporaci\u00f3n de la SCA San Isidro Labrador de Canena<\/title>\n<meta name=\"description\" content=\"Suma y sigue. Inter\u00f3leo crece exponencialmente con la incorporaci\u00f3n del tercer nuevo socio en menos de cinco meses. Se trata de la Sociedad Cooperativa...\" \/>\n<meta name=\"robots\" content=\"index, follow, max-snippet:-1, max-image-preview:large, max-video-preview:-1\" \/>\n<link rel=\"canonical\" href=\"https:\/\/www.interoleo.com\/en\/interoleo-gana-fuerza-la-incorporacion-la-sca-san-isidro-labrador-canena\/\" \/>\n<meta property=\"og:locale\" content=\"en_US\" \/>\n<meta property=\"og:type\" content=\"article\" \/>\n<meta property=\"og:title\" content=\"Inter\u00f3leo gana fuerza con la incorporaci\u00f3n de la SCA San Isidro Labrador de Canena\" \/>\n<meta property=\"og:description\" content=\"Suma y sigue. Inter\u00f3leo crece exponencialmente con la incorporaci\u00f3n del tercer nuevo socio en menos de cinco meses. Se trata de la Sociedad Cooperativa...\" \/>\n<meta property=\"og:url\" content=\"https:\/\/www.interoleo.com\/en\/interoleo-gana-fuerza-la-incorporacion-la-sca-san-isidro-labrador-canena\/\" \/>\n<meta property=\"og:site_name\" content=\"Grupo Inter\u00f3leo\" \/>\n<meta property=\"article:published_time\" content=\"2016-08-02T08:45:08+00:00\" \/>\n<meta property=\"article:modified_time\" content=\"2016-08-11T07:29:22+00:00\" \/>\n<meta property=\"og:image\" content=\"https:\/\/www.interoleo.com\/wp-content\/uploads\/2016\/08\/prueba4.jpg\" \/>\n\t<meta property=\"og:image:width\" content=\"1110\" \/>\n\t<meta property=\"og:image:height\" content=\"550\" \/>\n\t<meta property=\"og:image:type\" content=\"image\/jpeg\" \/>\n<meta name=\"author\" content=\"admin\" \/>\n<meta name=\"twitter:card\" content=\"summary_large_image\" \/>\n<meta name=\"twitter:label1\" content=\"Written by\" \/>\n\t<meta name=\"twitter:data1\" content=\"admin\" \/>\n\t<meta name=\"twitter:label2\" content=\"Est. reading time\" \/>\n\t<meta name=\"twitter:data2\" content=\"2 minutes\" \/>\n<script type=\"application\/ld+json\" class=\"yoast-schema-graph\">{\"@context\":\"https:\/\/schema.org\",\"@graph\":[{\"@type\":\"WebPage\",\"@id\":\"https:\/\/www.interoleo.com\/en\/interoleo-gana-fuerza-la-incorporacion-la-sca-san-isidro-labrador-canena\/\",\"url\":\"https:\/\/www.interoleo.com\/en\/interoleo-gana-fuerza-la-incorporacion-la-sca-san-isidro-labrador-canena\/\",\"name\":\"Inter\u00f3leo gana fuerza con la incorporaci\u00f3n de la SCA San Isidro Labrador de Canena\",\"isPartOf\":{\"@id\":\"https:\/\/www.interoleo.com\/en\/#website\"},\"primaryImageOfPage\":{\"@id\":\"https:\/\/www.interoleo.com\/en\/interoleo-gana-fuerza-la-incorporacion-la-sca-san-isidro-labrador-canena\/#primaryimage\"},\"image\":{\"@id\":\"https:\/\/www.interoleo.com\/en\/interoleo-gana-fuerza-la-incorporacion-la-sca-san-isidro-labrador-canena\/#primaryimage\"},\"thumbnailUrl\":\"https:\/\/www.interoleo.com\/wp-content\/uploads\/2016\/08\/prueba4.jpg\",\"datePublished\":\"2016-08-02T08:45:08+00:00\",\"dateModified\":\"2016-08-11T07:29:22+00:00\",\"author\":{\"@id\":\"https:\/\/www.interoleo.com\/en\/#\/schema\/person\/f99693fc38ce605f463dc5d58909df2a\"},\"description\":\"Suma y sigue. Inter\u00f3leo crece exponencialmente con la incorporaci\u00f3n del tercer nuevo socio en menos de cinco meses. Se trata de la Sociedad Cooperativa...\",\"breadcrumb\":{\"@id\":\"https:\/\/www.interoleo.com\/en\/interoleo-gana-fuerza-la-incorporacion-la-sca-san-isidro-labrador-canena\/#breadcrumb\"},\"inLanguage\":\"en-US\",\"potentialAction\":[{\"@type\":\"ReadAction\",\"target\":[\"https:\/\/www.interoleo.com\/en\/interoleo-gana-fuerza-la-incorporacion-la-sca-san-isidro-labrador-canena\/\"]}]},{\"@type\":\"ImageObject\",\"inLanguage\":\"en-US\",\"@id\":\"https:\/\/www.interoleo.com\/en\/interoleo-gana-fuerza-la-incorporacion-la-sca-san-isidro-labrador-canena\/#primaryimage\",\"url\":\"https:\/\/www.interoleo.com\/wp-content\/uploads\/2016\/08\/prueba4.jpg\",\"contentUrl\":\"https:\/\/www.interoleo.com\/wp-content\/uploads\/2016\/08\/prueba4.jpg\",\"width\":1110,\"height\":550},{\"@type\":\"BreadcrumbList\",\"@id\":\"https:\/\/www.interoleo.com\/en\/interoleo-gana-fuerza-la-incorporacion-la-sca-san-isidro-labrador-canena\/#breadcrumb\",\"itemListElement\":[{\"@type\":\"ListItem\",\"position\":1,\"name\":\"Portada\",\"item\":\"https:\/\/www.interoleo.com\/en\/\"},{\"@type\":\"ListItem\",\"position\":2,\"name\":\"Inter\u00f3leo gana fuerza con la incorporaci\u00f3n de la SCA San Isidro Labrador de Canena\"}]},{\"@type\":\"WebSite\",\"@id\":\"https:\/\/www.interoleo.com\/en\/#website\",\"url\":\"https:\/\/www.interoleo.com\/en\/\",\"name\":\"Grupo Inter\u00f3leo\",\"description\":\"Grupo Inter\u00f3leo comercializador de aceite de oliva a granel\",\"potentialAction\":[{\"@type\":\"SearchAction\",\"target\":{\"@type\":\"EntryPoint\",\"urlTemplate\":\"https:\/\/www.interoleo.com\/en\/?s={search_term_string}\"},\"query-input\":{\"@type\":\"PropertyValueSpecification\",\"valueRequired\":true,\"valueName\":\"search_term_string\"}}],\"inLanguage\":\"en-US\"},{\"@type\":\"Person\",\"@id\":\"https:\/\/www.interoleo.com\/en\/#\/schema\/person\/f99693fc38ce605f463dc5d58909df2a\",\"name\":\"admin\",\"image\":{\"@type\":\"ImageObject\",\"inLanguage\":\"en-US\",\"@id\":\"https:\/\/www.interoleo.com\/en\/#\/schema\/person\/image\/\",\"url\":\"https:\/\/secure.gravatar.com\/avatar\/7e985868c8f2fc8c9b5e292d3d038423?s=96&d=mm&r=g\",\"contentUrl\":\"https:\/\/secure.gravatar.com\/avatar\/7e985868c8f2fc8c9b5e292d3d038423?s=96&d=mm&r=g\",\"caption\":\"admin\"},\"url\":\"https:\/\/www.interoleo.com\/en\/author\/admin\/\"}]}<\/script>\n<!-- \/ Yoast SEO plugin. -->","yoast_head_json":{"title":"Inter\u00f3leo gana fuerza con la incorporaci\u00f3n de la SCA San Isidro Labrador de Canena","description":"Suma y sigue. Inter\u00f3leo crece exponencialmente con la incorporaci\u00f3n del tercer nuevo socio en menos de cinco meses. Se trata de la Sociedad Cooperativa...","robots":{"index":"index","follow":"follow","max-snippet":"max-snippet:-1","max-image-preview":"max-image-preview:large","max-video-preview":"max-video-preview:-1"},"canonical":"https:\/\/www.interoleo.com\/en\/interoleo-gana-fuerza-la-incorporacion-la-sca-san-isidro-labrador-canena\/","og_locale":"en_US","og_type":"article","og_title":"Inter\u00f3leo gana fuerza con la incorporaci\u00f3n de la SCA San Isidro Labrador de Canena","og_description":"Suma y sigue. Inter\u00f3leo crece exponencialmente con la incorporaci\u00f3n del tercer nuevo socio en menos de cinco meses. Se trata de la Sociedad Cooperativa...","og_url":"https:\/\/www.interoleo.com\/en\/interoleo-gana-fuerza-la-incorporacion-la-sca-san-isidro-labrador-canena\/","og_site_name":"Grupo Inter\u00f3leo","article_published_time":"2016-08-02T08:45:08+00:00","article_modified_time":"2016-08-11T07:29:22+00:00","og_image":[{"width":1110,"height":550,"url":"https:\/\/www.interoleo.com\/wp-content\/uploads\/2016\/08\/prueba4.jpg","type":"image\/jpeg"}],"author":"admin","twitter_card":"summary_large_image","twitter_misc":{"Written by":"admin","Est. reading time":"2 minutes"},"schema":{"@context":"https:\/\/schema.org","@graph":[{"@type":"WebPage","@id":"https:\/\/www.interoleo.com\/en\/interoleo-gana-fuerza-la-incorporacion-la-sca-san-isidro-labrador-canena\/","url":"https:\/\/www.interoleo.com\/en\/interoleo-gana-fuerza-la-incorporacion-la-sca-san-isidro-labrador-canena\/","name":"Inter\u00f3leo gana fuerza con la incorporaci\u00f3n de la SCA San Isidro Labrador de Canena","isPartOf":{"@id":"https:\/\/www.interoleo.com\/en\/#website"},"primaryImageOfPage":{"@id":"https:\/\/www.interoleo.com\/en\/interoleo-gana-fuerza-la-incorporacion-la-sca-san-isidro-labrador-canena\/#primaryimage"},"image":{"@id":"https:\/\/www.interoleo.com\/en\/interoleo-gana-fuerza-la-incorporacion-la-sca-san-isidro-labrador-canena\/#primaryimage"},"thumbnailUrl":"https:\/\/www.interoleo.com\/wp-content\/uploads\/2016\/08\/prueba4.jpg","datePublished":"2016-08-02T08:45:08+00:00","dateModified":"2016-08-11T07:29:22+00:00","author":{"@id":"https:\/\/www.interoleo.com\/en\/#\/schema\/person\/f99693fc38ce605f463dc5d58909df2a"},"description":"Suma y sigue. Inter\u00f3leo crece exponencialmente con la incorporaci\u00f3n del tercer nuevo socio en menos de cinco meses. Se trata de la Sociedad Cooperativa...","breadcrumb":{"@id":"https:\/\/www.interoleo.com\/en\/interoleo-gana-fuerza-la-incorporacion-la-sca-san-isidro-labrador-canena\/#breadcrumb"},"inLanguage":"en-US","potentialAction":[{"@type":"ReadAction","target":["https:\/\/www.interoleo.com\/en\/interoleo-gana-fuerza-la-incorporacion-la-sca-san-isidro-labrador-canena\/"]}]},{"@type":"ImageObject","inLanguage":"en-US","@id":"https:\/\/www.interoleo.com\/en\/interoleo-gana-fuerza-la-incorporacion-la-sca-san-isidro-labrador-canena\/#primaryimage","url":"https:\/\/www.interoleo.com\/wp-content\/uploads\/2016\/08\/prueba4.jpg","contentUrl":"https:\/\/www.interoleo.com\/wp-content\/uploads\/2016\/08\/prueba4.jpg","width":1110,"height":550},{"@type":"BreadcrumbList","@id":"https:\/\/www.interoleo.com\/en\/interoleo-gana-fuerza-la-incorporacion-la-sca-san-isidro-labrador-canena\/#breadcrumb","itemListElement":[{"@type":"ListItem","position":1,"name":"Portada","item":"https:\/\/www.interoleo.com\/en\/"},{"@type":"ListItem","position":2,"name":"Inter\u00f3leo gana fuerza con la incorporaci\u00f3n de la SCA San Isidro Labrador de Canena"}]},{"@type":"WebSite","@id":"https:\/\/www.interoleo.com\/en\/#website","url":"https:\/\/www.interoleo.com\/en\/","name":"Grupo Inter\u00f3leo","description":"Grupo Inter\u00f3leo comercializador de aceite de oliva a granel","potentialAction":[{"@type":"SearchAction","target":{"@type":"EntryPoint","urlTemplate":"https:\/\/www.interoleo.com\/en\/?s={search_term_string}"},"query-input":{"@type":"PropertyValueSpecification","valueRequired":true,"valueName":"search_term_string"}}],"inLanguage":"en-US"},{"@type":"Person","@id":"https:\/\/www.interoleo.com\/en\/#\/schema\/person\/f99693fc38ce605f463dc5d58909df2a","name":"admin","image":{"@type":"ImageObject","inLanguage":"en-US","@id":"https:\/\/www.interoleo.com\/en\/#\/schema\/person\/image\/","url":"https:\/\/secure.gravatar.com\/avatar\/7e985868c8f2fc8c9b5e292d3d038423?s=96&d=mm&r=g","contentUrl":"https:\/\/secure.gravatar.com\/avatar\/7e985868c8f2fc8c9b5e292d3d038423?s=96&d=mm&r=g","caption":"admin"},"url":"https:\/\/www.interoleo.com\/en\/author\/admin\/"}]}},"jetpack_publicize_connections":[],"jetpack_featured_media_url":"https:\/\/www.interoleo.com\/wp-content\/uploads\/2016\/08\/prueba4.jpg","jetpack_shortlink":"https:\/\/wp.me\/p7R8ws-3v","jetpack_sharing_enabled":true,"_links":{"self":[{"href":"https:\/\/www.interoleo.com\/en\/wp-json\/wp\/v2\/posts\/217","targetHints":{"allow":["GET"]}}],"collection":[{"href":"https:\/\/www.interoleo.com\/en\/wp-json\/wp\/v2\/posts"}],"about":[{"href":"https:\/\/www.interoleo.com\/en\/wp-json\/wp\/v2\/types\/post"}],"author":[{"embeddable":true,"href":"https:\/\/www.interoleo.com\/en\/wp-json\/wp\/v2\/users\/1"}],"replies":[{"embeddable":true,"href":"https:\/\/www.interoleo.com\/en\/wp-json\/wp\/v2\/comments?post=217"}],"version-history":[{"count":1,"href":"https:\/\/www.interoleo.com\/en\/wp-json\/wp\/v2\/posts\/217\/revisions"}],"predecessor-version":[{"id":219,"href":"https:\/\/www.interoleo.com\/en\/wp-json\/wp\/v2\/posts\/217\/revisions\/219"}],"wp:featuredmedia":[{"embeddable":true,"href":"https:\/\/www.interoleo.com\/en\/wp-json\/wp\/v2\/media\/562"}],"wp:attachment":[{"href":"https:\/\/www.interoleo.com\/en\/wp-json\/wp\/v2\/media?parent=217"}],"wp:term":[{"taxonomy":"category","embeddable":true,"href":"https:\/\/www.interoleo.com\/en\/wp-json\/wp\/v2\/categories?post=217"},{"taxonomy":"post_tag","embeddable":true,"href":"https:\/\/www.interoleo.com\/en\/wp-json\/wp\/v2\/tags?post=217"}],"curies":[{"name":"wp","href":"https:\/\/api.w.org\/{rel}","templated":true}]}}