{"id":223,"date":"2016-08-02T08:52:08","date_gmt":"2016-08-02T08:52:08","guid":{"rendered":"http:\/\/88.12.48.28\/webs\/interoleo\/web\/?p=223"},"modified":"2016-08-11T07:28:10","modified_gmt":"2016-08-11T07:28:10","slug":"interoleo-exporta-modelo-gestion-la-world-olive-oil-exhibition","status":"publish","type":"post","link":"https:\/\/www.interoleo.com\/en\/interoleo-exporta-modelo-gestion-la-world-olive-oil-exhibition\/","title":{"rendered":"Inter\u00f3leo exporta su modelo de gesti\u00f3n en la World Olive Oil Exhibition"},"content":{"rendered":"<p>Inter\u00f3leo acudir\u00e1 por primera vez a la World Olive Oil Exhibition que se celebra en Madrid los d\u00edas 2 y 3 de marzo con el objetivo de seguir siendo referente en la comercializaci\u00f3n del aceite de oliva, una vez que ya se han situado como uno de los operadores m\u00e1s relevantes del sector a nivel nacional. Los resultados de su primera experiencia internacional con la venta de envasado en Polonia les lleva a participar en una exposici\u00f3n donde pretenden consolidar su imagen en el extranjero, aprovechando la presencia de compradores de terceros pa\u00edses, muchos de ellos mercados potenciales y emergentes. Precisamente, para profundizar en el conocimiento del aceite de oliva virgen extra de calidad excelente, Inter\u00f3leo celebrar\u00e1 en nuestro estand (B22) como en el Oilbar, catas donde degustarlo.<\/p>\n<p><img fetchpriority=\"high\" decoding=\"async\" class=\"alignnone size-medium wp-image-224\" src=\"http:\/\/88.12.48.28\/webs\/interoleo\/web\/wp-content\/uploads\/2016\/08\/Interoleo-Picual-300x200.jpg\" alt=\"Interoleo Picual\" width=\"300\" height=\"200\" srcset=\"https:\/\/www.interoleo.com\/wp-content\/uploads\/2016\/08\/Interoleo-Picual-300x200.jpg 300w, https:\/\/www.interoleo.com\/wp-content\/uploads\/2016\/08\/Interoleo-Picual-600x400.jpg 600w, https:\/\/www.interoleo.com\/wp-content\/uploads\/2016\/08\/Interoleo-Picual-768x512.jpg 768w, https:\/\/www.interoleo.com\/wp-content\/uploads\/2016\/08\/Interoleo-Picual.jpg 800w\" sizes=\"(max-width: 300px) 100vw, 300px\" \/><\/p>\n<p>El presidente del Consejo de Administraci\u00f3n de Inter\u00f3leo, Juan Gadeo, ha asegurado en una nota que la presencia de la empresa en la World Olive Oil Exhibition se enmarca su apuesta por la internacionalizaci\u00f3n del envasado.<\/p>\n<p>&#8220;Seguimos creciendo y dando pasos, pero siempre con la vista puesta en nuestro principal valor, que son los socios&#8221;, ha dicho Gadeo. De hecho la presencia en la World Olive Oil Exhibition, &#8220;nos permitir\u00e1 dar a conocer un modelo profesional, procedente del sector productor&#8221;.<\/p>\n<p>Inter\u00f3leo es un grupo comercializador de aceite de oliva a granel que nace con la forma jur\u00eddica de una sociedad an\u00f3nima en al a\u00f1o 2009.Su funci\u00f3n es la de dar respuesta a la necesidad de concentraci\u00f3n en el sector productor para mejorar las rentas de sus socios y optimizar la toma de decisiones y el desarrollo de la actividad diaria.<\/p>\n<p>Inter\u00f3leo dirige sus esfuerzos hacia dos actividades principales, como Central de Ventas para comercializar el aceite producido por sus socios y como Central de Compras para optimizar el coste en la adquisici\u00f3n de servicios y suministros de sus asociados.<\/p>\n<p>En la actualidad, est\u00e1 presente en siete de las diez comarcas de la provincia de Ja\u00e9n, con un volumen de comercializaci\u00f3n de 55.000 toneladas de aceite, producidas por 18 almazaras cooperativas y 5 almazaras particulares, distribuidas entre m\u00e1s de 50 clientes diferentes.<\/p>\n","protected":false},"excerpt":{"rendered":"<p>Inter\u00f3leo acudir\u00e1 por primera vez a la World Olive Oil Exhibition que se celebra en Madrid los d\u00edas 2 y 3 de marzo con el objetivo de seguir siendo referente en la comercializaci\u00f3n del aceite de oliva, una vez que ya se han situado como uno de los operadores m\u00e1s relevantes del sector a nivel &hellip; <\/p>\n<p class=\"link-more\"><a href=\"https:\/\/www.interoleo.com\/en\/interoleo-exporta-modelo-gestion-la-world-olive-oil-exhibition\/\" class=\"more-link\">Read more<span class=\"screen-reader-text\"> &#8220;Inter\u00f3leo exporta su modelo de gesti\u00f3n en la World Olive Oil Exhibition&#8221;<\/span><\/a><\/p>\n","protected":false},"author":1,"featured_media":562,"comment_status":"closed","ping_status":"closed","sticky":false,"template":"","format":"standard","meta":{"jetpack_post_was_ever_published":false,"_jetpack_newsletter_access":"","_jetpack_dont_email_post_to_subs":false,"_jetpack_newsletter_tier_id":0,"_jetpack_memberships_contains_paywalled_content":false,"_jetpack_memberships_contains_paid_content":false,"footnotes":"","jetpack_publicize_message":"","jetpack_publicize_feature_enabled":true,"jetpack_social_post_already_shared":false,"jetpack_social_options":{"image_generator_settings":{"template":"highway","default_image_id":0,"font":"","enabled":false},"version":2}},"categories":[4],"tags":[],"class_list":["post-223","post","type-post","status-publish","format-standard","has-post-thumbnail","hentry","category-actualidad"],"yoast_head":"<!-- This site is optimized with the Yoast SEO plugin v26.0 - https:\/\/yoast.com\/wordpress\/plugins\/seo\/ -->\n<title>Inter\u00f3leo exporta su modelo de gesti\u00f3n en la World Olive Oil Exhibition<\/title>\n<meta name=\"description\" content=\"Inter\u00f3leo acudir\u00e1 por primera vez a la World Olive Oil Exhibition que se celebra en Madrid los d\u00edas 2 y 3 de marzo con el objetivo de seguir siendo...\" \/>\n<meta name=\"robots\" content=\"index, follow, max-snippet:-1, max-image-preview:large, max-video-preview:-1\" \/>\n<link rel=\"canonical\" href=\"https:\/\/www.interoleo.com\/en\/interoleo-exporta-modelo-gestion-la-world-olive-oil-exhibition\/\" \/>\n<meta property=\"og:locale\" content=\"en_US\" \/>\n<meta property=\"og:type\" content=\"article\" \/>\n<meta property=\"og:title\" content=\"Inter\u00f3leo exporta su modelo de gesti\u00f3n en la World Olive Oil Exhibition\" \/>\n<meta property=\"og:description\" content=\"Inter\u00f3leo acudir\u00e1 por primera vez a la World Olive Oil Exhibition que se celebra en Madrid los d\u00edas 2 y 3 de marzo con el objetivo de seguir siendo...\" \/>\n<meta property=\"og:url\" content=\"https:\/\/www.interoleo.com\/en\/interoleo-exporta-modelo-gestion-la-world-olive-oil-exhibition\/\" \/>\n<meta property=\"og:site_name\" content=\"Grupo Inter\u00f3leo\" \/>\n<meta property=\"article:published_time\" content=\"2016-08-02T08:52:08+00:00\" \/>\n<meta property=\"article:modified_time\" content=\"2016-08-11T07:28:10+00:00\" \/>\n<meta property=\"og:image\" content=\"https:\/\/www.interoleo.com\/wp-content\/uploads\/2016\/08\/prueba4.jpg\" \/>\n\t<meta property=\"og:image:width\" content=\"1110\" \/>\n\t<meta property=\"og:image:height\" content=\"550\" \/>\n\t<meta property=\"og:image:type\" content=\"image\/jpeg\" \/>\n<meta name=\"author\" content=\"admin\" \/>\n<meta name=\"twitter:card\" content=\"summary_large_image\" \/>\n<meta name=\"twitter:label1\" content=\"Written by\" \/>\n\t<meta name=\"twitter:data1\" content=\"admin\" \/>\n\t<meta name=\"twitter:label2\" content=\"Est. reading time\" \/>\n\t<meta name=\"twitter:data2\" content=\"2 minutes\" \/>\n<script type=\"application\/ld+json\" class=\"yoast-schema-graph\">{\"@context\":\"https:\/\/schema.org\",\"@graph\":[{\"@type\":\"WebPage\",\"@id\":\"https:\/\/www.interoleo.com\/en\/interoleo-exporta-modelo-gestion-la-world-olive-oil-exhibition\/\",\"url\":\"https:\/\/www.interoleo.com\/en\/interoleo-exporta-modelo-gestion-la-world-olive-oil-exhibition\/\",\"name\":\"Inter\u00f3leo exporta su modelo de gesti\u00f3n en la World Olive Oil Exhibition\",\"isPartOf\":{\"@id\":\"https:\/\/www.interoleo.com\/en\/#website\"},\"primaryImageOfPage\":{\"@id\":\"https:\/\/www.interoleo.com\/en\/interoleo-exporta-modelo-gestion-la-world-olive-oil-exhibition\/#primaryimage\"},\"image\":{\"@id\":\"https:\/\/www.interoleo.com\/en\/interoleo-exporta-modelo-gestion-la-world-olive-oil-exhibition\/#primaryimage\"},\"thumbnailUrl\":\"https:\/\/www.interoleo.com\/wp-content\/uploads\/2016\/08\/prueba4.jpg\",\"datePublished\":\"2016-08-02T08:52:08+00:00\",\"dateModified\":\"2016-08-11T07:28:10+00:00\",\"author\":{\"@id\":\"https:\/\/www.interoleo.com\/en\/#\/schema\/person\/f99693fc38ce605f463dc5d58909df2a\"},\"description\":\"Inter\u00f3leo acudir\u00e1 por primera vez a la World Olive Oil Exhibition que se celebra en Madrid los d\u00edas 2 y 3 de marzo con el objetivo de seguir siendo...\",\"breadcrumb\":{\"@id\":\"https:\/\/www.interoleo.com\/en\/interoleo-exporta-modelo-gestion-la-world-olive-oil-exhibition\/#breadcrumb\"},\"inLanguage\":\"en-US\",\"potentialAction\":[{\"@type\":\"ReadAction\",\"target\":[\"https:\/\/www.interoleo.com\/en\/interoleo-exporta-modelo-gestion-la-world-olive-oil-exhibition\/\"]}]},{\"@type\":\"ImageObject\",\"inLanguage\":\"en-US\",\"@id\":\"https:\/\/www.interoleo.com\/en\/interoleo-exporta-modelo-gestion-la-world-olive-oil-exhibition\/#primaryimage\",\"url\":\"https:\/\/www.interoleo.com\/wp-content\/uploads\/2016\/08\/prueba4.jpg\",\"contentUrl\":\"https:\/\/www.interoleo.com\/wp-content\/uploads\/2016\/08\/prueba4.jpg\",\"width\":1110,\"height\":550},{\"@type\":\"BreadcrumbList\",\"@id\":\"https:\/\/www.interoleo.com\/en\/interoleo-exporta-modelo-gestion-la-world-olive-oil-exhibition\/#breadcrumb\",\"itemListElement\":[{\"@type\":\"ListItem\",\"position\":1,\"name\":\"Portada\",\"item\":\"https:\/\/www.interoleo.com\/en\/\"},{\"@type\":\"ListItem\",\"position\":2,\"name\":\"Inter\u00f3leo exporta su modelo de gesti\u00f3n en la World Olive Oil Exhibition\"}]},{\"@type\":\"WebSite\",\"@id\":\"https:\/\/www.interoleo.com\/en\/#website\",\"url\":\"https:\/\/www.interoleo.com\/en\/\",\"name\":\"Grupo Inter\u00f3leo\",\"description\":\"Grupo Inter\u00f3leo comercializador de aceite de oliva a granel\",\"potentialAction\":[{\"@type\":\"SearchAction\",\"target\":{\"@type\":\"EntryPoint\",\"urlTemplate\":\"https:\/\/www.interoleo.com\/en\/?s={search_term_string}\"},\"query-input\":{\"@type\":\"PropertyValueSpecification\",\"valueRequired\":true,\"valueName\":\"search_term_string\"}}],\"inLanguage\":\"en-US\"},{\"@type\":\"Person\",\"@id\":\"https:\/\/www.interoleo.com\/en\/#\/schema\/person\/f99693fc38ce605f463dc5d58909df2a\",\"name\":\"admin\",\"image\":{\"@type\":\"ImageObject\",\"inLanguage\":\"en-US\",\"@id\":\"https:\/\/www.interoleo.com\/en\/#\/schema\/person\/image\/\",\"url\":\"https:\/\/secure.gravatar.com\/avatar\/7e985868c8f2fc8c9b5e292d3d038423?s=96&d=mm&r=g\",\"contentUrl\":\"https:\/\/secure.gravatar.com\/avatar\/7e985868c8f2fc8c9b5e292d3d038423?s=96&d=mm&r=g\",\"caption\":\"admin\"},\"url\":\"https:\/\/www.interoleo.com\/en\/author\/admin\/\"}]}<\/script>\n<!-- \/ Yoast SEO plugin. -->","yoast_head_json":{"title":"Inter\u00f3leo exporta su modelo de gesti\u00f3n en la World Olive Oil Exhibition","description":"Inter\u00f3leo acudir\u00e1 por primera vez a la World Olive Oil Exhibition que se celebra en Madrid los d\u00edas 2 y 3 de marzo con el objetivo de seguir siendo...","robots":{"index":"index","follow":"follow","max-snippet":"max-snippet:-1","max-image-preview":"max-image-preview:large","max-video-preview":"max-video-preview:-1"},"canonical":"https:\/\/www.interoleo.com\/en\/interoleo-exporta-modelo-gestion-la-world-olive-oil-exhibition\/","og_locale":"en_US","og_type":"article","og_title":"Inter\u00f3leo exporta su modelo de gesti\u00f3n en la World Olive Oil Exhibition","og_description":"Inter\u00f3leo acudir\u00e1 por primera vez a la World Olive Oil Exhibition que se celebra en Madrid los d\u00edas 2 y 3 de marzo con el objetivo de seguir siendo...","og_url":"https:\/\/www.interoleo.com\/en\/interoleo-exporta-modelo-gestion-la-world-olive-oil-exhibition\/","og_site_name":"Grupo Inter\u00f3leo","article_published_time":"2016-08-02T08:52:08+00:00","article_modified_time":"2016-08-11T07:28:10+00:00","og_image":[{"width":1110,"height":550,"url":"https:\/\/www.interoleo.com\/wp-content\/uploads\/2016\/08\/prueba4.jpg","type":"image\/jpeg"}],"author":"admin","twitter_card":"summary_large_image","twitter_misc":{"Written by":"admin","Est. reading time":"2 minutes"},"schema":{"@context":"https:\/\/schema.org","@graph":[{"@type":"WebPage","@id":"https:\/\/www.interoleo.com\/en\/interoleo-exporta-modelo-gestion-la-world-olive-oil-exhibition\/","url":"https:\/\/www.interoleo.com\/en\/interoleo-exporta-modelo-gestion-la-world-olive-oil-exhibition\/","name":"Inter\u00f3leo exporta su modelo de gesti\u00f3n en la World Olive Oil Exhibition","isPartOf":{"@id":"https:\/\/www.interoleo.com\/en\/#website"},"primaryImageOfPage":{"@id":"https:\/\/www.interoleo.com\/en\/interoleo-exporta-modelo-gestion-la-world-olive-oil-exhibition\/#primaryimage"},"image":{"@id":"https:\/\/www.interoleo.com\/en\/interoleo-exporta-modelo-gestion-la-world-olive-oil-exhibition\/#primaryimage"},"thumbnailUrl":"https:\/\/www.interoleo.com\/wp-content\/uploads\/2016\/08\/prueba4.jpg","datePublished":"2016-08-02T08:52:08+00:00","dateModified":"2016-08-11T07:28:10+00:00","author":{"@id":"https:\/\/www.interoleo.com\/en\/#\/schema\/person\/f99693fc38ce605f463dc5d58909df2a"},"description":"Inter\u00f3leo acudir\u00e1 por primera vez a la World Olive Oil Exhibition que se celebra en Madrid los d\u00edas 2 y 3 de marzo con el objetivo de seguir siendo...","breadcrumb":{"@id":"https:\/\/www.interoleo.com\/en\/interoleo-exporta-modelo-gestion-la-world-olive-oil-exhibition\/#breadcrumb"},"inLanguage":"en-US","potentialAction":[{"@type":"ReadAction","target":["https:\/\/www.interoleo.com\/en\/interoleo-exporta-modelo-gestion-la-world-olive-oil-exhibition\/"]}]},{"@type":"ImageObject","inLanguage":"en-US","@id":"https:\/\/www.interoleo.com\/en\/interoleo-exporta-modelo-gestion-la-world-olive-oil-exhibition\/#primaryimage","url":"https:\/\/www.interoleo.com\/wp-content\/uploads\/2016\/08\/prueba4.jpg","contentUrl":"https:\/\/www.interoleo.com\/wp-content\/uploads\/2016\/08\/prueba4.jpg","width":1110,"height":550},{"@type":"BreadcrumbList","@id":"https:\/\/www.interoleo.com\/en\/interoleo-exporta-modelo-gestion-la-world-olive-oil-exhibition\/#breadcrumb","itemListElement":[{"@type":"ListItem","position":1,"name":"Portada","item":"https:\/\/www.interoleo.com\/en\/"},{"@type":"ListItem","position":2,"name":"Inter\u00f3leo exporta su modelo de gesti\u00f3n en la World Olive Oil Exhibition"}]},{"@type":"WebSite","@id":"https:\/\/www.interoleo.com\/en\/#website","url":"https:\/\/www.interoleo.com\/en\/","name":"Grupo Inter\u00f3leo","description":"Grupo Inter\u00f3leo comercializador de aceite de oliva a granel","potentialAction":[{"@type":"SearchAction","target":{"@type":"EntryPoint","urlTemplate":"https:\/\/www.interoleo.com\/en\/?s={search_term_string}"},"query-input":{"@type":"PropertyValueSpecification","valueRequired":true,"valueName":"search_term_string"}}],"inLanguage":"en-US"},{"@type":"Person","@id":"https:\/\/www.interoleo.com\/en\/#\/schema\/person\/f99693fc38ce605f463dc5d58909df2a","name":"admin","image":{"@type":"ImageObject","inLanguage":"en-US","@id":"https:\/\/www.interoleo.com\/en\/#\/schema\/person\/image\/","url":"https:\/\/secure.gravatar.com\/avatar\/7e985868c8f2fc8c9b5e292d3d038423?s=96&d=mm&r=g","contentUrl":"https:\/\/secure.gravatar.com\/avatar\/7e985868c8f2fc8c9b5e292d3d038423?s=96&d=mm&r=g","caption":"admin"},"url":"https:\/\/www.interoleo.com\/en\/author\/admin\/"}]}},"jetpack_publicize_connections":[],"jetpack_featured_media_url":"https:\/\/www.interoleo.com\/wp-content\/uploads\/2016\/08\/prueba4.jpg","jetpack_shortlink":"https:\/\/wp.me\/p7R8ws-3B","jetpack_sharing_enabled":true,"_links":{"self":[{"href":"https:\/\/www.interoleo.com\/en\/wp-json\/wp\/v2\/posts\/223","targetHints":{"allow":["GET"]}}],"collection":[{"href":"https:\/\/www.interoleo.com\/en\/wp-json\/wp\/v2\/posts"}],"about":[{"href":"https:\/\/www.interoleo.com\/en\/wp-json\/wp\/v2\/types\/post"}],"author":[{"embeddable":true,"href":"https:\/\/www.interoleo.com\/en\/wp-json\/wp\/v2\/users\/1"}],"replies":[{"embeddable":true,"href":"https:\/\/www.interoleo.com\/en\/wp-json\/wp\/v2\/comments?post=223"}],"version-history":[{"count":1,"href":"https:\/\/www.interoleo.com\/en\/wp-json\/wp\/v2\/posts\/223\/revisions"}],"predecessor-version":[{"id":225,"href":"https:\/\/www.interoleo.com\/en\/wp-json\/wp\/v2\/posts\/223\/revisions\/225"}],"wp:featuredmedia":[{"embeddable":true,"href":"https:\/\/www.interoleo.com\/en\/wp-json\/wp\/v2\/media\/562"}],"wp:attachment":[{"href":"https:\/\/www.interoleo.com\/en\/wp-json\/wp\/v2\/media?parent=223"}],"wp:term":[{"taxonomy":"category","embeddable":true,"href":"https:\/\/www.interoleo.com\/en\/wp-json\/wp\/v2\/categories?post=223"},{"taxonomy":"post_tag","embeddable":true,"href":"https:\/\/www.interoleo.com\/en\/wp-json\/wp\/v2\/tags?post=223"}],"curies":[{"name":"wp","href":"https:\/\/api.w.org\/{rel}","templated":true}]}}