{"id":2233,"date":"2019-07-05T08:48:14","date_gmt":"2019-07-05T08:48:14","guid":{"rendered":"http:\/\/www.interoleo.com\/?p=2233"},"modified":"2019-07-30T08:58:37","modified_gmt":"2019-07-30T08:58:37","slug":"interoleo-respalda-manifestacion","status":"publish","type":"post","link":"https:\/\/www.interoleo.com\/en\/interoleo-respalda-manifestacion\/","title":{"rendered":"Grupo Inter\u00f3leo muestra su respaldo a la manifestaci\u00f3n del sector olivarero en Sevilla convocada en defensa del olivar tradicional y de unos precios razonables para el aceite"},"content":{"rendered":"<p style=\"text-align: center;\"><strong><u>Las cooperativas del Grupo est\u00e1n conformando autobuses para que los agricultores asistan a la manifestaci\u00f3n del pr\u00f3ximo martes, 9 de julio, en Sevilla, convocada por UPA y COAG Andaluc\u00eda<\/u><\/strong><\/p>\n<p>Grupo Inter\u00f3leo muestra su respaldo a la manifestaci\u00f3n del sector olivarero, convocada por UPA y COAG en Andaluc\u00eda, que se celebrar\u00e1 el pr\u00f3ximo martes, en Sevilla. La adhesi\u00f3n, al igual que ya ocurriera en la concentraci\u00f3n de Ja\u00e9n el pasado 29 de mayo, viene motivada por la cr\u00edtica situaci\u00f3n, totalmente injustificada, y que, de seguir as\u00ed, abocar\u00eda a la ruina de todo el sector. Conscientes de esa realidad, Grupo Inter\u00f3leo trabaja para frenar la irracional bajada de precios mediante las conversaciones con otros grupos y la concentraci\u00f3n de la oferta, pero tambi\u00e9n entiende que es necesario salir a la calle para que las administraciones asuman tambi\u00e9n sus responsabilidades.<\/p>\n<p>&#8220;Almazaras privadas y cooperativas tenemos que trabajar para dar estabilidad a los precios del aceite dentro de los umbrales de rentabilidad. Debemos gestionar bien esta campa\u00f1a, que es de r\u00e9cord, sobre todo porque se puede comprobar, con datos objetivos, que por vender m\u00e1s barato no est\u00e1n aumentado m\u00e1s ni el consumo ni las exportaciones. La evoluci\u00f3n de los precios es una responsabilidad de todos, del sector por supuesto y de las administraciones.<\/p>\n<p>Por eso apoyamos las movilizaciones. Sin olvidar la importancia de seguir confiando en la concentraci\u00f3n en empresas profesionalizadas, dimensionadas, capaces de tener una visi\u00f3n global del mercado, de analizar los datos de forma rigurosa y exhaustiva. El objetivo es adoptar decisiones que beneficien al sector, porque los intereses generales deben estar por encima de los intereses de las empresas por ganar cuota de mercado y vender el aceite cuanto antes a cualquier precio&#8221;, explica el presidente de Grupo Inter\u00f3leo, Juan Gadeo.<\/p>\n<p>El sector olivarero debe poner freno a esta tendencia y que las administraciones pongan en marcha todos los mecanismos legales que se encuentran a su alcance para que haya una estabilidad en el precio del aceite de oliva.<\/p>\n<p>En este sentido, Grupo Inter\u00f3leo considera necesaria la actualizaci\u00f3n de los precios de desencadenamiento del almacenamiento privado (o la aplicaci\u00f3n del supuesto de \u201cgraves perturbaciones del mercado\u201d). Tambi\u00e9n la puesta en marcha de la extensi\u00f3n de norma a trav\u00e9s de la Interprofesional del Aceite de Oliva, en la que est\u00e1 todo el sector. Una eficaz medida de autorregulaci\u00f3n que supondr\u00eda una revoluci\u00f3n al hacer obligatoria la retirada de aceite de oliva en campa\u00f1as excedentarias a favor de campa\u00f1as deficitarias. Igualmente, el control de las importaciones; as\u00ed como la prohibici\u00f3n de la venta a p\u00e9rdidas. Grupo Inter\u00f3leo considera fundamental que el sector consiga una soluci\u00f3n definitiva a los precios en origen del aceite de oliva que cubran los costes de producci\u00f3n en el olivar tradicional.<\/p>\n","protected":false},"excerpt":{"rendered":"<p>Las cooperativas del Grupo est\u00e1n conformando autobuses para que los agricultores asistan a la manifestaci\u00f3n del pr\u00f3ximo martes, 9 de julio, en Sevilla, convocada por UPA y COAG Andaluc\u00eda Grupo Inter\u00f3leo muestra su respaldo a la manifestaci\u00f3n del sector olivarero, convocada por UPA y COAG en Andaluc\u00eda, que se celebrar\u00e1 el pr\u00f3ximo martes, en Sevilla. &hellip; <\/p>\n<p class=\"link-more\"><a href=\"https:\/\/www.interoleo.com\/en\/interoleo-respalda-manifestacion\/\" class=\"more-link\">Read more<span class=\"screen-reader-text\"> &#8220;Grupo Inter\u00f3leo muestra su respaldo a la manifestaci\u00f3n del sector olivarero en Sevilla convocada en defensa del olivar tradicional y de unos precios razonables para el aceite&#8221;<\/span><\/a><\/p>\n","protected":false},"author":2,"featured_media":2235,"comment_status":"closed","ping_status":"closed","sticky":false,"template":"","format":"standard","meta":{"jetpack_post_was_ever_published":false,"_jetpack_newsletter_access":"","_jetpack_dont_email_post_to_subs":false,"_jetpack_newsletter_tier_id":0,"_jetpack_memberships_contains_paywalled_content":false,"_jetpack_memberships_contains_paid_content":false,"footnotes":"","jetpack_publicize_message":"","jetpack_publicize_feature_enabled":true,"jetpack_social_post_already_shared":true,"jetpack_social_options":{"image_generator_settings":{"template":"highway","default_image_id":0,"font":"","enabled":false},"version":2}},"categories":[3,4,7],"tags":[17,156,58,73,35,22,23,44,12,18,47,19,14,24,83,33],"class_list":["post-2233","post","type-post","status-publish","format-standard","has-post-thumbnail","hentry","category-aceite-de-oliva","category-actualidad","category-noticias-interoleo","tag-aceite","tag-aceite-de-oliva","tag-calidad","tag-comercializacion","tag-concentracion-de-la-oferta","tag-esteban-momblan","tag-gerente-de-interoleo","tag-grupo-interoleo","tag-interoleo","tag-juan-gadeo","tag-mercados","tag-presidente-de-interoleo","tag-produccion","tag-retos-de-futuro","tag-sector-olivarero","tag-venta-de-aceite-de-oliva"],"yoast_head":"<!-- This site is optimized with the Yoast SEO plugin v26.0 - https:\/\/yoast.com\/wordpress\/plugins\/seo\/ -->\n<title>Inter\u00f3leo respalda manifestaci\u00f3n sector olivarero - Grupo Inter\u00f3leo<\/title>\n<meta name=\"description\" content=\"Grupo Inter\u00f3leo muestra su respaldo a la manifestaci\u00f3n del sector olivarero convocada por COAG y UPA Andaluc\u00eda en Sevilla el pr\u00f3ximo 9 de julio\" \/>\n<meta name=\"robots\" content=\"index, follow, max-snippet:-1, max-image-preview:large, max-video-preview:-1\" \/>\n<link rel=\"canonical\" href=\"https:\/\/www.interoleo.com\/en\/interoleo-respalda-manifestacion\/\" \/>\n<meta property=\"og:locale\" content=\"en_US\" \/>\n<meta property=\"og:type\" content=\"article\" \/>\n<meta property=\"og:title\" content=\"Inter\u00f3leo respalda manifestaci\u00f3n sector olivarero - Grupo Inter\u00f3leo\" \/>\n<meta property=\"og:description\" content=\"Grupo Inter\u00f3leo muestra su respaldo a la manifestaci\u00f3n del sector olivarero convocada por COAG y UPA Andaluc\u00eda en Sevilla el pr\u00f3ximo 9 de julio\" \/>\n<meta property=\"og:url\" content=\"https:\/\/www.interoleo.com\/en\/interoleo-respalda-manifestacion\/\" \/>\n<meta property=\"og:site_name\" content=\"Grupo Inter\u00f3leo\" \/>\n<meta property=\"article:published_time\" content=\"2019-07-05T08:48:14+00:00\" \/>\n<meta property=\"article:modified_time\" content=\"2019-07-30T08:58:37+00:00\" \/>\n<meta property=\"og:image\" content=\"https:\/\/www.interoleo.com\/wp-content\/uploads\/2019\/07\/concentraci\u00f3n.jpg\" \/>\n\t<meta property=\"og:image:width\" content=\"1181\" \/>\n\t<meta property=\"og:image:height\" content=\"787\" \/>\n\t<meta property=\"og:image:type\" content=\"image\/jpeg\" \/>\n<meta name=\"author\" content=\"Interoleo Picual\" \/>\n<meta name=\"twitter:card\" content=\"summary_large_image\" \/>\n<meta name=\"twitter:label1\" content=\"Written by\" \/>\n\t<meta name=\"twitter:data1\" content=\"Interoleo Picual\" \/>\n\t<meta name=\"twitter:label2\" content=\"Est. reading time\" \/>\n\t<meta name=\"twitter:data2\" content=\"2 minutes\" \/>\n<script type=\"application\/ld+json\" class=\"yoast-schema-graph\">{\"@context\":\"https:\/\/schema.org\",\"@graph\":[{\"@type\":\"WebPage\",\"@id\":\"https:\/\/www.interoleo.com\/en\/interoleo-respalda-manifestacion\/\",\"url\":\"https:\/\/www.interoleo.com\/en\/interoleo-respalda-manifestacion\/\",\"name\":\"Inter\u00f3leo respalda manifestaci\u00f3n sector olivarero - Grupo Inter\u00f3leo\",\"isPartOf\":{\"@id\":\"https:\/\/www.interoleo.com\/en\/#website\"},\"primaryImageOfPage\":{\"@id\":\"https:\/\/www.interoleo.com\/en\/interoleo-respalda-manifestacion\/#primaryimage\"},\"image\":{\"@id\":\"https:\/\/www.interoleo.com\/en\/interoleo-respalda-manifestacion\/#primaryimage\"},\"thumbnailUrl\":\"https:\/\/www.interoleo.com\/wp-content\/uploads\/2019\/07\/concentraci\u00f3n.jpg\",\"datePublished\":\"2019-07-05T08:48:14+00:00\",\"dateModified\":\"2019-07-30T08:58:37+00:00\",\"author\":{\"@id\":\"https:\/\/www.interoleo.com\/en\/#\/schema\/person\/b38839767920504f85d0555e5244a76d\"},\"description\":\"Grupo Inter\u00f3leo muestra su respaldo a la manifestaci\u00f3n del sector olivarero convocada por COAG y UPA Andaluc\u00eda en Sevilla el pr\u00f3ximo 9 de julio\",\"breadcrumb\":{\"@id\":\"https:\/\/www.interoleo.com\/en\/interoleo-respalda-manifestacion\/#breadcrumb\"},\"inLanguage\":\"en-US\",\"potentialAction\":[{\"@type\":\"ReadAction\",\"target\":[\"https:\/\/www.interoleo.com\/en\/interoleo-respalda-manifestacion\/\"]}]},{\"@type\":\"ImageObject\",\"inLanguage\":\"en-US\",\"@id\":\"https:\/\/www.interoleo.com\/en\/interoleo-respalda-manifestacion\/#primaryimage\",\"url\":\"https:\/\/www.interoleo.com\/wp-content\/uploads\/2019\/07\/concentraci\u00f3n.jpg\",\"contentUrl\":\"https:\/\/www.interoleo.com\/wp-content\/uploads\/2019\/07\/concentraci\u00f3n.jpg\",\"width\":1181,\"height\":787,\"caption\":\"sdr\"},{\"@type\":\"BreadcrumbList\",\"@id\":\"https:\/\/www.interoleo.com\/en\/interoleo-respalda-manifestacion\/#breadcrumb\",\"itemListElement\":[{\"@type\":\"ListItem\",\"position\":1,\"name\":\"Portada\",\"item\":\"https:\/\/www.interoleo.com\/en\/\"},{\"@type\":\"ListItem\",\"position\":2,\"name\":\"Grupo Inter\u00f3leo muestra su respaldo a la manifestaci\u00f3n del sector olivarero en Sevilla convocada en defensa del olivar tradicional y de unos precios razonables para el aceite\"}]},{\"@type\":\"WebSite\",\"@id\":\"https:\/\/www.interoleo.com\/en\/#website\",\"url\":\"https:\/\/www.interoleo.com\/en\/\",\"name\":\"Grupo Inter\u00f3leo\",\"description\":\"Grupo Inter\u00f3leo comercializador de aceite de oliva a granel\",\"potentialAction\":[{\"@type\":\"SearchAction\",\"target\":{\"@type\":\"EntryPoint\",\"urlTemplate\":\"https:\/\/www.interoleo.com\/en\/?s={search_term_string}\"},\"query-input\":{\"@type\":\"PropertyValueSpecification\",\"valueRequired\":true,\"valueName\":\"search_term_string\"}}],\"inLanguage\":\"en-US\"},{\"@type\":\"Person\",\"@id\":\"https:\/\/www.interoleo.com\/en\/#\/schema\/person\/b38839767920504f85d0555e5244a76d\",\"name\":\"Interoleo Picual\",\"image\":{\"@type\":\"ImageObject\",\"inLanguage\":\"en-US\",\"@id\":\"https:\/\/www.interoleo.com\/en\/#\/schema\/person\/image\/\",\"url\":\"https:\/\/secure.gravatar.com\/avatar\/9d9b88888a963e3b9235bbd165d9c050?s=96&d=mm&r=g\",\"contentUrl\":\"https:\/\/secure.gravatar.com\/avatar\/9d9b88888a963e3b9235bbd165d9c050?s=96&d=mm&r=g\",\"caption\":\"Interoleo Picual\"},\"url\":\"https:\/\/www.interoleo.com\/en\/author\/interoleo\/\"}]}<\/script>\n<!-- \/ Yoast SEO plugin. -->","yoast_head_json":{"title":"Inter\u00f3leo respalda manifestaci\u00f3n sector olivarero - Grupo Inter\u00f3leo","description":"Grupo Inter\u00f3leo muestra su respaldo a la manifestaci\u00f3n del sector olivarero convocada por COAG y UPA Andaluc\u00eda en Sevilla el pr\u00f3ximo 9 de julio","robots":{"index":"index","follow":"follow","max-snippet":"max-snippet:-1","max-image-preview":"max-image-preview:large","max-video-preview":"max-video-preview:-1"},"canonical":"https:\/\/www.interoleo.com\/en\/interoleo-respalda-manifestacion\/","og_locale":"en_US","og_type":"article","og_title":"Inter\u00f3leo respalda manifestaci\u00f3n sector olivarero - Grupo Inter\u00f3leo","og_description":"Grupo Inter\u00f3leo muestra su respaldo a la manifestaci\u00f3n del sector olivarero convocada por COAG y UPA Andaluc\u00eda en Sevilla el pr\u00f3ximo 9 de julio","og_url":"https:\/\/www.interoleo.com\/en\/interoleo-respalda-manifestacion\/","og_site_name":"Grupo Inter\u00f3leo","article_published_time":"2019-07-05T08:48:14+00:00","article_modified_time":"2019-07-30T08:58:37+00:00","og_image":[{"width":1181,"height":787,"url":"https:\/\/www.interoleo.com\/wp-content\/uploads\/2019\/07\/concentraci\u00f3n.jpg","type":"image\/jpeg"}],"author":"Interoleo Picual","twitter_card":"summary_large_image","twitter_misc":{"Written by":"Interoleo Picual","Est. reading time":"2 minutes"},"schema":{"@context":"https:\/\/schema.org","@graph":[{"@type":"WebPage","@id":"https:\/\/www.interoleo.com\/en\/interoleo-respalda-manifestacion\/","url":"https:\/\/www.interoleo.com\/en\/interoleo-respalda-manifestacion\/","name":"Inter\u00f3leo respalda manifestaci\u00f3n sector olivarero - Grupo Inter\u00f3leo","isPartOf":{"@id":"https:\/\/www.interoleo.com\/en\/#website"},"primaryImageOfPage":{"@id":"https:\/\/www.interoleo.com\/en\/interoleo-respalda-manifestacion\/#primaryimage"},"image":{"@id":"https:\/\/www.interoleo.com\/en\/interoleo-respalda-manifestacion\/#primaryimage"},"thumbnailUrl":"https:\/\/www.interoleo.com\/wp-content\/uploads\/2019\/07\/concentraci\u00f3n.jpg","datePublished":"2019-07-05T08:48:14+00:00","dateModified":"2019-07-30T08:58:37+00:00","author":{"@id":"https:\/\/www.interoleo.com\/en\/#\/schema\/person\/b38839767920504f85d0555e5244a76d"},"description":"Grupo Inter\u00f3leo muestra su respaldo a la manifestaci\u00f3n del sector olivarero convocada por COAG y UPA Andaluc\u00eda en Sevilla el pr\u00f3ximo 9 de julio","breadcrumb":{"@id":"https:\/\/www.interoleo.com\/en\/interoleo-respalda-manifestacion\/#breadcrumb"},"inLanguage":"en-US","potentialAction":[{"@type":"ReadAction","target":["https:\/\/www.interoleo.com\/en\/interoleo-respalda-manifestacion\/"]}]},{"@type":"ImageObject","inLanguage":"en-US","@id":"https:\/\/www.interoleo.com\/en\/interoleo-respalda-manifestacion\/#primaryimage","url":"https:\/\/www.interoleo.com\/wp-content\/uploads\/2019\/07\/concentraci\u00f3n.jpg","contentUrl":"https:\/\/www.interoleo.com\/wp-content\/uploads\/2019\/07\/concentraci\u00f3n.jpg","width":1181,"height":787,"caption":"sdr"},{"@type":"BreadcrumbList","@id":"https:\/\/www.interoleo.com\/en\/interoleo-respalda-manifestacion\/#breadcrumb","itemListElement":[{"@type":"ListItem","position":1,"name":"Portada","item":"https:\/\/www.interoleo.com\/en\/"},{"@type":"ListItem","position":2,"name":"Grupo Inter\u00f3leo muestra su respaldo a la manifestaci\u00f3n del sector olivarero en Sevilla convocada en defensa del olivar tradicional y de unos precios razonables para el aceite"}]},{"@type":"WebSite","@id":"https:\/\/www.interoleo.com\/en\/#website","url":"https:\/\/www.interoleo.com\/en\/","name":"Grupo Inter\u00f3leo","description":"Grupo Inter\u00f3leo comercializador de aceite de oliva a granel","potentialAction":[{"@type":"SearchAction","target":{"@type":"EntryPoint","urlTemplate":"https:\/\/www.interoleo.com\/en\/?s={search_term_string}"},"query-input":{"@type":"PropertyValueSpecification","valueRequired":true,"valueName":"search_term_string"}}],"inLanguage":"en-US"},{"@type":"Person","@id":"https:\/\/www.interoleo.com\/en\/#\/schema\/person\/b38839767920504f85d0555e5244a76d","name":"Interoleo Picual","image":{"@type":"ImageObject","inLanguage":"en-US","@id":"https:\/\/www.interoleo.com\/en\/#\/schema\/person\/image\/","url":"https:\/\/secure.gravatar.com\/avatar\/9d9b88888a963e3b9235bbd165d9c050?s=96&d=mm&r=g","contentUrl":"https:\/\/secure.gravatar.com\/avatar\/9d9b88888a963e3b9235bbd165d9c050?s=96&d=mm&r=g","caption":"Interoleo Picual"},"url":"https:\/\/www.interoleo.com\/en\/author\/interoleo\/"}]}},"jetpack_publicize_connections":[],"jetpack_featured_media_url":"https:\/\/www.interoleo.com\/wp-content\/uploads\/2019\/07\/concentraci\u00f3n.jpg","jetpack_shortlink":"https:\/\/wp.me\/p7R8ws-A1","jetpack_sharing_enabled":true,"_links":{"self":[{"href":"https:\/\/www.interoleo.com\/en\/wp-json\/wp\/v2\/posts\/2233","targetHints":{"allow":["GET"]}}],"collection":[{"href":"https:\/\/www.interoleo.com\/en\/wp-json\/wp\/v2\/posts"}],"about":[{"href":"https:\/\/www.interoleo.com\/en\/wp-json\/wp\/v2\/types\/post"}],"author":[{"embeddable":true,"href":"https:\/\/www.interoleo.com\/en\/wp-json\/wp\/v2\/users\/2"}],"replies":[{"embeddable":true,"href":"https:\/\/www.interoleo.com\/en\/wp-json\/wp\/v2\/comments?post=2233"}],"version-history":[{"count":2,"href":"https:\/\/www.interoleo.com\/en\/wp-json\/wp\/v2\/posts\/2233\/revisions"}],"predecessor-version":[{"id":2236,"href":"https:\/\/www.interoleo.com\/en\/wp-json\/wp\/v2\/posts\/2233\/revisions\/2236"}],"wp:featuredmedia":[{"embeddable":true,"href":"https:\/\/www.interoleo.com\/en\/wp-json\/wp\/v2\/media\/2235"}],"wp:attachment":[{"href":"https:\/\/www.interoleo.com\/en\/wp-json\/wp\/v2\/media?parent=2233"}],"wp:term":[{"taxonomy":"category","embeddable":true,"href":"https:\/\/www.interoleo.com\/en\/wp-json\/wp\/v2\/categories?post=2233"},{"taxonomy":"post_tag","embeddable":true,"href":"https:\/\/www.interoleo.com\/en\/wp-json\/wp\/v2\/tags?post=2233"}],"curies":[{"name":"wp","href":"https:\/\/api.w.org\/{rel}","templated":true}]}}