{"id":2246,"date":"2019-07-31T10:37:14","date_gmt":"2019-07-31T10:37:14","guid":{"rendered":"http:\/\/www.interoleo.com\/?p=2246"},"modified":"2019-07-31T10:37:14","modified_gmt":"2019-07-31T10:37:14","slug":"interoleo-consolida-comercializacion","status":"publish","type":"post","link":"https:\/\/www.interoleo.com\/en\/interoleo-consolida-comercializacion\/","title":{"rendered":"Grupo Inter\u00f3leo consolida su eficacia en la gesti\u00f3n y en la comercializaci\u00f3n de aceite de oliva"},"content":{"rendered":"<p style=\"text-align: center;\"><strong><u>La empresa se afianza en el r\u00e1nking elaborado por la revista Andaluc\u00eda Econ\u00f3mica, al ser la cuarta empresa en facturaci\u00f3n de la provincia, y la primera agroalimentaria, y aparecer entre las 20 firmas m\u00e1s exportadoras de aceite de oliva en la regi\u00f3n<\/u><\/strong><\/p>\n<p>Grupo Inter\u00f3leo refuerza su l\u00ednea ascendente consolid\u00e1ndose, un a\u00f1o m\u00e1s, entre las primeras empresas andaluzas en facturaci\u00f3n, con 29,6 millones de euros en exportaciones a lo largo del a\u00f1o 2018. Pero, adem\u00e1s, nos mantenemos como la cuarta empresa de Ja\u00e9n en facturaci\u00f3n, con 123,8 millones de euros, y la primera agroalimentaria, demostrando una considerable eficacia en la gesti\u00f3n y el sistema de comercializaci\u00f3n de aceite. As\u00ed se desprende del r\u00e1nking elaborado por la revista Andaluc\u00eda Econ\u00f3mica, que incluye a las 1.200 empresas andaluzas de mayor facturaci\u00f3n de todos los sectores econ\u00f3micos y en el que Inter\u00f3leo mejora su posicionamiento como empresa, afianz\u00e1ndose entre las 100 firmas andaluzas que m\u00e1s factura en mercados exteriores y entre las 20 empresas m\u00e1s exportadoras del sector del aceite de oliva.<\/p>\n<p>Estos datos nos permiten mantener la l\u00ednea de crecimiento sostenido que llevamos desde nuestra fundaci\u00f3n, en 2009, y refuerza nuestra estrategia de potenciar la estructura de empresa en base a un modelo de concentraci\u00f3n de la oferta profesionalizado, apostando cada a\u00f1o m\u00e1s fuerte por la uni\u00f3n y la integraci\u00f3n de las cooperativas y almazaras privadas en empresas con dimensi\u00f3n como el \u00fanico camino viable para mejorar la renta de nuestros agricultores.<\/p>\n<p>En este sentido, una campa\u00f1a m\u00e1s, en Grupo Inter\u00f3leo seguimos consiguiendo precios medios por encima de la media para nuestros asociados. &#8220;Tenemos muy claro que el camino debe ser calidad, calidad, calidad y una clara apuesta por la integraci\u00f3n y por la uni\u00f3n de cooperativas y proyectos. Los resultados de esta mentalidad est\u00e1n ah\u00ed: creando empresas con dimensi\u00f3n tendremos una mayor capacidad de dar respuestas profesionales en un sector demasiado atomizado&#8221;.<\/p>\n<p>&#8220;Por eso, el hecho de mantener un importante posicionamiento en el r\u00e1nking elaborado por la revista Andaluc\u00eda Econ\u00f3mica lo tenemos que considerar como un acicate m\u00e1s en nuestro camino de continuar con la pol\u00edtica de crecimiento sostenido que nos marcamos al comienzo de nuestra andadura. No podemos olvidar que Grupo Inter\u00f3leo nace en Ja\u00e9n, pero con una vocaci\u00f3n claramente\u00a0 aglutinadora en todos los territorios productores de aceite de oliva, como lo demuestra que sigamos creciendo en n\u00famero de socios con incorporaciones de cooperativas y almazaras procedentes de C\u00f3rdoba, Granada, M\u00e1laga, Ciudad Real y Bajadoz, adem\u00e1s de Ja\u00e9n&#8221;, explica el gerente de Inter\u00f3leo, Esteban Mombl\u00e1n.<\/p>\n","protected":false},"excerpt":{"rendered":"<p>La empresa se afianza en el r\u00e1nking elaborado por la revista Andaluc\u00eda Econ\u00f3mica, al ser la cuarta empresa en facturaci\u00f3n de la provincia, y la primera agroalimentaria, y aparecer entre las 20 firmas m\u00e1s exportadoras de aceite de oliva en la regi\u00f3n Grupo Inter\u00f3leo refuerza su l\u00ednea ascendente consolid\u00e1ndose, un a\u00f1o m\u00e1s, entre las primeras &hellip; <\/p>\n<p class=\"link-more\"><a href=\"https:\/\/www.interoleo.com\/en\/interoleo-consolida-comercializacion\/\" class=\"more-link\">Read more<span class=\"screen-reader-text\"> &#8220;Grupo Inter\u00f3leo consolida su eficacia en la gesti\u00f3n y en la comercializaci\u00f3n de aceite de oliva&#8221;<\/span><\/a><\/p>\n","protected":false},"author":2,"featured_media":2247,"comment_status":"closed","ping_status":"closed","sticky":false,"template":"","format":"standard","meta":{"jetpack_post_was_ever_published":false,"_jetpack_newsletter_access":"","_jetpack_dont_email_post_to_subs":false,"_jetpack_newsletter_tier_id":0,"_jetpack_memberships_contains_paywalled_content":false,"_jetpack_memberships_contains_paid_content":false,"footnotes":"","jetpack_publicize_message":"","jetpack_publicize_feature_enabled":true,"jetpack_social_post_already_shared":true,"jetpack_social_options":{"image_generator_settings":{"template":"highway","default_image_id":0,"font":"","enabled":false},"version":2}},"categories":[3,4,7],"tags":[17,156,181,58,73,22,32,23,44,12,269,182,33,45],"class_list":["post-2246","post","type-post","status-publish","format-standard","has-post-thumbnail","hentry","category-aceite-de-oliva","category-actualidad","category-noticias-interoleo","tag-aceite","tag-aceite-de-oliva","tag-andalucia-economica","tag-calidad","tag-comercializacion","tag-esteban-momblan","tag-exportaciones","tag-gerente-de-interoleo","tag-grupo-interoleo","tag-interoleo","tag-posicionamiento","tag-ranking","tag-venta-de-aceite-de-oliva","tag-venta-en-terceros-paises"],"yoast_head":"<!-- This site is optimized with the Yoast SEO plugin v26.0 - https:\/\/yoast.com\/wordpress\/plugins\/seo\/ -->\n<title>Inter\u00f3leo consolida su comercializaci\u00f3n en Andaluc\u00eda - Grupo Inter\u00f3leo<\/title>\n<meta name=\"description\" content=\"Grupo Inter\u00f3leo se sit\u00faa como primera empresa agroalimentaria en comercializaci\u00f3n de aceite de oliva en terceros pa\u00edses y en exportaciones\" \/>\n<meta name=\"robots\" content=\"index, follow, max-snippet:-1, max-image-preview:large, max-video-preview:-1\" \/>\n<link rel=\"canonical\" href=\"https:\/\/www.interoleo.com\/en\/interoleo-consolida-comercializacion\/\" \/>\n<meta property=\"og:locale\" content=\"en_US\" \/>\n<meta property=\"og:type\" content=\"article\" \/>\n<meta property=\"og:title\" content=\"Inter\u00f3leo consolida su comercializaci\u00f3n en Andaluc\u00eda - Grupo Inter\u00f3leo\" \/>\n<meta property=\"og:description\" content=\"Grupo Inter\u00f3leo se sit\u00faa como primera empresa agroalimentaria en comercializaci\u00f3n de aceite de oliva en terceros pa\u00edses y en exportaciones\" \/>\n<meta property=\"og:url\" content=\"https:\/\/www.interoleo.com\/en\/interoleo-consolida-comercializacion\/\" \/>\n<meta property=\"og:site_name\" content=\"Grupo Inter\u00f3leo\" \/>\n<meta property=\"article:published_time\" content=\"2019-07-31T10:37:14+00:00\" \/>\n<meta property=\"og:image\" content=\"https:\/\/www.interoleo.com\/wp-content\/uploads\/2019\/07\/Logo-InterOleo.jpg\" \/>\n\t<meta property=\"og:image:width\" content=\"1181\" \/>\n\t<meta property=\"og:image:height\" content=\"787\" \/>\n\t<meta property=\"og:image:type\" content=\"image\/jpeg\" \/>\n<meta name=\"author\" content=\"Interoleo Picual\" \/>\n<meta name=\"twitter:card\" content=\"summary_large_image\" \/>\n<meta name=\"twitter:label1\" content=\"Written by\" \/>\n\t<meta name=\"twitter:data1\" content=\"Interoleo Picual\" \/>\n\t<meta name=\"twitter:label2\" content=\"Est. reading time\" \/>\n\t<meta name=\"twitter:data2\" content=\"2 minutes\" \/>\n<script type=\"application\/ld+json\" class=\"yoast-schema-graph\">{\"@context\":\"https:\/\/schema.org\",\"@graph\":[{\"@type\":\"WebPage\",\"@id\":\"https:\/\/www.interoleo.com\/en\/interoleo-consolida-comercializacion\/\",\"url\":\"https:\/\/www.interoleo.com\/en\/interoleo-consolida-comercializacion\/\",\"name\":\"Inter\u00f3leo consolida su comercializaci\u00f3n en Andaluc\u00eda - Grupo Inter\u00f3leo\",\"isPartOf\":{\"@id\":\"https:\/\/www.interoleo.com\/en\/#website\"},\"primaryImageOfPage\":{\"@id\":\"https:\/\/www.interoleo.com\/en\/interoleo-consolida-comercializacion\/#primaryimage\"},\"image\":{\"@id\":\"https:\/\/www.interoleo.com\/en\/interoleo-consolida-comercializacion\/#primaryimage\"},\"thumbnailUrl\":\"https:\/\/www.interoleo.com\/wp-content\/uploads\/2019\/07\/Logo-InterOleo.jpg\",\"datePublished\":\"2019-07-31T10:37:14+00:00\",\"author\":{\"@id\":\"https:\/\/www.interoleo.com\/en\/#\/schema\/person\/b38839767920504f85d0555e5244a76d\"},\"description\":\"Grupo Inter\u00f3leo se sit\u00faa como primera empresa agroalimentaria en comercializaci\u00f3n de aceite de oliva en terceros pa\u00edses y en exportaciones\",\"breadcrumb\":{\"@id\":\"https:\/\/www.interoleo.com\/en\/interoleo-consolida-comercializacion\/#breadcrumb\"},\"inLanguage\":\"en-US\",\"potentialAction\":[{\"@type\":\"ReadAction\",\"target\":[\"https:\/\/www.interoleo.com\/en\/interoleo-consolida-comercializacion\/\"]}]},{\"@type\":\"ImageObject\",\"inLanguage\":\"en-US\",\"@id\":\"https:\/\/www.interoleo.com\/en\/interoleo-consolida-comercializacion\/#primaryimage\",\"url\":\"https:\/\/www.interoleo.com\/wp-content\/uploads\/2019\/07\/Logo-InterOleo.jpg\",\"contentUrl\":\"https:\/\/www.interoleo.com\/wp-content\/uploads\/2019\/07\/Logo-InterOleo.jpg\",\"width\":1181,\"height\":787},{\"@type\":\"BreadcrumbList\",\"@id\":\"https:\/\/www.interoleo.com\/en\/interoleo-consolida-comercializacion\/#breadcrumb\",\"itemListElement\":[{\"@type\":\"ListItem\",\"position\":1,\"name\":\"Portada\",\"item\":\"https:\/\/www.interoleo.com\/en\/\"},{\"@type\":\"ListItem\",\"position\":2,\"name\":\"Grupo Inter\u00f3leo consolida su eficacia en la gesti\u00f3n y en la comercializaci\u00f3n de aceite de oliva\"}]},{\"@type\":\"WebSite\",\"@id\":\"https:\/\/www.interoleo.com\/en\/#website\",\"url\":\"https:\/\/www.interoleo.com\/en\/\",\"name\":\"Grupo Inter\u00f3leo\",\"description\":\"Grupo Inter\u00f3leo comercializador de aceite de oliva a granel\",\"potentialAction\":[{\"@type\":\"SearchAction\",\"target\":{\"@type\":\"EntryPoint\",\"urlTemplate\":\"https:\/\/www.interoleo.com\/en\/?s={search_term_string}\"},\"query-input\":{\"@type\":\"PropertyValueSpecification\",\"valueRequired\":true,\"valueName\":\"search_term_string\"}}],\"inLanguage\":\"en-US\"},{\"@type\":\"Person\",\"@id\":\"https:\/\/www.interoleo.com\/en\/#\/schema\/person\/b38839767920504f85d0555e5244a76d\",\"name\":\"Interoleo Picual\",\"image\":{\"@type\":\"ImageObject\",\"inLanguage\":\"en-US\",\"@id\":\"https:\/\/www.interoleo.com\/en\/#\/schema\/person\/image\/\",\"url\":\"https:\/\/secure.gravatar.com\/avatar\/9d9b88888a963e3b9235bbd165d9c050?s=96&d=mm&r=g\",\"contentUrl\":\"https:\/\/secure.gravatar.com\/avatar\/9d9b88888a963e3b9235bbd165d9c050?s=96&d=mm&r=g\",\"caption\":\"Interoleo Picual\"},\"url\":\"https:\/\/www.interoleo.com\/en\/author\/interoleo\/\"}]}<\/script>\n<!-- \/ Yoast SEO plugin. -->","yoast_head_json":{"title":"Inter\u00f3leo consolida su comercializaci\u00f3n en Andaluc\u00eda - Grupo Inter\u00f3leo","description":"Grupo Inter\u00f3leo se sit\u00faa como primera empresa agroalimentaria en comercializaci\u00f3n de aceite de oliva en terceros pa\u00edses y en exportaciones","robots":{"index":"index","follow":"follow","max-snippet":"max-snippet:-1","max-image-preview":"max-image-preview:large","max-video-preview":"max-video-preview:-1"},"canonical":"https:\/\/www.interoleo.com\/en\/interoleo-consolida-comercializacion\/","og_locale":"en_US","og_type":"article","og_title":"Inter\u00f3leo consolida su comercializaci\u00f3n en Andaluc\u00eda - Grupo Inter\u00f3leo","og_description":"Grupo Inter\u00f3leo se sit\u00faa como primera empresa agroalimentaria en comercializaci\u00f3n de aceite de oliva en terceros pa\u00edses y en exportaciones","og_url":"https:\/\/www.interoleo.com\/en\/interoleo-consolida-comercializacion\/","og_site_name":"Grupo Inter\u00f3leo","article_published_time":"2019-07-31T10:37:14+00:00","og_image":[{"width":1181,"height":787,"url":"https:\/\/www.interoleo.com\/wp-content\/uploads\/2019\/07\/Logo-InterOleo.jpg","type":"image\/jpeg"}],"author":"Interoleo Picual","twitter_card":"summary_large_image","twitter_misc":{"Written by":"Interoleo Picual","Est. reading time":"2 minutes"},"schema":{"@context":"https:\/\/schema.org","@graph":[{"@type":"WebPage","@id":"https:\/\/www.interoleo.com\/en\/interoleo-consolida-comercializacion\/","url":"https:\/\/www.interoleo.com\/en\/interoleo-consolida-comercializacion\/","name":"Inter\u00f3leo consolida su comercializaci\u00f3n en Andaluc\u00eda - Grupo Inter\u00f3leo","isPartOf":{"@id":"https:\/\/www.interoleo.com\/en\/#website"},"primaryImageOfPage":{"@id":"https:\/\/www.interoleo.com\/en\/interoleo-consolida-comercializacion\/#primaryimage"},"image":{"@id":"https:\/\/www.interoleo.com\/en\/interoleo-consolida-comercializacion\/#primaryimage"},"thumbnailUrl":"https:\/\/www.interoleo.com\/wp-content\/uploads\/2019\/07\/Logo-InterOleo.jpg","datePublished":"2019-07-31T10:37:14+00:00","author":{"@id":"https:\/\/www.interoleo.com\/en\/#\/schema\/person\/b38839767920504f85d0555e5244a76d"},"description":"Grupo Inter\u00f3leo se sit\u00faa como primera empresa agroalimentaria en comercializaci\u00f3n de aceite de oliva en terceros pa\u00edses y en exportaciones","breadcrumb":{"@id":"https:\/\/www.interoleo.com\/en\/interoleo-consolida-comercializacion\/#breadcrumb"},"inLanguage":"en-US","potentialAction":[{"@type":"ReadAction","target":["https:\/\/www.interoleo.com\/en\/interoleo-consolida-comercializacion\/"]}]},{"@type":"ImageObject","inLanguage":"en-US","@id":"https:\/\/www.interoleo.com\/en\/interoleo-consolida-comercializacion\/#primaryimage","url":"https:\/\/www.interoleo.com\/wp-content\/uploads\/2019\/07\/Logo-InterOleo.jpg","contentUrl":"https:\/\/www.interoleo.com\/wp-content\/uploads\/2019\/07\/Logo-InterOleo.jpg","width":1181,"height":787},{"@type":"BreadcrumbList","@id":"https:\/\/www.interoleo.com\/en\/interoleo-consolida-comercializacion\/#breadcrumb","itemListElement":[{"@type":"ListItem","position":1,"name":"Portada","item":"https:\/\/www.interoleo.com\/en\/"},{"@type":"ListItem","position":2,"name":"Grupo Inter\u00f3leo consolida su eficacia en la gesti\u00f3n y en la comercializaci\u00f3n de aceite de oliva"}]},{"@type":"WebSite","@id":"https:\/\/www.interoleo.com\/en\/#website","url":"https:\/\/www.interoleo.com\/en\/","name":"Grupo Inter\u00f3leo","description":"Grupo Inter\u00f3leo comercializador de aceite de oliva a granel","potentialAction":[{"@type":"SearchAction","target":{"@type":"EntryPoint","urlTemplate":"https:\/\/www.interoleo.com\/en\/?s={search_term_string}"},"query-input":{"@type":"PropertyValueSpecification","valueRequired":true,"valueName":"search_term_string"}}],"inLanguage":"en-US"},{"@type":"Person","@id":"https:\/\/www.interoleo.com\/en\/#\/schema\/person\/b38839767920504f85d0555e5244a76d","name":"Interoleo Picual","image":{"@type":"ImageObject","inLanguage":"en-US","@id":"https:\/\/www.interoleo.com\/en\/#\/schema\/person\/image\/","url":"https:\/\/secure.gravatar.com\/avatar\/9d9b88888a963e3b9235bbd165d9c050?s=96&d=mm&r=g","contentUrl":"https:\/\/secure.gravatar.com\/avatar\/9d9b88888a963e3b9235bbd165d9c050?s=96&d=mm&r=g","caption":"Interoleo Picual"},"url":"https:\/\/www.interoleo.com\/en\/author\/interoleo\/"}]}},"jetpack_publicize_connections":[],"jetpack_featured_media_url":"https:\/\/www.interoleo.com\/wp-content\/uploads\/2019\/07\/Logo-InterOleo.jpg","jetpack_shortlink":"https:\/\/wp.me\/p7R8ws-Ae","jetpack_sharing_enabled":true,"_links":{"self":[{"href":"https:\/\/www.interoleo.com\/en\/wp-json\/wp\/v2\/posts\/2246","targetHints":{"allow":["GET"]}}],"collection":[{"href":"https:\/\/www.interoleo.com\/en\/wp-json\/wp\/v2\/posts"}],"about":[{"href":"https:\/\/www.interoleo.com\/en\/wp-json\/wp\/v2\/types\/post"}],"author":[{"embeddable":true,"href":"https:\/\/www.interoleo.com\/en\/wp-json\/wp\/v2\/users\/2"}],"replies":[{"embeddable":true,"href":"https:\/\/www.interoleo.com\/en\/wp-json\/wp\/v2\/comments?post=2246"}],"version-history":[{"count":1,"href":"https:\/\/www.interoleo.com\/en\/wp-json\/wp\/v2\/posts\/2246\/revisions"}],"predecessor-version":[{"id":2248,"href":"https:\/\/www.interoleo.com\/en\/wp-json\/wp\/v2\/posts\/2246\/revisions\/2248"}],"wp:featuredmedia":[{"embeddable":true,"href":"https:\/\/www.interoleo.com\/en\/wp-json\/wp\/v2\/media\/2247"}],"wp:attachment":[{"href":"https:\/\/www.interoleo.com\/en\/wp-json\/wp\/v2\/media?parent=2246"}],"wp:term":[{"taxonomy":"category","embeddable":true,"href":"https:\/\/www.interoleo.com\/en\/wp-json\/wp\/v2\/categories?post=2246"},{"taxonomy":"post_tag","embeddable":true,"href":"https:\/\/www.interoleo.com\/en\/wp-json\/wp\/v2\/tags?post=2246"}],"curies":[{"name":"wp","href":"https:\/\/api.w.org\/{rel}","templated":true}]}}