{"id":2265,"date":"2019-09-11T11:01:00","date_gmt":"2019-09-11T11:01:00","guid":{"rendered":"http:\/\/www.interoleo.com\/?p=2265"},"modified":"2019-09-26T11:07:45","modified_gmt":"2019-09-26T11:07:45","slug":"interoleo-subida-al-quiebrajano","status":"publish","type":"post","link":"https:\/\/www.interoleo.com\/en\/interoleo-subida-al-quiebrajano\/","title":{"rendered":"Grupo Inter\u00f3leo firma un convenio de colaboraci\u00f3n con la XVI Subida al Pantano del Quiebrajano"},"content":{"rendered":"<p>Grupo Inter\u00f3leo refuerza la responsabilidad social al respaldar todas aquellas actividades que tienen una vertiente saludable. Por eso, hemos firmado un convenio de colaboraci\u00f3n con el Club de Atletismo Quiebrjano y la empresa Publiprenda Promowear para colaborar en la decimosexta edici\u00f3n de la Subida al Pantano del Quiebrajano. Nuestro presidente, Juan Gadeo; nuestro gerente, Esteban Mombl\u00e1n; el responsable del club de atletismo, Felipe Cano, y el gerente de la empresa, Manuel Viedma, han rubricado el documento con el que patrocinamos por pri<span class=\"text_exposed_show\">mera vez una de las carreras populares con m\u00e1s prestigio de la provincia.<\/span><\/p>\n<div class=\"text_exposed_show\">\n<p>Volvemos a demostrar, una vez m\u00e1s, la responsabilidad y el compromiso con la sociedad jiennense y con todas las iniciativas y actividades que representan un beneficio para la salud, adem\u00e1s de promocionar el consumo del aceite de oliva virgen extra. Adem\u00e1s montaremos una carpa en el embalse del Quiebrajano el d\u00eda de la carrera, el 22 de septiembre, para que los corredores, organizadores, patrocinadores, voluntarios y p\u00fablico participante, entre todos m\u00e1s de 1.000 personas, puedan degustar un aceite virgen extra de calidad. <a class=\"_58cn\" href=\"https:\/\/www.facebook.com\/hashtag\/responsabilidadsocial?source=feed_text&amp;epa=HASHTAG&amp;__xts__%5B0%5D=68.ARBjFE8f-7nJr6Pi0FP9AMYvZuq3Fj2S7DuERSTf4S7A7H9DTIY8qq-W_TZflZ782IpvCcFJqaA2SoHC_PFe6PJ2IxPWaxrP-5dINFL0q7rwMie5PldTxz3aOy596uG8pBuyBRPRileeMDXRJ0pFUudMdW4UErXmOy4XODgTII0scD7KehIpAI1VglFq_o6qw_Tx9ObBU4vuPx2SH4l0bzj8J242tYo-GI6KoJm6ERUFbe0-qS7NSIh_tirMSHLltlKrg8nveFhXO6R0E4JlhnbUb6Tw1J6kkNMKId_1opHnvceeQGtxmYIqAbMNHeslAuT476gauBxga_dw6MrklfqdWA&amp;__tn__=%2ANK-R\" data-ft=\"{&quot;type&quot;:104,&quot;tn&quot;:&quot;*N&quot;}\"><span class=\"_5afx\"><span class=\"_58cl _5afz\" aria-label=\"hashtag\">#<\/span><span class=\"_58cm\">ResponsabilidadSocial<\/span><\/span><\/a>\u00a0<a class=\"_58cn\" href=\"https:\/\/www.facebook.com\/hashtag\/alltogether?source=feed_text&amp;epa=HASHTAG&amp;__xts__%5B0%5D=68.ARBjFE8f-7nJr6Pi0FP9AMYvZuq3Fj2S7DuERSTf4S7A7H9DTIY8qq-W_TZflZ782IpvCcFJqaA2SoHC_PFe6PJ2IxPWaxrP-5dINFL0q7rwMie5PldTxz3aOy596uG8pBuyBRPRileeMDXRJ0pFUudMdW4UErXmOy4XODgTII0scD7KehIpAI1VglFq_o6qw_Tx9ObBU4vuPx2SH4l0bzj8J242tYo-GI6KoJm6ERUFbe0-qS7NSIh_tirMSHLltlKrg8nveFhXO6R0E4JlhnbUb6Tw1J6kkNMKId_1opHnvceeQGtxmYIqAbMNHeslAuT476gauBxga_dw6MrklfqdWA&amp;__tn__=%2ANK-R\" data-ft=\"{&quot;type&quot;:104,&quot;tn&quot;:&quot;*N&quot;}\"><span class=\"_5afx\"><span class=\"_58cl _5afz\" aria-label=\"hashtag\">#<\/span><span class=\"_58cm\">alltogether<\/span><\/span><\/a>\u00a0<a class=\"_58cn\" href=\"https:\/\/www.facebook.com\/hashtag\/planestrat%C3%A9gicointer%C3%B3leo?source=feed_text&amp;epa=HASHTAG&amp;__xts__%5B0%5D=68.ARBjFE8f-7nJr6Pi0FP9AMYvZuq3Fj2S7DuERSTf4S7A7H9DTIY8qq-W_TZflZ782IpvCcFJqaA2SoHC_PFe6PJ2IxPWaxrP-5dINFL0q7rwMie5PldTxz3aOy596uG8pBuyBRPRileeMDXRJ0pFUudMdW4UErXmOy4XODgTII0scD7KehIpAI1VglFq_o6qw_Tx9ObBU4vuPx2SH4l0bzj8J242tYo-GI6KoJm6ERUFbe0-qS7NSIh_tirMSHLltlKrg8nveFhXO6R0E4JlhnbUb6Tw1J6kkNMKId_1opHnvceeQGtxmYIqAbMNHeslAuT476gauBxga_dw6MrklfqdWA&amp;__tn__=%2ANK-R\" data-ft=\"{&quot;type&quot;:104,&quot;tn&quot;:&quot;*N&quot;}\"><span class=\"_5afx\"><span class=\"_58cl _5afz\" aria-label=\"hashtag\">#<\/span><span class=\"_58cm\">PlanEstrat\u00e9gicoInter\u00f3leo<\/span><\/span><\/a><\/p>\n<\/div>\n","protected":false},"excerpt":{"rendered":"<p>Grupo Inter\u00f3leo refuerza la responsabilidad social al respaldar todas aquellas actividades que tienen una vertiente saludable. Por eso, hemos firmado un convenio de colaboraci\u00f3n con el Club de Atletismo Quiebrjano y la empresa Publiprenda Promowear para colaborar en la decimosexta edici\u00f3n de la Subida al Pantano del Quiebrajano. Nuestro presidente, Juan Gadeo; nuestro gerente, Esteban &hellip; <\/p>\n<p class=\"link-more\"><a href=\"https:\/\/www.interoleo.com\/en\/interoleo-subida-al-quiebrajano\/\" class=\"more-link\">Read more<span class=\"screen-reader-text\"> &#8220;Grupo Inter\u00f3leo firma un convenio de colaboraci\u00f3n con la XVI Subida al Pantano del Quiebrajano&#8221;<\/span><\/a><\/p>\n","protected":false},"author":2,"featured_media":2266,"comment_status":"closed","ping_status":"closed","sticky":false,"template":"","format":"standard","meta":{"jetpack_post_was_ever_published":false,"_jetpack_newsletter_access":"","_jetpack_dont_email_post_to_subs":false,"_jetpack_newsletter_tier_id":0,"_jetpack_memberships_contains_paywalled_content":false,"_jetpack_memberships_contains_paid_content":false,"footnotes":"","jetpack_publicize_message":"","jetpack_publicize_feature_enabled":true,"jetpack_social_post_already_shared":true,"jetpack_social_options":{"image_generator_settings":{"template":"highway","default_image_id":0,"font":"","enabled":false},"version":2}},"categories":[3,4,7],"tags":[17,156,280,278,276,22,23,44,18,19,279,277],"class_list":["post-2265","post","type-post","status-publish","format-standard","has-post-thumbnail","hentry","category-aceite-de-oliva","category-actualidad","category-noticias-interoleo","tag-aceite","tag-aceite-de-oliva","tag-club-atletismo-quiebrajano","tag-convenio-de-colaboracion","tag-deporte","tag-esteban-momblan","tag-gerente-de-interoleo","tag-grupo-interoleo","tag-juan-gadeo","tag-presidente-de-interoleo","tag-publiprenda-promowear","tag-subida-al-quiebrajano"],"yoast_head":"<!-- This site is optimized with the Yoast SEO plugin v26.0 - https:\/\/yoast.com\/wordpress\/plugins\/seo\/ -->\n<title>Grupo Inter\u00f3leo en la Subida al Quiebrajano - Grupo Inter\u00f3leo<\/title>\n<meta name=\"description\" content=\"Grupo Inter\u00f3leo refuerza su responsabilidad social con la firma de un convenio para participar en la XVI Subida al Quiebrajano\" \/>\n<meta name=\"robots\" content=\"index, follow, max-snippet:-1, max-image-preview:large, max-video-preview:-1\" \/>\n<link rel=\"canonical\" href=\"https:\/\/www.interoleo.com\/en\/interoleo-subida-al-quiebrajano\/\" \/>\n<meta property=\"og:locale\" content=\"en_US\" \/>\n<meta property=\"og:type\" content=\"article\" \/>\n<meta property=\"og:title\" content=\"Grupo Inter\u00f3leo en la Subida al Quiebrajano - Grupo Inter\u00f3leo\" \/>\n<meta property=\"og:description\" content=\"Grupo Inter\u00f3leo refuerza su responsabilidad social con la firma de un convenio para participar en la XVI Subida al Quiebrajano\" \/>\n<meta property=\"og:url\" content=\"https:\/\/www.interoleo.com\/en\/interoleo-subida-al-quiebrajano\/\" \/>\n<meta property=\"og:site_name\" content=\"Grupo Inter\u00f3leo\" \/>\n<meta property=\"article:published_time\" content=\"2019-09-11T11:01:00+00:00\" \/>\n<meta property=\"article:modified_time\" content=\"2019-09-26T11:07:45+00:00\" \/>\n<meta property=\"og:image\" content=\"https:\/\/www.interoleo.com\/wp-content\/uploads\/2019\/09\/convenio.jpg\" \/>\n\t<meta property=\"og:image:width\" content=\"1181\" \/>\n\t<meta property=\"og:image:height\" content=\"787\" \/>\n\t<meta property=\"og:image:type\" content=\"image\/jpeg\" \/>\n<meta name=\"author\" content=\"Interoleo Picual\" \/>\n<meta name=\"twitter:card\" content=\"summary_large_image\" \/>\n<meta name=\"twitter:label1\" content=\"Written by\" \/>\n\t<meta name=\"twitter:data1\" content=\"Interoleo Picual\" \/>\n\t<meta name=\"twitter:label2\" content=\"Est. reading time\" \/>\n\t<meta name=\"twitter:data2\" content=\"1 minute\" \/>\n<script type=\"application\/ld+json\" class=\"yoast-schema-graph\">{\"@context\":\"https:\/\/schema.org\",\"@graph\":[{\"@type\":\"WebPage\",\"@id\":\"https:\/\/www.interoleo.com\/en\/interoleo-subida-al-quiebrajano\/\",\"url\":\"https:\/\/www.interoleo.com\/en\/interoleo-subida-al-quiebrajano\/\",\"name\":\"Grupo Inter\u00f3leo en la Subida al Quiebrajano - Grupo Inter\u00f3leo\",\"isPartOf\":{\"@id\":\"https:\/\/www.interoleo.com\/en\/#website\"},\"primaryImageOfPage\":{\"@id\":\"https:\/\/www.interoleo.com\/en\/interoleo-subida-al-quiebrajano\/#primaryimage\"},\"image\":{\"@id\":\"https:\/\/www.interoleo.com\/en\/interoleo-subida-al-quiebrajano\/#primaryimage\"},\"thumbnailUrl\":\"https:\/\/www.interoleo.com\/wp-content\/uploads\/2019\/09\/convenio.jpg\",\"datePublished\":\"2019-09-11T11:01:00+00:00\",\"dateModified\":\"2019-09-26T11:07:45+00:00\",\"author\":{\"@id\":\"https:\/\/www.interoleo.com\/en\/#\/schema\/person\/b38839767920504f85d0555e5244a76d\"},\"description\":\"Grupo Inter\u00f3leo refuerza su responsabilidad social con la firma de un convenio para participar en la XVI Subida al Quiebrajano\",\"breadcrumb\":{\"@id\":\"https:\/\/www.interoleo.com\/en\/interoleo-subida-al-quiebrajano\/#breadcrumb\"},\"inLanguage\":\"en-US\",\"potentialAction\":[{\"@type\":\"ReadAction\",\"target\":[\"https:\/\/www.interoleo.com\/en\/interoleo-subida-al-quiebrajano\/\"]}]},{\"@type\":\"ImageObject\",\"inLanguage\":\"en-US\",\"@id\":\"https:\/\/www.interoleo.com\/en\/interoleo-subida-al-quiebrajano\/#primaryimage\",\"url\":\"https:\/\/www.interoleo.com\/wp-content\/uploads\/2019\/09\/convenio.jpg\",\"contentUrl\":\"https:\/\/www.interoleo.com\/wp-content\/uploads\/2019\/09\/convenio.jpg\",\"width\":1181,\"height\":787},{\"@type\":\"BreadcrumbList\",\"@id\":\"https:\/\/www.interoleo.com\/en\/interoleo-subida-al-quiebrajano\/#breadcrumb\",\"itemListElement\":[{\"@type\":\"ListItem\",\"position\":1,\"name\":\"Portada\",\"item\":\"https:\/\/www.interoleo.com\/en\/\"},{\"@type\":\"ListItem\",\"position\":2,\"name\":\"Grupo Inter\u00f3leo firma un convenio de colaboraci\u00f3n con la XVI Subida al Pantano del Quiebrajano\"}]},{\"@type\":\"WebSite\",\"@id\":\"https:\/\/www.interoleo.com\/en\/#website\",\"url\":\"https:\/\/www.interoleo.com\/en\/\",\"name\":\"Grupo Inter\u00f3leo\",\"description\":\"Grupo Inter\u00f3leo comercializador de aceite de oliva a granel\",\"potentialAction\":[{\"@type\":\"SearchAction\",\"target\":{\"@type\":\"EntryPoint\",\"urlTemplate\":\"https:\/\/www.interoleo.com\/en\/?s={search_term_string}\"},\"query-input\":{\"@type\":\"PropertyValueSpecification\",\"valueRequired\":true,\"valueName\":\"search_term_string\"}}],\"inLanguage\":\"en-US\"},{\"@type\":\"Person\",\"@id\":\"https:\/\/www.interoleo.com\/en\/#\/schema\/person\/b38839767920504f85d0555e5244a76d\",\"name\":\"Interoleo Picual\",\"image\":{\"@type\":\"ImageObject\",\"inLanguage\":\"en-US\",\"@id\":\"https:\/\/www.interoleo.com\/en\/#\/schema\/person\/image\/\",\"url\":\"https:\/\/secure.gravatar.com\/avatar\/9d9b88888a963e3b9235bbd165d9c050?s=96&d=mm&r=g\",\"contentUrl\":\"https:\/\/secure.gravatar.com\/avatar\/9d9b88888a963e3b9235bbd165d9c050?s=96&d=mm&r=g\",\"caption\":\"Interoleo Picual\"},\"url\":\"https:\/\/www.interoleo.com\/en\/author\/interoleo\/\"}]}<\/script>\n<!-- \/ Yoast SEO plugin. -->","yoast_head_json":{"title":"Grupo Inter\u00f3leo en la Subida al Quiebrajano - Grupo Inter\u00f3leo","description":"Grupo Inter\u00f3leo refuerza su responsabilidad social con la firma de un convenio para participar en la XVI Subida al Quiebrajano","robots":{"index":"index","follow":"follow","max-snippet":"max-snippet:-1","max-image-preview":"max-image-preview:large","max-video-preview":"max-video-preview:-1"},"canonical":"https:\/\/www.interoleo.com\/en\/interoleo-subida-al-quiebrajano\/","og_locale":"en_US","og_type":"article","og_title":"Grupo Inter\u00f3leo en la Subida al Quiebrajano - Grupo Inter\u00f3leo","og_description":"Grupo Inter\u00f3leo refuerza su responsabilidad social con la firma de un convenio para participar en la XVI Subida al Quiebrajano","og_url":"https:\/\/www.interoleo.com\/en\/interoleo-subida-al-quiebrajano\/","og_site_name":"Grupo Inter\u00f3leo","article_published_time":"2019-09-11T11:01:00+00:00","article_modified_time":"2019-09-26T11:07:45+00:00","og_image":[{"width":1181,"height":787,"url":"https:\/\/www.interoleo.com\/wp-content\/uploads\/2019\/09\/convenio.jpg","type":"image\/jpeg"}],"author":"Interoleo Picual","twitter_card":"summary_large_image","twitter_misc":{"Written by":"Interoleo Picual","Est. reading time":"1 minute"},"schema":{"@context":"https:\/\/schema.org","@graph":[{"@type":"WebPage","@id":"https:\/\/www.interoleo.com\/en\/interoleo-subida-al-quiebrajano\/","url":"https:\/\/www.interoleo.com\/en\/interoleo-subida-al-quiebrajano\/","name":"Grupo Inter\u00f3leo en la Subida al Quiebrajano - Grupo Inter\u00f3leo","isPartOf":{"@id":"https:\/\/www.interoleo.com\/en\/#website"},"primaryImageOfPage":{"@id":"https:\/\/www.interoleo.com\/en\/interoleo-subida-al-quiebrajano\/#primaryimage"},"image":{"@id":"https:\/\/www.interoleo.com\/en\/interoleo-subida-al-quiebrajano\/#primaryimage"},"thumbnailUrl":"https:\/\/www.interoleo.com\/wp-content\/uploads\/2019\/09\/convenio.jpg","datePublished":"2019-09-11T11:01:00+00:00","dateModified":"2019-09-26T11:07:45+00:00","author":{"@id":"https:\/\/www.interoleo.com\/en\/#\/schema\/person\/b38839767920504f85d0555e5244a76d"},"description":"Grupo Inter\u00f3leo refuerza su responsabilidad social con la firma de un convenio para participar en la XVI Subida al Quiebrajano","breadcrumb":{"@id":"https:\/\/www.interoleo.com\/en\/interoleo-subida-al-quiebrajano\/#breadcrumb"},"inLanguage":"en-US","potentialAction":[{"@type":"ReadAction","target":["https:\/\/www.interoleo.com\/en\/interoleo-subida-al-quiebrajano\/"]}]},{"@type":"ImageObject","inLanguage":"en-US","@id":"https:\/\/www.interoleo.com\/en\/interoleo-subida-al-quiebrajano\/#primaryimage","url":"https:\/\/www.interoleo.com\/wp-content\/uploads\/2019\/09\/convenio.jpg","contentUrl":"https:\/\/www.interoleo.com\/wp-content\/uploads\/2019\/09\/convenio.jpg","width":1181,"height":787},{"@type":"BreadcrumbList","@id":"https:\/\/www.interoleo.com\/en\/interoleo-subida-al-quiebrajano\/#breadcrumb","itemListElement":[{"@type":"ListItem","position":1,"name":"Portada","item":"https:\/\/www.interoleo.com\/en\/"},{"@type":"ListItem","position":2,"name":"Grupo Inter\u00f3leo firma un convenio de colaboraci\u00f3n con la XVI Subida al Pantano del Quiebrajano"}]},{"@type":"WebSite","@id":"https:\/\/www.interoleo.com\/en\/#website","url":"https:\/\/www.interoleo.com\/en\/","name":"Grupo Inter\u00f3leo","description":"Grupo Inter\u00f3leo comercializador de aceite de oliva a granel","potentialAction":[{"@type":"SearchAction","target":{"@type":"EntryPoint","urlTemplate":"https:\/\/www.interoleo.com\/en\/?s={search_term_string}"},"query-input":{"@type":"PropertyValueSpecification","valueRequired":true,"valueName":"search_term_string"}}],"inLanguage":"en-US"},{"@type":"Person","@id":"https:\/\/www.interoleo.com\/en\/#\/schema\/person\/b38839767920504f85d0555e5244a76d","name":"Interoleo Picual","image":{"@type":"ImageObject","inLanguage":"en-US","@id":"https:\/\/www.interoleo.com\/en\/#\/schema\/person\/image\/","url":"https:\/\/secure.gravatar.com\/avatar\/9d9b88888a963e3b9235bbd165d9c050?s=96&d=mm&r=g","contentUrl":"https:\/\/secure.gravatar.com\/avatar\/9d9b88888a963e3b9235bbd165d9c050?s=96&d=mm&r=g","caption":"Interoleo Picual"},"url":"https:\/\/www.interoleo.com\/en\/author\/interoleo\/"}]}},"jetpack_publicize_connections":[],"jetpack_featured_media_url":"https:\/\/www.interoleo.com\/wp-content\/uploads\/2019\/09\/convenio.jpg","jetpack_shortlink":"https:\/\/wp.me\/p7R8ws-Ax","jetpack_sharing_enabled":true,"_links":{"self":[{"href":"https:\/\/www.interoleo.com\/en\/wp-json\/wp\/v2\/posts\/2265","targetHints":{"allow":["GET"]}}],"collection":[{"href":"https:\/\/www.interoleo.com\/en\/wp-json\/wp\/v2\/posts"}],"about":[{"href":"https:\/\/www.interoleo.com\/en\/wp-json\/wp\/v2\/types\/post"}],"author":[{"embeddable":true,"href":"https:\/\/www.interoleo.com\/en\/wp-json\/wp\/v2\/users\/2"}],"replies":[{"embeddable":true,"href":"https:\/\/www.interoleo.com\/en\/wp-json\/wp\/v2\/comments?post=2265"}],"version-history":[{"count":1,"href":"https:\/\/www.interoleo.com\/en\/wp-json\/wp\/v2\/posts\/2265\/revisions"}],"predecessor-version":[{"id":2267,"href":"https:\/\/www.interoleo.com\/en\/wp-json\/wp\/v2\/posts\/2265\/revisions\/2267"}],"wp:featuredmedia":[{"embeddable":true,"href":"https:\/\/www.interoleo.com\/en\/wp-json\/wp\/v2\/media\/2266"}],"wp:attachment":[{"href":"https:\/\/www.interoleo.com\/en\/wp-json\/wp\/v2\/media?parent=2265"}],"wp:term":[{"taxonomy":"category","embeddable":true,"href":"https:\/\/www.interoleo.com\/en\/wp-json\/wp\/v2\/categories?post=2265"},{"taxonomy":"post_tag","embeddable":true,"href":"https:\/\/www.interoleo.com\/en\/wp-json\/wp\/v2\/tags?post=2265"}],"curies":[{"name":"wp","href":"https:\/\/api.w.org\/{rel}","templated":true}]}}