{"id":2272,"date":"2019-10-28T17:12:16","date_gmt":"2019-10-28T17:12:16","guid":{"rendered":"http:\/\/www.interoleo.com\/?p=2272"},"modified":"2019-10-28T17:12:16","modified_gmt":"2019-10-28T17:12:16","slug":"interoleo-advierte-perdida-aceite","status":"publish","type":"post","link":"https:\/\/www.interoleo.com\/en\/interoleo-advierte-perdida-aceite\/","title":{"rendered":"Grupo Inter\u00f3leo advierte de que Espa\u00f1a pierde 600.000 toneladas de aceite con respecto a la pasada campa\u00f1a"},"content":{"rendered":"<p style=\"text-align: center;\"><strong><u>La empresa destaca que el aforo hace hincapi\u00e9 en la merma productiva motivada por la preocupante escasez de lluvias, pero espera que haya un aumento del consumo mundial, lo que podr\u00eda marcar una tendencia positiva<\/u><\/strong><\/p>\n<p>Grupo Inter\u00f3leo advierte de que Espa\u00f1a perder\u00e1 600.000 toneladas de aceite de oliva con respecto a la pasada campa\u00f1a. El aforo presentado, esta ma\u00f1ana, por la consejera de Agricultura, Carmen Crespo, sit\u00faa la previsi\u00f3n de producci\u00f3n en Ja\u00e9n en las 455.070 toneladas, un 31,7% menos que la pasada campa\u00f1a; en Andaluc\u00eda, en 983.680, un 32,7% menos; y en Espa\u00f1a, en 1.250.000. Con estas previsiones podemos establecer que ser\u00e1 una campa\u00f1a inferior a la media, que a nivel nacional est\u00e1 cifrada en 1,3 millones de toneladas. Adem\u00e1s, estimamos que la p\u00e9rdida de aceite no se ver\u00e1 compensada con el incremento en los otros pa\u00edses productores y que las disponibilidades espa\u00f1olas se quedar\u00e1n por debajo de la pasada campa\u00f1a en cerca de 200.000 toneladas. No obstante estos datos, Grupo Inter\u00f3leo conf\u00eda en que los bajos precios en origen del aceite retornen el camino de las alzas y se pueda revertir, definitivamente, la cr\u00edtica situaci\u00f3n que atraviesa el sector olivarero, especialmente el olivar tradicional, que soporta unos costes m\u00e1s elevados.<\/p>\n<p>Con estas cantidades podemos hablar de una cosecha media, motivada por las escasas lluvias que se han registrado tanto en primavera como en oto\u00f1o, unidas a las altas temperaturas sufridas en los meses de verano. Los olivos sufren un estr\u00e9s h\u00eddrico que no ha quedado paliado por las \u00faltimas precipitaciones, muy escasas en nuestra opini\u00f3n.<\/p>\n<p>Esa reducci\u00f3n de cosecha en Espa\u00f1a contrasta con el incremento productivo en el resto de pa\u00edses de la Cuenca del Mediterr\u00e1neo, puesto que en Italia, Grecia y T\u00fanez, por ejemplo, se prev\u00e9n aumentos de la producci\u00f3n. Esto no compensar\u00eda la p\u00e9rdida nacional, lo que permitir\u00eda dibujar un escenario a nivel mundial de disponibilidades parecidas a la campa\u00f1a anterior. En este sentido, lo m\u00e1s destacable para el sector son las previsiones de incremento del consumo en el mundo, lo que podr\u00eda marcar claramente una tendencia muy positiva en el equilibrio de los precios.<\/p>\n<p>Grupo Inter\u00f3leo se muestra muy preocupado por la incertidumbre en la calidad de los aceites que se van a producir en Espa\u00f1a y en Italia debido a la abundancia de la plaga del olivo que est\u00e1 afectando de manera alarmante a nuestras explotaciones. En este sentido, cabe destacar la posible disminuci\u00f3n de aceites de oliva virgen extra en el mercado.<\/p>\n","protected":false},"excerpt":{"rendered":"<p>La empresa destaca que el aforo hace hincapi\u00e9 en la merma productiva motivada por la preocupante escasez de lluvias, pero espera que haya un aumento del consumo mundial, lo que podr\u00eda marcar una tendencia positiva Grupo Inter\u00f3leo advierte de que Espa\u00f1a perder\u00e1 600.000 toneladas de aceite de oliva con respecto a la pasada campa\u00f1a. El &hellip; <\/p>\n<p class=\"link-more\"><a href=\"https:\/\/www.interoleo.com\/en\/interoleo-advierte-perdida-aceite\/\" class=\"more-link\">Read more<span class=\"screen-reader-text\"> &#8220;Grupo Inter\u00f3leo advierte de que Espa\u00f1a pierde 600.000 toneladas de aceite con respecto a la pasada campa\u00f1a&#8221;<\/span><\/a><\/p>\n","protected":false},"author":2,"featured_media":2273,"comment_status":"closed","ping_status":"closed","sticky":false,"template":"","format":"standard","meta":{"jetpack_post_was_ever_published":false,"_jetpack_newsletter_access":"","_jetpack_dont_email_post_to_subs":false,"_jetpack_newsletter_tier_id":0,"_jetpack_memberships_contains_paywalled_content":false,"_jetpack_memberships_contains_paid_content":false,"footnotes":"","jetpack_publicize_message":"","jetpack_publicize_feature_enabled":true,"jetpack_social_post_already_shared":true,"jetpack_social_options":{"image_generator_settings":{"template":"highway","default_image_id":0,"font":"","enabled":false},"version":2}},"categories":[3,4,7],"tags":[17,156,284,58,73,35,54,22,32,23,44,12,18,19,14,83,31],"class_list":["post-2272","post","type-post","status-publish","format-standard","has-post-thumbnail","hentry","category-aceite-de-oliva","category-actualidad","category-noticias-interoleo","tag-aceite","tag-aceite-de-oliva","tag-aforo-del-olivar","tag-calidad","tag-comercializacion","tag-concentracion-de-la-oferta","tag-consumo","tag-esteban-momblan","tag-exportaciones","tag-gerente-de-interoleo","tag-grupo-interoleo","tag-interoleo","tag-juan-gadeo","tag-presidente-de-interoleo","tag-produccion","tag-sector-olivarero","tag-sector-productor"],"yoast_head":"<!-- This site is optimized with the Yoast SEO plugin v26.0 - https:\/\/yoast.com\/wordpress\/plugins\/seo\/ -->\n<title>Inter\u00f3leo valora el aforo de la campa\u00f1a 2019\/2020 - Grupo Inter\u00f3leo<\/title>\n<meta name=\"description\" content=\"Grupo Inter\u00f3leo valora el aforo presentado por la consejera de Agricultura y destaca que Espa\u00f1a dejar\u00e1 de producir 600.000 toneladas de aceite\" \/>\n<meta name=\"robots\" content=\"index, follow, max-snippet:-1, max-image-preview:large, max-video-preview:-1\" \/>\n<link rel=\"canonical\" href=\"https:\/\/www.interoleo.com\/en\/interoleo-advierte-perdida-aceite\/\" \/>\n<meta property=\"og:locale\" content=\"en_US\" \/>\n<meta property=\"og:type\" content=\"article\" \/>\n<meta property=\"og:title\" content=\"Inter\u00f3leo valora el aforo de la campa\u00f1a 2019\/2020 - Grupo Inter\u00f3leo\" \/>\n<meta property=\"og:description\" content=\"Grupo Inter\u00f3leo valora el aforo presentado por la consejera de Agricultura y destaca que Espa\u00f1a dejar\u00e1 de producir 600.000 toneladas de aceite\" \/>\n<meta property=\"og:url\" content=\"https:\/\/www.interoleo.com\/en\/interoleo-advierte-perdida-aceite\/\" \/>\n<meta property=\"og:site_name\" content=\"Grupo Inter\u00f3leo\" \/>\n<meta property=\"article:published_time\" content=\"2019-10-28T17:12:16+00:00\" \/>\n<meta property=\"og:image\" content=\"https:\/\/www.interoleo.com\/wp-content\/uploads\/2019\/10\/aforo-inter\u00f3leo.jpg\" \/>\n\t<meta property=\"og:image:width\" content=\"1181\" \/>\n\t<meta property=\"og:image:height\" content=\"787\" \/>\n\t<meta property=\"og:image:type\" content=\"image\/jpeg\" \/>\n<meta name=\"author\" content=\"Interoleo Picual\" \/>\n<meta name=\"twitter:card\" content=\"summary_large_image\" \/>\n<meta name=\"twitter:label1\" content=\"Written by\" \/>\n\t<meta name=\"twitter:data1\" content=\"Interoleo Picual\" \/>\n\t<meta name=\"twitter:label2\" content=\"Est. reading time\" \/>\n\t<meta name=\"twitter:data2\" content=\"2 minutes\" \/>\n<script type=\"application\/ld+json\" class=\"yoast-schema-graph\">{\"@context\":\"https:\/\/schema.org\",\"@graph\":[{\"@type\":\"WebPage\",\"@id\":\"https:\/\/www.interoleo.com\/en\/interoleo-advierte-perdida-aceite\/\",\"url\":\"https:\/\/www.interoleo.com\/en\/interoleo-advierte-perdida-aceite\/\",\"name\":\"Inter\u00f3leo valora el aforo de la campa\u00f1a 2019\/2020 - Grupo Inter\u00f3leo\",\"isPartOf\":{\"@id\":\"https:\/\/www.interoleo.com\/en\/#website\"},\"primaryImageOfPage\":{\"@id\":\"https:\/\/www.interoleo.com\/en\/interoleo-advierte-perdida-aceite\/#primaryimage\"},\"image\":{\"@id\":\"https:\/\/www.interoleo.com\/en\/interoleo-advierte-perdida-aceite\/#primaryimage\"},\"thumbnailUrl\":\"https:\/\/www.interoleo.com\/wp-content\/uploads\/2019\/10\/aforo-inter\u00f3leo.jpg\",\"datePublished\":\"2019-10-28T17:12:16+00:00\",\"author\":{\"@id\":\"https:\/\/www.interoleo.com\/en\/#\/schema\/person\/b38839767920504f85d0555e5244a76d\"},\"description\":\"Grupo Inter\u00f3leo valora el aforo presentado por la consejera de Agricultura y destaca que Espa\u00f1a dejar\u00e1 de producir 600.000 toneladas de aceite\",\"breadcrumb\":{\"@id\":\"https:\/\/www.interoleo.com\/en\/interoleo-advierte-perdida-aceite\/#breadcrumb\"},\"inLanguage\":\"en-US\",\"potentialAction\":[{\"@type\":\"ReadAction\",\"target\":[\"https:\/\/www.interoleo.com\/en\/interoleo-advierte-perdida-aceite\/\"]}]},{\"@type\":\"ImageObject\",\"inLanguage\":\"en-US\",\"@id\":\"https:\/\/www.interoleo.com\/en\/interoleo-advierte-perdida-aceite\/#primaryimage\",\"url\":\"https:\/\/www.interoleo.com\/wp-content\/uploads\/2019\/10\/aforo-inter\u00f3leo.jpg\",\"contentUrl\":\"https:\/\/www.interoleo.com\/wp-content\/uploads\/2019\/10\/aforo-inter\u00f3leo.jpg\",\"width\":1181,\"height\":787},{\"@type\":\"BreadcrumbList\",\"@id\":\"https:\/\/www.interoleo.com\/en\/interoleo-advierte-perdida-aceite\/#breadcrumb\",\"itemListElement\":[{\"@type\":\"ListItem\",\"position\":1,\"name\":\"Portada\",\"item\":\"https:\/\/www.interoleo.com\/en\/\"},{\"@type\":\"ListItem\",\"position\":2,\"name\":\"Grupo Inter\u00f3leo advierte de que Espa\u00f1a pierde 600.000 toneladas de aceite con respecto a la pasada campa\u00f1a\"}]},{\"@type\":\"WebSite\",\"@id\":\"https:\/\/www.interoleo.com\/en\/#website\",\"url\":\"https:\/\/www.interoleo.com\/en\/\",\"name\":\"Grupo Inter\u00f3leo\",\"description\":\"Grupo Inter\u00f3leo comercializador de aceite de oliva a granel\",\"potentialAction\":[{\"@type\":\"SearchAction\",\"target\":{\"@type\":\"EntryPoint\",\"urlTemplate\":\"https:\/\/www.interoleo.com\/en\/?s={search_term_string}\"},\"query-input\":{\"@type\":\"PropertyValueSpecification\",\"valueRequired\":true,\"valueName\":\"search_term_string\"}}],\"inLanguage\":\"en-US\"},{\"@type\":\"Person\",\"@id\":\"https:\/\/www.interoleo.com\/en\/#\/schema\/person\/b38839767920504f85d0555e5244a76d\",\"name\":\"Interoleo Picual\",\"image\":{\"@type\":\"ImageObject\",\"inLanguage\":\"en-US\",\"@id\":\"https:\/\/www.interoleo.com\/en\/#\/schema\/person\/image\/\",\"url\":\"https:\/\/secure.gravatar.com\/avatar\/9d9b88888a963e3b9235bbd165d9c050?s=96&d=mm&r=g\",\"contentUrl\":\"https:\/\/secure.gravatar.com\/avatar\/9d9b88888a963e3b9235bbd165d9c050?s=96&d=mm&r=g\",\"caption\":\"Interoleo Picual\"},\"url\":\"https:\/\/www.interoleo.com\/en\/author\/interoleo\/\"}]}<\/script>\n<!-- \/ Yoast SEO plugin. -->","yoast_head_json":{"title":"Inter\u00f3leo valora el aforo de la campa\u00f1a 2019\/2020 - Grupo Inter\u00f3leo","description":"Grupo Inter\u00f3leo valora el aforo presentado por la consejera de Agricultura y destaca que Espa\u00f1a dejar\u00e1 de producir 600.000 toneladas de aceite","robots":{"index":"index","follow":"follow","max-snippet":"max-snippet:-1","max-image-preview":"max-image-preview:large","max-video-preview":"max-video-preview:-1"},"canonical":"https:\/\/www.interoleo.com\/en\/interoleo-advierte-perdida-aceite\/","og_locale":"en_US","og_type":"article","og_title":"Inter\u00f3leo valora el aforo de la campa\u00f1a 2019\/2020 - Grupo Inter\u00f3leo","og_description":"Grupo Inter\u00f3leo valora el aforo presentado por la consejera de Agricultura y destaca que Espa\u00f1a dejar\u00e1 de producir 600.000 toneladas de aceite","og_url":"https:\/\/www.interoleo.com\/en\/interoleo-advierte-perdida-aceite\/","og_site_name":"Grupo Inter\u00f3leo","article_published_time":"2019-10-28T17:12:16+00:00","og_image":[{"width":1181,"height":787,"url":"https:\/\/www.interoleo.com\/wp-content\/uploads\/2019\/10\/aforo-inter\u00f3leo.jpg","type":"image\/jpeg"}],"author":"Interoleo Picual","twitter_card":"summary_large_image","twitter_misc":{"Written by":"Interoleo Picual","Est. reading time":"2 minutes"},"schema":{"@context":"https:\/\/schema.org","@graph":[{"@type":"WebPage","@id":"https:\/\/www.interoleo.com\/en\/interoleo-advierte-perdida-aceite\/","url":"https:\/\/www.interoleo.com\/en\/interoleo-advierte-perdida-aceite\/","name":"Inter\u00f3leo valora el aforo de la campa\u00f1a 2019\/2020 - Grupo Inter\u00f3leo","isPartOf":{"@id":"https:\/\/www.interoleo.com\/en\/#website"},"primaryImageOfPage":{"@id":"https:\/\/www.interoleo.com\/en\/interoleo-advierte-perdida-aceite\/#primaryimage"},"image":{"@id":"https:\/\/www.interoleo.com\/en\/interoleo-advierte-perdida-aceite\/#primaryimage"},"thumbnailUrl":"https:\/\/www.interoleo.com\/wp-content\/uploads\/2019\/10\/aforo-inter\u00f3leo.jpg","datePublished":"2019-10-28T17:12:16+00:00","author":{"@id":"https:\/\/www.interoleo.com\/en\/#\/schema\/person\/b38839767920504f85d0555e5244a76d"},"description":"Grupo Inter\u00f3leo valora el aforo presentado por la consejera de Agricultura y destaca que Espa\u00f1a dejar\u00e1 de producir 600.000 toneladas de aceite","breadcrumb":{"@id":"https:\/\/www.interoleo.com\/en\/interoleo-advierte-perdida-aceite\/#breadcrumb"},"inLanguage":"en-US","potentialAction":[{"@type":"ReadAction","target":["https:\/\/www.interoleo.com\/en\/interoleo-advierte-perdida-aceite\/"]}]},{"@type":"ImageObject","inLanguage":"en-US","@id":"https:\/\/www.interoleo.com\/en\/interoleo-advierte-perdida-aceite\/#primaryimage","url":"https:\/\/www.interoleo.com\/wp-content\/uploads\/2019\/10\/aforo-inter\u00f3leo.jpg","contentUrl":"https:\/\/www.interoleo.com\/wp-content\/uploads\/2019\/10\/aforo-inter\u00f3leo.jpg","width":1181,"height":787},{"@type":"BreadcrumbList","@id":"https:\/\/www.interoleo.com\/en\/interoleo-advierte-perdida-aceite\/#breadcrumb","itemListElement":[{"@type":"ListItem","position":1,"name":"Portada","item":"https:\/\/www.interoleo.com\/en\/"},{"@type":"ListItem","position":2,"name":"Grupo Inter\u00f3leo advierte de que Espa\u00f1a pierde 600.000 toneladas de aceite con respecto a la pasada campa\u00f1a"}]},{"@type":"WebSite","@id":"https:\/\/www.interoleo.com\/en\/#website","url":"https:\/\/www.interoleo.com\/en\/","name":"Grupo Inter\u00f3leo","description":"Grupo Inter\u00f3leo comercializador de aceite de oliva a granel","potentialAction":[{"@type":"SearchAction","target":{"@type":"EntryPoint","urlTemplate":"https:\/\/www.interoleo.com\/en\/?s={search_term_string}"},"query-input":{"@type":"PropertyValueSpecification","valueRequired":true,"valueName":"search_term_string"}}],"inLanguage":"en-US"},{"@type":"Person","@id":"https:\/\/www.interoleo.com\/en\/#\/schema\/person\/b38839767920504f85d0555e5244a76d","name":"Interoleo Picual","image":{"@type":"ImageObject","inLanguage":"en-US","@id":"https:\/\/www.interoleo.com\/en\/#\/schema\/person\/image\/","url":"https:\/\/secure.gravatar.com\/avatar\/9d9b88888a963e3b9235bbd165d9c050?s=96&d=mm&r=g","contentUrl":"https:\/\/secure.gravatar.com\/avatar\/9d9b88888a963e3b9235bbd165d9c050?s=96&d=mm&r=g","caption":"Interoleo Picual"},"url":"https:\/\/www.interoleo.com\/en\/author\/interoleo\/"}]}},"jetpack_publicize_connections":[],"jetpack_featured_media_url":"https:\/\/www.interoleo.com\/wp-content\/uploads\/2019\/10\/aforo-inter\u00f3leo.jpg","jetpack_shortlink":"https:\/\/wp.me\/p7R8ws-AE","jetpack_sharing_enabled":true,"_links":{"self":[{"href":"https:\/\/www.interoleo.com\/en\/wp-json\/wp\/v2\/posts\/2272","targetHints":{"allow":["GET"]}}],"collection":[{"href":"https:\/\/www.interoleo.com\/en\/wp-json\/wp\/v2\/posts"}],"about":[{"href":"https:\/\/www.interoleo.com\/en\/wp-json\/wp\/v2\/types\/post"}],"author":[{"embeddable":true,"href":"https:\/\/www.interoleo.com\/en\/wp-json\/wp\/v2\/users\/2"}],"replies":[{"embeddable":true,"href":"https:\/\/www.interoleo.com\/en\/wp-json\/wp\/v2\/comments?post=2272"}],"version-history":[{"count":2,"href":"https:\/\/www.interoleo.com\/en\/wp-json\/wp\/v2\/posts\/2272\/revisions"}],"predecessor-version":[{"id":2275,"href":"https:\/\/www.interoleo.com\/en\/wp-json\/wp\/v2\/posts\/2272\/revisions\/2275"}],"wp:featuredmedia":[{"embeddable":true,"href":"https:\/\/www.interoleo.com\/en\/wp-json\/wp\/v2\/media\/2273"}],"wp:attachment":[{"href":"https:\/\/www.interoleo.com\/en\/wp-json\/wp\/v2\/media?parent=2272"}],"wp:term":[{"taxonomy":"category","embeddable":true,"href":"https:\/\/www.interoleo.com\/en\/wp-json\/wp\/v2\/categories?post=2272"},{"taxonomy":"post_tag","embeddable":true,"href":"https:\/\/www.interoleo.com\/en\/wp-json\/wp\/v2\/tags?post=2272"}],"curies":[{"name":"wp","href":"https:\/\/api.w.org\/{rel}","templated":true}]}}