{"id":2910,"date":"2021-09-21T08:49:25","date_gmt":"2021-09-21T08:49:25","guid":{"rendered":"https:\/\/www.interoleo.com\/?p=2910"},"modified":"2021-09-21T08:49:25","modified_gmt":"2021-09-21T08:49:25","slug":"interoleo-expoliva","status":"publish","type":"post","link":"https:\/\/www.interoleo.com\/en\/interoleo-expoliva\/","title":{"rendered":"Grupo Inter\u00f3leo har\u00e1 de su stand en Expoliva el foro de an\u00e1lisis sobre el presente y el futuro del sector olivarero en Ja\u00e9n, Andaluc\u00eda y Espa\u00f1a"},"content":{"rendered":"<p style=\"text-align: center;\"><strong><u>La empresa cumple en esta nueva edici\u00f3n de Expoliva 12 a\u00f1os <\/u><\/strong><strong><u>de crecimiento continuado y de apuesta constante por la profesionalizaci\u00f3n del sector olivarero y la mejora de la rentabilidad de todos nuestros socios<\/u><\/strong><\/p>\n<p>&nbsp;<\/p>\n<p>Grupo Inter\u00f3leo llega a Expoliva con los deberes bien hechos. Doce a\u00f1os de crecimiento continuado y apuesta constante por la profesionalizaci\u00f3n del sector y la mejora de la rentabilidad de nuestros socios avalan el trabajo realizado por una empresa que est\u00e1 m\u00e1s que consolidada como referente mundial en la comercializaci\u00f3n del aceite de oliva. Y, en esta edici\u00f3n de la feria internacional del olivar, Inter\u00f3leo convertir\u00e1 su stand C-23 en el foro de debate y an\u00e1lisis sobre el presente y el futuro del aceite de oliva en Ja\u00e9n, Andaluc\u00eda y Espa\u00f1a.<\/p>\n<p>Grupo Inter\u00f3leo volver\u00e1 a presentar un stand abierto a todos los socios, a los olivareros en general que quieran visitarnos, a todos nuestros clientes nacionales e internacionales, as\u00ed como a todos aquellos que colaboran con nosotros. Un punto de encuentro en el que se abordar\u00e1n las \u00faltimas cuestiones m\u00e1s relevantes para el sector, desde la PAC a partir de 2023 hasta el decreto de calidad y trazabilidad, pasando por el Plan Estrat\u00e9gico que est\u00e1 elaborando el Ministerio, por las normas de etiquetado, el aforo que presentar\u00e1 la Junta de Andaluc\u00eda en el marco de Expoliva, la pr\u00f3xima campa\u00f1a de comercializaci\u00f3n o la situaci\u00f3n de los mercados.<\/p>\n<p>Pero, adem\u00e1s, Grupo Inter\u00f3leo aprovechar\u00e1 el marco de la feria internacional del aceite de oliva para participar en diversos foros de opini\u00f3n y debate, para reforzar la implantaci\u00f3n de los Objetivos de Desarrollo Sostenible (ODS) en el sector agroalimentario, as\u00ed como para presentar el proyecto Cooperalive, del que formamos parte y que se desarrollar\u00e1 en los pr\u00f3ximos dos a\u00f1os con el objetivo de incrementar la rentabilidad del olivar tradicional andaluz y, por consiguiente, jiennense. Para ello impulsa la expansi\u00f3n del modelo de olivicultura de Olivares Vivos en el sector de las cooperativas ole\u00edcolas de Andaluc\u00eda.<\/p>\n","protected":false},"excerpt":{"rendered":"<p>La empresa cumple en esta nueva edici\u00f3n de Expoliva 12 a\u00f1os de crecimiento continuado y de apuesta constante por la profesionalizaci\u00f3n del sector olivarero y la mejora de la rentabilidad de todos nuestros socios &nbsp; Grupo Inter\u00f3leo llega a Expoliva con los deberes bien hechos. Doce a\u00f1os de crecimiento continuado y apuesta constante por la &hellip; <\/p>\n<p class=\"link-more\"><a href=\"https:\/\/www.interoleo.com\/en\/interoleo-expoliva\/\" class=\"more-link\">Read more<span class=\"screen-reader-text\"> &#8220;Grupo Inter\u00f3leo har\u00e1 de su stand en Expoliva el foro de an\u00e1lisis sobre el presente y el futuro del sector olivarero en Ja\u00e9n, Andaluc\u00eda y Espa\u00f1a&#8221;<\/span><\/a><\/p>\n","protected":false},"author":2,"featured_media":2911,"comment_status":"closed","ping_status":"closed","sticky":false,"template":"","format":"standard","meta":{"jetpack_post_was_ever_published":false,"_jetpack_newsletter_access":"","_jetpack_dont_email_post_to_subs":false,"_jetpack_newsletter_tier_id":0,"_jetpack_memberships_contains_paywalled_content":false,"_jetpack_memberships_contains_paid_content":false,"footnotes":"","jetpack_publicize_message":"","jetpack_publicize_feature_enabled":true,"jetpack_social_post_already_shared":true,"jetpack_social_options":{"image_generator_settings":{"template":"highway","default_image_id":0,"font":"","enabled":false},"version":2}},"categories":[3,4,7],"tags":[17,156,58,73,140,22,330,32,331,332,44,18,94,333,14,61,24,83,334,33],"class_list":["post-2910","post","type-post","status-publish","format-standard","has-post-thumbnail","hentry","category-aceite-de-oliva","category-actualidad","category-noticias-interoleo","tag-aceite","tag-aceite-de-oliva","tag-calidad","tag-comercializacion","tag-concentracion","tag-esteban-momblan","tag-expoliva-2021","tag-exportaciones","tag-foro-de-analisis-y-debate","tag-gerente-de-grupo-interoleo","tag-grupo-interoleo","tag-juan-gadeo","tag-pac","tag-presidente-de-grupo-interoleo","tag-produccion","tag-profesionalizacion-del-sector","tag-retos-de-futuro","tag-sector-olivarero","tag-venta-a-terceros-paises","tag-venta-de-aceite-de-oliva"],"yoast_head":"<!-- This site is optimized with the Yoast SEO plugin v26.0 - https:\/\/yoast.com\/wordpress\/plugins\/seo\/ -->\n<title>Grupo Inter\u00f3leo estar\u00e1 muy presente en Expoliva - Grupo Inter\u00f3leo<\/title>\n<meta name=\"description\" content=\"Grupo Inter\u00f3leo llega a Expoliva con el objetivo de hacer de su stand un foro de an\u00e1lisis y debate del sector olivarero\" \/>\n<meta name=\"robots\" content=\"index, follow, max-snippet:-1, max-image-preview:large, max-video-preview:-1\" \/>\n<link rel=\"canonical\" href=\"https:\/\/www.interoleo.com\/en\/interoleo-expoliva\/\" \/>\n<meta property=\"og:locale\" content=\"en_US\" \/>\n<meta property=\"og:type\" content=\"article\" \/>\n<meta property=\"og:title\" content=\"Grupo Inter\u00f3leo estar\u00e1 muy presente en Expoliva - Grupo Inter\u00f3leo\" \/>\n<meta property=\"og:description\" content=\"Grupo Inter\u00f3leo llega a Expoliva con el objetivo de hacer de su stand un foro de an\u00e1lisis y debate del sector olivarero\" \/>\n<meta property=\"og:url\" content=\"https:\/\/www.interoleo.com\/en\/interoleo-expoliva\/\" \/>\n<meta property=\"og:site_name\" content=\"Grupo Inter\u00f3leo\" \/>\n<meta property=\"article:published_time\" content=\"2021-09-21T08:49:25+00:00\" \/>\n<meta property=\"og:image\" content=\"https:\/\/www.interoleo.com\/wp-content\/uploads\/2021\/09\/Grupo-Interoleo-Stand-en-Expoliva.jpg\" \/>\n\t<meta property=\"og:image:width\" content=\"1413\" \/>\n\t<meta property=\"og:image:height\" content=\"942\" \/>\n\t<meta property=\"og:image:type\" content=\"image\/jpeg\" \/>\n<meta name=\"author\" content=\"Interoleo Picual\" \/>\n<meta name=\"twitter:card\" content=\"summary_large_image\" \/>\n<meta name=\"twitter:label1\" content=\"Written by\" \/>\n\t<meta name=\"twitter:data1\" content=\"Interoleo Picual\" \/>\n\t<meta name=\"twitter:label2\" content=\"Est. reading time\" \/>\n\t<meta name=\"twitter:data2\" content=\"2 minutes\" \/>\n<script type=\"application\/ld+json\" class=\"yoast-schema-graph\">{\"@context\":\"https:\/\/schema.org\",\"@graph\":[{\"@type\":\"WebPage\",\"@id\":\"https:\/\/www.interoleo.com\/en\/interoleo-expoliva\/\",\"url\":\"https:\/\/www.interoleo.com\/en\/interoleo-expoliva\/\",\"name\":\"Grupo Inter\u00f3leo estar\u00e1 muy presente en Expoliva - Grupo Inter\u00f3leo\",\"isPartOf\":{\"@id\":\"https:\/\/www.interoleo.com\/en\/#website\"},\"primaryImageOfPage\":{\"@id\":\"https:\/\/www.interoleo.com\/en\/interoleo-expoliva\/#primaryimage\"},\"image\":{\"@id\":\"https:\/\/www.interoleo.com\/en\/interoleo-expoliva\/#primaryimage\"},\"thumbnailUrl\":\"https:\/\/www.interoleo.com\/wp-content\/uploads\/2021\/09\/Grupo-Interoleo-Stand-en-Expoliva.jpg\",\"datePublished\":\"2021-09-21T08:49:25+00:00\",\"author\":{\"@id\":\"https:\/\/www.interoleo.com\/en\/#\/schema\/person\/b38839767920504f85d0555e5244a76d\"},\"description\":\"Grupo Inter\u00f3leo llega a Expoliva con el objetivo de hacer de su stand un foro de an\u00e1lisis y debate del sector olivarero\",\"breadcrumb\":{\"@id\":\"https:\/\/www.interoleo.com\/en\/interoleo-expoliva\/#breadcrumb\"},\"inLanguage\":\"en-US\",\"potentialAction\":[{\"@type\":\"ReadAction\",\"target\":[\"https:\/\/www.interoleo.com\/en\/interoleo-expoliva\/\"]}]},{\"@type\":\"ImageObject\",\"inLanguage\":\"en-US\",\"@id\":\"https:\/\/www.interoleo.com\/en\/interoleo-expoliva\/#primaryimage\",\"url\":\"https:\/\/www.interoleo.com\/wp-content\/uploads\/2021\/09\/Grupo-Interoleo-Stand-en-Expoliva.jpg\",\"contentUrl\":\"https:\/\/www.interoleo.com\/wp-content\/uploads\/2021\/09\/Grupo-Interoleo-Stand-en-Expoliva.jpg\",\"width\":1413,\"height\":942},{\"@type\":\"BreadcrumbList\",\"@id\":\"https:\/\/www.interoleo.com\/en\/interoleo-expoliva\/#breadcrumb\",\"itemListElement\":[{\"@type\":\"ListItem\",\"position\":1,\"name\":\"Portada\",\"item\":\"https:\/\/www.interoleo.com\/en\/\"},{\"@type\":\"ListItem\",\"position\":2,\"name\":\"Grupo Inter\u00f3leo har\u00e1 de su stand en Expoliva el foro de an\u00e1lisis sobre el presente y el futuro del sector olivarero en Ja\u00e9n, Andaluc\u00eda y Espa\u00f1a\"}]},{\"@type\":\"WebSite\",\"@id\":\"https:\/\/www.interoleo.com\/en\/#website\",\"url\":\"https:\/\/www.interoleo.com\/en\/\",\"name\":\"Grupo Inter\u00f3leo\",\"description\":\"Grupo Inter\u00f3leo comercializador de aceite de oliva a granel\",\"potentialAction\":[{\"@type\":\"SearchAction\",\"target\":{\"@type\":\"EntryPoint\",\"urlTemplate\":\"https:\/\/www.interoleo.com\/en\/?s={search_term_string}\"},\"query-input\":{\"@type\":\"PropertyValueSpecification\",\"valueRequired\":true,\"valueName\":\"search_term_string\"}}],\"inLanguage\":\"en-US\"},{\"@type\":\"Person\",\"@id\":\"https:\/\/www.interoleo.com\/en\/#\/schema\/person\/b38839767920504f85d0555e5244a76d\",\"name\":\"Interoleo Picual\",\"image\":{\"@type\":\"ImageObject\",\"inLanguage\":\"en-US\",\"@id\":\"https:\/\/www.interoleo.com\/en\/#\/schema\/person\/image\/\",\"url\":\"https:\/\/secure.gravatar.com\/avatar\/9d9b88888a963e3b9235bbd165d9c050?s=96&d=mm&r=g\",\"contentUrl\":\"https:\/\/secure.gravatar.com\/avatar\/9d9b88888a963e3b9235bbd165d9c050?s=96&d=mm&r=g\",\"caption\":\"Interoleo Picual\"},\"url\":\"https:\/\/www.interoleo.com\/en\/author\/interoleo\/\"}]}<\/script>\n<!-- \/ Yoast SEO plugin. -->","yoast_head_json":{"title":"Grupo Inter\u00f3leo estar\u00e1 muy presente en Expoliva - Grupo Inter\u00f3leo","description":"Grupo Inter\u00f3leo llega a Expoliva con el objetivo de hacer de su stand un foro de an\u00e1lisis y debate del sector olivarero","robots":{"index":"index","follow":"follow","max-snippet":"max-snippet:-1","max-image-preview":"max-image-preview:large","max-video-preview":"max-video-preview:-1"},"canonical":"https:\/\/www.interoleo.com\/en\/interoleo-expoliva\/","og_locale":"en_US","og_type":"article","og_title":"Grupo Inter\u00f3leo estar\u00e1 muy presente en Expoliva - Grupo Inter\u00f3leo","og_description":"Grupo Inter\u00f3leo llega a Expoliva con el objetivo de hacer de su stand un foro de an\u00e1lisis y debate del sector olivarero","og_url":"https:\/\/www.interoleo.com\/en\/interoleo-expoliva\/","og_site_name":"Grupo Inter\u00f3leo","article_published_time":"2021-09-21T08:49:25+00:00","og_image":[{"width":1413,"height":942,"url":"https:\/\/www.interoleo.com\/wp-content\/uploads\/2021\/09\/Grupo-Interoleo-Stand-en-Expoliva.jpg","type":"image\/jpeg"}],"author":"Interoleo Picual","twitter_card":"summary_large_image","twitter_misc":{"Written by":"Interoleo Picual","Est. reading time":"2 minutes"},"schema":{"@context":"https:\/\/schema.org","@graph":[{"@type":"WebPage","@id":"https:\/\/www.interoleo.com\/en\/interoleo-expoliva\/","url":"https:\/\/www.interoleo.com\/en\/interoleo-expoliva\/","name":"Grupo Inter\u00f3leo estar\u00e1 muy presente en Expoliva - Grupo Inter\u00f3leo","isPartOf":{"@id":"https:\/\/www.interoleo.com\/en\/#website"},"primaryImageOfPage":{"@id":"https:\/\/www.interoleo.com\/en\/interoleo-expoliva\/#primaryimage"},"image":{"@id":"https:\/\/www.interoleo.com\/en\/interoleo-expoliva\/#primaryimage"},"thumbnailUrl":"https:\/\/www.interoleo.com\/wp-content\/uploads\/2021\/09\/Grupo-Interoleo-Stand-en-Expoliva.jpg","datePublished":"2021-09-21T08:49:25+00:00","author":{"@id":"https:\/\/www.interoleo.com\/en\/#\/schema\/person\/b38839767920504f85d0555e5244a76d"},"description":"Grupo Inter\u00f3leo llega a Expoliva con el objetivo de hacer de su stand un foro de an\u00e1lisis y debate del sector olivarero","breadcrumb":{"@id":"https:\/\/www.interoleo.com\/en\/interoleo-expoliva\/#breadcrumb"},"inLanguage":"en-US","potentialAction":[{"@type":"ReadAction","target":["https:\/\/www.interoleo.com\/en\/interoleo-expoliva\/"]}]},{"@type":"ImageObject","inLanguage":"en-US","@id":"https:\/\/www.interoleo.com\/en\/interoleo-expoliva\/#primaryimage","url":"https:\/\/www.interoleo.com\/wp-content\/uploads\/2021\/09\/Grupo-Interoleo-Stand-en-Expoliva.jpg","contentUrl":"https:\/\/www.interoleo.com\/wp-content\/uploads\/2021\/09\/Grupo-Interoleo-Stand-en-Expoliva.jpg","width":1413,"height":942},{"@type":"BreadcrumbList","@id":"https:\/\/www.interoleo.com\/en\/interoleo-expoliva\/#breadcrumb","itemListElement":[{"@type":"ListItem","position":1,"name":"Portada","item":"https:\/\/www.interoleo.com\/en\/"},{"@type":"ListItem","position":2,"name":"Grupo Inter\u00f3leo har\u00e1 de su stand en Expoliva el foro de an\u00e1lisis sobre el presente y el futuro del sector olivarero en Ja\u00e9n, Andaluc\u00eda y Espa\u00f1a"}]},{"@type":"WebSite","@id":"https:\/\/www.interoleo.com\/en\/#website","url":"https:\/\/www.interoleo.com\/en\/","name":"Grupo Inter\u00f3leo","description":"Grupo Inter\u00f3leo comercializador de aceite de oliva a granel","potentialAction":[{"@type":"SearchAction","target":{"@type":"EntryPoint","urlTemplate":"https:\/\/www.interoleo.com\/en\/?s={search_term_string}"},"query-input":{"@type":"PropertyValueSpecification","valueRequired":true,"valueName":"search_term_string"}}],"inLanguage":"en-US"},{"@type":"Person","@id":"https:\/\/www.interoleo.com\/en\/#\/schema\/person\/b38839767920504f85d0555e5244a76d","name":"Interoleo Picual","image":{"@type":"ImageObject","inLanguage":"en-US","@id":"https:\/\/www.interoleo.com\/en\/#\/schema\/person\/image\/","url":"https:\/\/secure.gravatar.com\/avatar\/9d9b88888a963e3b9235bbd165d9c050?s=96&d=mm&r=g","contentUrl":"https:\/\/secure.gravatar.com\/avatar\/9d9b88888a963e3b9235bbd165d9c050?s=96&d=mm&r=g","caption":"Interoleo Picual"},"url":"https:\/\/www.interoleo.com\/en\/author\/interoleo\/"}]}},"jetpack_publicize_connections":[],"jetpack_featured_media_url":"https:\/\/www.interoleo.com\/wp-content\/uploads\/2021\/09\/Grupo-Interoleo-Stand-en-Expoliva.jpg","jetpack_shortlink":"https:\/\/wp.me\/p7R8ws-KW","jetpack_sharing_enabled":true,"_links":{"self":[{"href":"https:\/\/www.interoleo.com\/en\/wp-json\/wp\/v2\/posts\/2910","targetHints":{"allow":["GET"]}}],"collection":[{"href":"https:\/\/www.interoleo.com\/en\/wp-json\/wp\/v2\/posts"}],"about":[{"href":"https:\/\/www.interoleo.com\/en\/wp-json\/wp\/v2\/types\/post"}],"author":[{"embeddable":true,"href":"https:\/\/www.interoleo.com\/en\/wp-json\/wp\/v2\/users\/2"}],"replies":[{"embeddable":true,"href":"https:\/\/www.interoleo.com\/en\/wp-json\/wp\/v2\/comments?post=2910"}],"version-history":[{"count":1,"href":"https:\/\/www.interoleo.com\/en\/wp-json\/wp\/v2\/posts\/2910\/revisions"}],"predecessor-version":[{"id":2913,"href":"https:\/\/www.interoleo.com\/en\/wp-json\/wp\/v2\/posts\/2910\/revisions\/2913"}],"wp:featuredmedia":[{"embeddable":true,"href":"https:\/\/www.interoleo.com\/en\/wp-json\/wp\/v2\/media\/2911"}],"wp:attachment":[{"href":"https:\/\/www.interoleo.com\/en\/wp-json\/wp\/v2\/media?parent=2910"}],"wp:term":[{"taxonomy":"category","embeddable":true,"href":"https:\/\/www.interoleo.com\/en\/wp-json\/wp\/v2\/categories?post=2910"},{"taxonomy":"post_tag","embeddable":true,"href":"https:\/\/www.interoleo.com\/en\/wp-json\/wp\/v2\/tags?post=2910"}],"curies":[{"name":"wp","href":"https:\/\/api.w.org\/{rel}","templated":true}]}}