{"id":2938,"date":"2021-12-14T09:51:39","date_gmt":"2021-12-14T09:51:39","guid":{"rendered":"https:\/\/www.interoleo.com\/?p=2938"},"modified":"2021-12-14T09:51:39","modified_gmt":"2021-12-14T09:51:39","slug":"interoleo-exportaciones-aceite","status":"publish","type":"post","link":"https:\/\/www.interoleo.com\/en\/interoleo-exportaciones-aceite\/","title":{"rendered":"Grupo Inter\u00f3leo crece en exportaciones hasta representar el 17% de las ventas de aceite de oliva de Ja\u00e9n en terceros pa\u00edses"},"content":{"rendered":"<p style=\"text-align: center;\"><strong><u>El gerente de la empresa, Esteban Mombl\u00e1n, destaca nuestro car\u00e1cter eminentemente exportador, creciendo de forma exponencial en mercados internacionales con un importante aumento de ventas en pa\u00edses como Italia, Portugal, Estados Unidos, Reino Unido, Francia, Alemania, Rep\u00fablica Checa o Guatemala<\/u><\/strong><\/p>\n<p>Grupo Inter\u00f3leo refuerza, a\u00f1o tras a\u00f1o, su marcado car\u00e1cter internacional. Y lo demuestra con unos magn\u00edficos resultados en exportaci\u00f3n, donde contin\u00faa creciendo de forma exponencial para consolidarse como la primera empresa del sector productor en gesti\u00f3n profesionalizada en mercados y comercializaci\u00f3n. Los \u00faltimos datos hechos p\u00fablicos por Extenda no dejan lugar a dudas. Hasta el mes de septiembre de 2021, Andaluc\u00eda ha exportado aceite de oliva por valor de 1.988 millones de euros, de los que Ja\u00e9n ha vendido 258 millones. En el mismo periodo de tiempo, Grupo Inter\u00f3leo ha exportado por valor de 44,5 millones de euros, lo que significa que representamos el 2,25% de las exportaciones de aceite que ha realizado Andaluc\u00eda en este 2021 y el 17% de las ventas en terceros pa\u00edses de Ja\u00e9n.<\/p>\n<p>El gerente de Grupo Inter\u00f3leo, Esteban Mombl\u00e1n, destaca el car\u00e1cter eminentemente exportador de la empresa. \u201cEs un hecho constatable que trabajamos con un marcado perfil internacional. Nuestro objetivo es generar el mayor valor a\u00f1adido para nuestros socios y agricultores. Y este alto porcentaje de exportaciones nos ha permitido cerrar la campa\u00f1a de comercializaci\u00f3n con liquidaciones superiores a la media. Seguimos creciendo exponencialmente a\u00f1o tras a\u00f1o y, adem\u00e1s, somos capaces de aumentar las ventas de aceite de oliva en mercados donde ya ten\u00edamos presencia o abrir otros nuevos. Actualmente, estamos presentes en Italia, Portugal, Estados Unidos, Reino Unido, Francia, Alemania, Rep\u00fablica Checa o Guatemala\u201d, explica Esteban Mombl\u00e1n.<\/p>\n<p>La eficiencia y la profesionalizaci\u00f3n en la gesti\u00f3n al aglutinar la comercializaci\u00f3n de nuestros socios hace que Grupo Inter\u00f3leo refuerce su primac\u00eda dentro de las empresas productoras en exportaci\u00f3n. \u201cConsolidamos crecimiento y potenciamos la estructura de empresa en base a un modelo que apuesta de forma importante por la integraci\u00f3n de las cooperativas en empresas como la nuestra, con dimensi\u00f3n, con estructura profesional y con una visi\u00f3n global de mercados y de futuro. Porque nuestro objetivo es ayudar a los socios a mejorar la calidad del total de sus bodegas y trabajar para obtener el mayor valor posible, como hemos conseguido en la \u00faltima campa\u00f1a de comercializaci\u00f3n, en la que hemos superado holgadamente los 3 euros por kilo para todos los v\u00edrgenes extra del grupo\u201d, concreta el gerente de Grupo Inter\u00f3leo.<\/p>\n","protected":false},"excerpt":{"rendered":"<p>El gerente de la empresa, Esteban Mombl\u00e1n, destaca nuestro car\u00e1cter eminentemente exportador, creciendo de forma exponencial en mercados internacionales con un importante aumento de ventas en pa\u00edses como Italia, Portugal, Estados Unidos, Reino Unido, Francia, Alemania, Rep\u00fablica Checa o Guatemala Grupo Inter\u00f3leo refuerza, a\u00f1o tras a\u00f1o, su marcado car\u00e1cter internacional. Y lo demuestra con unos &hellip; <\/p>\n<p class=\"link-more\"><a href=\"https:\/\/www.interoleo.com\/en\/interoleo-exportaciones-aceite\/\" class=\"more-link\">Read more<span class=\"screen-reader-text\"> &#8220;Grupo Inter\u00f3leo crece en exportaciones hasta representar el 17% de las ventas de aceite de oliva de Ja\u00e9n en terceros pa\u00edses&#8221;<\/span><\/a><\/p>\n","protected":false},"author":2,"featured_media":2939,"comment_status":"closed","ping_status":"closed","sticky":false,"template":"","format":"standard","meta":{"jetpack_post_was_ever_published":false,"_jetpack_newsletter_access":"","_jetpack_dont_email_post_to_subs":false,"_jetpack_newsletter_tier_id":0,"_jetpack_memberships_contains_paywalled_content":false,"_jetpack_memberships_contains_paid_content":false,"footnotes":"","jetpack_publicize_message":"","jetpack_publicize_feature_enabled":true,"jetpack_social_post_already_shared":true,"jetpack_social_options":{"image_generator_settings":{"template":"highway","default_image_id":0,"font":"","enabled":false},"version":2}},"categories":[3,4,7],"tags":[17,156,58,73,35,22,32,23,44,12,47,34,14,61,275,33,45],"class_list":["post-2938","post","type-post","status-publish","format-standard","has-post-thumbnail","hentry","category-aceite-de-oliva","category-actualidad","category-noticias-interoleo","tag-aceite","tag-aceite-de-oliva","tag-calidad","tag-comercializacion","tag-concentracion-de-la-oferta","tag-esteban-momblan","tag-exportaciones","tag-gerente-de-interoleo","tag-grupo-interoleo","tag-interoleo","tag-mercados","tag-mercados-internacionales","tag-produccion","tag-profesionalizacion-del-sector","tag-responsabilidad-social","tag-venta-de-aceite-de-oliva","tag-venta-en-terceros-paises"],"yoast_head":"<!-- This site is optimized with the Yoast SEO plugin v26.0 - https:\/\/yoast.com\/wordpress\/plugins\/seo\/ -->\n<title>Grupo Inter\u00f3leo aumenta exportaciones de aceite - Grupo Inter\u00f3leo<\/title>\n<meta name=\"description\" content=\"Grupo Inter\u00f3leo ha aumentado sus exportaciones de aceite de oliva hasta representar el 17% de las ventas de la provincia de Ja\u00e9n\" \/>\n<meta name=\"robots\" content=\"index, follow, max-snippet:-1, max-image-preview:large, max-video-preview:-1\" \/>\n<link rel=\"canonical\" href=\"https:\/\/www.interoleo.com\/en\/interoleo-exportaciones-aceite\/\" \/>\n<meta property=\"og:locale\" content=\"en_US\" \/>\n<meta property=\"og:type\" content=\"article\" \/>\n<meta property=\"og:title\" content=\"Grupo Inter\u00f3leo aumenta exportaciones de aceite - Grupo Inter\u00f3leo\" \/>\n<meta property=\"og:description\" content=\"Grupo Inter\u00f3leo ha aumentado sus exportaciones de aceite de oliva hasta representar el 17% de las ventas de la provincia de Ja\u00e9n\" \/>\n<meta property=\"og:url\" content=\"https:\/\/www.interoleo.com\/en\/interoleo-exportaciones-aceite\/\" \/>\n<meta property=\"og:site_name\" content=\"Grupo Inter\u00f3leo\" \/>\n<meta property=\"article:published_time\" content=\"2021-12-14T09:51:39+00:00\" \/>\n<meta property=\"og:image\" content=\"https:\/\/www.interoleo.com\/wp-content\/uploads\/2021\/12\/IMG_20201118_170748.jpg\" \/>\n\t<meta property=\"og:image:width\" content=\"1181\" \/>\n\t<meta property=\"og:image:height\" content=\"787\" \/>\n\t<meta property=\"og:image:type\" content=\"image\/jpeg\" \/>\n<meta name=\"author\" content=\"Interoleo Picual\" \/>\n<meta name=\"twitter:card\" content=\"summary_large_image\" \/>\n<meta name=\"twitter:label1\" content=\"Written by\" \/>\n\t<meta name=\"twitter:data1\" content=\"Interoleo Picual\" \/>\n\t<meta name=\"twitter:label2\" content=\"Est. reading time\" \/>\n\t<meta name=\"twitter:data2\" content=\"2 minutes\" \/>\n<script type=\"application\/ld+json\" class=\"yoast-schema-graph\">{\"@context\":\"https:\/\/schema.org\",\"@graph\":[{\"@type\":\"WebPage\",\"@id\":\"https:\/\/www.interoleo.com\/en\/interoleo-exportaciones-aceite\/\",\"url\":\"https:\/\/www.interoleo.com\/en\/interoleo-exportaciones-aceite\/\",\"name\":\"Grupo Inter\u00f3leo aumenta exportaciones de aceite - Grupo Inter\u00f3leo\",\"isPartOf\":{\"@id\":\"https:\/\/www.interoleo.com\/en\/#website\"},\"primaryImageOfPage\":{\"@id\":\"https:\/\/www.interoleo.com\/en\/interoleo-exportaciones-aceite\/#primaryimage\"},\"image\":{\"@id\":\"https:\/\/www.interoleo.com\/en\/interoleo-exportaciones-aceite\/#primaryimage\"},\"thumbnailUrl\":\"https:\/\/www.interoleo.com\/wp-content\/uploads\/2021\/12\/IMG_20201118_170748.jpg\",\"datePublished\":\"2021-12-14T09:51:39+00:00\",\"author\":{\"@id\":\"https:\/\/www.interoleo.com\/en\/#\/schema\/person\/b38839767920504f85d0555e5244a76d\"},\"description\":\"Grupo Inter\u00f3leo ha aumentado sus exportaciones de aceite de oliva hasta representar el 17% de las ventas de la provincia de Ja\u00e9n\",\"breadcrumb\":{\"@id\":\"https:\/\/www.interoleo.com\/en\/interoleo-exportaciones-aceite\/#breadcrumb\"},\"inLanguage\":\"en-US\",\"potentialAction\":[{\"@type\":\"ReadAction\",\"target\":[\"https:\/\/www.interoleo.com\/en\/interoleo-exportaciones-aceite\/\"]}]},{\"@type\":\"ImageObject\",\"inLanguage\":\"en-US\",\"@id\":\"https:\/\/www.interoleo.com\/en\/interoleo-exportaciones-aceite\/#primaryimage\",\"url\":\"https:\/\/www.interoleo.com\/wp-content\/uploads\/2021\/12\/IMG_20201118_170748.jpg\",\"contentUrl\":\"https:\/\/www.interoleo.com\/wp-content\/uploads\/2021\/12\/IMG_20201118_170748.jpg\",\"width\":1181,\"height\":787},{\"@type\":\"BreadcrumbList\",\"@id\":\"https:\/\/www.interoleo.com\/en\/interoleo-exportaciones-aceite\/#breadcrumb\",\"itemListElement\":[{\"@type\":\"ListItem\",\"position\":1,\"name\":\"Portada\",\"item\":\"https:\/\/www.interoleo.com\/en\/\"},{\"@type\":\"ListItem\",\"position\":2,\"name\":\"Grupo Inter\u00f3leo crece en exportaciones hasta representar el 17% de las ventas de aceite de oliva de Ja\u00e9n en terceros pa\u00edses\"}]},{\"@type\":\"WebSite\",\"@id\":\"https:\/\/www.interoleo.com\/en\/#website\",\"url\":\"https:\/\/www.interoleo.com\/en\/\",\"name\":\"Grupo Inter\u00f3leo\",\"description\":\"Grupo Inter\u00f3leo comercializador de aceite de oliva a granel\",\"potentialAction\":[{\"@type\":\"SearchAction\",\"target\":{\"@type\":\"EntryPoint\",\"urlTemplate\":\"https:\/\/www.interoleo.com\/en\/?s={search_term_string}\"},\"query-input\":{\"@type\":\"PropertyValueSpecification\",\"valueRequired\":true,\"valueName\":\"search_term_string\"}}],\"inLanguage\":\"en-US\"},{\"@type\":\"Person\",\"@id\":\"https:\/\/www.interoleo.com\/en\/#\/schema\/person\/b38839767920504f85d0555e5244a76d\",\"name\":\"Interoleo Picual\",\"image\":{\"@type\":\"ImageObject\",\"inLanguage\":\"en-US\",\"@id\":\"https:\/\/www.interoleo.com\/en\/#\/schema\/person\/image\/\",\"url\":\"https:\/\/secure.gravatar.com\/avatar\/9d9b88888a963e3b9235bbd165d9c050?s=96&d=mm&r=g\",\"contentUrl\":\"https:\/\/secure.gravatar.com\/avatar\/9d9b88888a963e3b9235bbd165d9c050?s=96&d=mm&r=g\",\"caption\":\"Interoleo Picual\"},\"url\":\"https:\/\/www.interoleo.com\/en\/author\/interoleo\/\"}]}<\/script>\n<!-- \/ Yoast SEO plugin. -->","yoast_head_json":{"title":"Grupo Inter\u00f3leo aumenta exportaciones de aceite - Grupo Inter\u00f3leo","description":"Grupo Inter\u00f3leo ha aumentado sus exportaciones de aceite de oliva hasta representar el 17% de las ventas de la provincia de Ja\u00e9n","robots":{"index":"index","follow":"follow","max-snippet":"max-snippet:-1","max-image-preview":"max-image-preview:large","max-video-preview":"max-video-preview:-1"},"canonical":"https:\/\/www.interoleo.com\/en\/interoleo-exportaciones-aceite\/","og_locale":"en_US","og_type":"article","og_title":"Grupo Inter\u00f3leo aumenta exportaciones de aceite - Grupo Inter\u00f3leo","og_description":"Grupo Inter\u00f3leo ha aumentado sus exportaciones de aceite de oliva hasta representar el 17% de las ventas de la provincia de Ja\u00e9n","og_url":"https:\/\/www.interoleo.com\/en\/interoleo-exportaciones-aceite\/","og_site_name":"Grupo Inter\u00f3leo","article_published_time":"2021-12-14T09:51:39+00:00","og_image":[{"width":1181,"height":787,"url":"https:\/\/www.interoleo.com\/wp-content\/uploads\/2021\/12\/IMG_20201118_170748.jpg","type":"image\/jpeg"}],"author":"Interoleo Picual","twitter_card":"summary_large_image","twitter_misc":{"Written by":"Interoleo Picual","Est. reading time":"2 minutes"},"schema":{"@context":"https:\/\/schema.org","@graph":[{"@type":"WebPage","@id":"https:\/\/www.interoleo.com\/en\/interoleo-exportaciones-aceite\/","url":"https:\/\/www.interoleo.com\/en\/interoleo-exportaciones-aceite\/","name":"Grupo Inter\u00f3leo aumenta exportaciones de aceite - Grupo Inter\u00f3leo","isPartOf":{"@id":"https:\/\/www.interoleo.com\/en\/#website"},"primaryImageOfPage":{"@id":"https:\/\/www.interoleo.com\/en\/interoleo-exportaciones-aceite\/#primaryimage"},"image":{"@id":"https:\/\/www.interoleo.com\/en\/interoleo-exportaciones-aceite\/#primaryimage"},"thumbnailUrl":"https:\/\/www.interoleo.com\/wp-content\/uploads\/2021\/12\/IMG_20201118_170748.jpg","datePublished":"2021-12-14T09:51:39+00:00","author":{"@id":"https:\/\/www.interoleo.com\/en\/#\/schema\/person\/b38839767920504f85d0555e5244a76d"},"description":"Grupo Inter\u00f3leo ha aumentado sus exportaciones de aceite de oliva hasta representar el 17% de las ventas de la provincia de Ja\u00e9n","breadcrumb":{"@id":"https:\/\/www.interoleo.com\/en\/interoleo-exportaciones-aceite\/#breadcrumb"},"inLanguage":"en-US","potentialAction":[{"@type":"ReadAction","target":["https:\/\/www.interoleo.com\/en\/interoleo-exportaciones-aceite\/"]}]},{"@type":"ImageObject","inLanguage":"en-US","@id":"https:\/\/www.interoleo.com\/en\/interoleo-exportaciones-aceite\/#primaryimage","url":"https:\/\/www.interoleo.com\/wp-content\/uploads\/2021\/12\/IMG_20201118_170748.jpg","contentUrl":"https:\/\/www.interoleo.com\/wp-content\/uploads\/2021\/12\/IMG_20201118_170748.jpg","width":1181,"height":787},{"@type":"BreadcrumbList","@id":"https:\/\/www.interoleo.com\/en\/interoleo-exportaciones-aceite\/#breadcrumb","itemListElement":[{"@type":"ListItem","position":1,"name":"Portada","item":"https:\/\/www.interoleo.com\/en\/"},{"@type":"ListItem","position":2,"name":"Grupo Inter\u00f3leo crece en exportaciones hasta representar el 17% de las ventas de aceite de oliva de Ja\u00e9n en terceros pa\u00edses"}]},{"@type":"WebSite","@id":"https:\/\/www.interoleo.com\/en\/#website","url":"https:\/\/www.interoleo.com\/en\/","name":"Grupo Inter\u00f3leo","description":"Grupo Inter\u00f3leo comercializador de aceite de oliva a granel","potentialAction":[{"@type":"SearchAction","target":{"@type":"EntryPoint","urlTemplate":"https:\/\/www.interoleo.com\/en\/?s={search_term_string}"},"query-input":{"@type":"PropertyValueSpecification","valueRequired":true,"valueName":"search_term_string"}}],"inLanguage":"en-US"},{"@type":"Person","@id":"https:\/\/www.interoleo.com\/en\/#\/schema\/person\/b38839767920504f85d0555e5244a76d","name":"Interoleo Picual","image":{"@type":"ImageObject","inLanguage":"en-US","@id":"https:\/\/www.interoleo.com\/en\/#\/schema\/person\/image\/","url":"https:\/\/secure.gravatar.com\/avatar\/9d9b88888a963e3b9235bbd165d9c050?s=96&d=mm&r=g","contentUrl":"https:\/\/secure.gravatar.com\/avatar\/9d9b88888a963e3b9235bbd165d9c050?s=96&d=mm&r=g","caption":"Interoleo Picual"},"url":"https:\/\/www.interoleo.com\/en\/author\/interoleo\/"}]}},"jetpack_publicize_connections":[],"jetpack_featured_media_url":"https:\/\/www.interoleo.com\/wp-content\/uploads\/2021\/12\/IMG_20201118_170748.jpg","jetpack_shortlink":"https:\/\/wp.me\/p7R8ws-Lo","jetpack_sharing_enabled":true,"_links":{"self":[{"href":"https:\/\/www.interoleo.com\/en\/wp-json\/wp\/v2\/posts\/2938","targetHints":{"allow":["GET"]}}],"collection":[{"href":"https:\/\/www.interoleo.com\/en\/wp-json\/wp\/v2\/posts"}],"about":[{"href":"https:\/\/www.interoleo.com\/en\/wp-json\/wp\/v2\/types\/post"}],"author":[{"embeddable":true,"href":"https:\/\/www.interoleo.com\/en\/wp-json\/wp\/v2\/users\/2"}],"replies":[{"embeddable":true,"href":"https:\/\/www.interoleo.com\/en\/wp-json\/wp\/v2\/comments?post=2938"}],"version-history":[{"count":1,"href":"https:\/\/www.interoleo.com\/en\/wp-json\/wp\/v2\/posts\/2938\/revisions"}],"predecessor-version":[{"id":2941,"href":"https:\/\/www.interoleo.com\/en\/wp-json\/wp\/v2\/posts\/2938\/revisions\/2941"}],"wp:featuredmedia":[{"embeddable":true,"href":"https:\/\/www.interoleo.com\/en\/wp-json\/wp\/v2\/media\/2939"}],"wp:attachment":[{"href":"https:\/\/www.interoleo.com\/en\/wp-json\/wp\/v2\/media?parent=2938"}],"wp:term":[{"taxonomy":"category","embeddable":true,"href":"https:\/\/www.interoleo.com\/en\/wp-json\/wp\/v2\/categories?post=2938"},{"taxonomy":"post_tag","embeddable":true,"href":"https:\/\/www.interoleo.com\/en\/wp-json\/wp\/v2\/tags?post=2938"}],"curies":[{"name":"wp","href":"https:\/\/api.w.org\/{rel}","templated":true}]}}