{"id":2959,"date":"2021-12-27T17:55:09","date_gmt":"2021-12-27T17:55:09","guid":{"rendered":"https:\/\/www.interoleo.com\/?p=2959"},"modified":"2021-12-27T17:55:09","modified_gmt":"2021-12-27T17:55:09","slug":"esteban-momblan-preside-citoliva","status":"publish","type":"post","link":"https:\/\/www.interoleo.com\/en\/esteban-momblan-preside-citoliva\/","title":{"rendered":"El gerente de Grupo Inter\u00f3leo, Esteban Mombl\u00e1n, preside Citoliva en sustituci\u00f3n de Juan Gadeo"},"content":{"rendered":"<p style=\"text-align: center;\"><strong>El gerente de Grupo Inter\u00f3leo, Esteban Mombl\u00e1n, ha presidido hoy su primera reuni\u00f3n de Patronato de Citoliva como representante del grupo comercializador en la Presidencia que ostenta Inter\u00f3leo, en sustituci\u00f3n del anterior presidente, Juan Gadeo, en la que se ha aprobado el Plan de Actuaci\u00f3n para el 2022.<\/strong><\/p>\n<p>El gerente de Grupo Inter\u00f3leo, Esteban Mombl\u00e1n, que fue nombrado presidente de Citoliva el pasado mes de noviembre, sustituye a Juan Gadeo en su excelente trabajo al frente de la Fundaci\u00f3n desde diciembre de 2014. Bajo la presidencia de Gadeo, la Fundaci\u00f3n ha logrado posicionarse como un referente de innovaci\u00f3n en el sector olivarero andaluz y se ha convertido en una pieza clave en su posicionamiento exterior, saliendo con una imagen reforzara pese al entorno adverso provocado por la crisis sanitaria.<\/p>\n<p>En este sentido, el nuevo presidente ha reconocido el esfuerzo, la\u00a0 valent\u00eda y el compromiso de las empresas durante la pandemia, convirtiendo el futuro en presente gracias a su apuesta decidida por la transformaci\u00f3n digital; y las ha animado a seguir liderando el cambio.<\/p>\n<p>Adem\u00e1s, ha garantizado que Citoliva seguir\u00e1 trabajando con el af\u00e1n de servir a \u00a0las empresas ole\u00edcolas de la provincia de Ja\u00e9n con el objetivo de alcanzar un posicionamiento competitivo, brind\u00e1ndole la posibilidad de acceder a servicios y proyectos de mayor alcance y rigor. Y ha manifestado que contribuir\u00e1 a este posicionamiento tan deseado de la industria aceitera y la proyectar\u00e1 a nivel internacional a trav\u00e9s de su laboratorio de control oficial para el aceite de oliva, \u201cgenerando riqueza, por cuanto, supone atender y satisfacer demandas continuadas sectoriales as\u00ed como, demandas futuras, anticip\u00e1ndose a ellas, con la consiguiente generaci\u00f3n de valor y empleo para la provincia de Ja\u00e9n\u201d.<\/p>\n<p>Con respecto a este \u00faltimo punto, ha apuntado que \u201ctrabajaremos en 2022 por ampliar el alcance de las acreditaciones, certificaciones y conseguiremos los reconocimientos que permitan situar al laboratorio de Citoliva como referente a nivel nacional e internacional\u201c. Por una parte, \u201ctrabajaremos\u00a0 para mantener\u00a0 el reconocimiento del laboratorio f\u00edsico-qu\u00edmico por el Consejo Ole\u00edcola Internacional y ampliar el alcance de los par\u00e1metros acreditados incluyendo humedad, impurezas, estabilidad oxidativa\u201d.<\/p>\n<p>Por otra parte, el Panel de Cata va a esforzarse para conseguir el reconocimiento por el COI; para ello \u201ddeberemos participar y obtener unos resultados satisfactorios en los ensayos de intercomparaci\u00f3n que este organismo organiza en 2022, ha aseverado\u201d.<\/p>\n<p>Al t\u00e9rmino de la reuni\u00f3n, ha asegurado que desde Citoliva &#8220;se seguir\u00e1 potenciando el trabajo conjunto con el sector agroalimentario para desarrollar iniciativas innovadoras capaces de asumir los grandes retos que supone la transformaci\u00f3n digital&#8221;.<\/p>\n<p>Adem\u00e1s, ha puesto de manifiesto que el centro tecnol\u00f3gico quiere desempe\u00f1ar un papel &#8220;clave&#8221; en el campo de la sostenibilidad, consiguiendo que la industria ole\u00edcola contribuya al cumplimiento de los Objetivos de Desarrollo Sostenible (ODS) definidos por Naciones Unidas, e impulsando la transformaci\u00f3n del sector hacia un modelo sostenible e inteligente del campo a la mesa.<\/p>\n<p><strong>CITOLIVA<\/strong><\/p>\n<p>CITOLIVA, Centro Tecnol\u00f3gico del Olivar y del Aceite, es una fundaci\u00f3n privada sin \u00e1nimo de lucro, creada para implantar\u00a0 innovadoras metodolog\u00edas y sistemas tecnol\u00f3gicos que solucionen de manera efectiva las demandas y\u00a0 necesidades del sector ole\u00edcola. CITOLIVA responde a estos desaf\u00edos identificados durante a\u00f1os de experiencia profesional, a trav\u00e9s de la profesionalizaci\u00f3n e introducci\u00f3n de estrategias innovadoras y tecnol\u00f3gicas en el sector del aceite y del olivar.<\/p>\n<p>La vocaci\u00f3n de CITOLIVA siempre ha sido desarrollar una nueva manera de hacer las cosas y de usar la investigaci\u00f3n de mercados y del sector, para poder obtener informaci\u00f3n \u00fatil, en t\u00e9rminos de tecnolog\u00eda e innovaci\u00f3n, que ayude en el proceso de toma de decisiones, la creaci\u00f3n de valor\u00a0 y la proyecci\u00f3n sectorial.<\/p>\n","protected":false},"excerpt":{"rendered":"<p>El gerente de Grupo Inter\u00f3leo, Esteban Mombl\u00e1n, ha presidido hoy su primera reuni\u00f3n de Patronato de Citoliva como representante del grupo comercializador en la Presidencia que ostenta Inter\u00f3leo, en sustituci\u00f3n del anterior presidente, Juan Gadeo, en la que se ha aprobado el Plan de Actuaci\u00f3n para el 2022. El gerente de Grupo Inter\u00f3leo, Esteban Mombl\u00e1n, &hellip; <\/p>\n<p class=\"link-more\"><a href=\"https:\/\/www.interoleo.com\/en\/esteban-momblan-preside-citoliva\/\" class=\"more-link\">Read more<span class=\"screen-reader-text\"> &#8220;El gerente de Grupo Inter\u00f3leo, Esteban Mombl\u00e1n, preside Citoliva en sustituci\u00f3n de Juan Gadeo&#8221;<\/span><\/a><\/p>\n","protected":false},"author":2,"featured_media":2960,"comment_status":"closed","ping_status":"closed","sticky":false,"template":"","format":"standard","meta":{"jetpack_post_was_ever_published":false,"_jetpack_newsletter_access":"","_jetpack_dont_email_post_to_subs":false,"_jetpack_newsletter_tier_id":0,"_jetpack_memberships_contains_paywalled_content":false,"_jetpack_memberships_contains_paid_content":false,"footnotes":"","jetpack_publicize_message":"","jetpack_publicize_feature_enabled":true,"jetpack_social_post_already_shared":true,"jetpack_social_options":{"image_generator_settings":{"template":"highway","default_image_id":0,"font":"","enabled":false},"version":2}},"categories":[3,4,7],"tags":[17,156,58,91,73,22,23,44,12,18,336,19,61,83,31],"class_list":["post-2959","post","type-post","status-publish","format-standard","has-post-thumbnail","hentry","category-aceite-de-oliva","category-actualidad","category-noticias-interoleo","tag-aceite","tag-aceite-de-oliva","tag-calidad","tag-citoliva","tag-comercializacion","tag-esteban-momblan","tag-gerente-de-interoleo","tag-grupo-interoleo","tag-interoleo","tag-juan-gadeo","tag-presidencia-de-citoliva","tag-presidente-de-interoleo","tag-profesionalizacion-del-sector","tag-sector-olivarero","tag-sector-productor"],"yoast_head":"<!-- This site is optimized with the Yoast SEO plugin v26.0 - https:\/\/yoast.com\/wordpress\/plugins\/seo\/ -->\n<title>Esteban Mombl\u00e1n preside Citoliva - Grupo Inter\u00f3leo<\/title>\n<meta name=\"description\" content=\"El gerente de Grupo Inter\u00f3leo, Esteban Mombl\u00e1n, sustituye en la Presidencia de Citoliva a Juan Gadeo y preside su primera reuni\u00f3n\" \/>\n<meta name=\"robots\" content=\"index, follow, max-snippet:-1, max-image-preview:large, max-video-preview:-1\" \/>\n<link rel=\"canonical\" href=\"https:\/\/www.interoleo.com\/en\/esteban-momblan-preside-citoliva\/\" \/>\n<meta property=\"og:locale\" content=\"en_US\" \/>\n<meta property=\"og:type\" content=\"article\" \/>\n<meta property=\"og:title\" content=\"Esteban Mombl\u00e1n preside Citoliva - Grupo Inter\u00f3leo\" \/>\n<meta property=\"og:description\" content=\"El gerente de Grupo Inter\u00f3leo, Esteban Mombl\u00e1n, sustituye en la Presidencia de Citoliva a Juan Gadeo y preside su primera reuni\u00f3n\" \/>\n<meta property=\"og:url\" content=\"https:\/\/www.interoleo.com\/en\/esteban-momblan-preside-citoliva\/\" \/>\n<meta property=\"og:site_name\" content=\"Grupo Inter\u00f3leo\" \/>\n<meta property=\"article:published_time\" content=\"2021-12-27T17:55:09+00:00\" \/>\n<meta property=\"og:image\" content=\"https:\/\/www.interoleo.com\/wp-content\/uploads\/2021\/12\/Esteban-Momblan-preside-Citoliva.jpg\" \/>\n\t<meta property=\"og:image:width\" content=\"1024\" \/>\n\t<meta property=\"og:image:height\" content=\"682\" \/>\n\t<meta property=\"og:image:type\" content=\"image\/jpeg\" \/>\n<meta name=\"author\" content=\"Interoleo Picual\" \/>\n<meta name=\"twitter:card\" content=\"summary_large_image\" \/>\n<meta name=\"twitter:label1\" content=\"Written by\" \/>\n\t<meta name=\"twitter:data1\" content=\"Interoleo Picual\" \/>\n\t<meta name=\"twitter:label2\" content=\"Est. reading time\" \/>\n\t<meta name=\"twitter:data2\" content=\"3 minutes\" \/>\n<script type=\"application\/ld+json\" class=\"yoast-schema-graph\">{\"@context\":\"https:\/\/schema.org\",\"@graph\":[{\"@type\":\"WebPage\",\"@id\":\"https:\/\/www.interoleo.com\/en\/esteban-momblan-preside-citoliva\/\",\"url\":\"https:\/\/www.interoleo.com\/en\/esteban-momblan-preside-citoliva\/\",\"name\":\"Esteban Mombl\u00e1n preside Citoliva - Grupo Inter\u00f3leo\",\"isPartOf\":{\"@id\":\"https:\/\/www.interoleo.com\/en\/#website\"},\"primaryImageOfPage\":{\"@id\":\"https:\/\/www.interoleo.com\/en\/esteban-momblan-preside-citoliva\/#primaryimage\"},\"image\":{\"@id\":\"https:\/\/www.interoleo.com\/en\/esteban-momblan-preside-citoliva\/#primaryimage\"},\"thumbnailUrl\":\"https:\/\/www.interoleo.com\/wp-content\/uploads\/2021\/12\/Esteban-Momblan-preside-Citoliva.jpg\",\"datePublished\":\"2021-12-27T17:55:09+00:00\",\"author\":{\"@id\":\"https:\/\/www.interoleo.com\/en\/#\/schema\/person\/b38839767920504f85d0555e5244a76d\"},\"description\":\"El gerente de Grupo Inter\u00f3leo, Esteban Mombl\u00e1n, sustituye en la Presidencia de Citoliva a Juan Gadeo y preside su primera reuni\u00f3n\",\"breadcrumb\":{\"@id\":\"https:\/\/www.interoleo.com\/en\/esteban-momblan-preside-citoliva\/#breadcrumb\"},\"inLanguage\":\"en-US\",\"potentialAction\":[{\"@type\":\"ReadAction\",\"target\":[\"https:\/\/www.interoleo.com\/en\/esteban-momblan-preside-citoliva\/\"]}]},{\"@type\":\"ImageObject\",\"inLanguage\":\"en-US\",\"@id\":\"https:\/\/www.interoleo.com\/en\/esteban-momblan-preside-citoliva\/#primaryimage\",\"url\":\"https:\/\/www.interoleo.com\/wp-content\/uploads\/2021\/12\/Esteban-Momblan-preside-Citoliva.jpg\",\"contentUrl\":\"https:\/\/www.interoleo.com\/wp-content\/uploads\/2021\/12\/Esteban-Momblan-preside-Citoliva.jpg\",\"width\":1024,\"height\":682},{\"@type\":\"BreadcrumbList\",\"@id\":\"https:\/\/www.interoleo.com\/en\/esteban-momblan-preside-citoliva\/#breadcrumb\",\"itemListElement\":[{\"@type\":\"ListItem\",\"position\":1,\"name\":\"Portada\",\"item\":\"https:\/\/www.interoleo.com\/en\/\"},{\"@type\":\"ListItem\",\"position\":2,\"name\":\"El gerente de Grupo Inter\u00f3leo, Esteban Mombl\u00e1n, preside Citoliva en sustituci\u00f3n de Juan Gadeo\"}]},{\"@type\":\"WebSite\",\"@id\":\"https:\/\/www.interoleo.com\/en\/#website\",\"url\":\"https:\/\/www.interoleo.com\/en\/\",\"name\":\"Grupo Inter\u00f3leo\",\"description\":\"Grupo Inter\u00f3leo comercializador de aceite de oliva a granel\",\"potentialAction\":[{\"@type\":\"SearchAction\",\"target\":{\"@type\":\"EntryPoint\",\"urlTemplate\":\"https:\/\/www.interoleo.com\/en\/?s={search_term_string}\"},\"query-input\":{\"@type\":\"PropertyValueSpecification\",\"valueRequired\":true,\"valueName\":\"search_term_string\"}}],\"inLanguage\":\"en-US\"},{\"@type\":\"Person\",\"@id\":\"https:\/\/www.interoleo.com\/en\/#\/schema\/person\/b38839767920504f85d0555e5244a76d\",\"name\":\"Interoleo Picual\",\"image\":{\"@type\":\"ImageObject\",\"inLanguage\":\"en-US\",\"@id\":\"https:\/\/www.interoleo.com\/en\/#\/schema\/person\/image\/\",\"url\":\"https:\/\/secure.gravatar.com\/avatar\/9d9b88888a963e3b9235bbd165d9c050?s=96&d=mm&r=g\",\"contentUrl\":\"https:\/\/secure.gravatar.com\/avatar\/9d9b88888a963e3b9235bbd165d9c050?s=96&d=mm&r=g\",\"caption\":\"Interoleo Picual\"},\"url\":\"https:\/\/www.interoleo.com\/en\/author\/interoleo\/\"}]}<\/script>\n<!-- \/ Yoast SEO plugin. -->","yoast_head_json":{"title":"Esteban Mombl\u00e1n preside Citoliva - Grupo Inter\u00f3leo","description":"El gerente de Grupo Inter\u00f3leo, Esteban Mombl\u00e1n, sustituye en la Presidencia de Citoliva a Juan Gadeo y preside su primera reuni\u00f3n","robots":{"index":"index","follow":"follow","max-snippet":"max-snippet:-1","max-image-preview":"max-image-preview:large","max-video-preview":"max-video-preview:-1"},"canonical":"https:\/\/www.interoleo.com\/en\/esteban-momblan-preside-citoliva\/","og_locale":"en_US","og_type":"article","og_title":"Esteban Mombl\u00e1n preside Citoliva - Grupo Inter\u00f3leo","og_description":"El gerente de Grupo Inter\u00f3leo, Esteban Mombl\u00e1n, sustituye en la Presidencia de Citoliva a Juan Gadeo y preside su primera reuni\u00f3n","og_url":"https:\/\/www.interoleo.com\/en\/esteban-momblan-preside-citoliva\/","og_site_name":"Grupo Inter\u00f3leo","article_published_time":"2021-12-27T17:55:09+00:00","og_image":[{"width":1024,"height":682,"url":"https:\/\/www.interoleo.com\/wp-content\/uploads\/2021\/12\/Esteban-Momblan-preside-Citoliva.jpg","type":"image\/jpeg"}],"author":"Interoleo Picual","twitter_card":"summary_large_image","twitter_misc":{"Written by":"Interoleo Picual","Est. reading time":"3 minutes"},"schema":{"@context":"https:\/\/schema.org","@graph":[{"@type":"WebPage","@id":"https:\/\/www.interoleo.com\/en\/esteban-momblan-preside-citoliva\/","url":"https:\/\/www.interoleo.com\/en\/esteban-momblan-preside-citoliva\/","name":"Esteban Mombl\u00e1n preside Citoliva - Grupo Inter\u00f3leo","isPartOf":{"@id":"https:\/\/www.interoleo.com\/en\/#website"},"primaryImageOfPage":{"@id":"https:\/\/www.interoleo.com\/en\/esteban-momblan-preside-citoliva\/#primaryimage"},"image":{"@id":"https:\/\/www.interoleo.com\/en\/esteban-momblan-preside-citoliva\/#primaryimage"},"thumbnailUrl":"https:\/\/www.interoleo.com\/wp-content\/uploads\/2021\/12\/Esteban-Momblan-preside-Citoliva.jpg","datePublished":"2021-12-27T17:55:09+00:00","author":{"@id":"https:\/\/www.interoleo.com\/en\/#\/schema\/person\/b38839767920504f85d0555e5244a76d"},"description":"El gerente de Grupo Inter\u00f3leo, Esteban Mombl\u00e1n, sustituye en la Presidencia de Citoliva a Juan Gadeo y preside su primera reuni\u00f3n","breadcrumb":{"@id":"https:\/\/www.interoleo.com\/en\/esteban-momblan-preside-citoliva\/#breadcrumb"},"inLanguage":"en-US","potentialAction":[{"@type":"ReadAction","target":["https:\/\/www.interoleo.com\/en\/esteban-momblan-preside-citoliva\/"]}]},{"@type":"ImageObject","inLanguage":"en-US","@id":"https:\/\/www.interoleo.com\/en\/esteban-momblan-preside-citoliva\/#primaryimage","url":"https:\/\/www.interoleo.com\/wp-content\/uploads\/2021\/12\/Esteban-Momblan-preside-Citoliva.jpg","contentUrl":"https:\/\/www.interoleo.com\/wp-content\/uploads\/2021\/12\/Esteban-Momblan-preside-Citoliva.jpg","width":1024,"height":682},{"@type":"BreadcrumbList","@id":"https:\/\/www.interoleo.com\/en\/esteban-momblan-preside-citoliva\/#breadcrumb","itemListElement":[{"@type":"ListItem","position":1,"name":"Portada","item":"https:\/\/www.interoleo.com\/en\/"},{"@type":"ListItem","position":2,"name":"El gerente de Grupo Inter\u00f3leo, Esteban Mombl\u00e1n, preside Citoliva en sustituci\u00f3n de Juan Gadeo"}]},{"@type":"WebSite","@id":"https:\/\/www.interoleo.com\/en\/#website","url":"https:\/\/www.interoleo.com\/en\/","name":"Grupo Inter\u00f3leo","description":"Grupo Inter\u00f3leo comercializador de aceite de oliva a granel","potentialAction":[{"@type":"SearchAction","target":{"@type":"EntryPoint","urlTemplate":"https:\/\/www.interoleo.com\/en\/?s={search_term_string}"},"query-input":{"@type":"PropertyValueSpecification","valueRequired":true,"valueName":"search_term_string"}}],"inLanguage":"en-US"},{"@type":"Person","@id":"https:\/\/www.interoleo.com\/en\/#\/schema\/person\/b38839767920504f85d0555e5244a76d","name":"Interoleo Picual","image":{"@type":"ImageObject","inLanguage":"en-US","@id":"https:\/\/www.interoleo.com\/en\/#\/schema\/person\/image\/","url":"https:\/\/secure.gravatar.com\/avatar\/9d9b88888a963e3b9235bbd165d9c050?s=96&d=mm&r=g","contentUrl":"https:\/\/secure.gravatar.com\/avatar\/9d9b88888a963e3b9235bbd165d9c050?s=96&d=mm&r=g","caption":"Interoleo Picual"},"url":"https:\/\/www.interoleo.com\/en\/author\/interoleo\/"}]}},"jetpack_publicize_connections":[],"jetpack_featured_media_url":"https:\/\/www.interoleo.com\/wp-content\/uploads\/2021\/12\/Esteban-Momblan-preside-Citoliva.jpg","jetpack_shortlink":"https:\/\/wp.me\/p7R8ws-LJ","jetpack_sharing_enabled":true,"_links":{"self":[{"href":"https:\/\/www.interoleo.com\/en\/wp-json\/wp\/v2\/posts\/2959","targetHints":{"allow":["GET"]}}],"collection":[{"href":"https:\/\/www.interoleo.com\/en\/wp-json\/wp\/v2\/posts"}],"about":[{"href":"https:\/\/www.interoleo.com\/en\/wp-json\/wp\/v2\/types\/post"}],"author":[{"embeddable":true,"href":"https:\/\/www.interoleo.com\/en\/wp-json\/wp\/v2\/users\/2"}],"replies":[{"embeddable":true,"href":"https:\/\/www.interoleo.com\/en\/wp-json\/wp\/v2\/comments?post=2959"}],"version-history":[{"count":1,"href":"https:\/\/www.interoleo.com\/en\/wp-json\/wp\/v2\/posts\/2959\/revisions"}],"predecessor-version":[{"id":2962,"href":"https:\/\/www.interoleo.com\/en\/wp-json\/wp\/v2\/posts\/2959\/revisions\/2962"}],"wp:featuredmedia":[{"embeddable":true,"href":"https:\/\/www.interoleo.com\/en\/wp-json\/wp\/v2\/media\/2960"}],"wp:attachment":[{"href":"https:\/\/www.interoleo.com\/en\/wp-json\/wp\/v2\/media?parent=2959"}],"wp:term":[{"taxonomy":"category","embeddable":true,"href":"https:\/\/www.interoleo.com\/en\/wp-json\/wp\/v2\/categories?post=2959"},{"taxonomy":"post_tag","embeddable":true,"href":"https:\/\/www.interoleo.com\/en\/wp-json\/wp\/v2\/tags?post=2959"}],"curies":[{"name":"wp","href":"https:\/\/api.w.org\/{rel}","templated":true}]}}