{"id":2963,"date":"2021-12-28T09:32:45","date_gmt":"2021-12-28T09:32:45","guid":{"rendered":"https:\/\/www.interoleo.com\/?p=2963"},"modified":"2021-12-28T09:32:45","modified_gmt":"2021-12-28T09:32:45","slug":"interoleo-socio-cej","status":"publish","type":"post","link":"https:\/\/www.interoleo.com\/en\/interoleo-socio-cej\/","title":{"rendered":"Grupo Inter\u00f3leo se incorpora como nueva empresa asociada a la Confederaci\u00f3n de Empresarios de Ja\u00e9n (CEJ)"},"content":{"rendered":"<p style=\"text-align: center;\"><strong>El presidente de la Confederaci\u00f3n de Empresarios de Ja\u00e9n (CEJ), Bartolom\u00e9 Gonz\u00e1lez, y el presidente de Grupo Inter\u00f3leo, Juan Gadeo, han firmado esta ma\u00f1ana un convenio de colaboraci\u00f3n que supone la integraci\u00f3n de la firma como nuevo miembro de la organizaci\u00f3n empresarial. Se trata del primer gran grupo aceitero con una destacada proyecci\u00f3n nacional que se incorpora a la organizaci\u00f3n empresarial.<\/strong><\/p>\n<p>Bartolom\u00e9 Gonz\u00e1lez ha subrayado la satisfacci\u00f3n que representa para la Confederaci\u00f3n de Empresarios de Ja\u00e9n sumar a sus filas a una empresa como Grupo Inter\u00f3leo, referente del sector del aceite de oliva y \u00fanico grupo mixto que integran tanto a empresas del sector privado como del cooperativo. En ese sentido, el presidente de la CEJ ha destacado la firme apuesta de Inter\u00f3leo por vertebrar el sector en la provincia y contribuir a la concentraci\u00f3n de la oferta \u201cfavoreciendo el equilibrio en toda la cadena\u201d.<\/p>\n<p>El presidente de los empresarios jienenses ha recurrido de las cifras del grupo ole\u00edcola para poner de relieve \u201cel valor de contar con el conocimiento y la experiencia de Inter\u00f3leo para el desarrollo de uno de los puntales de la econom\u00eda provincial, como es el del aceite de oliva\u201d. \u201cEs, adem\u00e1s, una empresa que cuenta con un largo recorrido en el \u00e1mbito de la prestaci\u00f3n de servicios a sus asociados que nos servir\u00e1 para explorar nuevas v\u00edas de colaboraci\u00f3n en un sector con un potencial de crecimiento enorme\u201d, ha asegurado.<\/p>\n<p>Por su parte, el presidente de Grupo Inter\u00f3leo, Juan Gadeo, se ha referido a la integraci\u00f3n de la firma en la Confederaci\u00f3n de Empresarios de Ja\u00e9n como \u201cun paso natural en sinton\u00eda con los valores de nuestra empresa que contribuir\u00e1 a la cohesi\u00f3n del sector del aceite de oliva y aportar\u00e1 m\u00e1s visibilidad sobre la situaci\u00f3n actual y las estrategias de futuro de un sector tan importante la econom\u00eda provincial\u201d.<\/p>\n<p>Nacido en 2009, Grupo Inter\u00f3leo surge de la iniciativa de un grupo de productores que entienden que participar de una empresa de mayor dimensi\u00f3n y volumen puede generar una gesti\u00f3n m\u00e1s eficaz y eficiente de todas sus actividades en el mercado actual. En sus 12 a\u00f1os de trayectoria, Grupo Inter\u00f3leo ha logrado una importante profesionalizaci\u00f3n de la gesti\u00f3n y de comercializaci\u00f3n que se ve reflejada en las cifras, al contar en la actualidad con 32 socios, entre cooperativas (21) y almazaras privadas (11) de Andaluc\u00eda, Castilla la Mancha y Extremadura. M\u00e1s de 20.000 olivareros que han hecho que Grupo Inter\u00f3leo represente ya el 17% del aceite de oliva que Ja\u00e9n exporta a terceros pa\u00edses.<\/p>\n","protected":false},"excerpt":{"rendered":"<p>El presidente de la Confederaci\u00f3n de Empresarios de Ja\u00e9n (CEJ), Bartolom\u00e9 Gonz\u00e1lez, y el presidente de Grupo Inter\u00f3leo, Juan Gadeo, han firmado esta ma\u00f1ana un convenio de colaboraci\u00f3n que supone la integraci\u00f3n de la firma como nuevo miembro de la organizaci\u00f3n empresarial. Se trata del primer gran grupo aceitero con una destacada proyecci\u00f3n nacional que &hellip; <\/p>\n<p class=\"link-more\"><a href=\"https:\/\/www.interoleo.com\/en\/interoleo-socio-cej\/\" class=\"more-link\">Read more<span class=\"screen-reader-text\"> &#8220;Grupo Inter\u00f3leo se incorpora como nueva empresa asociada a la Confederaci\u00f3n de Empresarios de Ja\u00e9n (CEJ)&#8221;<\/span><\/a><\/p>\n","protected":false},"author":2,"featured_media":2964,"comment_status":"closed","ping_status":"closed","sticky":false,"template":"","format":"standard","meta":{"jetpack_post_was_ever_published":false,"_jetpack_newsletter_access":"","_jetpack_dont_email_post_to_subs":false,"_jetpack_newsletter_tier_id":0,"_jetpack_memberships_contains_paywalled_content":false,"_jetpack_memberships_contains_paid_content":false,"footnotes":"","jetpack_publicize_message":"","jetpack_publicize_feature_enabled":true,"jetpack_social_post_already_shared":true,"jetpack_social_options":{"image_generator_settings":{"template":"highway","default_image_id":0,"font":"","enabled":false},"version":2}},"categories":[3,4,7],"tags":[17,156,58,337,73,35,338,339,44,18,47,34,19,14,24,83,33,45],"class_list":["post-2963","post","type-post","status-publish","format-standard","has-post-thumbnail","hentry","category-aceite-de-oliva","category-actualidad","category-noticias-interoleo","tag-aceite","tag-aceite-de-oliva","tag-calidad","tag-cej","tag-comercializacion","tag-concentracion-de-la-oferta","tag-confederacion-de-empresarios-de-jaen","tag-empresas-olivareras","tag-grupo-interoleo","tag-juan-gadeo","tag-mercados","tag-mercados-internacionales","tag-presidente-de-interoleo","tag-produccion","tag-retos-de-futuro","tag-sector-olivarero","tag-venta-de-aceite-de-oliva","tag-venta-en-terceros-paises"],"yoast_head":"<!-- This site is optimized with the Yoast SEO plugin v26.0 - https:\/\/yoast.com\/wordpress\/plugins\/seo\/ -->\n<title>Grupo Inter\u00f3leo se incorpora a la CEJ - Grupo Inter\u00f3leo<\/title>\n<meta name=\"description\" content=\"Grupo Inter\u00f3leo se adhiere a la Confederaci\u00f3n de Empresarios de Ja\u00e9n (CEJ) para darle mayor visibilizaci\u00f3n a las empresas olivareras\" \/>\n<meta name=\"robots\" content=\"index, follow, max-snippet:-1, max-image-preview:large, max-video-preview:-1\" \/>\n<link rel=\"canonical\" href=\"https:\/\/www.interoleo.com\/en\/interoleo-socio-cej\/\" \/>\n<meta property=\"og:locale\" content=\"en_US\" \/>\n<meta property=\"og:type\" content=\"article\" \/>\n<meta property=\"og:title\" content=\"Grupo Inter\u00f3leo se incorpora a la CEJ - Grupo Inter\u00f3leo\" \/>\n<meta property=\"og:description\" content=\"Grupo Inter\u00f3leo se adhiere a la Confederaci\u00f3n de Empresarios de Ja\u00e9n (CEJ) para darle mayor visibilizaci\u00f3n a las empresas olivareras\" \/>\n<meta property=\"og:url\" content=\"https:\/\/www.interoleo.com\/en\/interoleo-socio-cej\/\" \/>\n<meta property=\"og:site_name\" content=\"Grupo Inter\u00f3leo\" \/>\n<meta property=\"article:published_time\" content=\"2021-12-28T09:32:45+00:00\" \/>\n<meta property=\"og:image\" content=\"https:\/\/www.interoleo.com\/wp-content\/uploads\/2021\/12\/Grupo-Interoleo-se-incorpora-a-la-CEJ.jpg\" \/>\n\t<meta property=\"og:image:width\" content=\"1181\" \/>\n\t<meta property=\"og:image:height\" content=\"787\" \/>\n\t<meta property=\"og:image:type\" content=\"image\/jpeg\" \/>\n<meta name=\"author\" content=\"Interoleo Picual\" \/>\n<meta name=\"twitter:card\" content=\"summary_large_image\" \/>\n<meta name=\"twitter:label1\" content=\"Written by\" \/>\n\t<meta name=\"twitter:data1\" content=\"Interoleo Picual\" \/>\n\t<meta name=\"twitter:label2\" content=\"Est. reading time\" \/>\n\t<meta name=\"twitter:data2\" content=\"2 minutes\" \/>\n<script type=\"application\/ld+json\" class=\"yoast-schema-graph\">{\"@context\":\"https:\/\/schema.org\",\"@graph\":[{\"@type\":\"WebPage\",\"@id\":\"https:\/\/www.interoleo.com\/en\/interoleo-socio-cej\/\",\"url\":\"https:\/\/www.interoleo.com\/en\/interoleo-socio-cej\/\",\"name\":\"Grupo Inter\u00f3leo se incorpora a la CEJ - Grupo Inter\u00f3leo\",\"isPartOf\":{\"@id\":\"https:\/\/www.interoleo.com\/en\/#website\"},\"primaryImageOfPage\":{\"@id\":\"https:\/\/www.interoleo.com\/en\/interoleo-socio-cej\/#primaryimage\"},\"image\":{\"@id\":\"https:\/\/www.interoleo.com\/en\/interoleo-socio-cej\/#primaryimage\"},\"thumbnailUrl\":\"https:\/\/www.interoleo.com\/wp-content\/uploads\/2021\/12\/Grupo-Interoleo-se-incorpora-a-la-CEJ.jpg\",\"datePublished\":\"2021-12-28T09:32:45+00:00\",\"author\":{\"@id\":\"https:\/\/www.interoleo.com\/en\/#\/schema\/person\/b38839767920504f85d0555e5244a76d\"},\"description\":\"Grupo Inter\u00f3leo se adhiere a la Confederaci\u00f3n de Empresarios de Ja\u00e9n (CEJ) para darle mayor visibilizaci\u00f3n a las empresas olivareras\",\"breadcrumb\":{\"@id\":\"https:\/\/www.interoleo.com\/en\/interoleo-socio-cej\/#breadcrumb\"},\"inLanguage\":\"en-US\",\"potentialAction\":[{\"@type\":\"ReadAction\",\"target\":[\"https:\/\/www.interoleo.com\/en\/interoleo-socio-cej\/\"]}]},{\"@type\":\"ImageObject\",\"inLanguage\":\"en-US\",\"@id\":\"https:\/\/www.interoleo.com\/en\/interoleo-socio-cej\/#primaryimage\",\"url\":\"https:\/\/www.interoleo.com\/wp-content\/uploads\/2021\/12\/Grupo-Interoleo-se-incorpora-a-la-CEJ.jpg\",\"contentUrl\":\"https:\/\/www.interoleo.com\/wp-content\/uploads\/2021\/12\/Grupo-Interoleo-se-incorpora-a-la-CEJ.jpg\",\"width\":1181,\"height\":787},{\"@type\":\"BreadcrumbList\",\"@id\":\"https:\/\/www.interoleo.com\/en\/interoleo-socio-cej\/#breadcrumb\",\"itemListElement\":[{\"@type\":\"ListItem\",\"position\":1,\"name\":\"Portada\",\"item\":\"https:\/\/www.interoleo.com\/en\/\"},{\"@type\":\"ListItem\",\"position\":2,\"name\":\"Grupo Inter\u00f3leo se incorpora como nueva empresa asociada a la Confederaci\u00f3n de Empresarios de Ja\u00e9n (CEJ)\"}]},{\"@type\":\"WebSite\",\"@id\":\"https:\/\/www.interoleo.com\/en\/#website\",\"url\":\"https:\/\/www.interoleo.com\/en\/\",\"name\":\"Grupo Inter\u00f3leo\",\"description\":\"Grupo Inter\u00f3leo comercializador de aceite de oliva a granel\",\"potentialAction\":[{\"@type\":\"SearchAction\",\"target\":{\"@type\":\"EntryPoint\",\"urlTemplate\":\"https:\/\/www.interoleo.com\/en\/?s={search_term_string}\"},\"query-input\":{\"@type\":\"PropertyValueSpecification\",\"valueRequired\":true,\"valueName\":\"search_term_string\"}}],\"inLanguage\":\"en-US\"},{\"@type\":\"Person\",\"@id\":\"https:\/\/www.interoleo.com\/en\/#\/schema\/person\/b38839767920504f85d0555e5244a76d\",\"name\":\"Interoleo Picual\",\"image\":{\"@type\":\"ImageObject\",\"inLanguage\":\"en-US\",\"@id\":\"https:\/\/www.interoleo.com\/en\/#\/schema\/person\/image\/\",\"url\":\"https:\/\/secure.gravatar.com\/avatar\/9d9b88888a963e3b9235bbd165d9c050?s=96&d=mm&r=g\",\"contentUrl\":\"https:\/\/secure.gravatar.com\/avatar\/9d9b88888a963e3b9235bbd165d9c050?s=96&d=mm&r=g\",\"caption\":\"Interoleo Picual\"},\"url\":\"https:\/\/www.interoleo.com\/en\/author\/interoleo\/\"}]}<\/script>\n<!-- \/ Yoast SEO plugin. -->","yoast_head_json":{"title":"Grupo Inter\u00f3leo se incorpora a la CEJ - Grupo Inter\u00f3leo","description":"Grupo Inter\u00f3leo se adhiere a la Confederaci\u00f3n de Empresarios de Ja\u00e9n (CEJ) para darle mayor visibilizaci\u00f3n a las empresas olivareras","robots":{"index":"index","follow":"follow","max-snippet":"max-snippet:-1","max-image-preview":"max-image-preview:large","max-video-preview":"max-video-preview:-1"},"canonical":"https:\/\/www.interoleo.com\/en\/interoleo-socio-cej\/","og_locale":"en_US","og_type":"article","og_title":"Grupo Inter\u00f3leo se incorpora a la CEJ - Grupo Inter\u00f3leo","og_description":"Grupo Inter\u00f3leo se adhiere a la Confederaci\u00f3n de Empresarios de Ja\u00e9n (CEJ) para darle mayor visibilizaci\u00f3n a las empresas olivareras","og_url":"https:\/\/www.interoleo.com\/en\/interoleo-socio-cej\/","og_site_name":"Grupo Inter\u00f3leo","article_published_time":"2021-12-28T09:32:45+00:00","og_image":[{"width":1181,"height":787,"url":"https:\/\/www.interoleo.com\/wp-content\/uploads\/2021\/12\/Grupo-Interoleo-se-incorpora-a-la-CEJ.jpg","type":"image\/jpeg"}],"author":"Interoleo Picual","twitter_card":"summary_large_image","twitter_misc":{"Written by":"Interoleo Picual","Est. reading time":"2 minutes"},"schema":{"@context":"https:\/\/schema.org","@graph":[{"@type":"WebPage","@id":"https:\/\/www.interoleo.com\/en\/interoleo-socio-cej\/","url":"https:\/\/www.interoleo.com\/en\/interoleo-socio-cej\/","name":"Grupo Inter\u00f3leo se incorpora a la CEJ - Grupo Inter\u00f3leo","isPartOf":{"@id":"https:\/\/www.interoleo.com\/en\/#website"},"primaryImageOfPage":{"@id":"https:\/\/www.interoleo.com\/en\/interoleo-socio-cej\/#primaryimage"},"image":{"@id":"https:\/\/www.interoleo.com\/en\/interoleo-socio-cej\/#primaryimage"},"thumbnailUrl":"https:\/\/www.interoleo.com\/wp-content\/uploads\/2021\/12\/Grupo-Interoleo-se-incorpora-a-la-CEJ.jpg","datePublished":"2021-12-28T09:32:45+00:00","author":{"@id":"https:\/\/www.interoleo.com\/en\/#\/schema\/person\/b38839767920504f85d0555e5244a76d"},"description":"Grupo Inter\u00f3leo se adhiere a la Confederaci\u00f3n de Empresarios de Ja\u00e9n (CEJ) para darle mayor visibilizaci\u00f3n a las empresas olivareras","breadcrumb":{"@id":"https:\/\/www.interoleo.com\/en\/interoleo-socio-cej\/#breadcrumb"},"inLanguage":"en-US","potentialAction":[{"@type":"ReadAction","target":["https:\/\/www.interoleo.com\/en\/interoleo-socio-cej\/"]}]},{"@type":"ImageObject","inLanguage":"en-US","@id":"https:\/\/www.interoleo.com\/en\/interoleo-socio-cej\/#primaryimage","url":"https:\/\/www.interoleo.com\/wp-content\/uploads\/2021\/12\/Grupo-Interoleo-se-incorpora-a-la-CEJ.jpg","contentUrl":"https:\/\/www.interoleo.com\/wp-content\/uploads\/2021\/12\/Grupo-Interoleo-se-incorpora-a-la-CEJ.jpg","width":1181,"height":787},{"@type":"BreadcrumbList","@id":"https:\/\/www.interoleo.com\/en\/interoleo-socio-cej\/#breadcrumb","itemListElement":[{"@type":"ListItem","position":1,"name":"Portada","item":"https:\/\/www.interoleo.com\/en\/"},{"@type":"ListItem","position":2,"name":"Grupo Inter\u00f3leo se incorpora como nueva empresa asociada a la Confederaci\u00f3n de Empresarios de Ja\u00e9n (CEJ)"}]},{"@type":"WebSite","@id":"https:\/\/www.interoleo.com\/en\/#website","url":"https:\/\/www.interoleo.com\/en\/","name":"Grupo Inter\u00f3leo","description":"Grupo Inter\u00f3leo comercializador de aceite de oliva a granel","potentialAction":[{"@type":"SearchAction","target":{"@type":"EntryPoint","urlTemplate":"https:\/\/www.interoleo.com\/en\/?s={search_term_string}"},"query-input":{"@type":"PropertyValueSpecification","valueRequired":true,"valueName":"search_term_string"}}],"inLanguage":"en-US"},{"@type":"Person","@id":"https:\/\/www.interoleo.com\/en\/#\/schema\/person\/b38839767920504f85d0555e5244a76d","name":"Interoleo Picual","image":{"@type":"ImageObject","inLanguage":"en-US","@id":"https:\/\/www.interoleo.com\/en\/#\/schema\/person\/image\/","url":"https:\/\/secure.gravatar.com\/avatar\/9d9b88888a963e3b9235bbd165d9c050?s=96&d=mm&r=g","contentUrl":"https:\/\/secure.gravatar.com\/avatar\/9d9b88888a963e3b9235bbd165d9c050?s=96&d=mm&r=g","caption":"Interoleo Picual"},"url":"https:\/\/www.interoleo.com\/en\/author\/interoleo\/"}]}},"jetpack_publicize_connections":[],"jetpack_featured_media_url":"https:\/\/www.interoleo.com\/wp-content\/uploads\/2021\/12\/Grupo-Interoleo-se-incorpora-a-la-CEJ.jpg","jetpack_shortlink":"https:\/\/wp.me\/p7R8ws-LN","jetpack_sharing_enabled":true,"_links":{"self":[{"href":"https:\/\/www.interoleo.com\/en\/wp-json\/wp\/v2\/posts\/2963","targetHints":{"allow":["GET"]}}],"collection":[{"href":"https:\/\/www.interoleo.com\/en\/wp-json\/wp\/v2\/posts"}],"about":[{"href":"https:\/\/www.interoleo.com\/en\/wp-json\/wp\/v2\/types\/post"}],"author":[{"embeddable":true,"href":"https:\/\/www.interoleo.com\/en\/wp-json\/wp\/v2\/users\/2"}],"replies":[{"embeddable":true,"href":"https:\/\/www.interoleo.com\/en\/wp-json\/wp\/v2\/comments?post=2963"}],"version-history":[{"count":1,"href":"https:\/\/www.interoleo.com\/en\/wp-json\/wp\/v2\/posts\/2963\/revisions"}],"predecessor-version":[{"id":2966,"href":"https:\/\/www.interoleo.com\/en\/wp-json\/wp\/v2\/posts\/2963\/revisions\/2966"}],"wp:featuredmedia":[{"embeddable":true,"href":"https:\/\/www.interoleo.com\/en\/wp-json\/wp\/v2\/media\/2964"}],"wp:attachment":[{"href":"https:\/\/www.interoleo.com\/en\/wp-json\/wp\/v2\/media?parent=2963"}],"wp:term":[{"taxonomy":"category","embeddable":true,"href":"https:\/\/www.interoleo.com\/en\/wp-json\/wp\/v2\/categories?post=2963"},{"taxonomy":"post_tag","embeddable":true,"href":"https:\/\/www.interoleo.com\/en\/wp-json\/wp\/v2\/tags?post=2963"}],"curies":[{"name":"wp","href":"https:\/\/api.w.org\/{rel}","templated":true}]}}