{"id":2973,"date":"2022-02-09T16:50:42","date_gmt":"2022-02-09T16:50:42","guid":{"rendered":"https:\/\/www.interoleo.com\/?p=2973"},"modified":"2022-02-09T16:50:42","modified_gmt":"2022-02-09T16:50:42","slug":"interoleo-cualificacion","status":"publish","type":"post","link":"https:\/\/www.interoleo.com\/en\/interoleo-cualificacion\/","title":{"rendered":"Grupo Inter\u00f3leo refuerza la cualificaci\u00f3n profesional de sus t\u00e9cnicos para satisfacer las necesidades empresariales de los socios"},"content":{"rendered":"<p style=\"text-align: center;\"><strong><u>La empresa recibe una subvenci\u00f3n de la Diputaci\u00f3n de Ja\u00e9n para seguir con la cualificaci\u00f3n continua en materia de transformaci\u00f3n digital y ofrecer as\u00ed un servicio m\u00e1s profesionalizado a nuestras cooperativas y almazaras<\/u><\/strong><\/p>\n<p>La apuesta por la formaci\u00f3n est\u00e1 plenamente integrada en el ADN de Grupo Inter\u00f3leo. Por eso, la empresa refuerza continuamente la cualificaci\u00f3n profesional de sus t\u00e9cnicos, con vistas a satisfacer las necesidades empresariales presentes y futuras de todos los socios. De ah\u00ed que Inter\u00f3leo se muestre muy satisfecha de recibir una subvenci\u00f3n, por parte de la Diputaci\u00f3n Provincial de Ja\u00e9n, para mejorar la cualificaci\u00f3n referente a la transformaci\u00f3n digital y, en concreto, a los nuevos sistemas de informaci\u00f3n empresarial. Una ayuda que hoy hemos recibido de manos del diputado de Empleo y Empresa, Luis Miguel Carmona.<\/p>\n<p>El gerente de Grupo Inter\u00f3leo, Esteban Mombl\u00e1n, explica que el objetivo de la subvenci\u00f3n que recibe la empresa es para &#8220;reforzar la formaci\u00f3n altamente cualificada con referencia a los sistemas de informaci\u00f3n que nos permitan satisfacer las necesidades de nuestra empresa y de todos nuestros socios. En concreto, se ampliar\u00e1 los conocimientos en integraci\u00f3n del ERP denominado SAP Business ONE. Es una certificaci\u00f3n oficial que permitir\u00e1 a los empleados lograr la pericia en el manejo e integraci\u00f3n de los sistemas de informaci\u00f3n empresarial de forma operacional en nuestras centrales de ventas y de contabilidad. Con ello garantizamos el avance en el proceso de transformaci\u00f3n digital de Grupo Inter\u00f3leo&#8221;.<\/p>\n<p>La formaci\u00f3n es una parte fundamental de la empresa, como lo avala el hecho de que, en los \u00faltimos a\u00f1os, nuestro personal t\u00e9cnico haya reforzado su cualificaci\u00f3n con programas de aprendizaje en el manejo de las ventas, de la administraci\u00f3n, de la contabilidad, de idiomas, normativa de calidad, perfeccionamiento de catas y an\u00e1lisis sensoriales y RSE. Un plan formativo individualizado para todo el personal de Grupo Inter\u00f3leo encuadrado en nuestra pol\u00edtica de Responsabilidad Social Empresarial y en el cumplimiento de los Objetivos de Desarrollo Sostenible. \u201cPara Inter\u00f3leo es clave el equipo humano que lo forma. Por eso entendemos como clave la continua actualizaci\u00f3n formativa para su cualificaci\u00f3n de cara a adaptarnos a las necesidades del mercado y de nuestros socios. Una acci\u00f3n con la que, adem\u00e1s, cumplimos la ODS4 en materia formativa para mejorar la gesti\u00f3n profesional y obtener mayores resultados tanto en la empresa como en nuestros socios\u201d, concluye Esteban Mombl\u00e1n.<\/p>\n","protected":false},"excerpt":{"rendered":"<p>La empresa recibe una subvenci\u00f3n de la Diputaci\u00f3n de Ja\u00e9n para seguir con la cualificaci\u00f3n continua en materia de transformaci\u00f3n digital y ofrecer as\u00ed un servicio m\u00e1s profesionalizado a nuestras cooperativas y almazaras La apuesta por la formaci\u00f3n est\u00e1 plenamente integrada en el ADN de Grupo Inter\u00f3leo. Por eso, la empresa refuerza continuamente la cualificaci\u00f3n &hellip; <\/p>\n<p class=\"link-more\"><a href=\"https:\/\/www.interoleo.com\/en\/interoleo-cualificacion\/\" class=\"more-link\">Read more<span class=\"screen-reader-text\"> &#8220;Grupo Inter\u00f3leo refuerza la cualificaci\u00f3n profesional de sus t\u00e9cnicos para satisfacer las necesidades empresariales de los socios&#8221;<\/span><\/a><\/p>\n","protected":false},"author":2,"featured_media":2974,"comment_status":"closed","ping_status":"closed","sticky":false,"template":"","format":"standard","meta":{"jetpack_post_was_ever_published":false,"_jetpack_newsletter_access":"","_jetpack_dont_email_post_to_subs":false,"_jetpack_newsletter_tier_id":0,"_jetpack_memberships_contains_paywalled_content":false,"_jetpack_memberships_contains_paid_content":false,"footnotes":"","jetpack_publicize_message":"","jetpack_publicize_feature_enabled":true,"jetpack_social_post_already_shared":true,"jetpack_social_options":{"image_generator_settings":{"template":"highway","default_image_id":0,"font":"","enabled":false},"version":2}},"categories":[3,4,7],"tags":[17,156,58,73,35,137,341,22,85,343,332,44,14,61,342,275,24,31,33],"class_list":["post-2973","post","type-post","status-publish","format-standard","has-post-thumbnail","hentry","category-aceite-de-oliva","category-actualidad","category-noticias-interoleo","tag-aceite","tag-aceite-de-oliva","tag-calidad","tag-comercializacion","tag-concentracion-de-la-oferta","tag-cualificacion","tag-diputacion-de-jaen","tag-esteban-momblan","tag-formacion","tag-formacion-continua","tag-gerente-de-grupo-interoleo","tag-grupo-interoleo","tag-produccion","tag-profesionalizacion-del-sector","tag-programa-de-formacion","tag-responsabilidad-social","tag-retos-de-futuro","tag-sector-productor","tag-venta-de-aceite-de-oliva"],"yoast_head":"<!-- This site is optimized with the Yoast SEO plugin v26.0 - https:\/\/yoast.com\/wordpress\/plugins\/seo\/ -->\n<title>Inter\u00f3leo mejora la cualificaci\u00f3n de los trabajadores - Grupo Inter\u00f3leo<\/title>\n<meta name=\"description\" content=\"Grupo Inter\u00f3leo recibe una subvenci\u00f3n de la Diputaci\u00f3n para continuar con la mejora de la culificaci\u00f3n y profesionalizaci\u00f3n t\u00e9cnica\" \/>\n<meta name=\"robots\" content=\"index, follow, max-snippet:-1, max-image-preview:large, max-video-preview:-1\" \/>\n<link rel=\"canonical\" href=\"https:\/\/www.interoleo.com\/en\/interoleo-cualificacion\/\" \/>\n<meta property=\"og:locale\" content=\"en_US\" \/>\n<meta property=\"og:type\" content=\"article\" \/>\n<meta property=\"og:title\" content=\"Inter\u00f3leo mejora la cualificaci\u00f3n de los trabajadores - Grupo Inter\u00f3leo\" \/>\n<meta property=\"og:description\" content=\"Grupo Inter\u00f3leo recibe una subvenci\u00f3n de la Diputaci\u00f3n para continuar con la mejora de la culificaci\u00f3n y profesionalizaci\u00f3n t\u00e9cnica\" \/>\n<meta property=\"og:url\" content=\"https:\/\/www.interoleo.com\/en\/interoleo-cualificacion\/\" \/>\n<meta property=\"og:site_name\" content=\"Grupo Inter\u00f3leo\" \/>\n<meta property=\"article:published_time\" content=\"2022-02-09T16:50:42+00:00\" \/>\n<meta property=\"og:image\" content=\"https:\/\/www.interoleo.com\/wp-content\/uploads\/2022\/02\/Reunion-Interoleo-diputado-de-Empleo-9-febrero.jpeg\" \/>\n\t<meta property=\"og:image:width\" content=\"1237\" \/>\n\t<meta property=\"og:image:height\" content=\"825\" \/>\n\t<meta property=\"og:image:type\" content=\"image\/jpeg\" \/>\n<meta name=\"author\" content=\"Interoleo Picual\" \/>\n<meta name=\"twitter:card\" content=\"summary_large_image\" \/>\n<meta name=\"twitter:label1\" content=\"Written by\" \/>\n\t<meta name=\"twitter:data1\" content=\"Interoleo Picual\" \/>\n\t<meta name=\"twitter:label2\" content=\"Est. reading time\" \/>\n\t<meta name=\"twitter:data2\" content=\"2 minutes\" \/>\n<script type=\"application\/ld+json\" class=\"yoast-schema-graph\">{\"@context\":\"https:\/\/schema.org\",\"@graph\":[{\"@type\":\"WebPage\",\"@id\":\"https:\/\/www.interoleo.com\/en\/interoleo-cualificacion\/\",\"url\":\"https:\/\/www.interoleo.com\/en\/interoleo-cualificacion\/\",\"name\":\"Inter\u00f3leo mejora la cualificaci\u00f3n de los trabajadores - Grupo Inter\u00f3leo\",\"isPartOf\":{\"@id\":\"https:\/\/www.interoleo.com\/en\/#website\"},\"primaryImageOfPage\":{\"@id\":\"https:\/\/www.interoleo.com\/en\/interoleo-cualificacion\/#primaryimage\"},\"image\":{\"@id\":\"https:\/\/www.interoleo.com\/en\/interoleo-cualificacion\/#primaryimage\"},\"thumbnailUrl\":\"https:\/\/www.interoleo.com\/wp-content\/uploads\/2022\/02\/Reunion-Interoleo-diputado-de-Empleo-9-febrero.jpeg\",\"datePublished\":\"2022-02-09T16:50:42+00:00\",\"author\":{\"@id\":\"https:\/\/www.interoleo.com\/en\/#\/schema\/person\/b38839767920504f85d0555e5244a76d\"},\"description\":\"Grupo Inter\u00f3leo recibe una subvenci\u00f3n de la Diputaci\u00f3n para continuar con la mejora de la culificaci\u00f3n y profesionalizaci\u00f3n t\u00e9cnica\",\"breadcrumb\":{\"@id\":\"https:\/\/www.interoleo.com\/en\/interoleo-cualificacion\/#breadcrumb\"},\"inLanguage\":\"en-US\",\"potentialAction\":[{\"@type\":\"ReadAction\",\"target\":[\"https:\/\/www.interoleo.com\/en\/interoleo-cualificacion\/\"]}]},{\"@type\":\"ImageObject\",\"inLanguage\":\"en-US\",\"@id\":\"https:\/\/www.interoleo.com\/en\/interoleo-cualificacion\/#primaryimage\",\"url\":\"https:\/\/www.interoleo.com\/wp-content\/uploads\/2022\/02\/Reunion-Interoleo-diputado-de-Empleo-9-febrero.jpeg\",\"contentUrl\":\"https:\/\/www.interoleo.com\/wp-content\/uploads\/2022\/02\/Reunion-Interoleo-diputado-de-Empleo-9-febrero.jpeg\",\"width\":1237,\"height\":825},{\"@type\":\"BreadcrumbList\",\"@id\":\"https:\/\/www.interoleo.com\/en\/interoleo-cualificacion\/#breadcrumb\",\"itemListElement\":[{\"@type\":\"ListItem\",\"position\":1,\"name\":\"Portada\",\"item\":\"https:\/\/www.interoleo.com\/en\/\"},{\"@type\":\"ListItem\",\"position\":2,\"name\":\"Grupo Inter\u00f3leo refuerza la cualificaci\u00f3n profesional de sus t\u00e9cnicos para satisfacer las necesidades empresariales de los socios\"}]},{\"@type\":\"WebSite\",\"@id\":\"https:\/\/www.interoleo.com\/en\/#website\",\"url\":\"https:\/\/www.interoleo.com\/en\/\",\"name\":\"Grupo Inter\u00f3leo\",\"description\":\"Grupo Inter\u00f3leo comercializador de aceite de oliva a granel\",\"potentialAction\":[{\"@type\":\"SearchAction\",\"target\":{\"@type\":\"EntryPoint\",\"urlTemplate\":\"https:\/\/www.interoleo.com\/en\/?s={search_term_string}\"},\"query-input\":{\"@type\":\"PropertyValueSpecification\",\"valueRequired\":true,\"valueName\":\"search_term_string\"}}],\"inLanguage\":\"en-US\"},{\"@type\":\"Person\",\"@id\":\"https:\/\/www.interoleo.com\/en\/#\/schema\/person\/b38839767920504f85d0555e5244a76d\",\"name\":\"Interoleo Picual\",\"image\":{\"@type\":\"ImageObject\",\"inLanguage\":\"en-US\",\"@id\":\"https:\/\/www.interoleo.com\/en\/#\/schema\/person\/image\/\",\"url\":\"https:\/\/secure.gravatar.com\/avatar\/9d9b88888a963e3b9235bbd165d9c050?s=96&d=mm&r=g\",\"contentUrl\":\"https:\/\/secure.gravatar.com\/avatar\/9d9b88888a963e3b9235bbd165d9c050?s=96&d=mm&r=g\",\"caption\":\"Interoleo Picual\"},\"url\":\"https:\/\/www.interoleo.com\/en\/author\/interoleo\/\"}]}<\/script>\n<!-- \/ Yoast SEO plugin. -->","yoast_head_json":{"title":"Inter\u00f3leo mejora la cualificaci\u00f3n de los trabajadores - Grupo Inter\u00f3leo","description":"Grupo Inter\u00f3leo recibe una subvenci\u00f3n de la Diputaci\u00f3n para continuar con la mejora de la culificaci\u00f3n y profesionalizaci\u00f3n t\u00e9cnica","robots":{"index":"index","follow":"follow","max-snippet":"max-snippet:-1","max-image-preview":"max-image-preview:large","max-video-preview":"max-video-preview:-1"},"canonical":"https:\/\/www.interoleo.com\/en\/interoleo-cualificacion\/","og_locale":"en_US","og_type":"article","og_title":"Inter\u00f3leo mejora la cualificaci\u00f3n de los trabajadores - Grupo Inter\u00f3leo","og_description":"Grupo Inter\u00f3leo recibe una subvenci\u00f3n de la Diputaci\u00f3n para continuar con la mejora de la culificaci\u00f3n y profesionalizaci\u00f3n t\u00e9cnica","og_url":"https:\/\/www.interoleo.com\/en\/interoleo-cualificacion\/","og_site_name":"Grupo Inter\u00f3leo","article_published_time":"2022-02-09T16:50:42+00:00","og_image":[{"width":1237,"height":825,"url":"https:\/\/www.interoleo.com\/wp-content\/uploads\/2022\/02\/Reunion-Interoleo-diputado-de-Empleo-9-febrero.jpeg","type":"image\/jpeg"}],"author":"Interoleo Picual","twitter_card":"summary_large_image","twitter_misc":{"Written by":"Interoleo Picual","Est. reading time":"2 minutes"},"schema":{"@context":"https:\/\/schema.org","@graph":[{"@type":"WebPage","@id":"https:\/\/www.interoleo.com\/en\/interoleo-cualificacion\/","url":"https:\/\/www.interoleo.com\/en\/interoleo-cualificacion\/","name":"Inter\u00f3leo mejora la cualificaci\u00f3n de los trabajadores - Grupo Inter\u00f3leo","isPartOf":{"@id":"https:\/\/www.interoleo.com\/en\/#website"},"primaryImageOfPage":{"@id":"https:\/\/www.interoleo.com\/en\/interoleo-cualificacion\/#primaryimage"},"image":{"@id":"https:\/\/www.interoleo.com\/en\/interoleo-cualificacion\/#primaryimage"},"thumbnailUrl":"https:\/\/www.interoleo.com\/wp-content\/uploads\/2022\/02\/Reunion-Interoleo-diputado-de-Empleo-9-febrero.jpeg","datePublished":"2022-02-09T16:50:42+00:00","author":{"@id":"https:\/\/www.interoleo.com\/en\/#\/schema\/person\/b38839767920504f85d0555e5244a76d"},"description":"Grupo Inter\u00f3leo recibe una subvenci\u00f3n de la Diputaci\u00f3n para continuar con la mejora de la culificaci\u00f3n y profesionalizaci\u00f3n t\u00e9cnica","breadcrumb":{"@id":"https:\/\/www.interoleo.com\/en\/interoleo-cualificacion\/#breadcrumb"},"inLanguage":"en-US","potentialAction":[{"@type":"ReadAction","target":["https:\/\/www.interoleo.com\/en\/interoleo-cualificacion\/"]}]},{"@type":"ImageObject","inLanguage":"en-US","@id":"https:\/\/www.interoleo.com\/en\/interoleo-cualificacion\/#primaryimage","url":"https:\/\/www.interoleo.com\/wp-content\/uploads\/2022\/02\/Reunion-Interoleo-diputado-de-Empleo-9-febrero.jpeg","contentUrl":"https:\/\/www.interoleo.com\/wp-content\/uploads\/2022\/02\/Reunion-Interoleo-diputado-de-Empleo-9-febrero.jpeg","width":1237,"height":825},{"@type":"BreadcrumbList","@id":"https:\/\/www.interoleo.com\/en\/interoleo-cualificacion\/#breadcrumb","itemListElement":[{"@type":"ListItem","position":1,"name":"Portada","item":"https:\/\/www.interoleo.com\/en\/"},{"@type":"ListItem","position":2,"name":"Grupo Inter\u00f3leo refuerza la cualificaci\u00f3n profesional de sus t\u00e9cnicos para satisfacer las necesidades empresariales de los socios"}]},{"@type":"WebSite","@id":"https:\/\/www.interoleo.com\/en\/#website","url":"https:\/\/www.interoleo.com\/en\/","name":"Grupo Inter\u00f3leo","description":"Grupo Inter\u00f3leo comercializador de aceite de oliva a granel","potentialAction":[{"@type":"SearchAction","target":{"@type":"EntryPoint","urlTemplate":"https:\/\/www.interoleo.com\/en\/?s={search_term_string}"},"query-input":{"@type":"PropertyValueSpecification","valueRequired":true,"valueName":"search_term_string"}}],"inLanguage":"en-US"},{"@type":"Person","@id":"https:\/\/www.interoleo.com\/en\/#\/schema\/person\/b38839767920504f85d0555e5244a76d","name":"Interoleo Picual","image":{"@type":"ImageObject","inLanguage":"en-US","@id":"https:\/\/www.interoleo.com\/en\/#\/schema\/person\/image\/","url":"https:\/\/secure.gravatar.com\/avatar\/9d9b88888a963e3b9235bbd165d9c050?s=96&d=mm&r=g","contentUrl":"https:\/\/secure.gravatar.com\/avatar\/9d9b88888a963e3b9235bbd165d9c050?s=96&d=mm&r=g","caption":"Interoleo Picual"},"url":"https:\/\/www.interoleo.com\/en\/author\/interoleo\/"}]}},"jetpack_publicize_connections":[],"jetpack_featured_media_url":"https:\/\/www.interoleo.com\/wp-content\/uploads\/2022\/02\/Reunion-Interoleo-diputado-de-Empleo-9-febrero.jpeg","jetpack_shortlink":"https:\/\/wp.me\/p7R8ws-LX","jetpack_sharing_enabled":true,"_links":{"self":[{"href":"https:\/\/www.interoleo.com\/en\/wp-json\/wp\/v2\/posts\/2973","targetHints":{"allow":["GET"]}}],"collection":[{"href":"https:\/\/www.interoleo.com\/en\/wp-json\/wp\/v2\/posts"}],"about":[{"href":"https:\/\/www.interoleo.com\/en\/wp-json\/wp\/v2\/types\/post"}],"author":[{"embeddable":true,"href":"https:\/\/www.interoleo.com\/en\/wp-json\/wp\/v2\/users\/2"}],"replies":[{"embeddable":true,"href":"https:\/\/www.interoleo.com\/en\/wp-json\/wp\/v2\/comments?post=2973"}],"version-history":[{"count":1,"href":"https:\/\/www.interoleo.com\/en\/wp-json\/wp\/v2\/posts\/2973\/revisions"}],"predecessor-version":[{"id":2976,"href":"https:\/\/www.interoleo.com\/en\/wp-json\/wp\/v2\/posts\/2973\/revisions\/2976"}],"wp:featuredmedia":[{"embeddable":true,"href":"https:\/\/www.interoleo.com\/en\/wp-json\/wp\/v2\/media\/2974"}],"wp:attachment":[{"href":"https:\/\/www.interoleo.com\/en\/wp-json\/wp\/v2\/media?parent=2973"}],"wp:term":[{"taxonomy":"category","embeddable":true,"href":"https:\/\/www.interoleo.com\/en\/wp-json\/wp\/v2\/categories?post=2973"},{"taxonomy":"post_tag","embeddable":true,"href":"https:\/\/www.interoleo.com\/en\/wp-json\/wp\/v2\/tags?post=2973"}],"curies":[{"name":"wp","href":"https:\/\/api.w.org\/{rel}","templated":true}]}}