{"id":3125,"date":"2022-07-25T07:52:57","date_gmt":"2022-07-25T07:52:57","guid":{"rendered":"https:\/\/www.interoleo.com\/?p=3125"},"modified":"2022-07-25T07:52:57","modified_gmt":"2022-07-25T07:52:57","slug":"interoleo-economia-circular","status":"publish","type":"post","link":"https:\/\/www.interoleo.com\/en\/interoleo-economia-circular\/","title":{"rendered":"Grupo Inter\u00f3leo se adhiere a la Estrategia Espa\u00f1ola de Econom\u00eda Circular"},"content":{"rendered":"<p>La adhesi\u00f3n de Grupo Inter\u00f3leo como empresa firmante a la Estrategia Espa\u00f1ola de Econom\u00eda Circular, Espa\u00f1a Circular 2030 sienta las bases para impulsar un modelo de producci\u00f3n y consumo en el que el valor de productos, materiales y recursos se mantengan en la econom\u00eda durante el mayor tiempo posible. Una estrategia que debe ir encaminada hacia la reducci\u00f3n al m\u00ednimo de generaci\u00f3n de residuos y hacia el aprovechamiento, con el mayor alcance posible, de aquellos que no se pueden evitar. Grupo Inter\u00f3leo refuerza su compromiso por una econom\u00eda sostenible, descarbonizada, eficiente en el uso de los recursos y competitiva.<\/p>\n","protected":false},"excerpt":{"rendered":"<p>La adhesi\u00f3n de Grupo Inter\u00f3leo como empresa firmante a la Estrategia Espa\u00f1ola de Econom\u00eda Circular, Espa\u00f1a Circular 2030 sienta las bases para impulsar un modelo de producci\u00f3n y consumo en el que el valor de productos, materiales y recursos se mantengan en la econom\u00eda durante el mayor tiempo posible. Una estrategia que debe ir encaminada &hellip; <\/p>\n<p class=\"link-more\"><a href=\"https:\/\/www.interoleo.com\/en\/interoleo-economia-circular\/\" class=\"more-link\">Read more<span class=\"screen-reader-text\"> &#8220;Grupo Inter\u00f3leo se adhiere a la Estrategia Espa\u00f1ola de Econom\u00eda Circular&#8221;<\/span><\/a><\/p>\n","protected":false},"author":2,"featured_media":3126,"comment_status":"closed","ping_status":"closed","sticky":false,"template":"","format":"standard","meta":{"jetpack_post_was_ever_published":false,"_jetpack_newsletter_access":"","_jetpack_dont_email_post_to_subs":false,"_jetpack_newsletter_tier_id":0,"_jetpack_memberships_contains_paywalled_content":false,"_jetpack_memberships_contains_paid_content":false,"footnotes":"","jetpack_publicize_message":"","jetpack_publicize_feature_enabled":true,"jetpack_social_post_already_shared":true,"jetpack_social_options":{"image_generator_settings":{"template":"highway","default_image_id":0,"font":"","enabled":false},"version":2}},"categories":[3,4,7],"tags":[17,156,58,73,35,367,368,44,12,47,34,14,61,306,24,250],"class_list":["post-3125","post","type-post","status-publish","format-standard","has-post-thumbnail","hentry","category-aceite-de-oliva","category-actualidad","category-noticias-interoleo","tag-aceite","tag-aceite-de-oliva","tag-calidad","tag-comercializacion","tag-concentracion-de-la-oferta","tag-economia-circular","tag-espana-circular-2030","tag-grupo-interoleo","tag-interoleo","tag-mercados","tag-mercados-internacionales","tag-produccion","tag-profesionalizacion-del-sector","tag-responsabilidad-social-empresarial","tag-retos-de-futuro","tag-sostenibilidad"],"yoast_head":"<!-- This site is optimized with the Yoast SEO plugin v26.0 - https:\/\/yoast.com\/wordpress\/plugins\/seo\/ -->\n<title>Grupo Inter\u00f3leo Estrategia Econom\u00eda Circular - Grupo Inter\u00f3leo<\/title>\n<meta name=\"description\" content=\"Grupo Inter\u00f3leo se adhiere a la Estrategia Espa\u00f1ola de Econom\u00eda Circular 2030 para un uso m\u00e1s eficiente de los recursos\" \/>\n<meta name=\"robots\" content=\"index, follow, max-snippet:-1, max-image-preview:large, max-video-preview:-1\" \/>\n<link rel=\"canonical\" href=\"https:\/\/www.interoleo.com\/en\/interoleo-economia-circular\/\" \/>\n<meta property=\"og:locale\" content=\"en_US\" \/>\n<meta property=\"og:type\" content=\"article\" \/>\n<meta property=\"og:title\" content=\"Grupo Inter\u00f3leo Estrategia Econom\u00eda Circular - Grupo Inter\u00f3leo\" \/>\n<meta property=\"og:description\" content=\"Grupo Inter\u00f3leo se adhiere a la Estrategia Espa\u00f1ola de Econom\u00eda Circular 2030 para un uso m\u00e1s eficiente de los recursos\" \/>\n<meta property=\"og:url\" content=\"https:\/\/www.interoleo.com\/en\/interoleo-economia-circular\/\" \/>\n<meta property=\"og:site_name\" content=\"Grupo Inter\u00f3leo\" \/>\n<meta property=\"article:published_time\" content=\"2022-07-25T07:52:57+00:00\" \/>\n<meta property=\"og:image\" content=\"https:\/\/www.interoleo.com\/wp-content\/uploads\/2022\/07\/thumbnail_Adhesion-a-la-estrategia-espanola-de-economia-circular.-Grupo-Interoleo.jpg\" \/>\n\t<meta property=\"og:image:width\" content=\"567\" \/>\n\t<meta property=\"og:image:height\" content=\"268\" \/>\n\t<meta property=\"og:image:type\" content=\"image\/jpeg\" \/>\n<meta name=\"author\" content=\"Interoleo Picual\" \/>\n<meta name=\"twitter:card\" content=\"summary_large_image\" \/>\n<meta name=\"twitter:label1\" content=\"Written by\" \/>\n\t<meta name=\"twitter:data1\" content=\"Interoleo Picual\" \/>\n\t<meta name=\"twitter:label2\" content=\"Est. reading time\" \/>\n\t<meta name=\"twitter:data2\" content=\"1 minute\" \/>\n<script type=\"application\/ld+json\" class=\"yoast-schema-graph\">{\"@context\":\"https:\/\/schema.org\",\"@graph\":[{\"@type\":\"WebPage\",\"@id\":\"https:\/\/www.interoleo.com\/en\/interoleo-economia-circular\/\",\"url\":\"https:\/\/www.interoleo.com\/en\/interoleo-economia-circular\/\",\"name\":\"Grupo Inter\u00f3leo Estrategia Econom\u00eda Circular - Grupo Inter\u00f3leo\",\"isPartOf\":{\"@id\":\"https:\/\/www.interoleo.com\/en\/#website\"},\"primaryImageOfPage\":{\"@id\":\"https:\/\/www.interoleo.com\/en\/interoleo-economia-circular\/#primaryimage\"},\"image\":{\"@id\":\"https:\/\/www.interoleo.com\/en\/interoleo-economia-circular\/#primaryimage\"},\"thumbnailUrl\":\"https:\/\/www.interoleo.com\/wp-content\/uploads\/2022\/07\/thumbnail_Adhesion-a-la-estrategia-espanola-de-economia-circular.-Grupo-Interoleo.jpg\",\"datePublished\":\"2022-07-25T07:52:57+00:00\",\"author\":{\"@id\":\"https:\/\/www.interoleo.com\/en\/#\/schema\/person\/b38839767920504f85d0555e5244a76d\"},\"description\":\"Grupo Inter\u00f3leo se adhiere a la Estrategia Espa\u00f1ola de Econom\u00eda Circular 2030 para un uso m\u00e1s eficiente de los recursos\",\"breadcrumb\":{\"@id\":\"https:\/\/www.interoleo.com\/en\/interoleo-economia-circular\/#breadcrumb\"},\"inLanguage\":\"en-US\",\"potentialAction\":[{\"@type\":\"ReadAction\",\"target\":[\"https:\/\/www.interoleo.com\/en\/interoleo-economia-circular\/\"]}]},{\"@type\":\"ImageObject\",\"inLanguage\":\"en-US\",\"@id\":\"https:\/\/www.interoleo.com\/en\/interoleo-economia-circular\/#primaryimage\",\"url\":\"https:\/\/www.interoleo.com\/wp-content\/uploads\/2022\/07\/thumbnail_Adhesion-a-la-estrategia-espanola-de-economia-circular.-Grupo-Interoleo.jpg\",\"contentUrl\":\"https:\/\/www.interoleo.com\/wp-content\/uploads\/2022\/07\/thumbnail_Adhesion-a-la-estrategia-espanola-de-economia-circular.-Grupo-Interoleo.jpg\",\"width\":567,\"height\":268},{\"@type\":\"BreadcrumbList\",\"@id\":\"https:\/\/www.interoleo.com\/en\/interoleo-economia-circular\/#breadcrumb\",\"itemListElement\":[{\"@type\":\"ListItem\",\"position\":1,\"name\":\"Portada\",\"item\":\"https:\/\/www.interoleo.com\/en\/\"},{\"@type\":\"ListItem\",\"position\":2,\"name\":\"Grupo Inter\u00f3leo se adhiere a la Estrategia Espa\u00f1ola de Econom\u00eda Circular\"}]},{\"@type\":\"WebSite\",\"@id\":\"https:\/\/www.interoleo.com\/en\/#website\",\"url\":\"https:\/\/www.interoleo.com\/en\/\",\"name\":\"Grupo Inter\u00f3leo\",\"description\":\"Grupo Inter\u00f3leo comercializador de aceite de oliva a granel\",\"potentialAction\":[{\"@type\":\"SearchAction\",\"target\":{\"@type\":\"EntryPoint\",\"urlTemplate\":\"https:\/\/www.interoleo.com\/en\/?s={search_term_string}\"},\"query-input\":{\"@type\":\"PropertyValueSpecification\",\"valueRequired\":true,\"valueName\":\"search_term_string\"}}],\"inLanguage\":\"en-US\"},{\"@type\":\"Person\",\"@id\":\"https:\/\/www.interoleo.com\/en\/#\/schema\/person\/b38839767920504f85d0555e5244a76d\",\"name\":\"Interoleo Picual\",\"image\":{\"@type\":\"ImageObject\",\"inLanguage\":\"en-US\",\"@id\":\"https:\/\/www.interoleo.com\/en\/#\/schema\/person\/image\/\",\"url\":\"https:\/\/secure.gravatar.com\/avatar\/9d9b88888a963e3b9235bbd165d9c050?s=96&d=mm&r=g\",\"contentUrl\":\"https:\/\/secure.gravatar.com\/avatar\/9d9b88888a963e3b9235bbd165d9c050?s=96&d=mm&r=g\",\"caption\":\"Interoleo Picual\"},\"url\":\"https:\/\/www.interoleo.com\/en\/author\/interoleo\/\"}]}<\/script>\n<!-- \/ Yoast SEO plugin. -->","yoast_head_json":{"title":"Grupo Inter\u00f3leo Estrategia Econom\u00eda Circular - Grupo Inter\u00f3leo","description":"Grupo Inter\u00f3leo se adhiere a la Estrategia Espa\u00f1ola de Econom\u00eda Circular 2030 para un uso m\u00e1s eficiente de los recursos","robots":{"index":"index","follow":"follow","max-snippet":"max-snippet:-1","max-image-preview":"max-image-preview:large","max-video-preview":"max-video-preview:-1"},"canonical":"https:\/\/www.interoleo.com\/en\/interoleo-economia-circular\/","og_locale":"en_US","og_type":"article","og_title":"Grupo Inter\u00f3leo Estrategia Econom\u00eda Circular - Grupo Inter\u00f3leo","og_description":"Grupo Inter\u00f3leo se adhiere a la Estrategia Espa\u00f1ola de Econom\u00eda Circular 2030 para un uso m\u00e1s eficiente de los recursos","og_url":"https:\/\/www.interoleo.com\/en\/interoleo-economia-circular\/","og_site_name":"Grupo Inter\u00f3leo","article_published_time":"2022-07-25T07:52:57+00:00","og_image":[{"width":567,"height":268,"url":"https:\/\/www.interoleo.com\/wp-content\/uploads\/2022\/07\/thumbnail_Adhesion-a-la-estrategia-espanola-de-economia-circular.-Grupo-Interoleo.jpg","type":"image\/jpeg"}],"author":"Interoleo Picual","twitter_card":"summary_large_image","twitter_misc":{"Written by":"Interoleo Picual","Est. reading time":"1 minute"},"schema":{"@context":"https:\/\/schema.org","@graph":[{"@type":"WebPage","@id":"https:\/\/www.interoleo.com\/en\/interoleo-economia-circular\/","url":"https:\/\/www.interoleo.com\/en\/interoleo-economia-circular\/","name":"Grupo Inter\u00f3leo Estrategia Econom\u00eda Circular - Grupo Inter\u00f3leo","isPartOf":{"@id":"https:\/\/www.interoleo.com\/en\/#website"},"primaryImageOfPage":{"@id":"https:\/\/www.interoleo.com\/en\/interoleo-economia-circular\/#primaryimage"},"image":{"@id":"https:\/\/www.interoleo.com\/en\/interoleo-economia-circular\/#primaryimage"},"thumbnailUrl":"https:\/\/www.interoleo.com\/wp-content\/uploads\/2022\/07\/thumbnail_Adhesion-a-la-estrategia-espanola-de-economia-circular.-Grupo-Interoleo.jpg","datePublished":"2022-07-25T07:52:57+00:00","author":{"@id":"https:\/\/www.interoleo.com\/en\/#\/schema\/person\/b38839767920504f85d0555e5244a76d"},"description":"Grupo Inter\u00f3leo se adhiere a la Estrategia Espa\u00f1ola de Econom\u00eda Circular 2030 para un uso m\u00e1s eficiente de los recursos","breadcrumb":{"@id":"https:\/\/www.interoleo.com\/en\/interoleo-economia-circular\/#breadcrumb"},"inLanguage":"en-US","potentialAction":[{"@type":"ReadAction","target":["https:\/\/www.interoleo.com\/en\/interoleo-economia-circular\/"]}]},{"@type":"ImageObject","inLanguage":"en-US","@id":"https:\/\/www.interoleo.com\/en\/interoleo-economia-circular\/#primaryimage","url":"https:\/\/www.interoleo.com\/wp-content\/uploads\/2022\/07\/thumbnail_Adhesion-a-la-estrategia-espanola-de-economia-circular.-Grupo-Interoleo.jpg","contentUrl":"https:\/\/www.interoleo.com\/wp-content\/uploads\/2022\/07\/thumbnail_Adhesion-a-la-estrategia-espanola-de-economia-circular.-Grupo-Interoleo.jpg","width":567,"height":268},{"@type":"BreadcrumbList","@id":"https:\/\/www.interoleo.com\/en\/interoleo-economia-circular\/#breadcrumb","itemListElement":[{"@type":"ListItem","position":1,"name":"Portada","item":"https:\/\/www.interoleo.com\/en\/"},{"@type":"ListItem","position":2,"name":"Grupo Inter\u00f3leo se adhiere a la Estrategia Espa\u00f1ola de Econom\u00eda Circular"}]},{"@type":"WebSite","@id":"https:\/\/www.interoleo.com\/en\/#website","url":"https:\/\/www.interoleo.com\/en\/","name":"Grupo Inter\u00f3leo","description":"Grupo Inter\u00f3leo comercializador de aceite de oliva a granel","potentialAction":[{"@type":"SearchAction","target":{"@type":"EntryPoint","urlTemplate":"https:\/\/www.interoleo.com\/en\/?s={search_term_string}"},"query-input":{"@type":"PropertyValueSpecification","valueRequired":true,"valueName":"search_term_string"}}],"inLanguage":"en-US"},{"@type":"Person","@id":"https:\/\/www.interoleo.com\/en\/#\/schema\/person\/b38839767920504f85d0555e5244a76d","name":"Interoleo Picual","image":{"@type":"ImageObject","inLanguage":"en-US","@id":"https:\/\/www.interoleo.com\/en\/#\/schema\/person\/image\/","url":"https:\/\/secure.gravatar.com\/avatar\/9d9b88888a963e3b9235bbd165d9c050?s=96&d=mm&r=g","contentUrl":"https:\/\/secure.gravatar.com\/avatar\/9d9b88888a963e3b9235bbd165d9c050?s=96&d=mm&r=g","caption":"Interoleo Picual"},"url":"https:\/\/www.interoleo.com\/en\/author\/interoleo\/"}]}},"jetpack_publicize_connections":[],"jetpack_featured_media_url":"https:\/\/www.interoleo.com\/wp-content\/uploads\/2022\/07\/thumbnail_Adhesion-a-la-estrategia-espanola-de-economia-circular.-Grupo-Interoleo.jpg","jetpack_shortlink":"https:\/\/wp.me\/p7R8ws-Op","jetpack_sharing_enabled":true,"_links":{"self":[{"href":"https:\/\/www.interoleo.com\/en\/wp-json\/wp\/v2\/posts\/3125","targetHints":{"allow":["GET"]}}],"collection":[{"href":"https:\/\/www.interoleo.com\/en\/wp-json\/wp\/v2\/posts"}],"about":[{"href":"https:\/\/www.interoleo.com\/en\/wp-json\/wp\/v2\/types\/post"}],"author":[{"embeddable":true,"href":"https:\/\/www.interoleo.com\/en\/wp-json\/wp\/v2\/users\/2"}],"replies":[{"embeddable":true,"href":"https:\/\/www.interoleo.com\/en\/wp-json\/wp\/v2\/comments?post=3125"}],"version-history":[{"count":1,"href":"https:\/\/www.interoleo.com\/en\/wp-json\/wp\/v2\/posts\/3125\/revisions"}],"predecessor-version":[{"id":3128,"href":"https:\/\/www.interoleo.com\/en\/wp-json\/wp\/v2\/posts\/3125\/revisions\/3128"}],"wp:featuredmedia":[{"embeddable":true,"href":"https:\/\/www.interoleo.com\/en\/wp-json\/wp\/v2\/media\/3126"}],"wp:attachment":[{"href":"https:\/\/www.interoleo.com\/en\/wp-json\/wp\/v2\/media?parent=3125"}],"wp:term":[{"taxonomy":"category","embeddable":true,"href":"https:\/\/www.interoleo.com\/en\/wp-json\/wp\/v2\/categories?post=3125"},{"taxonomy":"post_tag","embeddable":true,"href":"https:\/\/www.interoleo.com\/en\/wp-json\/wp\/v2\/tags?post=3125"}],"curies":[{"name":"wp","href":"https:\/\/api.w.org\/{rel}","templated":true}]}}