{"id":3147,"date":"2022-09-01T08:17:12","date_gmt":"2022-09-01T08:17:12","guid":{"rendered":"https:\/\/www.interoleo.com\/?p=3147"},"modified":"2022-09-01T08:17:12","modified_gmt":"2022-09-01T08:17:12","slug":"interoleo-futuro-olivar","status":"publish","type":"post","link":"https:\/\/www.interoleo.com\/en\/interoleo-futuro-olivar\/","title":{"rendered":"Grupo Inter\u00f3leo abordar\u00e1 el presente y el futuro del olivar y del aceite de oliva en una jornada nacional"},"content":{"rendered":"<p style=\"text-align: center;\"><strong><u>La jornada se celebrar\u00e1 el pr\u00f3ximo d\u00eda 22 de septiembre, en el Hotel HO de Ja\u00e9n, y contar\u00e1 con la participaci\u00f3n de expertos internacionales con el objetivo de elaborar la hoja de ruta del sector para los pr\u00f3ximos a\u00f1os<\/u><\/strong><\/p>\n<p>El sector agroalimentario se encuentra inmerso en un momento de cambios que, como no puede ser de otra manera, tambi\u00e9n afectan al sector del olivar y del aceite de oliva. La adaptaci\u00f3n a la nueva situaci\u00f3n econ\u00f3mica mundial, la actual estructura de costes de producci\u00f3n, la futura Pol\u00edtica Agraria Com\u00fan y otras cuestiones operativas hacen necesario que analicemos todas las fases productivas para intentar ser cada vez m\u00e1s eficientes y hacerlo, adem\u00e1s, de forma sostenible. De igual manera, la complejidad y los cambios en los mercados generan trabas en la comercializaci\u00f3n de nuestras producciones con precios rentables, que hemos de solucionar para conseguir mantener posiciones y ampliarlas siempre que sea posible.<\/p>\n<p>Para contestar a todas estas cuestiones, Grupo Inter\u00f3leo celebrar\u00e1, el pr\u00f3ximo 22 de septiembre en Ja\u00e9n, una jornada nacional bajo el t\u00edtulo, <strong>\u201cEl presente y futuro del olivar y del aceite de oliva\u201d<\/strong>. El encuentro, que se celebrar\u00e1 en el Hotel HO entre las 11 y las 14 horas, contar\u00e1 con la participaci\u00f3n de los mejores ponentes del sector, para conseguir elaborar la hoja de ruta del sector para los pr\u00f3ximos a\u00f1os.<\/p>\n<p>La inauguraci\u00f3n correr\u00e1 a cargo de la consejera de Agricultura, Agua y Desarrollo Rural de la Junta de Andaluc\u00eda, Carmen Crespo; quien estar\u00e1 acompa\u00f1ada por el presidente de Grupo Inter\u00f3leo, Juan Gadeo. Adem\u00e1s, durante el acto se desarrollar\u00e1n varias ponencias en las que se abordar\u00e1n las \u201cPerspectivas del cultivo del olivar y del consumo de aceite de oliva en el mundo\u201d, impartidas por Gabriel Vigil, Head of Sector Olive Oil de la Direcci\u00f3n General de Agricultura de la Comisi\u00f3n Europea; y Jaime Lillo, director adjunto del Consejo Ole\u00edcola Internacional (COI).<\/p>\n<p>Por \u00faltimo, el evento contar\u00e1 con una mesa redonda bajo el t\u00edtulo <strong>\u201c<\/strong>Retos y oportunidades\u201d, que estar\u00e1 moderada por el director de Diario JAEN, Juan Espejo. En ella intervendr\u00e1n Antonio Gallego, presidente de Asoliva y director general del Grupo Migasa; Ignacio Silva, presidente de Deoleo; Fran G\u00e1lvez, Chief Business Officer en Balam Agriculture; y Magdalena G\u00e1lvez, jefe de \u00c1rea de la Subdirecci\u00f3n General de Cultivos Herb\u00e1ceos e Industriales (MAPA).<\/p>\n<p>&nbsp;<\/p>\n<p>Se ruega <strong>confirmaci\u00f3n de asistencia<\/strong>: <a href=\"mailto:eventos@agrifood.es\">eventos@agrifood.es<\/a> o llamando al 91 721 79 29<\/p>\n<p><img decoding=\"async\" class=\"alignnone size-medium wp-image-3150\" src=\"https:\/\/www.interoleo.com\/wp-content\/uploads\/2022\/09\/Jornada-Interoleo-164x300.jpg\" alt=\"\" width=\"164\" height=\"300\" srcset=\"https:\/\/www.interoleo.com\/wp-content\/uploads\/2022\/09\/Jornada-Interoleo-164x300.jpg 164w, https:\/\/www.interoleo.com\/wp-content\/uploads\/2022\/09\/Jornada-Interoleo-scaled-600x1096.jpg 600w, https:\/\/www.interoleo.com\/wp-content\/uploads\/2022\/09\/Jornada-Interoleo-561x1024.jpg 561w, https:\/\/www.interoleo.com\/wp-content\/uploads\/2022\/09\/Jornada-Interoleo-768x1403.jpg 768w, https:\/\/www.interoleo.com\/wp-content\/uploads\/2022\/09\/Jornada-Interoleo-841x1536.jpg 841w, https:\/\/www.interoleo.com\/wp-content\/uploads\/2022\/09\/Jornada-Interoleo-1121x2048.jpg 1121w, https:\/\/www.interoleo.com\/wp-content\/uploads\/2022\/09\/Jornada-Interoleo-scaled.jpg 1402w\" sizes=\"(max-width: 164px) 100vw, 164px\" \/><\/p>\n","protected":false},"excerpt":{"rendered":"<p>La jornada se celebrar\u00e1 el pr\u00f3ximo d\u00eda 22 de septiembre, en el Hotel HO de Ja\u00e9n, y contar\u00e1 con la participaci\u00f3n de expertos internacionales con el objetivo de elaborar la hoja de ruta del sector para los pr\u00f3ximos a\u00f1os El sector agroalimentario se encuentra inmerso en un momento de cambios que, como no puede ser &hellip; <\/p>\n<p class=\"link-more\"><a href=\"https:\/\/www.interoleo.com\/en\/interoleo-futuro-olivar\/\" class=\"more-link\">Read more<span class=\"screen-reader-text\"> &#8220;Grupo Inter\u00f3leo abordar\u00e1 el presente y el futuro del olivar y del aceite de oliva en una jornada nacional&#8221;<\/span><\/a><\/p>\n","protected":false},"author":2,"featured_media":3148,"comment_status":"closed","ping_status":"closed","sticky":false,"template":"","format":"standard","meta":{"jetpack_post_was_ever_published":false,"_jetpack_newsletter_access":"","_jetpack_dont_email_post_to_subs":false,"_jetpack_newsletter_tier_id":0,"_jetpack_memberships_contains_paywalled_content":false,"_jetpack_memberships_contains_paid_content":false,"footnotes":"","jetpack_publicize_message":"","jetpack_publicize_feature_enabled":true,"jetpack_social_post_already_shared":true,"jetpack_social_options":{"image_generator_settings":{"template":"highway","default_image_id":0,"font":"","enabled":false},"version":2}},"categories":[3,4,7],"tags":[17,156,58,73,35,54,15,22,32,23,44,69,12,18,47,34,301,19,14,61,306,83,31,33,45],"class_list":["post-3147","post","type-post","status-publish","format-standard","has-post-thumbnail","hentry","category-aceite-de-oliva","category-actualidad","category-noticias-interoleo","tag-aceite","tag-aceite-de-oliva","tag-calidad","tag-comercializacion","tag-concentracion-de-la-oferta","tag-consumo","tag-crecimiento","tag-esteban-momblan","tag-exportaciones","tag-gerente-de-interoleo","tag-grupo-interoleo","tag-integracion","tag-interoleo","tag-juan-gadeo","tag-mercados","tag-mercados-internacionales","tag-objetivos-de-desarrollo-sostenible","tag-presidente-de-interoleo","tag-produccion","tag-profesionalizacion-del-sector","tag-responsabilidad-social-empresarial","tag-sector-olivarero","tag-sector-productor","tag-venta-de-aceite-de-oliva","tag-venta-en-terceros-paises"],"yoast_head":"<!-- This site is optimized with the Yoast SEO plugin v26.0 - https:\/\/yoast.com\/wordpress\/plugins\/seo\/ -->\n<title>Grupo Inter\u00f3leo celebrar\u00e1 una jornada sobre olivar - Grupo Inter\u00f3leo<\/title>\n<meta name=\"description\" content=\"Grupo Inter\u00f3leo celebrar\u00e1, el 22 de septiembre, una jornada nacional sobre el presente y el futuro del olivar y el aceite de oliva\" \/>\n<meta name=\"robots\" content=\"index, follow, max-snippet:-1, max-image-preview:large, max-video-preview:-1\" \/>\n<link rel=\"canonical\" href=\"https:\/\/www.interoleo.com\/en\/interoleo-futuro-olivar\/\" \/>\n<meta property=\"og:locale\" content=\"en_US\" \/>\n<meta property=\"og:type\" content=\"article\" \/>\n<meta property=\"og:title\" content=\"Grupo Inter\u00f3leo celebrar\u00e1 una jornada sobre olivar - Grupo Inter\u00f3leo\" \/>\n<meta property=\"og:description\" content=\"Grupo Inter\u00f3leo celebrar\u00e1, el 22 de septiembre, una jornada nacional sobre el presente y el futuro del olivar y el aceite de oliva\" \/>\n<meta property=\"og:url\" content=\"https:\/\/www.interoleo.com\/en\/interoleo-futuro-olivar\/\" \/>\n<meta property=\"og:site_name\" content=\"Grupo Inter\u00f3leo\" \/>\n<meta property=\"article:published_time\" content=\"2022-09-01T08:17:12+00:00\" \/>\n<meta property=\"og:image\" content=\"https:\/\/www.interoleo.com\/wp-content\/uploads\/2022\/09\/jornada.jpg\" \/>\n\t<meta property=\"og:image:width\" content=\"2056\" \/>\n\t<meta property=\"og:image:height\" content=\"1370\" \/>\n\t<meta property=\"og:image:type\" content=\"image\/jpeg\" \/>\n<meta name=\"author\" content=\"Interoleo Picual\" \/>\n<meta name=\"twitter:card\" content=\"summary_large_image\" \/>\n<meta name=\"twitter:label1\" content=\"Written by\" \/>\n\t<meta name=\"twitter:data1\" content=\"Interoleo Picual\" \/>\n\t<meta name=\"twitter:label2\" content=\"Est. reading time\" \/>\n\t<meta name=\"twitter:data2\" content=\"2 minutes\" \/>\n<script type=\"application\/ld+json\" class=\"yoast-schema-graph\">{\"@context\":\"https:\/\/schema.org\",\"@graph\":[{\"@type\":\"WebPage\",\"@id\":\"https:\/\/www.interoleo.com\/en\/interoleo-futuro-olivar\/\",\"url\":\"https:\/\/www.interoleo.com\/en\/interoleo-futuro-olivar\/\",\"name\":\"Grupo Inter\u00f3leo celebrar\u00e1 una jornada sobre olivar - Grupo Inter\u00f3leo\",\"isPartOf\":{\"@id\":\"https:\/\/www.interoleo.com\/en\/#website\"},\"primaryImageOfPage\":{\"@id\":\"https:\/\/www.interoleo.com\/en\/interoleo-futuro-olivar\/#primaryimage\"},\"image\":{\"@id\":\"https:\/\/www.interoleo.com\/en\/interoleo-futuro-olivar\/#primaryimage\"},\"thumbnailUrl\":\"https:\/\/www.interoleo.com\/wp-content\/uploads\/2022\/09\/jornada.jpg\",\"datePublished\":\"2022-09-01T08:17:12+00:00\",\"author\":{\"@id\":\"https:\/\/www.interoleo.com\/en\/#\/schema\/person\/b38839767920504f85d0555e5244a76d\"},\"description\":\"Grupo Inter\u00f3leo celebrar\u00e1, el 22 de septiembre, una jornada nacional sobre el presente y el futuro del olivar y el aceite de oliva\",\"breadcrumb\":{\"@id\":\"https:\/\/www.interoleo.com\/en\/interoleo-futuro-olivar\/#breadcrumb\"},\"inLanguage\":\"en-US\",\"potentialAction\":[{\"@type\":\"ReadAction\",\"target\":[\"https:\/\/www.interoleo.com\/en\/interoleo-futuro-olivar\/\"]}]},{\"@type\":\"ImageObject\",\"inLanguage\":\"en-US\",\"@id\":\"https:\/\/www.interoleo.com\/en\/interoleo-futuro-olivar\/#primaryimage\",\"url\":\"https:\/\/www.interoleo.com\/wp-content\/uploads\/2022\/09\/jornada.jpg\",\"contentUrl\":\"https:\/\/www.interoleo.com\/wp-content\/uploads\/2022\/09\/jornada.jpg\",\"width\":2056,\"height\":1370},{\"@type\":\"BreadcrumbList\",\"@id\":\"https:\/\/www.interoleo.com\/en\/interoleo-futuro-olivar\/#breadcrumb\",\"itemListElement\":[{\"@type\":\"ListItem\",\"position\":1,\"name\":\"Portada\",\"item\":\"https:\/\/www.interoleo.com\/en\/\"},{\"@type\":\"ListItem\",\"position\":2,\"name\":\"Grupo Inter\u00f3leo abordar\u00e1 el presente y el futuro del olivar y del aceite de oliva en una jornada nacional\"}]},{\"@type\":\"WebSite\",\"@id\":\"https:\/\/www.interoleo.com\/en\/#website\",\"url\":\"https:\/\/www.interoleo.com\/en\/\",\"name\":\"Grupo Inter\u00f3leo\",\"description\":\"Grupo Inter\u00f3leo comercializador de aceite de oliva a granel\",\"potentialAction\":[{\"@type\":\"SearchAction\",\"target\":{\"@type\":\"EntryPoint\",\"urlTemplate\":\"https:\/\/www.interoleo.com\/en\/?s={search_term_string}\"},\"query-input\":{\"@type\":\"PropertyValueSpecification\",\"valueRequired\":true,\"valueName\":\"search_term_string\"}}],\"inLanguage\":\"en-US\"},{\"@type\":\"Person\",\"@id\":\"https:\/\/www.interoleo.com\/en\/#\/schema\/person\/b38839767920504f85d0555e5244a76d\",\"name\":\"Interoleo Picual\",\"image\":{\"@type\":\"ImageObject\",\"inLanguage\":\"en-US\",\"@id\":\"https:\/\/www.interoleo.com\/en\/#\/schema\/person\/image\/\",\"url\":\"https:\/\/secure.gravatar.com\/avatar\/9d9b88888a963e3b9235bbd165d9c050?s=96&d=mm&r=g\",\"contentUrl\":\"https:\/\/secure.gravatar.com\/avatar\/9d9b88888a963e3b9235bbd165d9c050?s=96&d=mm&r=g\",\"caption\":\"Interoleo Picual\"},\"url\":\"https:\/\/www.interoleo.com\/en\/author\/interoleo\/\"}]}<\/script>\n<!-- \/ Yoast SEO plugin. -->","yoast_head_json":{"title":"Grupo Inter\u00f3leo celebrar\u00e1 una jornada sobre olivar - Grupo Inter\u00f3leo","description":"Grupo Inter\u00f3leo celebrar\u00e1, el 22 de septiembre, una jornada nacional sobre el presente y el futuro del olivar y el aceite de oliva","robots":{"index":"index","follow":"follow","max-snippet":"max-snippet:-1","max-image-preview":"max-image-preview:large","max-video-preview":"max-video-preview:-1"},"canonical":"https:\/\/www.interoleo.com\/en\/interoleo-futuro-olivar\/","og_locale":"en_US","og_type":"article","og_title":"Grupo Inter\u00f3leo celebrar\u00e1 una jornada sobre olivar - Grupo Inter\u00f3leo","og_description":"Grupo Inter\u00f3leo celebrar\u00e1, el 22 de septiembre, una jornada nacional sobre el presente y el futuro del olivar y el aceite de oliva","og_url":"https:\/\/www.interoleo.com\/en\/interoleo-futuro-olivar\/","og_site_name":"Grupo Inter\u00f3leo","article_published_time":"2022-09-01T08:17:12+00:00","og_image":[{"width":2056,"height":1370,"url":"https:\/\/www.interoleo.com\/wp-content\/uploads\/2022\/09\/jornada.jpg","type":"image\/jpeg"}],"author":"Interoleo Picual","twitter_card":"summary_large_image","twitter_misc":{"Written by":"Interoleo Picual","Est. reading time":"2 minutes"},"schema":{"@context":"https:\/\/schema.org","@graph":[{"@type":"WebPage","@id":"https:\/\/www.interoleo.com\/en\/interoleo-futuro-olivar\/","url":"https:\/\/www.interoleo.com\/en\/interoleo-futuro-olivar\/","name":"Grupo Inter\u00f3leo celebrar\u00e1 una jornada sobre olivar - Grupo Inter\u00f3leo","isPartOf":{"@id":"https:\/\/www.interoleo.com\/en\/#website"},"primaryImageOfPage":{"@id":"https:\/\/www.interoleo.com\/en\/interoleo-futuro-olivar\/#primaryimage"},"image":{"@id":"https:\/\/www.interoleo.com\/en\/interoleo-futuro-olivar\/#primaryimage"},"thumbnailUrl":"https:\/\/www.interoleo.com\/wp-content\/uploads\/2022\/09\/jornada.jpg","datePublished":"2022-09-01T08:17:12+00:00","author":{"@id":"https:\/\/www.interoleo.com\/en\/#\/schema\/person\/b38839767920504f85d0555e5244a76d"},"description":"Grupo Inter\u00f3leo celebrar\u00e1, el 22 de septiembre, una jornada nacional sobre el presente y el futuro del olivar y el aceite de oliva","breadcrumb":{"@id":"https:\/\/www.interoleo.com\/en\/interoleo-futuro-olivar\/#breadcrumb"},"inLanguage":"en-US","potentialAction":[{"@type":"ReadAction","target":["https:\/\/www.interoleo.com\/en\/interoleo-futuro-olivar\/"]}]},{"@type":"ImageObject","inLanguage":"en-US","@id":"https:\/\/www.interoleo.com\/en\/interoleo-futuro-olivar\/#primaryimage","url":"https:\/\/www.interoleo.com\/wp-content\/uploads\/2022\/09\/jornada.jpg","contentUrl":"https:\/\/www.interoleo.com\/wp-content\/uploads\/2022\/09\/jornada.jpg","width":2056,"height":1370},{"@type":"BreadcrumbList","@id":"https:\/\/www.interoleo.com\/en\/interoleo-futuro-olivar\/#breadcrumb","itemListElement":[{"@type":"ListItem","position":1,"name":"Portada","item":"https:\/\/www.interoleo.com\/en\/"},{"@type":"ListItem","position":2,"name":"Grupo Inter\u00f3leo abordar\u00e1 el presente y el futuro del olivar y del aceite de oliva en una jornada nacional"}]},{"@type":"WebSite","@id":"https:\/\/www.interoleo.com\/en\/#website","url":"https:\/\/www.interoleo.com\/en\/","name":"Grupo Inter\u00f3leo","description":"Grupo Inter\u00f3leo comercializador de aceite de oliva a granel","potentialAction":[{"@type":"SearchAction","target":{"@type":"EntryPoint","urlTemplate":"https:\/\/www.interoleo.com\/en\/?s={search_term_string}"},"query-input":{"@type":"PropertyValueSpecification","valueRequired":true,"valueName":"search_term_string"}}],"inLanguage":"en-US"},{"@type":"Person","@id":"https:\/\/www.interoleo.com\/en\/#\/schema\/person\/b38839767920504f85d0555e5244a76d","name":"Interoleo Picual","image":{"@type":"ImageObject","inLanguage":"en-US","@id":"https:\/\/www.interoleo.com\/en\/#\/schema\/person\/image\/","url":"https:\/\/secure.gravatar.com\/avatar\/9d9b88888a963e3b9235bbd165d9c050?s=96&d=mm&r=g","contentUrl":"https:\/\/secure.gravatar.com\/avatar\/9d9b88888a963e3b9235bbd165d9c050?s=96&d=mm&r=g","caption":"Interoleo Picual"},"url":"https:\/\/www.interoleo.com\/en\/author\/interoleo\/"}]}},"jetpack_publicize_connections":[],"jetpack_featured_media_url":"https:\/\/www.interoleo.com\/wp-content\/uploads\/2022\/09\/jornada.jpg","jetpack_shortlink":"https:\/\/wp.me\/p7R8ws-OL","jetpack_sharing_enabled":true,"_links":{"self":[{"href":"https:\/\/www.interoleo.com\/en\/wp-json\/wp\/v2\/posts\/3147","targetHints":{"allow":["GET"]}}],"collection":[{"href":"https:\/\/www.interoleo.com\/en\/wp-json\/wp\/v2\/posts"}],"about":[{"href":"https:\/\/www.interoleo.com\/en\/wp-json\/wp\/v2\/types\/post"}],"author":[{"embeddable":true,"href":"https:\/\/www.interoleo.com\/en\/wp-json\/wp\/v2\/users\/2"}],"replies":[{"embeddable":true,"href":"https:\/\/www.interoleo.com\/en\/wp-json\/wp\/v2\/comments?post=3147"}],"version-history":[{"count":1,"href":"https:\/\/www.interoleo.com\/en\/wp-json\/wp\/v2\/posts\/3147\/revisions"}],"predecessor-version":[{"id":3152,"href":"https:\/\/www.interoleo.com\/en\/wp-json\/wp\/v2\/posts\/3147\/revisions\/3152"}],"wp:featuredmedia":[{"embeddable":true,"href":"https:\/\/www.interoleo.com\/en\/wp-json\/wp\/v2\/media\/3148"}],"wp:attachment":[{"href":"https:\/\/www.interoleo.com\/en\/wp-json\/wp\/v2\/media?parent=3147"}],"wp:term":[{"taxonomy":"category","embeddable":true,"href":"https:\/\/www.interoleo.com\/en\/wp-json\/wp\/v2\/categories?post=3147"},{"taxonomy":"post_tag","embeddable":true,"href":"https:\/\/www.interoleo.com\/en\/wp-json\/wp\/v2\/tags?post=3147"}],"curies":[{"name":"wp","href":"https:\/\/api.w.org\/{rel}","templated":true}]}}