{"id":3156,"date":"2022-09-15T10:18:11","date_gmt":"2022-09-15T10:18:11","guid":{"rendered":"https:\/\/www.interoleo.com\/?p=3156"},"modified":"2022-09-15T10:18:11","modified_gmt":"2022-09-15T10:18:11","slug":"interoleo-jornada-olivar","status":"publish","type":"post","link":"https:\/\/www.interoleo.com\/en\/interoleo-jornada-olivar\/","title":{"rendered":"El ministro y la consejera de Agricultura participar\u00e1n  en la jornada del olivar y del aceite de Grupo Inter\u00f3leo"},"content":{"rendered":"<p style=\"text-align: center;\"><strong><u>La jornada se celebrar\u00e1 el pr\u00f3ximo d\u00eda 22 de septiembre, en el Hotel HO de Ja\u00e9n, y contar\u00e1 con la participaci\u00f3n de expertos internacionales con el objetivo de elaborar la hoja de ruta del sector para los pr\u00f3ximos a\u00f1os<\/u><\/strong><\/p>\n<p>La jornada de Grupo Inter\u00f3leo sobre el presente y futuro del olivar y del aceite de oliva ser\u00e1 al m\u00e1s alto nivel. Tanto que ya est\u00e1 confirmada la participaci\u00f3n del ministro de Agricultura, Luis Planas; y de la consejera, Carmen Crespo, en una acci\u00f3n donde expertos nacionales abordar\u00e1n la hoja de ruta del sector olivarero para los pr\u00f3ximos a\u00f1os. No en vano, Grupo Inter\u00f3leo ha conseguido reunir a los m\u00e1ximos organismos internacionales (COI, UE, Ministerio), as\u00ed como a las empresas m\u00e1s relevantes del sector olivarero. La jornada, que se celebrar\u00e1 el pr\u00f3ximo d\u00eda 22 de septiembre en el Hotel HO, ser\u00e1 inaugurada por la consejera, junto al presidente de Grupo Inter\u00f3leo, Juan Gadeo; mientras que el ministro de Agricultura, junto al presidente de la Diputaci\u00f3n Provincial de Ja\u00e9n, Francisco Reyes, ser\u00e1n los encargados de la clausura.<\/p>\n<p>La jornada sobre el presente y el futuro del olivar y del aceite de oliva analizar\u00e1 los numerosos cambios en los que se encuentra inmerso el sector agroalimentario. La adaptaci\u00f3n a la nueva situaci\u00f3n econ\u00f3mica mundial, la actual estructura de costes de producci\u00f3n, la futura Pol\u00edtica Agraria Com\u00fan, la nueva olivicultura, el comercio internacional y otras cuestiones operativas hacen necesario el an\u00e1lisis de todas las fases productivas para intentar ser cada vez m\u00e1s eficientes y hacerlo, adem\u00e1s, de forma sostenible. De igual manera, la complejidad y los cambios en los mercados generan trabas en la comercializaci\u00f3n de nuestras producciones con precios rentables, que hemos de solucionar para conseguir mantener posiciones y ampliarlas siempre que sea posible.<\/p>\n<p>El encuentro del d\u00eda 22 de septiembre en el Hotel HO, que se celebrar\u00e1 entre las 11 y las 14 horas, contar\u00e1 con la participaci\u00f3n de los mejores ponentes del sector. Para ello, se desarrollar\u00e1n varias ponencias en las que se abordar\u00e1n las \u201cPerspectivas del cultivo del olivar y del consumo de aceite de oliva en el mundo\u201d, impartidas por Gabriel Vigil, Head of Sector Olive Oil de la Direcci\u00f3n General de Agricultura de la Comisi\u00f3n Europea; y Jaime Lillo, director adjunto del Consejo Ole\u00edcola Internacional (COI).<\/p>\n<p>Por \u00faltimo, el evento contar\u00e1 con una mesa redonda bajo el t\u00edtulo <strong>\u201c<\/strong>Retos y oportunidades\u201d, en la que intervendr\u00e1n Antonio Gallego, presidente de Asoliva y director general del Grupo Migasa, el mayor exportador de aceite de oliva de Espa\u00f1a; Ignacio Silva, presidente de Deoleo, \u00fanica empresa olivarera que cotiza en Bolsa y l\u00edder marquista; Fran G\u00e1lvez, Chief Business Officer en Balam Agriculture, empresa que est\u00e1 revolucionando la nueva olivicultura; y Magdalena G\u00e1lvez, jefa de \u00c1rea de la Subdirecci\u00f3n General de Cultivos Herb\u00e1ceos e Industriales del Ministerio de Agricultura.<\/p>\n<p><img fetchpriority=\"high\" decoding=\"async\" class=\"alignnone wp-image-3157 size-large\" src=\"https:\/\/www.interoleo.com\/wp-content\/uploads\/2022\/09\/Programa-Interoleo-500x1024.jpg\" alt=\"\" width=\"500\" height=\"1024\" srcset=\"https:\/\/www.interoleo.com\/wp-content\/uploads\/2022\/09\/Programa-Interoleo-500x1024.jpg 500w, https:\/\/www.interoleo.com\/wp-content\/uploads\/2022\/09\/Programa-Interoleo-scaled-600x1229.jpg 600w, https:\/\/www.interoleo.com\/wp-content\/uploads\/2022\/09\/Programa-Interoleo-146x300.jpg 146w, https:\/\/www.interoleo.com\/wp-content\/uploads\/2022\/09\/Programa-Interoleo-768x1573.jpg 768w, https:\/\/www.interoleo.com\/wp-content\/uploads\/2022\/09\/Programa-Interoleo-750x1536.jpg 750w, https:\/\/www.interoleo.com\/wp-content\/uploads\/2022\/09\/Programa-Interoleo-1000x2048.jpg 1000w, https:\/\/www.interoleo.com\/wp-content\/uploads\/2022\/09\/Programa-Interoleo-scaled.jpg 1250w\" sizes=\"(max-width: 500px) 100vw, 500px\" \/><\/p>\n","protected":false},"excerpt":{"rendered":"<p>La jornada se celebrar\u00e1 el pr\u00f3ximo d\u00eda 22 de septiembre, en el Hotel HO de Ja\u00e9n, y contar\u00e1 con la participaci\u00f3n de expertos internacionales con el objetivo de elaborar la hoja de ruta del sector para los pr\u00f3ximos a\u00f1os La jornada de Grupo Inter\u00f3leo sobre el presente y futuro del olivar y del aceite de &hellip; <\/p>\n<p class=\"link-more\"><a href=\"https:\/\/www.interoleo.com\/en\/interoleo-jornada-olivar\/\" class=\"more-link\">Read more<span class=\"screen-reader-text\"> &#8220;El ministro y la consejera de Agricultura participar\u00e1n  en la jornada del olivar y del aceite de Grupo Inter\u00f3leo&#8221;<\/span><\/a><\/p>\n","protected":false},"author":2,"featured_media":3159,"comment_status":"closed","ping_status":"closed","sticky":false,"template":"","format":"standard","meta":{"jetpack_post_was_ever_published":false,"_jetpack_newsletter_access":"","_jetpack_dont_email_post_to_subs":false,"_jetpack_newsletter_tier_id":0,"_jetpack_memberships_contains_paywalled_content":false,"_jetpack_memberships_contains_paid_content":false,"footnotes":"","jetpack_publicize_message":"","jetpack_publicize_feature_enabled":true,"jetpack_social_post_already_shared":true,"jetpack_social_options":{"image_generator_settings":{"template":"highway","default_image_id":0,"font":"","enabled":false},"version":2}},"categories":[3,4,7],"tags":[17,156,58,73,35,54,15,22,32,373,23,44,69,12,372,18,47,34,301,103,19,14,61,306,24,31,33,46,45],"class_list":["post-3156","post","type-post","status-publish","format-standard","has-post-thumbnail","hentry","category-aceite-de-oliva","category-actualidad","category-noticias-interoleo","tag-aceite","tag-aceite-de-oliva","tag-calidad","tag-comercializacion","tag-concentracion-de-la-oferta","tag-consumo","tag-crecimiento","tag-esteban-momblan","tag-exportaciones","tag-futuro-del-olivar","tag-gerente-de-interoleo","tag-grupo-interoleo","tag-integracion","tag-interoleo","tag-jornada","tag-juan-gadeo","tag-mercados","tag-mercados-internacionales","tag-objetivos-de-desarrollo-sostenible","tag-olivar","tag-presidente-de-interoleo","tag-produccion","tag-profesionalizacion-del-sector","tag-responsabilidad-social-empresarial","tag-retos-de-futuro","tag-sector-productor","tag-venta-de-aceite-de-oliva","tag-venta-de-aceite-de-oliva-virgen-extra","tag-venta-en-terceros-paises"],"yoast_head":"<!-- This site is optimized with the Yoast SEO plugin v26.0 - https:\/\/yoast.com\/wordpress\/plugins\/seo\/ -->\n<title>Grupo Inter\u00f3leo jornada sobre olivar y aceite - Grupo Inter\u00f3leo<\/title>\n<meta name=\"description\" content=\"El ministro y la consejera de Agricultura participar\u00e1n en la jornada nacional de Grupo Inter\u00f3lo sobre olivar y aceite\" \/>\n<meta name=\"robots\" content=\"index, follow, max-snippet:-1, max-image-preview:large, max-video-preview:-1\" \/>\n<link rel=\"canonical\" href=\"https:\/\/www.interoleo.com\/en\/interoleo-jornada-olivar\/\" \/>\n<meta property=\"og:locale\" content=\"en_US\" \/>\n<meta property=\"og:type\" content=\"article\" \/>\n<meta property=\"og:title\" content=\"Grupo Inter\u00f3leo jornada sobre olivar y aceite - Grupo Inter\u00f3leo\" \/>\n<meta property=\"og:description\" content=\"El ministro y la consejera de Agricultura participar\u00e1n en la jornada nacional de Grupo Inter\u00f3lo sobre olivar y aceite\" \/>\n<meta property=\"og:url\" content=\"https:\/\/www.interoleo.com\/en\/interoleo-jornada-olivar\/\" \/>\n<meta property=\"og:site_name\" content=\"Grupo Inter\u00f3leo\" \/>\n<meta property=\"article:published_time\" content=\"2022-09-15T10:18:11+00:00\" \/>\n<meta property=\"og:image\" content=\"https:\/\/www.interoleo.com\/wp-content\/uploads\/2022\/09\/Programa-web.jpg\" \/>\n\t<meta property=\"og:image:width\" content=\"2480\" \/>\n\t<meta property=\"og:image:height\" content=\"1653\" \/>\n\t<meta property=\"og:image:type\" content=\"image\/jpeg\" \/>\n<meta name=\"author\" content=\"Interoleo Picual\" \/>\n<meta name=\"twitter:card\" content=\"summary_large_image\" \/>\n<meta name=\"twitter:label1\" content=\"Written by\" \/>\n\t<meta name=\"twitter:data1\" content=\"Interoleo Picual\" \/>\n\t<meta name=\"twitter:label2\" content=\"Est. reading time\" \/>\n\t<meta name=\"twitter:data2\" content=\"3 minutes\" \/>\n<script type=\"application\/ld+json\" class=\"yoast-schema-graph\">{\"@context\":\"https:\/\/schema.org\",\"@graph\":[{\"@type\":\"WebPage\",\"@id\":\"https:\/\/www.interoleo.com\/en\/interoleo-jornada-olivar\/\",\"url\":\"https:\/\/www.interoleo.com\/en\/interoleo-jornada-olivar\/\",\"name\":\"Grupo Inter\u00f3leo jornada sobre olivar y aceite - Grupo Inter\u00f3leo\",\"isPartOf\":{\"@id\":\"https:\/\/www.interoleo.com\/en\/#website\"},\"primaryImageOfPage\":{\"@id\":\"https:\/\/www.interoleo.com\/en\/interoleo-jornada-olivar\/#primaryimage\"},\"image\":{\"@id\":\"https:\/\/www.interoleo.com\/en\/interoleo-jornada-olivar\/#primaryimage\"},\"thumbnailUrl\":\"https:\/\/www.interoleo.com\/wp-content\/uploads\/2022\/09\/Programa-web.jpg\",\"datePublished\":\"2022-09-15T10:18:11+00:00\",\"author\":{\"@id\":\"https:\/\/www.interoleo.com\/en\/#\/schema\/person\/b38839767920504f85d0555e5244a76d\"},\"description\":\"El ministro y la consejera de Agricultura participar\u00e1n en la jornada nacional de Grupo Inter\u00f3lo sobre olivar y aceite\",\"breadcrumb\":{\"@id\":\"https:\/\/www.interoleo.com\/en\/interoleo-jornada-olivar\/#breadcrumb\"},\"inLanguage\":\"en-US\",\"potentialAction\":[{\"@type\":\"ReadAction\",\"target\":[\"https:\/\/www.interoleo.com\/en\/interoleo-jornada-olivar\/\"]}]},{\"@type\":\"ImageObject\",\"inLanguage\":\"en-US\",\"@id\":\"https:\/\/www.interoleo.com\/en\/interoleo-jornada-olivar\/#primaryimage\",\"url\":\"https:\/\/www.interoleo.com\/wp-content\/uploads\/2022\/09\/Programa-web.jpg\",\"contentUrl\":\"https:\/\/www.interoleo.com\/wp-content\/uploads\/2022\/09\/Programa-web.jpg\",\"width\":2480,\"height\":1653},{\"@type\":\"BreadcrumbList\",\"@id\":\"https:\/\/www.interoleo.com\/en\/interoleo-jornada-olivar\/#breadcrumb\",\"itemListElement\":[{\"@type\":\"ListItem\",\"position\":1,\"name\":\"Portada\",\"item\":\"https:\/\/www.interoleo.com\/en\/\"},{\"@type\":\"ListItem\",\"position\":2,\"name\":\"El ministro y la consejera de Agricultura participar\u00e1n en la jornada del olivar y del aceite de Grupo Inter\u00f3leo\"}]},{\"@type\":\"WebSite\",\"@id\":\"https:\/\/www.interoleo.com\/en\/#website\",\"url\":\"https:\/\/www.interoleo.com\/en\/\",\"name\":\"Grupo Inter\u00f3leo\",\"description\":\"Grupo Inter\u00f3leo comercializador de aceite de oliva a granel\",\"potentialAction\":[{\"@type\":\"SearchAction\",\"target\":{\"@type\":\"EntryPoint\",\"urlTemplate\":\"https:\/\/www.interoleo.com\/en\/?s={search_term_string}\"},\"query-input\":{\"@type\":\"PropertyValueSpecification\",\"valueRequired\":true,\"valueName\":\"search_term_string\"}}],\"inLanguage\":\"en-US\"},{\"@type\":\"Person\",\"@id\":\"https:\/\/www.interoleo.com\/en\/#\/schema\/person\/b38839767920504f85d0555e5244a76d\",\"name\":\"Interoleo Picual\",\"image\":{\"@type\":\"ImageObject\",\"inLanguage\":\"en-US\",\"@id\":\"https:\/\/www.interoleo.com\/en\/#\/schema\/person\/image\/\",\"url\":\"https:\/\/secure.gravatar.com\/avatar\/9d9b88888a963e3b9235bbd165d9c050?s=96&d=mm&r=g\",\"contentUrl\":\"https:\/\/secure.gravatar.com\/avatar\/9d9b88888a963e3b9235bbd165d9c050?s=96&d=mm&r=g\",\"caption\":\"Interoleo Picual\"},\"url\":\"https:\/\/www.interoleo.com\/en\/author\/interoleo\/\"}]}<\/script>\n<!-- \/ Yoast SEO plugin. -->","yoast_head_json":{"title":"Grupo Inter\u00f3leo jornada sobre olivar y aceite - Grupo Inter\u00f3leo","description":"El ministro y la consejera de Agricultura participar\u00e1n en la jornada nacional de Grupo Inter\u00f3lo sobre olivar y aceite","robots":{"index":"index","follow":"follow","max-snippet":"max-snippet:-1","max-image-preview":"max-image-preview:large","max-video-preview":"max-video-preview:-1"},"canonical":"https:\/\/www.interoleo.com\/en\/interoleo-jornada-olivar\/","og_locale":"en_US","og_type":"article","og_title":"Grupo Inter\u00f3leo jornada sobre olivar y aceite - Grupo Inter\u00f3leo","og_description":"El ministro y la consejera de Agricultura participar\u00e1n en la jornada nacional de Grupo Inter\u00f3lo sobre olivar y aceite","og_url":"https:\/\/www.interoleo.com\/en\/interoleo-jornada-olivar\/","og_site_name":"Grupo Inter\u00f3leo","article_published_time":"2022-09-15T10:18:11+00:00","og_image":[{"width":2480,"height":1653,"url":"https:\/\/www.interoleo.com\/wp-content\/uploads\/2022\/09\/Programa-web.jpg","type":"image\/jpeg"}],"author":"Interoleo Picual","twitter_card":"summary_large_image","twitter_misc":{"Written by":"Interoleo Picual","Est. reading time":"3 minutes"},"schema":{"@context":"https:\/\/schema.org","@graph":[{"@type":"WebPage","@id":"https:\/\/www.interoleo.com\/en\/interoleo-jornada-olivar\/","url":"https:\/\/www.interoleo.com\/en\/interoleo-jornada-olivar\/","name":"Grupo Inter\u00f3leo jornada sobre olivar y aceite - Grupo Inter\u00f3leo","isPartOf":{"@id":"https:\/\/www.interoleo.com\/en\/#website"},"primaryImageOfPage":{"@id":"https:\/\/www.interoleo.com\/en\/interoleo-jornada-olivar\/#primaryimage"},"image":{"@id":"https:\/\/www.interoleo.com\/en\/interoleo-jornada-olivar\/#primaryimage"},"thumbnailUrl":"https:\/\/www.interoleo.com\/wp-content\/uploads\/2022\/09\/Programa-web.jpg","datePublished":"2022-09-15T10:18:11+00:00","author":{"@id":"https:\/\/www.interoleo.com\/en\/#\/schema\/person\/b38839767920504f85d0555e5244a76d"},"description":"El ministro y la consejera de Agricultura participar\u00e1n en la jornada nacional de Grupo Inter\u00f3lo sobre olivar y aceite","breadcrumb":{"@id":"https:\/\/www.interoleo.com\/en\/interoleo-jornada-olivar\/#breadcrumb"},"inLanguage":"en-US","potentialAction":[{"@type":"ReadAction","target":["https:\/\/www.interoleo.com\/en\/interoleo-jornada-olivar\/"]}]},{"@type":"ImageObject","inLanguage":"en-US","@id":"https:\/\/www.interoleo.com\/en\/interoleo-jornada-olivar\/#primaryimage","url":"https:\/\/www.interoleo.com\/wp-content\/uploads\/2022\/09\/Programa-web.jpg","contentUrl":"https:\/\/www.interoleo.com\/wp-content\/uploads\/2022\/09\/Programa-web.jpg","width":2480,"height":1653},{"@type":"BreadcrumbList","@id":"https:\/\/www.interoleo.com\/en\/interoleo-jornada-olivar\/#breadcrumb","itemListElement":[{"@type":"ListItem","position":1,"name":"Portada","item":"https:\/\/www.interoleo.com\/en\/"},{"@type":"ListItem","position":2,"name":"El ministro y la consejera de Agricultura participar\u00e1n en la jornada del olivar y del aceite de Grupo Inter\u00f3leo"}]},{"@type":"WebSite","@id":"https:\/\/www.interoleo.com\/en\/#website","url":"https:\/\/www.interoleo.com\/en\/","name":"Grupo Inter\u00f3leo","description":"Grupo Inter\u00f3leo comercializador de aceite de oliva a granel","potentialAction":[{"@type":"SearchAction","target":{"@type":"EntryPoint","urlTemplate":"https:\/\/www.interoleo.com\/en\/?s={search_term_string}"},"query-input":{"@type":"PropertyValueSpecification","valueRequired":true,"valueName":"search_term_string"}}],"inLanguage":"en-US"},{"@type":"Person","@id":"https:\/\/www.interoleo.com\/en\/#\/schema\/person\/b38839767920504f85d0555e5244a76d","name":"Interoleo Picual","image":{"@type":"ImageObject","inLanguage":"en-US","@id":"https:\/\/www.interoleo.com\/en\/#\/schema\/person\/image\/","url":"https:\/\/secure.gravatar.com\/avatar\/9d9b88888a963e3b9235bbd165d9c050?s=96&d=mm&r=g","contentUrl":"https:\/\/secure.gravatar.com\/avatar\/9d9b88888a963e3b9235bbd165d9c050?s=96&d=mm&r=g","caption":"Interoleo Picual"},"url":"https:\/\/www.interoleo.com\/en\/author\/interoleo\/"}]}},"jetpack_publicize_connections":[],"jetpack_featured_media_url":"https:\/\/www.interoleo.com\/wp-content\/uploads\/2022\/09\/Programa-web.jpg","jetpack_shortlink":"https:\/\/wp.me\/p7R8ws-OU","jetpack_sharing_enabled":true,"_links":{"self":[{"href":"https:\/\/www.interoleo.com\/en\/wp-json\/wp\/v2\/posts\/3156","targetHints":{"allow":["GET"]}}],"collection":[{"href":"https:\/\/www.interoleo.com\/en\/wp-json\/wp\/v2\/posts"}],"about":[{"href":"https:\/\/www.interoleo.com\/en\/wp-json\/wp\/v2\/types\/post"}],"author":[{"embeddable":true,"href":"https:\/\/www.interoleo.com\/en\/wp-json\/wp\/v2\/users\/2"}],"replies":[{"embeddable":true,"href":"https:\/\/www.interoleo.com\/en\/wp-json\/wp\/v2\/comments?post=3156"}],"version-history":[{"count":1,"href":"https:\/\/www.interoleo.com\/en\/wp-json\/wp\/v2\/posts\/3156\/revisions"}],"predecessor-version":[{"id":3161,"href":"https:\/\/www.interoleo.com\/en\/wp-json\/wp\/v2\/posts\/3156\/revisions\/3161"}],"wp:featuredmedia":[{"embeddable":true,"href":"https:\/\/www.interoleo.com\/en\/wp-json\/wp\/v2\/media\/3159"}],"wp:attachment":[{"href":"https:\/\/www.interoleo.com\/en\/wp-json\/wp\/v2\/media?parent=3156"}],"wp:term":[{"taxonomy":"category","embeddable":true,"href":"https:\/\/www.interoleo.com\/en\/wp-json\/wp\/v2\/categories?post=3156"},{"taxonomy":"post_tag","embeddable":true,"href":"https:\/\/www.interoleo.com\/en\/wp-json\/wp\/v2\/tags?post=3156"}],"curies":[{"name":"wp","href":"https:\/\/api.w.org\/{rel}","templated":true}]}}