{"id":3163,"date":"2022-09-22T18:24:51","date_gmt":"2022-09-22T18:24:51","guid":{"rendered":"https:\/\/www.interoleo.com\/?p=3163"},"modified":"2022-09-22T18:24:51","modified_gmt":"2022-09-22T18:24:51","slug":"interoleo-hoja-ruta-olivar","status":"publish","type":"post","link":"https:\/\/www.interoleo.com\/en\/interoleo-hoja-ruta-olivar\/","title":{"rendered":"Grupo Inter\u00f3leo fija la hoja de ruta futura del sector del olivar y del aceite de oliva"},"content":{"rendered":"<p style=\"text-align: center;\"><strong>\u201cEstamos ante un momento crucial para el sector del olivar y del aceite de oliva, en nuestra posici\u00f3n de liderazgo, debemos aclarar las incertidumbres que acechan a la producci\u00f3n y a los mercados para afrontar con garant\u00edas el futuro\u201d, Juan Gadeo, presidente de Interoleo<\/strong><\/p>\n<p>El sector agroalimentario se encuentra inmerso en un momento de cambios que, como no puede ser de otra manera, tambi\u00e9n afectan al sector del olivar y del aceite de oliva. La situaci\u00f3n geopol\u00edtica y econ\u00f3mica mundial, la nueva Pol\u00edtica Agr\u00edcola Com\u00fan, el incremento de los costes y la falta de materias primas hacen necesaria una reflexi\u00f3n y establecer una hoja de ruta clara para tratar de acertar el camino correcto para los pr\u00f3ximos a\u00f1os.<\/p>\n<p>Para contestar a todas estas cuestiones el <strong>Grupo Interoleo<\/strong> ha organizado en <strong>Ja\u00e9n<\/strong> una <strong>jornada<\/strong> bajo el t\u00edtulo, <strong>\u2018El presente y futuro del olivar y del aceite de oliva\u2019<\/strong>, donde los principales operadores, tanto a nivel nacional como internacional, han expuesto la situaci\u00f3n actual que se vive en el sector y han marcado las principales l\u00edneas de trabajo a seguir para los pr\u00f3ximos a\u00f1os.<\/p>\n<p>En palabras de <strong>Juan Gadeo<\/strong>, presidente de Interoleo, \u201cestamos ante un momento crucial para el sector del olivar y del aceite de oliva, y tenemos la obligaci\u00f3n de tratar de aclarar las incertidumbres que acechan a la producci\u00f3n y a los mercados, porque nuestra posici\u00f3n como l\u00edder del mercado nos exige que tomemos la iniciativa y ayudemos a nuestros socios a afrontar con garant\u00edas el futuro\u201d.<\/p>\n<p>Para <strong>Carmen Crespo<\/strong>, consejera de Agricultura, Pesca, Agua y Desarrollo Rural de la Junta de Andaluc\u00eda, \u201cla calidad es fundamental\u201d en el \u00e1mbito ole\u00edcola. En este sentido, la responsable de Agricultura ha resaltado que \u201cpronto comenzar\u00e1 una Estrategia Andaluza del Olivar que abordar\u00e1 medidas encaminadas a hacer cada d\u00eda m\u00e1s rentable el olivar m\u00e1s tradicional\u201d.<\/p>\n<p>La jornada comenz\u00f3 con la ponencia conjunta titulada <strong>\u2018Perspectivas del cultivo del olivar y del consumo de aceite de oliva en el mundo\u2019<\/strong>, llevada a cabo por <strong>Gabriel Vigil<\/strong>, Head of Sector Olive Oil. DG Agri. Comisi\u00f3n Europea; y <strong>Jaime Lillo<\/strong>, director Adjunto del Consejo Ole\u00edcola Internacional (COI).<\/p>\n<p>A continuaci\u00f3n, tuvo lugar una <strong>mesa redonda<\/strong> bajo el t\u00edtulo <strong>\u2018Retos y oportunidades\u2019<\/strong>, <strong>moderada por Juan Espejo<\/strong>, director del Diario de Ja\u00e9n. En ella intervinieron <strong>Antonio Gallego<\/strong>, presidente de Asoliva y director General de Grupo MIGASA; <strong>Ignacio Silva<\/strong>, presidente de Deoleo; <strong>Fran G\u00e1lvez<\/strong>, Chief Business Officer en Balam Agriculture; y <strong>Magdalena G\u00e1lvez<\/strong>, jefe de \u00c1rea de la Subdirecci\u00f3n General de Cultivos Herb\u00e1ceos e Industriales (MAPA).<\/p>\n<p>Los ponentes expusieron su visi\u00f3n de futuro como representantes del sector del aceite de oliva asegurando que mientras\u00a0el sector sigue con la mirada fija en una fluctuaci\u00f3n de precios que le perjudica, lucha por buscar m\u00e1s producci\u00f3n y m\u00e1s calidad.<\/p>\n<p>Del mismo modo, los integrantes de la mesa analizaron c\u00f3mo est\u00e1 afectando la situaci\u00f3n global que se vive en la econom\u00eda, tanto en la parte de la producci\u00f3n como en los h\u00e1bitos de consumo.<\/p>\n<p>Fruto de esta jornada se va a elaborar un dec\u00e1logo con las principales conclusiones extra\u00eddas de la mesa redonda, que han de servir para marcar la <strong>hoja de ruta del sector del olivar y del aceite de oliva de los pr\u00f3ximos a\u00f1os<\/strong>.<\/p>\n<p>La <strong>clausura<\/strong> corri\u00f3 a cargo de <strong>Francisco Reyes<\/strong>, presidente de la Diputaci\u00f3n de Ja\u00e9n y <strong>Luis Planas<\/strong>, ministro de Agricultura, Pesca y Alimentaci\u00f3n.<\/p>\n<p><strong>Reyes<\/strong> asegur\u00f3 durante su discurso que Ja\u00e9n \u201ces una experiencia de \u00e9xito a lo largo de los \u00faltimos 25 a\u00f1os de lo que ha supuesto modernizar un sector como el del aceite de oliva\u201d y a\u00f1adi\u00f3 que \u201cha sido, es y seguir\u00e1 siendo fundamental en un territorio como el nuestro, independientemente del esfuerzo que hemos hecho en diversificar nuestra econom\u00eda\u201d.<\/p>\n<p><strong>Luis Planas<\/strong> ha cerrado el acto manifestando su optimismo ante unas \u201cperspectivas positivas para el sector olivarero espa\u00f1ol\u201d. El ministro ha destacado que la nueva PAC \u201ctiene en cuenta las necesidades espec\u00edficas del olivar y beneficia a los peque\u00f1os y medianos agricultores\u201d<\/p>\n<p>Asimismo, el responsable de agricultura tambi\u00e9n ha asegurado que la coyuntura del sector ole\u00edcola es favorable en estos momentos, \u201cen cuyas dos \u00faltimas campa\u00f1as ha habido buenas producciones y una buena comercializaci\u00f3n con precios remuneradores y rentables para los productores\u201d<\/p>\n<p>Por \u00faltimo, Planas ha recordado que la Hoja de Ruta del Olivar \u201cha contribuido al ajuste de la oferta y la demanda, a mejorar la trazabilidad y a segmentar el mercado\u201d.<\/p>\n<div id='gallery-1' class='gallery galleryid-3163 gallery-columns-3 gallery-size-thumbnail'><figure class='gallery-item'>\n\t\t\t<div class='gallery-icon landscape'>\n\t\t\t\t<a href='https:\/\/www.interoleo.com\/en\/7abf94ae-d921-4ebf-924c-918cb6657f43-2\/'><img decoding=\"async\" width=\"150\" height=\"150\" src=\"https:\/\/www.interoleo.com\/wp-content\/uploads\/2022\/09\/7abf94ae-d921-4ebf-924c-918cb6657f43-150x150.jpg\" class=\"attachment-thumbnail size-thumbnail\" alt=\"\" srcset=\"https:\/\/www.interoleo.com\/wp-content\/uploads\/2022\/09\/7abf94ae-d921-4ebf-924c-918cb6657f43-150x150.jpg 150w, https:\/\/www.interoleo.com\/wp-content\/uploads\/2022\/09\/7abf94ae-d921-4ebf-924c-918cb6657f43-300x300.jpg 300w, https:\/\/www.interoleo.com\/wp-content\/uploads\/2022\/09\/7abf94ae-d921-4ebf-924c-918cb6657f43-100x100.jpg 100w, https:\/\/www.interoleo.com\/wp-content\/uploads\/2022\/09\/7abf94ae-d921-4ebf-924c-918cb6657f43-50x50.jpg 50w, https:\/\/www.interoleo.com\/wp-content\/uploads\/2022\/09\/7abf94ae-d921-4ebf-924c-918cb6657f43-320x320.jpg 320w\" sizes=\"100vw\" \/><\/a>\n\t\t\t<\/div><\/figure><figure class='gallery-item'>\n\t\t\t<div class='gallery-icon landscape'>\n\t\t\t\t<a href='https:\/\/www.interoleo.com\/en\/25c95cbd-9c48-4fa0-aa52-e58bf7caffcc-2\/'><img decoding=\"async\" width=\"150\" height=\"150\" src=\"https:\/\/www.interoleo.com\/wp-content\/uploads\/2022\/09\/25c95cbd-9c48-4fa0-aa52-e58bf7caffcc-150x150.jpg\" class=\"attachment-thumbnail size-thumbnail\" alt=\"\" srcset=\"https:\/\/www.interoleo.com\/wp-content\/uploads\/2022\/09\/25c95cbd-9c48-4fa0-aa52-e58bf7caffcc-150x150.jpg 150w, https:\/\/www.interoleo.com\/wp-content\/uploads\/2022\/09\/25c95cbd-9c48-4fa0-aa52-e58bf7caffcc-300x300.jpg 300w, https:\/\/www.interoleo.com\/wp-content\/uploads\/2022\/09\/25c95cbd-9c48-4fa0-aa52-e58bf7caffcc-100x100.jpg 100w, https:\/\/www.interoleo.com\/wp-content\/uploads\/2022\/09\/25c95cbd-9c48-4fa0-aa52-e58bf7caffcc-50x50.jpg 50w, https:\/\/www.interoleo.com\/wp-content\/uploads\/2022\/09\/25c95cbd-9c48-4fa0-aa52-e58bf7caffcc-320x320.jpg 320w\" sizes=\"100vw\" \/><\/a>\n\t\t\t<\/div><\/figure><figure class='gallery-item'>\n\t\t\t<div class='gallery-icon landscape'>\n\t\t\t\t<a href='https:\/\/www.interoleo.com\/en\/77f4a240-174f-41be-bb64-8ee954f8d22c-2\/'><img decoding=\"async\" width=\"150\" height=\"150\" src=\"https:\/\/www.interoleo.com\/wp-content\/uploads\/2022\/09\/77f4a240-174f-41be-bb64-8ee954f8d22c-150x150.jpg\" class=\"attachment-thumbnail size-thumbnail\" alt=\"\" srcset=\"https:\/\/www.interoleo.com\/wp-content\/uploads\/2022\/09\/77f4a240-174f-41be-bb64-8ee954f8d22c-150x150.jpg 150w, https:\/\/www.interoleo.com\/wp-content\/uploads\/2022\/09\/77f4a240-174f-41be-bb64-8ee954f8d22c-300x300.jpg 300w, https:\/\/www.interoleo.com\/wp-content\/uploads\/2022\/09\/77f4a240-174f-41be-bb64-8ee954f8d22c-100x100.jpg 100w, https:\/\/www.interoleo.com\/wp-content\/uploads\/2022\/09\/77f4a240-174f-41be-bb64-8ee954f8d22c-50x50.jpg 50w, https:\/\/www.interoleo.com\/wp-content\/uploads\/2022\/09\/77f4a240-174f-41be-bb64-8ee954f8d22c-320x320.jpg 320w\" sizes=\"100vw\" \/><\/a>\n\t\t\t<\/div><\/figure><figure class='gallery-item'>\n\t\t\t<div class='gallery-icon landscape'>\n\t\t\t\t<a href='https:\/\/www.interoleo.com\/en\/98e8e621-07bd-4c4c-a0a3-4dbfa88ab5a2-2\/'><img loading=\"lazy\" decoding=\"async\" width=\"150\" height=\"150\" src=\"https:\/\/www.interoleo.com\/wp-content\/uploads\/2022\/09\/98e8e621-07bd-4c4c-a0a3-4dbfa88ab5a2-150x150.jpg\" class=\"attachment-thumbnail size-thumbnail\" alt=\"\" srcset=\"https:\/\/www.interoleo.com\/wp-content\/uploads\/2022\/09\/98e8e621-07bd-4c4c-a0a3-4dbfa88ab5a2-150x150.jpg 150w, https:\/\/www.interoleo.com\/wp-content\/uploads\/2022\/09\/98e8e621-07bd-4c4c-a0a3-4dbfa88ab5a2-300x300.jpg 300w, https:\/\/www.interoleo.com\/wp-content\/uploads\/2022\/09\/98e8e621-07bd-4c4c-a0a3-4dbfa88ab5a2-100x100.jpg 100w, https:\/\/www.interoleo.com\/wp-content\/uploads\/2022\/09\/98e8e621-07bd-4c4c-a0a3-4dbfa88ab5a2-50x50.jpg 50w, https:\/\/www.interoleo.com\/wp-content\/uploads\/2022\/09\/98e8e621-07bd-4c4c-a0a3-4dbfa88ab5a2-320x320.jpg 320w\" sizes=\"100vw\" \/><\/a>\n\t\t\t<\/div><\/figure><figure class='gallery-item'>\n\t\t\t<div class='gallery-icon landscape'>\n\t\t\t\t<a href='https:\/\/www.interoleo.com\/en\/89024960-f674-415b-805d-01ebaf6d38b7-2\/'><img loading=\"lazy\" decoding=\"async\" width=\"150\" height=\"150\" src=\"https:\/\/www.interoleo.com\/wp-content\/uploads\/2022\/09\/89024960-f674-415b-805d-01ebaf6d38b7-150x150.jpg\" class=\"attachment-thumbnail size-thumbnail\" alt=\"\" srcset=\"https:\/\/www.interoleo.com\/wp-content\/uploads\/2022\/09\/89024960-f674-415b-805d-01ebaf6d38b7-150x150.jpg 150w, https:\/\/www.interoleo.com\/wp-content\/uploads\/2022\/09\/89024960-f674-415b-805d-01ebaf6d38b7-300x300.jpg 300w, https:\/\/www.interoleo.com\/wp-content\/uploads\/2022\/09\/89024960-f674-415b-805d-01ebaf6d38b7-100x100.jpg 100w, https:\/\/www.interoleo.com\/wp-content\/uploads\/2022\/09\/89024960-f674-415b-805d-01ebaf6d38b7-50x50.jpg 50w, https:\/\/www.interoleo.com\/wp-content\/uploads\/2022\/09\/89024960-f674-415b-805d-01ebaf6d38b7-320x320.jpg 320w\" sizes=\"100vw\" \/><\/a>\n\t\t\t<\/div><\/figure>\n\t\t<\/div>\n\n","protected":false},"excerpt":{"rendered":"<p>\u201cEstamos ante un momento crucial para el sector del olivar y del aceite de oliva, en nuestra posici\u00f3n de liderazgo, debemos aclarar las incertidumbres que acechan a la producci\u00f3n y a los mercados para afrontar con garant\u00edas el futuro\u201d, Juan Gadeo, presidente de Interoleo El sector agroalimentario se encuentra inmerso en un momento de cambios &hellip; <\/p>\n<p class=\"link-more\"><a href=\"https:\/\/www.interoleo.com\/en\/interoleo-hoja-ruta-olivar\/\" class=\"more-link\">Read more<span class=\"screen-reader-text\"> &#8220;Grupo Inter\u00f3leo fija la hoja de ruta futura del sector del olivar y del aceite de oliva&#8221;<\/span><\/a><\/p>\n","protected":false},"author":2,"featured_media":3164,"comment_status":"closed","ping_status":"closed","sticky":false,"template":"","format":"standard","meta":{"jetpack_post_was_ever_published":false,"_jetpack_newsletter_access":"","_jetpack_dont_email_post_to_subs":false,"_jetpack_newsletter_tier_id":0,"_jetpack_memberships_contains_paywalled_content":false,"_jetpack_memberships_contains_paid_content":false,"footnotes":"","jetpack_publicize_message":"","jetpack_publicize_feature_enabled":true,"jetpack_social_post_already_shared":true,"jetpack_social_options":{"image_generator_settings":{"template":"highway","default_image_id":0,"font":"","enabled":false},"version":2}},"categories":[3,4,7],"tags":[17,156,58,377,73,35,145,22,32,374,23,44,12,372,18,375,47,34,376,19,14,61,306,24,83,31,33,46,45],"class_list":["post-3163","post","type-post","status-publish","format-standard","has-post-thumbnail","hentry","category-aceite-de-oliva","category-actualidad","category-noticias-interoleo","tag-aceite","tag-aceite-de-oliva","tag-calidad","tag-carmen-crespo","tag-comercializacion","tag-concentracion-de-la-oferta","tag-consejera-de-agricultura","tag-esteban-momblan","tag-exportaciones","tag-futuro-del-olivar-y-del-aceite-de-oliva","tag-gerente-de-interoleo","tag-grupo-interoleo","tag-interoleo","tag-jornada","tag-juan-gadeo","tag-luis-planas","tag-mercados","tag-mercados-internacionales","tag-ministro-de-agricultura","tag-presidente-de-interoleo","tag-produccion","tag-profesionalizacion-del-sector","tag-responsabilidad-social-empresarial","tag-retos-de-futuro","tag-sector-olivarero","tag-sector-productor","tag-venta-de-aceite-de-oliva","tag-venta-de-aceite-de-oliva-virgen-extra","tag-venta-en-terceros-paises"],"yoast_head":"<!-- This site is optimized with the Yoast SEO plugin v26.0 - https:\/\/yoast.com\/wordpress\/plugins\/seo\/ -->\n<title>Grupo Inter\u00f3leo centra hoja de ruta del olivar - Grupo Inter\u00f3leo<\/title>\n<meta name=\"description\" content=\"Grupo Inter\u00f3leo celebra una jornada para marcar la hoja de ruta futura del sector del olivar y del aceite de oliva\" \/>\n<meta name=\"robots\" content=\"index, follow, max-snippet:-1, max-image-preview:large, max-video-preview:-1\" \/>\n<link rel=\"canonical\" href=\"https:\/\/www.interoleo.com\/en\/interoleo-hoja-ruta-olivar\/\" \/>\n<meta property=\"og:locale\" content=\"en_US\" \/>\n<meta property=\"og:type\" content=\"article\" \/>\n<meta property=\"og:title\" content=\"Grupo Inter\u00f3leo centra hoja de ruta del olivar - Grupo Inter\u00f3leo\" \/>\n<meta property=\"og:description\" content=\"Grupo Inter\u00f3leo celebra una jornada para marcar la hoja de ruta futura del sector del olivar y del aceite de oliva\" \/>\n<meta property=\"og:url\" content=\"https:\/\/www.interoleo.com\/en\/interoleo-hoja-ruta-olivar\/\" \/>\n<meta property=\"og:site_name\" content=\"Grupo Inter\u00f3leo\" \/>\n<meta property=\"article:published_time\" content=\"2022-09-22T18:24:51+00:00\" \/>\n<meta property=\"og:image\" content=\"https:\/\/www.interoleo.com\/wp-content\/uploads\/2022\/09\/Grupo-Interoleo-con-ministro.jpg\" \/>\n\t<meta property=\"og:image:width\" content=\"1600\" \/>\n\t<meta property=\"og:image:height\" content=\"1067\" \/>\n\t<meta property=\"og:image:type\" content=\"image\/jpeg\" \/>\n<meta name=\"author\" content=\"Interoleo Picual\" \/>\n<meta name=\"twitter:card\" content=\"summary_large_image\" \/>\n<meta name=\"twitter:label1\" content=\"Written by\" \/>\n\t<meta name=\"twitter:data1\" content=\"Interoleo Picual\" \/>\n\t<meta name=\"twitter:label2\" content=\"Est. reading time\" \/>\n\t<meta name=\"twitter:data2\" content=\"4 minutes\" \/>\n<script type=\"application\/ld+json\" class=\"yoast-schema-graph\">{\"@context\":\"https:\/\/schema.org\",\"@graph\":[{\"@type\":\"WebPage\",\"@id\":\"https:\/\/www.interoleo.com\/en\/interoleo-hoja-ruta-olivar\/\",\"url\":\"https:\/\/www.interoleo.com\/en\/interoleo-hoja-ruta-olivar\/\",\"name\":\"Grupo Inter\u00f3leo centra hoja de ruta del olivar - Grupo Inter\u00f3leo\",\"isPartOf\":{\"@id\":\"https:\/\/www.interoleo.com\/en\/#website\"},\"primaryImageOfPage\":{\"@id\":\"https:\/\/www.interoleo.com\/en\/interoleo-hoja-ruta-olivar\/#primaryimage\"},\"image\":{\"@id\":\"https:\/\/www.interoleo.com\/en\/interoleo-hoja-ruta-olivar\/#primaryimage\"},\"thumbnailUrl\":\"https:\/\/www.interoleo.com\/wp-content\/uploads\/2022\/09\/Grupo-Interoleo-con-ministro.jpg\",\"datePublished\":\"2022-09-22T18:24:51+00:00\",\"author\":{\"@id\":\"https:\/\/www.interoleo.com\/en\/#\/schema\/person\/b38839767920504f85d0555e5244a76d\"},\"description\":\"Grupo Inter\u00f3leo celebra una jornada para marcar la hoja de ruta futura del sector del olivar y del aceite de oliva\",\"breadcrumb\":{\"@id\":\"https:\/\/www.interoleo.com\/en\/interoleo-hoja-ruta-olivar\/#breadcrumb\"},\"inLanguage\":\"en-US\",\"potentialAction\":[{\"@type\":\"ReadAction\",\"target\":[\"https:\/\/www.interoleo.com\/en\/interoleo-hoja-ruta-olivar\/\"]}]},{\"@type\":\"ImageObject\",\"inLanguage\":\"en-US\",\"@id\":\"https:\/\/www.interoleo.com\/en\/interoleo-hoja-ruta-olivar\/#primaryimage\",\"url\":\"https:\/\/www.interoleo.com\/wp-content\/uploads\/2022\/09\/Grupo-Interoleo-con-ministro.jpg\",\"contentUrl\":\"https:\/\/www.interoleo.com\/wp-content\/uploads\/2022\/09\/Grupo-Interoleo-con-ministro.jpg\",\"width\":1600,\"height\":1067},{\"@type\":\"BreadcrumbList\",\"@id\":\"https:\/\/www.interoleo.com\/en\/interoleo-hoja-ruta-olivar\/#breadcrumb\",\"itemListElement\":[{\"@type\":\"ListItem\",\"position\":1,\"name\":\"Portada\",\"item\":\"https:\/\/www.interoleo.com\/en\/\"},{\"@type\":\"ListItem\",\"position\":2,\"name\":\"Grupo Inter\u00f3leo fija la hoja de ruta futura del sector del olivar y del aceite de oliva\"}]},{\"@type\":\"WebSite\",\"@id\":\"https:\/\/www.interoleo.com\/en\/#website\",\"url\":\"https:\/\/www.interoleo.com\/en\/\",\"name\":\"Grupo Inter\u00f3leo\",\"description\":\"Grupo Inter\u00f3leo comercializador de aceite de oliva a granel\",\"potentialAction\":[{\"@type\":\"SearchAction\",\"target\":{\"@type\":\"EntryPoint\",\"urlTemplate\":\"https:\/\/www.interoleo.com\/en\/?s={search_term_string}\"},\"query-input\":{\"@type\":\"PropertyValueSpecification\",\"valueRequired\":true,\"valueName\":\"search_term_string\"}}],\"inLanguage\":\"en-US\"},{\"@type\":\"Person\",\"@id\":\"https:\/\/www.interoleo.com\/en\/#\/schema\/person\/b38839767920504f85d0555e5244a76d\",\"name\":\"Interoleo Picual\",\"image\":{\"@type\":\"ImageObject\",\"inLanguage\":\"en-US\",\"@id\":\"https:\/\/www.interoleo.com\/en\/#\/schema\/person\/image\/\",\"url\":\"https:\/\/secure.gravatar.com\/avatar\/9d9b88888a963e3b9235bbd165d9c050?s=96&d=mm&r=g\",\"contentUrl\":\"https:\/\/secure.gravatar.com\/avatar\/9d9b88888a963e3b9235bbd165d9c050?s=96&d=mm&r=g\",\"caption\":\"Interoleo Picual\"},\"url\":\"https:\/\/www.interoleo.com\/en\/author\/interoleo\/\"}]}<\/script>\n<!-- \/ Yoast SEO plugin. -->","yoast_head_json":{"title":"Grupo Inter\u00f3leo centra hoja de ruta del olivar - Grupo Inter\u00f3leo","description":"Grupo Inter\u00f3leo celebra una jornada para marcar la hoja de ruta futura del sector del olivar y del aceite de oliva","robots":{"index":"index","follow":"follow","max-snippet":"max-snippet:-1","max-image-preview":"max-image-preview:large","max-video-preview":"max-video-preview:-1"},"canonical":"https:\/\/www.interoleo.com\/en\/interoleo-hoja-ruta-olivar\/","og_locale":"en_US","og_type":"article","og_title":"Grupo Inter\u00f3leo centra hoja de ruta del olivar - Grupo Inter\u00f3leo","og_description":"Grupo Inter\u00f3leo celebra una jornada para marcar la hoja de ruta futura del sector del olivar y del aceite de oliva","og_url":"https:\/\/www.interoleo.com\/en\/interoleo-hoja-ruta-olivar\/","og_site_name":"Grupo Inter\u00f3leo","article_published_time":"2022-09-22T18:24:51+00:00","og_image":[{"width":1600,"height":1067,"url":"https:\/\/www.interoleo.com\/wp-content\/uploads\/2022\/09\/Grupo-Interoleo-con-ministro.jpg","type":"image\/jpeg"}],"author":"Interoleo Picual","twitter_card":"summary_large_image","twitter_misc":{"Written by":"Interoleo Picual","Est. reading time":"4 minutes"},"schema":{"@context":"https:\/\/schema.org","@graph":[{"@type":"WebPage","@id":"https:\/\/www.interoleo.com\/en\/interoleo-hoja-ruta-olivar\/","url":"https:\/\/www.interoleo.com\/en\/interoleo-hoja-ruta-olivar\/","name":"Grupo Inter\u00f3leo centra hoja de ruta del olivar - Grupo Inter\u00f3leo","isPartOf":{"@id":"https:\/\/www.interoleo.com\/en\/#website"},"primaryImageOfPage":{"@id":"https:\/\/www.interoleo.com\/en\/interoleo-hoja-ruta-olivar\/#primaryimage"},"image":{"@id":"https:\/\/www.interoleo.com\/en\/interoleo-hoja-ruta-olivar\/#primaryimage"},"thumbnailUrl":"https:\/\/www.interoleo.com\/wp-content\/uploads\/2022\/09\/Grupo-Interoleo-con-ministro.jpg","datePublished":"2022-09-22T18:24:51+00:00","author":{"@id":"https:\/\/www.interoleo.com\/en\/#\/schema\/person\/b38839767920504f85d0555e5244a76d"},"description":"Grupo Inter\u00f3leo celebra una jornada para marcar la hoja de ruta futura del sector del olivar y del aceite de oliva","breadcrumb":{"@id":"https:\/\/www.interoleo.com\/en\/interoleo-hoja-ruta-olivar\/#breadcrumb"},"inLanguage":"en-US","potentialAction":[{"@type":"ReadAction","target":["https:\/\/www.interoleo.com\/en\/interoleo-hoja-ruta-olivar\/"]}]},{"@type":"ImageObject","inLanguage":"en-US","@id":"https:\/\/www.interoleo.com\/en\/interoleo-hoja-ruta-olivar\/#primaryimage","url":"https:\/\/www.interoleo.com\/wp-content\/uploads\/2022\/09\/Grupo-Interoleo-con-ministro.jpg","contentUrl":"https:\/\/www.interoleo.com\/wp-content\/uploads\/2022\/09\/Grupo-Interoleo-con-ministro.jpg","width":1600,"height":1067},{"@type":"BreadcrumbList","@id":"https:\/\/www.interoleo.com\/en\/interoleo-hoja-ruta-olivar\/#breadcrumb","itemListElement":[{"@type":"ListItem","position":1,"name":"Portada","item":"https:\/\/www.interoleo.com\/en\/"},{"@type":"ListItem","position":2,"name":"Grupo Inter\u00f3leo fija la hoja de ruta futura del sector del olivar y del aceite de oliva"}]},{"@type":"WebSite","@id":"https:\/\/www.interoleo.com\/en\/#website","url":"https:\/\/www.interoleo.com\/en\/","name":"Grupo Inter\u00f3leo","description":"Grupo Inter\u00f3leo comercializador de aceite de oliva a granel","potentialAction":[{"@type":"SearchAction","target":{"@type":"EntryPoint","urlTemplate":"https:\/\/www.interoleo.com\/en\/?s={search_term_string}"},"query-input":{"@type":"PropertyValueSpecification","valueRequired":true,"valueName":"search_term_string"}}],"inLanguage":"en-US"},{"@type":"Person","@id":"https:\/\/www.interoleo.com\/en\/#\/schema\/person\/b38839767920504f85d0555e5244a76d","name":"Interoleo Picual","image":{"@type":"ImageObject","inLanguage":"en-US","@id":"https:\/\/www.interoleo.com\/en\/#\/schema\/person\/image\/","url":"https:\/\/secure.gravatar.com\/avatar\/9d9b88888a963e3b9235bbd165d9c050?s=96&d=mm&r=g","contentUrl":"https:\/\/secure.gravatar.com\/avatar\/9d9b88888a963e3b9235bbd165d9c050?s=96&d=mm&r=g","caption":"Interoleo Picual"},"url":"https:\/\/www.interoleo.com\/en\/author\/interoleo\/"}]}},"jetpack_publicize_connections":[],"jetpack_featured_media_url":"https:\/\/www.interoleo.com\/wp-content\/uploads\/2022\/09\/Grupo-Interoleo-con-ministro.jpg","jetpack_shortlink":"https:\/\/wp.me\/p7R8ws-P1","jetpack_sharing_enabled":true,"_links":{"self":[{"href":"https:\/\/www.interoleo.com\/en\/wp-json\/wp\/v2\/posts\/3163","targetHints":{"allow":["GET"]}}],"collection":[{"href":"https:\/\/www.interoleo.com\/en\/wp-json\/wp\/v2\/posts"}],"about":[{"href":"https:\/\/www.interoleo.com\/en\/wp-json\/wp\/v2\/types\/post"}],"author":[{"embeddable":true,"href":"https:\/\/www.interoleo.com\/en\/wp-json\/wp\/v2\/users\/2"}],"replies":[{"embeddable":true,"href":"https:\/\/www.interoleo.com\/en\/wp-json\/wp\/v2\/comments?post=3163"}],"version-history":[{"count":2,"href":"https:\/\/www.interoleo.com\/en\/wp-json\/wp\/v2\/posts\/3163\/revisions"}],"predecessor-version":[{"id":3177,"href":"https:\/\/www.interoleo.com\/en\/wp-json\/wp\/v2\/posts\/3163\/revisions\/3177"}],"wp:featuredmedia":[{"embeddable":true,"href":"https:\/\/www.interoleo.com\/en\/wp-json\/wp\/v2\/media\/3164"}],"wp:attachment":[{"href":"https:\/\/www.interoleo.com\/en\/wp-json\/wp\/v2\/media?parent=3163"}],"wp:term":[{"taxonomy":"category","embeddable":true,"href":"https:\/\/www.interoleo.com\/en\/wp-json\/wp\/v2\/categories?post=3163"},{"taxonomy":"post_tag","embeddable":true,"href":"https:\/\/www.interoleo.com\/en\/wp-json\/wp\/v2\/tags?post=3163"}],"curies":[{"name":"wp","href":"https:\/\/api.w.org\/{rel}","templated":true}]}}