{"id":3450,"date":"2023-05-25T14:49:37","date_gmt":"2023-05-25T14:49:37","guid":{"rendered":"https:\/\/www.interoleo.com\/?p=3450"},"modified":"2023-07-15T15:01:27","modified_gmt":"2023-07-15T15:01:27","slug":"interoleo-jornada-cooperalive","status":"publish","type":"post","link":"https:\/\/www.interoleo.com\/en\/interoleo-jornada-cooperalive\/","title":{"rendered":"Grupo Inter\u00f3leo participa en la jornada del Grupo Operativo Cooperalive \u201cCalidad, mercado, PAC y Olivares Vivos\u201d en Bedmar"},"content":{"rendered":"<p>Calidad y mercado. Esas han sido las bases sobre las que se han asentado las ponencias de la responsable del Departamento de Asesoramiento al Socio de Grupo Inter\u00f3leo, Mariela Valdivia; como del gerente, Esteban Mombl\u00e1n, en la primera Jornada Formativa organizada por el Grupo Operativo Cooperalive, constituido por Citoliva, SEO Birdlife, Grupo Inter\u00f3leo y la Diputaci\u00f3n Provincial de Ja\u00e9n, celebrada en la sede de la Denominaci\u00f3n de Origen Sierra M\u00e1gina en Bedmar. Una jornada dirigida a todas las cooperativas de Andaluc\u00eda interesadas en formar parte del modelo de olivicultura OLIVARES VIVOS rentable y compatible con la conservaci\u00f3n de la biodiversidad.<\/p>\n<p>Bajo el t\u00edtulo \u201cCalidad, mercado, PAC y Olivares Vivos\u201d, se abordaron asuntos como los &#8220;Factores agron\u00f3micos que influyen en la calidad de los Aceites de Oliva Virgen&#8221;, &#8220;La nueva PAC y Olivares Vivos&#8221; o la &#8220;Situaci\u00f3n del Mercado del Aceite de oliva a nivel Mundial&#8221;, entre otras. A partir de las 12 horas, se celebr\u00f3 la mesa redonda \u201cOlivares Vivos, calidad, diferenciaci\u00f3n y biodiversidad frente a la amenaza del cambio clim\u00e1tico\u201d, en la que Jos\u00e9 Eugenio Guti\u00e9rrez, delegado territorial de Andaluc\u00eda de SEO\/BirdLife ejerci\u00f3 de moderador, y en la que participaron Carlos Ruiz, coordinador del Proyecto LIFE Olivares Vivos +; Esteban Mombl\u00e1n, gerente de Grupo Inter\u00f3leo; Raquel Costales, responsable de Elaiotecnia de Citoliva; Bernardo Moya, gerente de la SCA Nuestra Se\u00f1ora de los Remedios; y Agapito Vega, presidente de la SCA Bedmarense.<\/p>\n<p>Mariela Valdivia expuso la importancia de cuidar el fruto, la aceituna, desde el olivo hasta la f\u00e1brica para obtener la m\u00e1xima calidad posible; mientras que Esteban Mombl\u00e1n puso en valor la importancia de la concentraci\u00f3n para afrontar con mayores fortalezas la relaci\u00f3n con los mercados y ha analizado la producci\u00f3n en otros pa\u00edses de la Cuenca del Mediterr\u00e1neo, y la evoluci\u00f3n constante del consumo mundial de aceite de oliva\u00a0a pesar del aumento de los precios.<\/p>\n<p>La jornada ha sido cofinanciada con el Fondo Europeo Agr\u00edcola de Desarrollo Rural (FEADER) a trav\u00e9s del Programa de Desarrollo Rural de Andaluc\u00eda 2014-2022, y la Junta de Andaluc\u00eda a trav\u00e9s de la Consejer\u00eda de Agricultura, Pesca, Agua y Desarrollo Rural. Adem\u00e1s, ha contado con la colaboraci\u00f3n del Consejo Regulador de la Denominaci\u00f3n de Origen Sierra M\u00e1gina. El grupo Operativo realizar\u00e1 la segunda jornada formativa el 21 de junio en la sede del Grupo Oleocampo en Torredelcampo.<\/p>\n","protected":false},"excerpt":{"rendered":"<p>Calidad y mercado. Esas han sido las bases sobre las que se han asentado las ponencias de la responsable del Departamento de Asesoramiento al Socio de Grupo Inter\u00f3leo, Mariela Valdivia; como del gerente, Esteban Mombl\u00e1n, en la primera Jornada Formativa organizada por el Grupo Operativo Cooperalive, constituido por Citoliva, SEO Birdlife, Grupo Inter\u00f3leo y la &hellip; <\/p>\n<p class=\"link-more\"><a href=\"https:\/\/www.interoleo.com\/en\/interoleo-jornada-cooperalive\/\" class=\"more-link\">Read more<span class=\"screen-reader-text\"> &#8220;Grupo Inter\u00f3leo participa en la jornada del Grupo Operativo Cooperalive \u201cCalidad, mercado, PAC y Olivares Vivos\u201d en Bedmar&#8221;<\/span><\/a><\/p>\n","protected":false},"author":2,"featured_media":3451,"comment_status":"closed","ping_status":"closed","sticky":false,"template":"","format":"standard","meta":{"jetpack_post_was_ever_published":false,"_jetpack_newsletter_access":"","_jetpack_dont_email_post_to_subs":false,"_jetpack_newsletter_tier_id":0,"_jetpack_memberships_contains_paywalled_content":false,"_jetpack_memberships_contains_paid_content":false,"footnotes":"","jetpack_publicize_message":"","jetpack_publicize_feature_enabled":true,"jetpack_social_post_already_shared":true,"jetpack_social_options":{"image_generator_settings":{"template":"highway","default_image_id":0,"font":"","enabled":false},"version":2}},"categories":[1],"tags":[17,156,356,58,73,35,407,409,22,23,406,44,408,12,355,47,301,14,61,83,31],"class_list":["post-3450","post","type-post","status-publish","format-standard","has-post-thumbnail","hentry","category-sin-categorizar","tag-aceite","tag-aceite-de-oliva","tag-asesoramiento-al-socio","tag-calidad","tag-comercializacion","tag-concentracion-de-la-oferta","tag-cooperalive","tag-departamento-de-asesoramiento-al-socio","tag-esteban-momblan","tag-gerente-de-interoleo","tag-go-cooperalive","tag-grupo-interoleo","tag-grupo-operativo-cooperalive","tag-interoleo","tag-mariela-valdivia","tag-mercados","tag-objetivos-de-desarrollo-sostenible","tag-produccion","tag-profesionalizacion-del-sector","tag-sector-olivarero","tag-sector-productor"],"yoast_head":"<!-- This site is optimized with the Yoast SEO plugin v26.0 - https:\/\/yoast.com\/wordpress\/plugins\/seo\/ -->\n<title>Grupo Inter\u00f3leo jornada Cooperalive - Grupo Inter\u00f3leo<\/title>\n<meta name=\"description\" content=\"Grupo Inter\u00f3leo participa en la primera jornada del Grupo Operativo Cooperalive en la sede de la DO Sierra M\u00e1gina en Bedmar\" \/>\n<meta name=\"robots\" content=\"index, follow, max-snippet:-1, max-image-preview:large, max-video-preview:-1\" \/>\n<link rel=\"canonical\" href=\"https:\/\/www.interoleo.com\/en\/interoleo-jornada-cooperalive\/\" \/>\n<meta property=\"og:locale\" content=\"en_US\" \/>\n<meta property=\"og:type\" content=\"article\" \/>\n<meta property=\"og:title\" content=\"Grupo Inter\u00f3leo jornada Cooperalive - Grupo Inter\u00f3leo\" \/>\n<meta property=\"og:description\" content=\"Grupo Inter\u00f3leo participa en la primera jornada del Grupo Operativo Cooperalive en la sede de la DO Sierra M\u00e1gina en Bedmar\" \/>\n<meta property=\"og:url\" content=\"https:\/\/www.interoleo.com\/en\/interoleo-jornada-cooperalive\/\" \/>\n<meta property=\"og:site_name\" content=\"Grupo Inter\u00f3leo\" \/>\n<meta property=\"article:published_time\" content=\"2023-05-25T14:49:37+00:00\" \/>\n<meta property=\"article:modified_time\" content=\"2023-07-15T15:01:27+00:00\" \/>\n<meta property=\"og:image\" content=\"https:\/\/www.interoleo.com\/wp-content\/uploads\/2023\/07\/cooperalive.jpg\" \/>\n\t<meta property=\"og:image:width\" content=\"960\" \/>\n\t<meta property=\"og:image:height\" content=\"640\" \/>\n\t<meta property=\"og:image:type\" content=\"image\/jpeg\" \/>\n<meta name=\"author\" content=\"Interoleo Picual\" \/>\n<meta name=\"twitter:card\" content=\"summary_large_image\" \/>\n<meta name=\"twitter:label1\" content=\"Written by\" \/>\n\t<meta name=\"twitter:data1\" content=\"Interoleo Picual\" \/>\n\t<meta name=\"twitter:label2\" content=\"Est. reading time\" \/>\n\t<meta name=\"twitter:data2\" content=\"2 minutes\" \/>\n<script type=\"application\/ld+json\" class=\"yoast-schema-graph\">{\"@context\":\"https:\/\/schema.org\",\"@graph\":[{\"@type\":\"WebPage\",\"@id\":\"https:\/\/www.interoleo.com\/en\/interoleo-jornada-cooperalive\/\",\"url\":\"https:\/\/www.interoleo.com\/en\/interoleo-jornada-cooperalive\/\",\"name\":\"Grupo Inter\u00f3leo jornada Cooperalive - Grupo Inter\u00f3leo\",\"isPartOf\":{\"@id\":\"https:\/\/www.interoleo.com\/en\/#website\"},\"primaryImageOfPage\":{\"@id\":\"https:\/\/www.interoleo.com\/en\/interoleo-jornada-cooperalive\/#primaryimage\"},\"image\":{\"@id\":\"https:\/\/www.interoleo.com\/en\/interoleo-jornada-cooperalive\/#primaryimage\"},\"thumbnailUrl\":\"https:\/\/www.interoleo.com\/wp-content\/uploads\/2023\/07\/cooperalive.jpg\",\"datePublished\":\"2023-05-25T14:49:37+00:00\",\"dateModified\":\"2023-07-15T15:01:27+00:00\",\"author\":{\"@id\":\"https:\/\/www.interoleo.com\/en\/#\/schema\/person\/b38839767920504f85d0555e5244a76d\"},\"description\":\"Grupo Inter\u00f3leo participa en la primera jornada del Grupo Operativo Cooperalive en la sede de la DO Sierra M\u00e1gina en Bedmar\",\"breadcrumb\":{\"@id\":\"https:\/\/www.interoleo.com\/en\/interoleo-jornada-cooperalive\/#breadcrumb\"},\"inLanguage\":\"en-US\",\"potentialAction\":[{\"@type\":\"ReadAction\",\"target\":[\"https:\/\/www.interoleo.com\/en\/interoleo-jornada-cooperalive\/\"]}]},{\"@type\":\"ImageObject\",\"inLanguage\":\"en-US\",\"@id\":\"https:\/\/www.interoleo.com\/en\/interoleo-jornada-cooperalive\/#primaryimage\",\"url\":\"https:\/\/www.interoleo.com\/wp-content\/uploads\/2023\/07\/cooperalive.jpg\",\"contentUrl\":\"https:\/\/www.interoleo.com\/wp-content\/uploads\/2023\/07\/cooperalive.jpg\",\"width\":960,\"height\":640},{\"@type\":\"BreadcrumbList\",\"@id\":\"https:\/\/www.interoleo.com\/en\/interoleo-jornada-cooperalive\/#breadcrumb\",\"itemListElement\":[{\"@type\":\"ListItem\",\"position\":1,\"name\":\"Portada\",\"item\":\"https:\/\/www.interoleo.com\/en\/\"},{\"@type\":\"ListItem\",\"position\":2,\"name\":\"Grupo Inter\u00f3leo participa en la jornada del Grupo Operativo Cooperalive \u201cCalidad, mercado, PAC y Olivares Vivos\u201d en Bedmar\"}]},{\"@type\":\"WebSite\",\"@id\":\"https:\/\/www.interoleo.com\/en\/#website\",\"url\":\"https:\/\/www.interoleo.com\/en\/\",\"name\":\"Grupo Inter\u00f3leo\",\"description\":\"Grupo Inter\u00f3leo comercializador de aceite de oliva a granel\",\"potentialAction\":[{\"@type\":\"SearchAction\",\"target\":{\"@type\":\"EntryPoint\",\"urlTemplate\":\"https:\/\/www.interoleo.com\/en\/?s={search_term_string}\"},\"query-input\":{\"@type\":\"PropertyValueSpecification\",\"valueRequired\":true,\"valueName\":\"search_term_string\"}}],\"inLanguage\":\"en-US\"},{\"@type\":\"Person\",\"@id\":\"https:\/\/www.interoleo.com\/en\/#\/schema\/person\/b38839767920504f85d0555e5244a76d\",\"name\":\"Interoleo Picual\",\"image\":{\"@type\":\"ImageObject\",\"inLanguage\":\"en-US\",\"@id\":\"https:\/\/www.interoleo.com\/en\/#\/schema\/person\/image\/\",\"url\":\"https:\/\/secure.gravatar.com\/avatar\/9d9b88888a963e3b9235bbd165d9c050?s=96&d=mm&r=g\",\"contentUrl\":\"https:\/\/secure.gravatar.com\/avatar\/9d9b88888a963e3b9235bbd165d9c050?s=96&d=mm&r=g\",\"caption\":\"Interoleo Picual\"},\"url\":\"https:\/\/www.interoleo.com\/en\/author\/interoleo\/\"}]}<\/script>\n<!-- \/ Yoast SEO plugin. -->","yoast_head_json":{"title":"Grupo Inter\u00f3leo jornada Cooperalive - Grupo Inter\u00f3leo","description":"Grupo Inter\u00f3leo participa en la primera jornada del Grupo Operativo Cooperalive en la sede de la DO Sierra M\u00e1gina en Bedmar","robots":{"index":"index","follow":"follow","max-snippet":"max-snippet:-1","max-image-preview":"max-image-preview:large","max-video-preview":"max-video-preview:-1"},"canonical":"https:\/\/www.interoleo.com\/en\/interoleo-jornada-cooperalive\/","og_locale":"en_US","og_type":"article","og_title":"Grupo Inter\u00f3leo jornada Cooperalive - Grupo Inter\u00f3leo","og_description":"Grupo Inter\u00f3leo participa en la primera jornada del Grupo Operativo Cooperalive en la sede de la DO Sierra M\u00e1gina en Bedmar","og_url":"https:\/\/www.interoleo.com\/en\/interoleo-jornada-cooperalive\/","og_site_name":"Grupo Inter\u00f3leo","article_published_time":"2023-05-25T14:49:37+00:00","article_modified_time":"2023-07-15T15:01:27+00:00","og_image":[{"width":960,"height":640,"url":"https:\/\/www.interoleo.com\/wp-content\/uploads\/2023\/07\/cooperalive.jpg","type":"image\/jpeg"}],"author":"Interoleo Picual","twitter_card":"summary_large_image","twitter_misc":{"Written by":"Interoleo Picual","Est. reading time":"2 minutes"},"schema":{"@context":"https:\/\/schema.org","@graph":[{"@type":"WebPage","@id":"https:\/\/www.interoleo.com\/en\/interoleo-jornada-cooperalive\/","url":"https:\/\/www.interoleo.com\/en\/interoleo-jornada-cooperalive\/","name":"Grupo Inter\u00f3leo jornada Cooperalive - Grupo Inter\u00f3leo","isPartOf":{"@id":"https:\/\/www.interoleo.com\/en\/#website"},"primaryImageOfPage":{"@id":"https:\/\/www.interoleo.com\/en\/interoleo-jornada-cooperalive\/#primaryimage"},"image":{"@id":"https:\/\/www.interoleo.com\/en\/interoleo-jornada-cooperalive\/#primaryimage"},"thumbnailUrl":"https:\/\/www.interoleo.com\/wp-content\/uploads\/2023\/07\/cooperalive.jpg","datePublished":"2023-05-25T14:49:37+00:00","dateModified":"2023-07-15T15:01:27+00:00","author":{"@id":"https:\/\/www.interoleo.com\/en\/#\/schema\/person\/b38839767920504f85d0555e5244a76d"},"description":"Grupo Inter\u00f3leo participa en la primera jornada del Grupo Operativo Cooperalive en la sede de la DO Sierra M\u00e1gina en Bedmar","breadcrumb":{"@id":"https:\/\/www.interoleo.com\/en\/interoleo-jornada-cooperalive\/#breadcrumb"},"inLanguage":"en-US","potentialAction":[{"@type":"ReadAction","target":["https:\/\/www.interoleo.com\/en\/interoleo-jornada-cooperalive\/"]}]},{"@type":"ImageObject","inLanguage":"en-US","@id":"https:\/\/www.interoleo.com\/en\/interoleo-jornada-cooperalive\/#primaryimage","url":"https:\/\/www.interoleo.com\/wp-content\/uploads\/2023\/07\/cooperalive.jpg","contentUrl":"https:\/\/www.interoleo.com\/wp-content\/uploads\/2023\/07\/cooperalive.jpg","width":960,"height":640},{"@type":"BreadcrumbList","@id":"https:\/\/www.interoleo.com\/en\/interoleo-jornada-cooperalive\/#breadcrumb","itemListElement":[{"@type":"ListItem","position":1,"name":"Portada","item":"https:\/\/www.interoleo.com\/en\/"},{"@type":"ListItem","position":2,"name":"Grupo Inter\u00f3leo participa en la jornada del Grupo Operativo Cooperalive \u201cCalidad, mercado, PAC y Olivares Vivos\u201d en Bedmar"}]},{"@type":"WebSite","@id":"https:\/\/www.interoleo.com\/en\/#website","url":"https:\/\/www.interoleo.com\/en\/","name":"Grupo Inter\u00f3leo","description":"Grupo Inter\u00f3leo comercializador de aceite de oliva a granel","potentialAction":[{"@type":"SearchAction","target":{"@type":"EntryPoint","urlTemplate":"https:\/\/www.interoleo.com\/en\/?s={search_term_string}"},"query-input":{"@type":"PropertyValueSpecification","valueRequired":true,"valueName":"search_term_string"}}],"inLanguage":"en-US"},{"@type":"Person","@id":"https:\/\/www.interoleo.com\/en\/#\/schema\/person\/b38839767920504f85d0555e5244a76d","name":"Interoleo Picual","image":{"@type":"ImageObject","inLanguage":"en-US","@id":"https:\/\/www.interoleo.com\/en\/#\/schema\/person\/image\/","url":"https:\/\/secure.gravatar.com\/avatar\/9d9b88888a963e3b9235bbd165d9c050?s=96&d=mm&r=g","contentUrl":"https:\/\/secure.gravatar.com\/avatar\/9d9b88888a963e3b9235bbd165d9c050?s=96&d=mm&r=g","caption":"Interoleo Picual"},"url":"https:\/\/www.interoleo.com\/en\/author\/interoleo\/"}]}},"jetpack_publicize_connections":[],"jetpack_featured_media_url":"https:\/\/www.interoleo.com\/wp-content\/uploads\/2023\/07\/cooperalive.jpg","jetpack_shortlink":"https:\/\/wp.me\/p7R8ws-TE","jetpack_sharing_enabled":true,"_links":{"self":[{"href":"https:\/\/www.interoleo.com\/en\/wp-json\/wp\/v2\/posts\/3450","targetHints":{"allow":["GET"]}}],"collection":[{"href":"https:\/\/www.interoleo.com\/en\/wp-json\/wp\/v2\/posts"}],"about":[{"href":"https:\/\/www.interoleo.com\/en\/wp-json\/wp\/v2\/types\/post"}],"author":[{"embeddable":true,"href":"https:\/\/www.interoleo.com\/en\/wp-json\/wp\/v2\/users\/2"}],"replies":[{"embeddable":true,"href":"https:\/\/www.interoleo.com\/en\/wp-json\/wp\/v2\/comments?post=3450"}],"version-history":[{"count":1,"href":"https:\/\/www.interoleo.com\/en\/wp-json\/wp\/v2\/posts\/3450\/revisions"}],"predecessor-version":[{"id":3453,"href":"https:\/\/www.interoleo.com\/en\/wp-json\/wp\/v2\/posts\/3450\/revisions\/3453"}],"wp:featuredmedia":[{"embeddable":true,"href":"https:\/\/www.interoleo.com\/en\/wp-json\/wp\/v2\/media\/3451"}],"wp:attachment":[{"href":"https:\/\/www.interoleo.com\/en\/wp-json\/wp\/v2\/media?parent=3450"}],"wp:term":[{"taxonomy":"category","embeddable":true,"href":"https:\/\/www.interoleo.com\/en\/wp-json\/wp\/v2\/categories?post=3450"},{"taxonomy":"post_tag","embeddable":true,"href":"https:\/\/www.interoleo.com\/en\/wp-json\/wp\/v2\/tags?post=3450"}],"curies":[{"name":"wp","href":"https:\/\/api.w.org\/{rel}","templated":true}]}}