{"id":3488,"date":"2023-07-31T10:23:35","date_gmt":"2023-07-31T10:23:35","guid":{"rendered":"https:\/\/www.interoleo.com\/?p=3488"},"modified":"2023-07-31T10:23:35","modified_gmt":"2023-07-31T10:23:35","slug":"interoleo-olivicultura-futuro","status":"publish","type":"post","link":"https:\/\/www.interoleo.com\/en\/interoleo-olivicultura-futuro\/","title":{"rendered":"Grupo Inter\u00f3leo analizar\u00e1 la olivicultura del futuro, que debe ser eficiente, sostenible y tecnol\u00f3gica"},"content":{"rendered":"<p style=\"text-align: center;\"><strong><u>Grupo Inter\u00f3leo, Balam y Santander Agro organizar\u00e1n una jornada, el pr\u00f3ximo 13 de septiembre, en Ferias Ja\u00e9n, con el objetivo de exponer las bases de crecimiento en el sector olivarero<\/u><\/strong><\/p>\n<p>El sector olivarero se encuentra inmerso en continuos cambios a los que los agricultores, las cooperativas y las almazaras tienen que adaptarse para garantizar el futuro. Una situaci\u00f3n econ\u00f3mica mundial diferente motivada por la guerra en Ucrania y una grave sequ\u00eda cuyos efectos no s\u00f3lo se est\u00e1n reflejando en la actualidad, sino que pueden determinar los pr\u00f3ximos a\u00f1os en la producci\u00f3n y comercializaci\u00f3n del aceite de oliva, hacen m\u00e1s necesario que nunca un an\u00e1lisis riguroso y exhaustivo sobre el futuro de la olivicultura, que para Grupo Inter\u00f3leo debe ser, irremediablemente, eficiente, sostenible y tecnol\u00f3gica.<\/p>\n<p>De ah\u00ed que Grupo Inter\u00f3leo se haya unido a Balam y a Santander Agro para organizar una interesante jornada el pr\u00f3ximo 13 de septiembre en Ferias Ja\u00e9n donde abordar c\u00f3mo tiene que afrontar el sector olivarero el futuro que se le presenta. El evento se desarrollar\u00e1 entre las 10 y las 14 horas y en \u00e9l est\u00e1n previstas varias ponencias y una mesa redonda. De esta manera, la primera conferencia correr\u00e1 a cargo de Jos\u00e9 Luis Vaca; director de Sostenibilidad; y Juan Carlos Ca\u00f1asveras, Desarrollo de Negocio en Balam Agriculture, que hablar\u00e1n sobre \u201cSultana y Cultiva Carbono, la evoluci\u00f3n del olivar est\u00e1 aqu\u00ed\u201d.<\/p>\n<p>Despu\u00e9s se presentar\u00e1 el acuerdo entre Santander Agro y Grupo Inter\u00f3leo, a cargo de Jos\u00e9 Antonio Lara (responsable territorial Agro en Andaluc\u00eda del Grupo Santander). Para terminar la jornada se ha organizado una mesa redonda en la que se hablar\u00e1 sobre la realidad de la transformaci\u00f3n eficiente y sostenible del sector olivarero. Las voces expertas que analizar\u00e1n ese futuro son Juan Gadeo, presidente de Grupo Inter\u00f3leo; Pedro Navarro, director de Balam Crops; y Jos\u00e9 Antonio Lara, responsable territorial Agro Andaluc\u00eda de Santander.<\/p>\n","protected":false},"excerpt":{"rendered":"<p>Grupo Inter\u00f3leo, Balam y Santander Agro organizar\u00e1n una jornada, el pr\u00f3ximo 13 de septiembre, en Ferias Ja\u00e9n, con el objetivo de exponer las bases de crecimiento en el sector olivarero El sector olivarero se encuentra inmerso en continuos cambios a los que los agricultores, las cooperativas y las almazaras tienen que adaptarse para garantizar el &hellip; <\/p>\n<p class=\"link-more\"><a href=\"https:\/\/www.interoleo.com\/en\/interoleo-olivicultura-futuro\/\" class=\"more-link\">Read more<span class=\"screen-reader-text\"> &#8220;Grupo Inter\u00f3leo analizar\u00e1 la olivicultura del futuro, que debe ser eficiente, sostenible y tecnol\u00f3gica&#8221;<\/span><\/a><\/p>\n","protected":false},"author":2,"featured_media":0,"comment_status":"closed","ping_status":"closed","sticky":false,"template":"","format":"standard","meta":{"jetpack_post_was_ever_published":false,"_jetpack_newsletter_access":"","_jetpack_dont_email_post_to_subs":false,"_jetpack_newsletter_tier_id":0,"_jetpack_memberships_contains_paywalled_content":false,"_jetpack_memberships_contains_paid_content":false,"footnotes":"","jetpack_publicize_message":"","jetpack_publicize_feature_enabled":true,"jetpack_social_post_already_shared":true,"jetpack_social_options":{"image_generator_settings":{"template":"highway","default_image_id":0,"font":"","enabled":false},"version":2}},"categories":[3,4,7],"tags":[17,156,401,58,73,35,22,23,44,12,411,47,301,410,61,24,83,31,33],"class_list":["post-3488","post","type-post","status-publish","format-standard","hentry","category-aceite-de-oliva","category-actualidad","category-noticias-interoleo","tag-aceite","tag-aceite-de-oliva","tag-balam-agriculture","tag-calidad","tag-comercializacion","tag-concentracion-de-la-oferta","tag-esteban-momblan","tag-gerente-de-interoleo","tag-grupo-interoleo","tag-interoleo","tag-jornadas-sobre-aceite","tag-mercados","tag-objetivos-de-desarrollo-sostenible","tag-olivicultura","tag-profesionalizacion-del-sector","tag-retos-de-futuro","tag-sector-olivarero","tag-sector-productor","tag-venta-de-aceite-de-oliva"],"yoast_head":"<!-- This site is optimized with the Yoast SEO plugin v26.0 - https:\/\/yoast.com\/wordpress\/plugins\/seo\/ -->\n<title>Grupo Inter\u00f3leo analiza el futuro de la olivicultura - Grupo Inter\u00f3leo<\/title>\n<meta name=\"description\" content=\"Grupo Inter\u00f3leo analizar\u00e1 el futuro de la olivicutura en unas jornadas que tendr\u00e1n lugar el 13 de septiembre en Ferias Ja\u00e9n\" \/>\n<meta name=\"robots\" content=\"index, follow, max-snippet:-1, max-image-preview:large, max-video-preview:-1\" \/>\n<link rel=\"canonical\" href=\"https:\/\/www.interoleo.com\/en\/interoleo-olivicultura-futuro\/\" \/>\n<meta property=\"og:locale\" content=\"en_US\" \/>\n<meta property=\"og:type\" content=\"article\" \/>\n<meta property=\"og:title\" content=\"Grupo Inter\u00f3leo analiza el futuro de la olivicultura - Grupo Inter\u00f3leo\" \/>\n<meta property=\"og:description\" content=\"Grupo Inter\u00f3leo analizar\u00e1 el futuro de la olivicutura en unas jornadas que tendr\u00e1n lugar el 13 de septiembre en Ferias Ja\u00e9n\" \/>\n<meta property=\"og:url\" content=\"https:\/\/www.interoleo.com\/en\/interoleo-olivicultura-futuro\/\" \/>\n<meta property=\"og:site_name\" content=\"Grupo Inter\u00f3leo\" \/>\n<meta property=\"article:published_time\" content=\"2023-07-31T10:23:35+00:00\" \/>\n<meta name=\"author\" content=\"Interoleo Picual\" \/>\n<meta name=\"twitter:card\" content=\"summary_large_image\" \/>\n<meta name=\"twitter:label1\" content=\"Written by\" \/>\n\t<meta name=\"twitter:data1\" content=\"Interoleo Picual\" \/>\n\t<meta name=\"twitter:label2\" content=\"Est. reading time\" \/>\n\t<meta name=\"twitter:data2\" content=\"2 minutes\" \/>\n<script type=\"application\/ld+json\" class=\"yoast-schema-graph\">{\"@context\":\"https:\/\/schema.org\",\"@graph\":[{\"@type\":\"WebPage\",\"@id\":\"https:\/\/www.interoleo.com\/en\/interoleo-olivicultura-futuro\/\",\"url\":\"https:\/\/www.interoleo.com\/en\/interoleo-olivicultura-futuro\/\",\"name\":\"Grupo Inter\u00f3leo analiza el futuro de la olivicultura - Grupo Inter\u00f3leo\",\"isPartOf\":{\"@id\":\"https:\/\/www.interoleo.com\/en\/#website\"},\"datePublished\":\"2023-07-31T10:23:35+00:00\",\"author\":{\"@id\":\"https:\/\/www.interoleo.com\/en\/#\/schema\/person\/b38839767920504f85d0555e5244a76d\"},\"description\":\"Grupo Inter\u00f3leo analizar\u00e1 el futuro de la olivicutura en unas jornadas que tendr\u00e1n lugar el 13 de septiembre en Ferias Ja\u00e9n\",\"breadcrumb\":{\"@id\":\"https:\/\/www.interoleo.com\/en\/interoleo-olivicultura-futuro\/#breadcrumb\"},\"inLanguage\":\"en-US\",\"potentialAction\":[{\"@type\":\"ReadAction\",\"target\":[\"https:\/\/www.interoleo.com\/en\/interoleo-olivicultura-futuro\/\"]}]},{\"@type\":\"BreadcrumbList\",\"@id\":\"https:\/\/www.interoleo.com\/en\/interoleo-olivicultura-futuro\/#breadcrumb\",\"itemListElement\":[{\"@type\":\"ListItem\",\"position\":1,\"name\":\"Portada\",\"item\":\"https:\/\/www.interoleo.com\/en\/\"},{\"@type\":\"ListItem\",\"position\":2,\"name\":\"Grupo Inter\u00f3leo analizar\u00e1 la olivicultura del futuro, que debe ser eficiente, sostenible y tecnol\u00f3gica\"}]},{\"@type\":\"WebSite\",\"@id\":\"https:\/\/www.interoleo.com\/en\/#website\",\"url\":\"https:\/\/www.interoleo.com\/en\/\",\"name\":\"Grupo Inter\u00f3leo\",\"description\":\"Grupo Inter\u00f3leo comercializador de aceite de oliva a granel\",\"potentialAction\":[{\"@type\":\"SearchAction\",\"target\":{\"@type\":\"EntryPoint\",\"urlTemplate\":\"https:\/\/www.interoleo.com\/en\/?s={search_term_string}\"},\"query-input\":{\"@type\":\"PropertyValueSpecification\",\"valueRequired\":true,\"valueName\":\"search_term_string\"}}],\"inLanguage\":\"en-US\"},{\"@type\":\"Person\",\"@id\":\"https:\/\/www.interoleo.com\/en\/#\/schema\/person\/b38839767920504f85d0555e5244a76d\",\"name\":\"Interoleo Picual\",\"image\":{\"@type\":\"ImageObject\",\"inLanguage\":\"en-US\",\"@id\":\"https:\/\/www.interoleo.com\/en\/#\/schema\/person\/image\/\",\"url\":\"https:\/\/secure.gravatar.com\/avatar\/9d9b88888a963e3b9235bbd165d9c050?s=96&d=mm&r=g\",\"contentUrl\":\"https:\/\/secure.gravatar.com\/avatar\/9d9b88888a963e3b9235bbd165d9c050?s=96&d=mm&r=g\",\"caption\":\"Interoleo Picual\"},\"url\":\"https:\/\/www.interoleo.com\/en\/author\/interoleo\/\"}]}<\/script>\n<!-- \/ Yoast SEO plugin. -->","yoast_head_json":{"title":"Grupo Inter\u00f3leo analiza el futuro de la olivicultura - Grupo Inter\u00f3leo","description":"Grupo Inter\u00f3leo analizar\u00e1 el futuro de la olivicutura en unas jornadas que tendr\u00e1n lugar el 13 de septiembre en Ferias Ja\u00e9n","robots":{"index":"index","follow":"follow","max-snippet":"max-snippet:-1","max-image-preview":"max-image-preview:large","max-video-preview":"max-video-preview:-1"},"canonical":"https:\/\/www.interoleo.com\/en\/interoleo-olivicultura-futuro\/","og_locale":"en_US","og_type":"article","og_title":"Grupo Inter\u00f3leo analiza el futuro de la olivicultura - Grupo Inter\u00f3leo","og_description":"Grupo Inter\u00f3leo analizar\u00e1 el futuro de la olivicutura en unas jornadas que tendr\u00e1n lugar el 13 de septiembre en Ferias Ja\u00e9n","og_url":"https:\/\/www.interoleo.com\/en\/interoleo-olivicultura-futuro\/","og_site_name":"Grupo Inter\u00f3leo","article_published_time":"2023-07-31T10:23:35+00:00","author":"Interoleo Picual","twitter_card":"summary_large_image","twitter_misc":{"Written by":"Interoleo Picual","Est. reading time":"2 minutes"},"schema":{"@context":"https:\/\/schema.org","@graph":[{"@type":"WebPage","@id":"https:\/\/www.interoleo.com\/en\/interoleo-olivicultura-futuro\/","url":"https:\/\/www.interoleo.com\/en\/interoleo-olivicultura-futuro\/","name":"Grupo Inter\u00f3leo analiza el futuro de la olivicultura - Grupo Inter\u00f3leo","isPartOf":{"@id":"https:\/\/www.interoleo.com\/en\/#website"},"datePublished":"2023-07-31T10:23:35+00:00","author":{"@id":"https:\/\/www.interoleo.com\/en\/#\/schema\/person\/b38839767920504f85d0555e5244a76d"},"description":"Grupo Inter\u00f3leo analizar\u00e1 el futuro de la olivicutura en unas jornadas que tendr\u00e1n lugar el 13 de septiembre en Ferias Ja\u00e9n","breadcrumb":{"@id":"https:\/\/www.interoleo.com\/en\/interoleo-olivicultura-futuro\/#breadcrumb"},"inLanguage":"en-US","potentialAction":[{"@type":"ReadAction","target":["https:\/\/www.interoleo.com\/en\/interoleo-olivicultura-futuro\/"]}]},{"@type":"BreadcrumbList","@id":"https:\/\/www.interoleo.com\/en\/interoleo-olivicultura-futuro\/#breadcrumb","itemListElement":[{"@type":"ListItem","position":1,"name":"Portada","item":"https:\/\/www.interoleo.com\/en\/"},{"@type":"ListItem","position":2,"name":"Grupo Inter\u00f3leo analizar\u00e1 la olivicultura del futuro, que debe ser eficiente, sostenible y tecnol\u00f3gica"}]},{"@type":"WebSite","@id":"https:\/\/www.interoleo.com\/en\/#website","url":"https:\/\/www.interoleo.com\/en\/","name":"Grupo Inter\u00f3leo","description":"Grupo Inter\u00f3leo comercializador de aceite de oliva a granel","potentialAction":[{"@type":"SearchAction","target":{"@type":"EntryPoint","urlTemplate":"https:\/\/www.interoleo.com\/en\/?s={search_term_string}"},"query-input":{"@type":"PropertyValueSpecification","valueRequired":true,"valueName":"search_term_string"}}],"inLanguage":"en-US"},{"@type":"Person","@id":"https:\/\/www.interoleo.com\/en\/#\/schema\/person\/b38839767920504f85d0555e5244a76d","name":"Interoleo Picual","image":{"@type":"ImageObject","inLanguage":"en-US","@id":"https:\/\/www.interoleo.com\/en\/#\/schema\/person\/image\/","url":"https:\/\/secure.gravatar.com\/avatar\/9d9b88888a963e3b9235bbd165d9c050?s=96&d=mm&r=g","contentUrl":"https:\/\/secure.gravatar.com\/avatar\/9d9b88888a963e3b9235bbd165d9c050?s=96&d=mm&r=g","caption":"Interoleo Picual"},"url":"https:\/\/www.interoleo.com\/en\/author\/interoleo\/"}]}},"jetpack_publicize_connections":[],"jetpack_featured_media_url":"","jetpack_shortlink":"https:\/\/wp.me\/p7R8ws-Ug","jetpack_sharing_enabled":true,"_links":{"self":[{"href":"https:\/\/www.interoleo.com\/en\/wp-json\/wp\/v2\/posts\/3488","targetHints":{"allow":["GET"]}}],"collection":[{"href":"https:\/\/www.interoleo.com\/en\/wp-json\/wp\/v2\/posts"}],"about":[{"href":"https:\/\/www.interoleo.com\/en\/wp-json\/wp\/v2\/types\/post"}],"author":[{"embeddable":true,"href":"https:\/\/www.interoleo.com\/en\/wp-json\/wp\/v2\/users\/2"}],"replies":[{"embeddable":true,"href":"https:\/\/www.interoleo.com\/en\/wp-json\/wp\/v2\/comments?post=3488"}],"version-history":[{"count":1,"href":"https:\/\/www.interoleo.com\/en\/wp-json\/wp\/v2\/posts\/3488\/revisions"}],"predecessor-version":[{"id":3491,"href":"https:\/\/www.interoleo.com\/en\/wp-json\/wp\/v2\/posts\/3488\/revisions\/3491"}],"wp:attachment":[{"href":"https:\/\/www.interoleo.com\/en\/wp-json\/wp\/v2\/media?parent=3488"}],"wp:term":[{"taxonomy":"category","embeddable":true,"href":"https:\/\/www.interoleo.com\/en\/wp-json\/wp\/v2\/categories?post=3488"},{"taxonomy":"post_tag","embeddable":true,"href":"https:\/\/www.interoleo.com\/en\/wp-json\/wp\/v2\/tags?post=3488"}],"curies":[{"name":"wp","href":"https:\/\/api.w.org\/{rel}","templated":true}]}}