{"id":3590,"date":"2024-11-15T10:49:34","date_gmt":"2024-11-15T10:49:34","guid":{"rendered":"https:\/\/www.interoleo.com\/?p=3590"},"modified":"2024-11-15T10:49:34","modified_gmt":"2024-11-15T10:49:34","slug":"grupo-interoleo-convoca-junta-general-de-accionistas-para-el-martes-17-de-diciembre","status":"publish","type":"post","link":"https:\/\/www.interoleo.com\/en\/grupo-interoleo-convoca-junta-general-de-accionistas-para-el-martes-17-de-diciembre\/","title":{"rendered":"Grupo Inter\u00f3leo convoca Junta General de Accionistas para el martes 17 de diciembre"},"content":{"rendered":"<p>Al amparo del art\u00edculo 173 LSC y 17 de los Estatutos, el Consejo de Administraci\u00f3n convoca a\u00a0<strong><u>JUNTA GENERAL DE ACCIONISTAS<\/u><\/strong> con car\u00e1cter Extraordinario de la mercantil INTER\u00d3LEO PICUAL JA\u00c9N S.A., con domicilio social en Meng\u00edbar (Ja\u00e9n), en el Parque Tecnol\u00f3gico GEOLIT, CTSA 1, C\/ Sierra Morena 11, a celebrar en la sede de la sociedad el pr\u00f3ximo <strong>Martes d\u00eda 17 de Diciembre de 2.024 a las 17:30 horas<\/strong>\u00a0en \u00fanica convocatoria, al objeto de tratar el siguiente Orden del D\u00eda:<\/p>\n<p>&nbsp;<\/p>\n<p>1.- Informe del Presidente.<\/p>\n<p>2.- Designaci\u00f3n auditor\u00eda externa para los ejercicios 2024-2025-2026 a propuesta de la Comisi\u00f3n de Auditor\u00eda y Control.<\/p>\n<p>3.- Designaci\u00f3n de nuevo representante persona f\u00edsica del consejero SCA SAN JUAN de Villargordo.<\/p>\n<p>4.- Aumento de participaci\u00f3n societaria en la mercantil participada COBIOGAS JA\u00c9N S. L.<\/p>\n<p>5.- Ruegos y Preguntas.<\/p>\n<p>6.- Lectura y aprobaci\u00f3n, si procede, del acta de la presente reuni\u00f3n.<\/p>\n<p><img fetchpriority=\"high\" decoding=\"async\" class=\"alignnone size-full wp-image-3591\" src=\"https:\/\/www.interoleo.com\/wp-content\/uploads\/2024\/11\/CONVOCATORIA-JGA002-17-12-2024.jpg\" alt=\"\" width=\"1653\" height=\"2338\" srcset=\"https:\/\/www.interoleo.com\/wp-content\/uploads\/2024\/11\/CONVOCATORIA-JGA002-17-12-2024.jpg 1653w, https:\/\/www.interoleo.com\/wp-content\/uploads\/2024\/11\/CONVOCATORIA-JGA002-17-12-2024-600x849.jpg 600w, https:\/\/www.interoleo.com\/wp-content\/uploads\/2024\/11\/CONVOCATORIA-JGA002-17-12-2024-212x300.jpg 212w, https:\/\/www.interoleo.com\/wp-content\/uploads\/2024\/11\/CONVOCATORIA-JGA002-17-12-2024-724x1024.jpg 724w, https:\/\/www.interoleo.com\/wp-content\/uploads\/2024\/11\/CONVOCATORIA-JGA002-17-12-2024-768x1086.jpg 768w, https:\/\/www.interoleo.com\/wp-content\/uploads\/2024\/11\/CONVOCATORIA-JGA002-17-12-2024-1086x1536.jpg 1086w, https:\/\/www.interoleo.com\/wp-content\/uploads\/2024\/11\/CONVOCATORIA-JGA002-17-12-2024-1448x2048.jpg 1448w\" sizes=\"(max-width: 1653px) 100vw, 1653px\" \/><\/p>\n","protected":false},"excerpt":{"rendered":"<p>Al amparo del art\u00edculo 173 LSC y 17 de los Estatutos, el Consejo de Administraci\u00f3n convoca a\u00a0JUNTA GENERAL DE ACCIONISTAS con car\u00e1cter Extraordinario de la mercantil INTER\u00d3LEO PICUAL JA\u00c9N S.A., con domicilio social en Meng\u00edbar (Ja\u00e9n), en el Parque Tecnol\u00f3gico GEOLIT, CTSA 1, C\/ Sierra Morena 11, a celebrar en la sede de la sociedad &hellip; <\/p>\n<p class=\"link-more\"><a href=\"https:\/\/www.interoleo.com\/en\/grupo-interoleo-convoca-junta-general-de-accionistas-para-el-martes-17-de-diciembre\/\" class=\"more-link\">Read more<span class=\"screen-reader-text\"> &#8220;Grupo Inter\u00f3leo convoca Junta General de Accionistas para el martes 17 de diciembre&#8221;<\/span><\/a><\/p>\n","protected":false},"author":2,"featured_media":3512,"comment_status":"closed","ping_status":"closed","sticky":false,"template":"","format":"standard","meta":{"jetpack_post_was_ever_published":false,"_jetpack_newsletter_access":"","_jetpack_dont_email_post_to_subs":false,"_jetpack_newsletter_tier_id":0,"_jetpack_memberships_contains_paywalled_content":false,"_jetpack_memberships_contains_paid_content":false,"footnotes":"","jetpack_publicize_message":"","jetpack_publicize_feature_enabled":true,"jetpack_social_post_already_shared":true,"jetpack_social_options":{"image_generator_settings":{"template":"highway","default_image_id":0,"font":"","enabled":false},"version":2}},"categories":[3,4,396,7],"tags":[17,156,58,73,35,70,22,23,44,12,18,152,19,14,306,83],"class_list":["post-3590","post","type-post","status-publish","format-standard","has-post-thumbnail","hentry","category-aceite-de-oliva","category-actualidad","category-convocatoria-junta-general-de-accionistas","category-noticias-interoleo","tag-aceite","tag-aceite-de-oliva","tag-calidad","tag-comercializacion","tag-concentracion-de-la-oferta","tag-consejo-de-administracion","tag-esteban-momblan","tag-gerente-de-interoleo","tag-grupo-interoleo","tag-interoleo","tag-juan-gadeo","tag-junta-general-de-accionistas","tag-presidente-de-interoleo","tag-produccion","tag-responsabilidad-social-empresarial","tag-sector-olivarero"],"yoast_head":"<!-- This site is optimized with the Yoast SEO plugin v26.0 - https:\/\/yoast.com\/wordpress\/plugins\/seo\/ -->\n<title>Grupo Inter\u00f3leo convoca Junta General de Accionistas para el martes 17 de diciembre - Grupo Inter\u00f3leo<\/title>\n<meta name=\"robots\" content=\"index, follow, max-snippet:-1, max-image-preview:large, max-video-preview:-1\" \/>\n<link rel=\"canonical\" href=\"https:\/\/www.interoleo.com\/en\/grupo-interoleo-convoca-junta-general-de-accionistas-para-el-martes-17-de-diciembre\/\" \/>\n<meta property=\"og:locale\" content=\"en_US\" \/>\n<meta property=\"og:type\" content=\"article\" \/>\n<meta property=\"og:title\" content=\"Grupo Inter\u00f3leo convoca Junta General de Accionistas para el martes 17 de diciembre - Grupo Inter\u00f3leo\" \/>\n<meta property=\"og:description\" content=\"Al amparo del art\u00edculo 173 LSC y 17 de los Estatutos, el Consejo de Administraci\u00f3n convoca a\u00a0JUNTA GENERAL DE ACCIONISTAS con car\u00e1cter Extraordinario de la mercantil INTER\u00d3LEO PICUAL JA\u00c9N S.A., con domicilio social en Meng\u00edbar (Ja\u00e9n), en el Parque Tecnol\u00f3gico GEOLIT, CTSA 1, C\/ Sierra Morena 11, a celebrar en la sede de la sociedad &hellip; Read more &quot;Grupo Inter\u00f3leo convoca Junta General de Accionistas para el martes 17 de diciembre&quot;\" \/>\n<meta property=\"og:url\" content=\"https:\/\/www.interoleo.com\/en\/grupo-interoleo-convoca-junta-general-de-accionistas-para-el-martes-17-de-diciembre\/\" \/>\n<meta property=\"og:site_name\" content=\"Grupo Inter\u00f3leo\" \/>\n<meta property=\"article:published_time\" content=\"2024-11-15T10:49:34+00:00\" \/>\n<meta property=\"og:image\" content=\"https:\/\/www.interoleo.com\/wp-content\/uploads\/2023\/11\/Junta-Interoleo-1024x550-1.jpg\" \/>\n\t<meta property=\"og:image:width\" content=\"1024\" \/>\n\t<meta property=\"og:image:height\" content=\"550\" \/>\n\t<meta property=\"og:image:type\" content=\"image\/jpeg\" \/>\n<meta name=\"author\" content=\"Interoleo Picual\" \/>\n<meta name=\"twitter:card\" content=\"summary_large_image\" \/>\n<meta name=\"twitter:label1\" content=\"Written by\" \/>\n\t<meta name=\"twitter:data1\" content=\"Interoleo Picual\" \/>\n\t<meta name=\"twitter:label2\" content=\"Est. reading time\" \/>\n\t<meta name=\"twitter:data2\" content=\"1 minute\" \/>\n<script type=\"application\/ld+json\" class=\"yoast-schema-graph\">{\"@context\":\"https:\/\/schema.org\",\"@graph\":[{\"@type\":\"WebPage\",\"@id\":\"https:\/\/www.interoleo.com\/en\/grupo-interoleo-convoca-junta-general-de-accionistas-para-el-martes-17-de-diciembre\/\",\"url\":\"https:\/\/www.interoleo.com\/en\/grupo-interoleo-convoca-junta-general-de-accionistas-para-el-martes-17-de-diciembre\/\",\"name\":\"Grupo Inter\u00f3leo convoca Junta General de Accionistas para el martes 17 de diciembre - Grupo Inter\u00f3leo\",\"isPartOf\":{\"@id\":\"https:\/\/www.interoleo.com\/en\/#website\"},\"primaryImageOfPage\":{\"@id\":\"https:\/\/www.interoleo.com\/en\/grupo-interoleo-convoca-junta-general-de-accionistas-para-el-martes-17-de-diciembre\/#primaryimage\"},\"image\":{\"@id\":\"https:\/\/www.interoleo.com\/en\/grupo-interoleo-convoca-junta-general-de-accionistas-para-el-martes-17-de-diciembre\/#primaryimage\"},\"thumbnailUrl\":\"https:\/\/www.interoleo.com\/wp-content\/uploads\/2023\/11\/Junta-Interoleo-1024x550-1.jpg\",\"datePublished\":\"2024-11-15T10:49:34+00:00\",\"author\":{\"@id\":\"https:\/\/www.interoleo.com\/en\/#\/schema\/person\/b38839767920504f85d0555e5244a76d\"},\"breadcrumb\":{\"@id\":\"https:\/\/www.interoleo.com\/en\/grupo-interoleo-convoca-junta-general-de-accionistas-para-el-martes-17-de-diciembre\/#breadcrumb\"},\"inLanguage\":\"en-US\",\"potentialAction\":[{\"@type\":\"ReadAction\",\"target\":[\"https:\/\/www.interoleo.com\/en\/grupo-interoleo-convoca-junta-general-de-accionistas-para-el-martes-17-de-diciembre\/\"]}]},{\"@type\":\"ImageObject\",\"inLanguage\":\"en-US\",\"@id\":\"https:\/\/www.interoleo.com\/en\/grupo-interoleo-convoca-junta-general-de-accionistas-para-el-martes-17-de-diciembre\/#primaryimage\",\"url\":\"https:\/\/www.interoleo.com\/wp-content\/uploads\/2023\/11\/Junta-Interoleo-1024x550-1.jpg\",\"contentUrl\":\"https:\/\/www.interoleo.com\/wp-content\/uploads\/2023\/11\/Junta-Interoleo-1024x550-1.jpg\",\"width\":1024,\"height\":550},{\"@type\":\"BreadcrumbList\",\"@id\":\"https:\/\/www.interoleo.com\/en\/grupo-interoleo-convoca-junta-general-de-accionistas-para-el-martes-17-de-diciembre\/#breadcrumb\",\"itemListElement\":[{\"@type\":\"ListItem\",\"position\":1,\"name\":\"Portada\",\"item\":\"https:\/\/www.interoleo.com\/en\/\"},{\"@type\":\"ListItem\",\"position\":2,\"name\":\"Grupo Inter\u00f3leo convoca Junta General de Accionistas para el martes 17 de diciembre\"}]},{\"@type\":\"WebSite\",\"@id\":\"https:\/\/www.interoleo.com\/en\/#website\",\"url\":\"https:\/\/www.interoleo.com\/en\/\",\"name\":\"Grupo Inter\u00f3leo\",\"description\":\"Grupo Inter\u00f3leo comercializador de aceite de oliva a granel\",\"potentialAction\":[{\"@type\":\"SearchAction\",\"target\":{\"@type\":\"EntryPoint\",\"urlTemplate\":\"https:\/\/www.interoleo.com\/en\/?s={search_term_string}\"},\"query-input\":{\"@type\":\"PropertyValueSpecification\",\"valueRequired\":true,\"valueName\":\"search_term_string\"}}],\"inLanguage\":\"en-US\"},{\"@type\":\"Person\",\"@id\":\"https:\/\/www.interoleo.com\/en\/#\/schema\/person\/b38839767920504f85d0555e5244a76d\",\"name\":\"Interoleo Picual\",\"image\":{\"@type\":\"ImageObject\",\"inLanguage\":\"en-US\",\"@id\":\"https:\/\/www.interoleo.com\/en\/#\/schema\/person\/image\/\",\"url\":\"https:\/\/secure.gravatar.com\/avatar\/9d9b88888a963e3b9235bbd165d9c050?s=96&d=mm&r=g\",\"contentUrl\":\"https:\/\/secure.gravatar.com\/avatar\/9d9b88888a963e3b9235bbd165d9c050?s=96&d=mm&r=g\",\"caption\":\"Interoleo Picual\"},\"url\":\"https:\/\/www.interoleo.com\/en\/author\/interoleo\/\"}]}<\/script>\n<!-- \/ Yoast SEO plugin. -->","yoast_head_json":{"title":"Grupo Inter\u00f3leo convoca Junta General de Accionistas para el martes 17 de diciembre - Grupo Inter\u00f3leo","robots":{"index":"index","follow":"follow","max-snippet":"max-snippet:-1","max-image-preview":"max-image-preview:large","max-video-preview":"max-video-preview:-1"},"canonical":"https:\/\/www.interoleo.com\/en\/grupo-interoleo-convoca-junta-general-de-accionistas-para-el-martes-17-de-diciembre\/","og_locale":"en_US","og_type":"article","og_title":"Grupo Inter\u00f3leo convoca Junta General de Accionistas para el martes 17 de diciembre - Grupo Inter\u00f3leo","og_description":"Al amparo del art\u00edculo 173 LSC y 17 de los Estatutos, el Consejo de Administraci\u00f3n convoca a\u00a0JUNTA GENERAL DE ACCIONISTAS con car\u00e1cter Extraordinario de la mercantil INTER\u00d3LEO PICUAL JA\u00c9N S.A., con domicilio social en Meng\u00edbar (Ja\u00e9n), en el Parque Tecnol\u00f3gico GEOLIT, CTSA 1, C\/ Sierra Morena 11, a celebrar en la sede de la sociedad &hellip; Read more \"Grupo Inter\u00f3leo convoca Junta General de Accionistas para el martes 17 de diciembre\"","og_url":"https:\/\/www.interoleo.com\/en\/grupo-interoleo-convoca-junta-general-de-accionistas-para-el-martes-17-de-diciembre\/","og_site_name":"Grupo Inter\u00f3leo","article_published_time":"2024-11-15T10:49:34+00:00","og_image":[{"width":1024,"height":550,"url":"https:\/\/www.interoleo.com\/wp-content\/uploads\/2023\/11\/Junta-Interoleo-1024x550-1.jpg","type":"image\/jpeg"}],"author":"Interoleo Picual","twitter_card":"summary_large_image","twitter_misc":{"Written by":"Interoleo Picual","Est. reading time":"1 minute"},"schema":{"@context":"https:\/\/schema.org","@graph":[{"@type":"WebPage","@id":"https:\/\/www.interoleo.com\/en\/grupo-interoleo-convoca-junta-general-de-accionistas-para-el-martes-17-de-diciembre\/","url":"https:\/\/www.interoleo.com\/en\/grupo-interoleo-convoca-junta-general-de-accionistas-para-el-martes-17-de-diciembre\/","name":"Grupo Inter\u00f3leo convoca Junta General de Accionistas para el martes 17 de diciembre - Grupo Inter\u00f3leo","isPartOf":{"@id":"https:\/\/www.interoleo.com\/en\/#website"},"primaryImageOfPage":{"@id":"https:\/\/www.interoleo.com\/en\/grupo-interoleo-convoca-junta-general-de-accionistas-para-el-martes-17-de-diciembre\/#primaryimage"},"image":{"@id":"https:\/\/www.interoleo.com\/en\/grupo-interoleo-convoca-junta-general-de-accionistas-para-el-martes-17-de-diciembre\/#primaryimage"},"thumbnailUrl":"https:\/\/www.interoleo.com\/wp-content\/uploads\/2023\/11\/Junta-Interoleo-1024x550-1.jpg","datePublished":"2024-11-15T10:49:34+00:00","author":{"@id":"https:\/\/www.interoleo.com\/en\/#\/schema\/person\/b38839767920504f85d0555e5244a76d"},"breadcrumb":{"@id":"https:\/\/www.interoleo.com\/en\/grupo-interoleo-convoca-junta-general-de-accionistas-para-el-martes-17-de-diciembre\/#breadcrumb"},"inLanguage":"en-US","potentialAction":[{"@type":"ReadAction","target":["https:\/\/www.interoleo.com\/en\/grupo-interoleo-convoca-junta-general-de-accionistas-para-el-martes-17-de-diciembre\/"]}]},{"@type":"ImageObject","inLanguage":"en-US","@id":"https:\/\/www.interoleo.com\/en\/grupo-interoleo-convoca-junta-general-de-accionistas-para-el-martes-17-de-diciembre\/#primaryimage","url":"https:\/\/www.interoleo.com\/wp-content\/uploads\/2023\/11\/Junta-Interoleo-1024x550-1.jpg","contentUrl":"https:\/\/www.interoleo.com\/wp-content\/uploads\/2023\/11\/Junta-Interoleo-1024x550-1.jpg","width":1024,"height":550},{"@type":"BreadcrumbList","@id":"https:\/\/www.interoleo.com\/en\/grupo-interoleo-convoca-junta-general-de-accionistas-para-el-martes-17-de-diciembre\/#breadcrumb","itemListElement":[{"@type":"ListItem","position":1,"name":"Portada","item":"https:\/\/www.interoleo.com\/en\/"},{"@type":"ListItem","position":2,"name":"Grupo Inter\u00f3leo convoca Junta General de Accionistas para el martes 17 de diciembre"}]},{"@type":"WebSite","@id":"https:\/\/www.interoleo.com\/en\/#website","url":"https:\/\/www.interoleo.com\/en\/","name":"Grupo Inter\u00f3leo","description":"Grupo Inter\u00f3leo comercializador de aceite de oliva a granel","potentialAction":[{"@type":"SearchAction","target":{"@type":"EntryPoint","urlTemplate":"https:\/\/www.interoleo.com\/en\/?s={search_term_string}"},"query-input":{"@type":"PropertyValueSpecification","valueRequired":true,"valueName":"search_term_string"}}],"inLanguage":"en-US"},{"@type":"Person","@id":"https:\/\/www.interoleo.com\/en\/#\/schema\/person\/b38839767920504f85d0555e5244a76d","name":"Interoleo Picual","image":{"@type":"ImageObject","inLanguage":"en-US","@id":"https:\/\/www.interoleo.com\/en\/#\/schema\/person\/image\/","url":"https:\/\/secure.gravatar.com\/avatar\/9d9b88888a963e3b9235bbd165d9c050?s=96&d=mm&r=g","contentUrl":"https:\/\/secure.gravatar.com\/avatar\/9d9b88888a963e3b9235bbd165d9c050?s=96&d=mm&r=g","caption":"Interoleo Picual"},"url":"https:\/\/www.interoleo.com\/en\/author\/interoleo\/"}]}},"jetpack_publicize_connections":[],"jetpack_featured_media_url":"https:\/\/www.interoleo.com\/wp-content\/uploads\/2023\/11\/Junta-Interoleo-1024x550-1.jpg","jetpack_shortlink":"https:\/\/wp.me\/p7R8ws-VU","jetpack_sharing_enabled":true,"_links":{"self":[{"href":"https:\/\/www.interoleo.com\/en\/wp-json\/wp\/v2\/posts\/3590","targetHints":{"allow":["GET"]}}],"collection":[{"href":"https:\/\/www.interoleo.com\/en\/wp-json\/wp\/v2\/posts"}],"about":[{"href":"https:\/\/www.interoleo.com\/en\/wp-json\/wp\/v2\/types\/post"}],"author":[{"embeddable":true,"href":"https:\/\/www.interoleo.com\/en\/wp-json\/wp\/v2\/users\/2"}],"replies":[{"embeddable":true,"href":"https:\/\/www.interoleo.com\/en\/wp-json\/wp\/v2\/comments?post=3590"}],"version-history":[{"count":1,"href":"https:\/\/www.interoleo.com\/en\/wp-json\/wp\/v2\/posts\/3590\/revisions"}],"predecessor-version":[{"id":3593,"href":"https:\/\/www.interoleo.com\/en\/wp-json\/wp\/v2\/posts\/3590\/revisions\/3593"}],"wp:featuredmedia":[{"embeddable":true,"href":"https:\/\/www.interoleo.com\/en\/wp-json\/wp\/v2\/media\/3512"}],"wp:attachment":[{"href":"https:\/\/www.interoleo.com\/en\/wp-json\/wp\/v2\/media?parent=3590"}],"wp:term":[{"taxonomy":"category","embeddable":true,"href":"https:\/\/www.interoleo.com\/en\/wp-json\/wp\/v2\/categories?post=3590"},{"taxonomy":"post_tag","embeddable":true,"href":"https:\/\/www.interoleo.com\/en\/wp-json\/wp\/v2\/tags?post=3590"}],"curies":[{"name":"wp","href":"https:\/\/api.w.org\/{rel}","templated":true}]}}